{"id":20427,"date":"2012-05-23T10:25:40","date_gmt":"2012-05-23T15:55:40","guid":{"rendered":"http:\/\/uqactualite.odev.ca\/?p=20427"},"modified":"2012-05-23T10:25:40","modified_gmt":"2012-05-23T15:55:40","slug":"formation-continue-universitaire-prevention-des-desordres-dans-les-structures-en-bois","status":"publish","type":"post","link":"https:\/\/www.uqac.ca\/uqactualites\/2012\/05\/23\/formation-continue-universitaire-prevention-des-desordres-dans-les-structures-en-bois\/","title":{"rendered":"Formation continue universitaire \u2013 Pr\u00e9vention des d\u00e9sordres dans les structures en bois"},"content":{"rendered":"<p style=\"text-align: justify\"><strong>Saguenay, le 10 mai 2012 <\/strong>\u2013 Les 14, 15, 17 et 18 mai prochains, le CESAM offrira une formation portant sur la pr\u00e9vention des d\u00e9sordres dans les structures en bois, laquelle r\u00e9unira des experts provenant d\u2019Europe.<\/p>\n<p style=\"text-align: justify\">Cette formation proposera, par le biais de cas concrets d\u2019application, une analyse des pathologies physico-m\u00e9caniques et des solutions dans la construction en bois. Elle s\u2019adresse aux architectes, aux ing\u00e9nieurs, aux entrepreneurs ainsi qu\u2019\u00e0 tous les acteurs qui d\u00e9sirent d\u00e9velopper des projets rassembleurs utilisant le bois dans la construction. Cette formation permettra d\u2019assurer une bonne utilisation du bois dans ce type de construction afin d\u2019assurer le maximum de dur\u00e9e de vie \u00e0 ce mat\u00e9riau.<\/p>\n<p style=\"text-align: justify\">Monsieur Pascal Triboulot, directeur honoraire de l\u2019\u00c9cole Nationale Sup\u00e9rieure des Technologies et Industries du Bois en France et professeur associ\u00e9 \u00e0 l\u2019UQAC depuis janvier 2011, agira \u00e0 titre de formateur. Il pr\u00e9sentera les principaux d\u00e9sordres li\u00e9s aux propri\u00e9t\u00e9s physiques et biologiques du bois. Monsieur Dominique Calvi, ing\u00e9nieur-conseil structures en bois et pr\u00e9sident fondateur de l\u2019Association Ing\u00e9nierie Bois Construction, membre de la Soci\u00e9t\u00e9 des Experts Bois, professeur associ\u00e9 de l\u2019ENSTIB et professeur au Centre des Hautes \u00c9tudes de la Construction, nous pr\u00e9sentera trois ateliers concernant les structures en treillis et en ossatures l\u00e9g\u00e8res, les structures en charpentes de bois massif et en charpentes de lamell\u00e9-coll\u00e9 et CLT.<\/p>\n<p style=\"text-align: justify\">L\u2019Universit\u00e9 du Qu\u00e9bec \u00e0 Chicoutimi s\u2019est donn\u00e9e pour mission d\u2019apporter une contribution majeure dans la cr\u00e9ation d\u2019une nouvelle dynamique dans la construction bois au Qu\u00e9bec. Cette formation, mise sur pied par le CESAM (Centre du savoir sur mesure de l\u2019UQAC), est une occasion unique pour l\u2019ensemble des acteurs du domaine de la construction. Elle vise le d\u00e9veloppement de nouvelles comp\u00e9tences assurant des constructions en bois qui soient durables pour la mise en valeur de nouveaux produits dans la fili\u00e8re bois au Qu\u00e9bec. La formation \u00e0 Saguenay aura lieu les 14 et 15 mai \u00e0 l\u2019UQAC et \u00e0 Montr\u00e9al les 17 et 18 mai au Centre NAD. Nous vous invitons \u00e0 vous inscrire et \u00e0 y assister en grand nombre.<\/p>\n<p align=\"center\">&#8211; 30 &#8211;<\/p>\n<p><strong><br \/>\nPour renseignements et inscription :<\/strong><a href=\"http:\/\/cesam.uqac.ca\/formations\/#3\" target=\"_blank\" rel=\"noopener\"><br \/>\nhttp:\/cesam.uqac.ca\/formations\/#3<\/a><\/p>\n<p><strong>Sources :<\/strong><\/p>\n<p>Jos\u00e9e Bourassa, agente d\u2019information<br \/>\nBureau des affaires publiques<br \/>\nUniversit\u00e9 du Qu\u00e9bec \u00e0 Chicoutimi<br \/>\n418 545-5011 poste 2274<\/p>\n<p>Jos\u00e9e Tremblay, agente de liaison<br \/>\nCentre du savoir sur mesure<br \/>\nUniversit\u00e9 du Qu\u00e9bec \u00e0 Chicoutimi<br \/>\n418 545-5011 poste 4095<\/p>\n","protected":false},"excerpt":{"rendered":"<p>Saguenay, le 10 mai 2012 \u2013 Les 14, 15, 17 et 18 mai prochains, le CESAM offrira une formation portant sur la pr\u00e9vention des d\u00e9sordres dans les structures en bois, laquelle r\u00e9unira des experts provenant d\u2019Europe. Cette formation proposera, par le biais de cas concrets d\u2019application, une analyse des pathologies physico-m\u00e9caniques et des solutions dans [&hellip;]<\/p>\n","protected":false},"author":5,"featured_media":20745,"comment_status":"open","ping_status":"open","sticky":false,"template":"","format":"standard","meta":{"footnotes":""},"categories":[2772],"tags":[430,1153,291],"yoast_head":"<!-- This site is optimized with the Yoast SEO plugin v24.2 - https:\/\/yoast.com\/wordpress\/plugins\/seo\/ -->\r\n<title>Formation continue universitaire \u2013 Pr\u00e9vention des d\u00e9sordres dans les structures en bois - UQACtualit\u00e9s<\/title>\r\n<meta name=\"robots\" content=\"index, follow, max-snippet:-1, max-image-preview:large, max-video-preview:-1\" \/>\r\n<link rel=\"canonical\" href=\"https:\/\/www.uqac.ca\/uqactualites\/2012\/05\/23\/formation-continue-universitaire-prevention-des-desordres-dans-les-structures-en-bois\/\" \/>\r\n<meta property=\"og:locale\" content=\"fr_CA\" \/>\r\n<meta property=\"og:type\" content=\"article\" \/>\r\n<meta property=\"og:title\" content=\"Formation continue universitaire \u2013 Pr\u00e9vention des d\u00e9sordres dans les structures en bois - UQACtualit\u00e9s\" \/>\r\n<meta property=\"og:description\" content=\"Saguenay, le 10 mai 2012 \u2013 Les 14, 15, 17 et 18 mai prochains, le CESAM offrira une formation portant sur la pr\u00e9vention des d\u00e9sordres dans les structures en bois, laquelle r\u00e9unira des experts provenant d\u2019Europe. Cette formation proposera, par le biais de cas concrets d\u2019application, une analyse des pathologies physico-m\u00e9caniques et des solutions dans [&hellip;]\" \/>\r\n<meta property=\"og:url\" content=\"https:\/\/www.uqac.ca\/uqactualites\/2012\/05\/23\/formation-continue-universitaire-prevention-des-desordres-dans-les-structures-en-bois\/\" \/>\r\n<meta property=\"og:site_name\" content=\"UQACtualit\u00e9s\" \/>\r\n<meta property=\"article:published_time\" content=\"2012-05-23T15:55:40+00:00\" \/>\r\n<meta property=\"og:image\" content=\"https:\/\/www.uqac.ca\/uqactualites\/wp-content\/uploads\/2012\/05\/communiqu-.jpg\" \/>\r\n\t<meta property=\"og:image:width\" content=\"620\" \/>\r\n\t<meta property=\"og:image:height\" content=\"300\" \/>\r\n\t<meta property=\"og:image:type\" content=\"image\/jpeg\" \/>\r\n<meta name=\"author\" content=\"Service des communications et des relations publiques\" \/>\r\n<meta name=\"twitter:card\" content=\"summary_large_image\" \/>\r\n<meta name=\"twitter:label1\" content=\"\u00c9crit par\" \/>\n\t<meta name=\"twitter:data1\" content=\"Service des communications et des relations publiques\" \/>\n\t<meta name=\"twitter:label2\" content=\"Estimation du temps de lecture\" \/>\n\t<meta name=\"twitter:data2\" content=\"2 minutes\" \/>\r\n<script type=\"application\/ld+json\" class=\"yoast-schema-graph\">{\"@context\":\"https:\/\/schema.org\",\"@graph\":[{\"@type\":\"WebPage\",\"@id\":\"https:\/\/www.uqac.ca\/uqactualites\/2012\/05\/23\/formation-continue-universitaire-prevention-des-desordres-dans-les-structures-en-bois\/\",\"url\":\"https:\/\/www.uqac.ca\/uqactualites\/2012\/05\/23\/formation-continue-universitaire-prevention-des-desordres-dans-les-structures-en-bois\/\",\"name\":\"Formation continue universitaire \u2013 Pr\u00e9vention des d\u00e9sordres dans les structures en bois - UQACtualit\u00e9s\",\"isPartOf\":{\"@id\":\"https:\/\/www.uqac.ca\/uqactualites\/#website\"},\"primaryImageOfPage\":{\"@id\":\"https:\/\/www.uqac.ca\/uqactualites\/2012\/05\/23\/formation-continue-universitaire-prevention-des-desordres-dans-les-structures-en-bois\/#primaryimage\"},\"image\":{\"@id\":\"https:\/\/www.uqac.ca\/uqactualites\/2012\/05\/23\/formation-continue-universitaire-prevention-des-desordres-dans-les-structures-en-bois\/#primaryimage\"},\"thumbnailUrl\":\"https:\/\/www.uqac.ca\/uqactualites\/wp-content\/uploads\/2012\/05\/communiqu-.jpg\",\"datePublished\":\"2012-05-23T15:55:40+00:00\",\"dateModified\":\"2012-05-23T15:55:40+00:00\",\"author\":{\"@id\":\"https:\/\/www.uqac.ca\/uqactualites\/#\/schema\/person\/366c45a0c4f0e677b41b4af5886e2018\"},\"breadcrumb\":{\"@id\":\"https:\/\/www.uqac.ca\/uqactualites\/2012\/05\/23\/formation-continue-universitaire-prevention-des-desordres-dans-les-structures-en-bois\/#breadcrumb\"},\"inLanguage\":\"fr-CA\",\"potentialAction\":[{\"@type\":\"ReadAction\",\"target\":[\"https:\/\/www.uqac.ca\/uqactualites\/2012\/05\/23\/formation-continue-universitaire-prevention-des-desordres-dans-les-structures-en-bois\/\"]}]},{\"@type\":\"ImageObject\",\"inLanguage\":\"fr-CA\",\"@id\":\"https:\/\/www.uqac.ca\/uqactualites\/2012\/05\/23\/formation-continue-universitaire-prevention-des-desordres-dans-les-structures-en-bois\/#primaryimage\",\"url\":\"https:\/\/www.uqac.ca\/uqactualites\/wp-content\/uploads\/2012\/05\/communiqu-.jpg\",\"contentUrl\":\"https:\/\/www.uqac.ca\/uqactualites\/wp-content\/uploads\/2012\/05\/communiqu-.jpg\",\"width\":620,\"height\":300},{\"@type\":\"BreadcrumbList\",\"@id\":\"https:\/\/www.uqac.ca\/uqactualites\/2012\/05\/23\/formation-continue-universitaire-prevention-des-desordres-dans-les-structures-en-bois\/#breadcrumb\",\"itemListElement\":[{\"@type\":\"ListItem\",\"position\":1,\"name\":\"Home\",\"item\":\"https:\/\/www.uqac.ca\/uqactualites\/\"},{\"@type\":\"ListItem\",\"position\":2,\"name\":\"Formation continue universitaire \u2013 Pr\u00e9vention des d\u00e9sordres dans les structures en bois\"}]},{\"@type\":\"WebSite\",\"@id\":\"https:\/\/www.uqac.ca\/uqactualites\/#website\",\"url\":\"https:\/\/www.uqac.ca\/uqactualites\/\",\"name\":\"UQACtualit\u00e9s\",\"description\":\"Le portail des nouvelles de l&#039;UQAC\",\"potentialAction\":[{\"@type\":\"SearchAction\",\"target\":{\"@type\":\"EntryPoint\",\"urlTemplate\":\"https:\/\/www.uqac.ca\/uqactualites\/?s={search_term_string}\"},\"query-input\":{\"@type\":\"PropertyValueSpecification\",\"valueRequired\":true,\"valueName\":\"search_term_string\"}}],\"inLanguage\":\"fr-CA\"},{\"@type\":\"Person\",\"@id\":\"https:\/\/www.uqac.ca\/uqactualites\/#\/schema\/person\/366c45a0c4f0e677b41b4af5886e2018\",\"name\":\"Service des communications et des relations publiques\",\"image\":{\"@type\":\"ImageObject\",\"inLanguage\":\"fr-CA\",\"@id\":\"https:\/\/www.uqac.ca\/uqactualites\/#\/schema\/person\/image\/\",\"url\":\"https:\/\/secure.gravatar.com\/avatar\/20fbbda8a292f59f2d3461a5b999c00b?s=96&d=mm&r=g\",\"contentUrl\":\"https:\/\/secure.gravatar.com\/avatar\/20fbbda8a292f59f2d3461a5b999c00b?s=96&d=mm&r=g\",\"caption\":\"Service des communications et des relations publiques\"},\"url\":\"https:\/\/www.uqac.ca\/uqactualites\/author\/bap\/\"}]}<\/script>\r\n<!-- \/ Yoast SEO plugin. -->","yoast_head_json":{"title":"Formation continue universitaire \u2013 Pr\u00e9vention des d\u00e9sordres dans les structures en bois - UQACtualit\u00e9s","robots":{"index":"index","follow":"follow","max-snippet":"max-snippet:-1","max-image-preview":"max-image-preview:large","max-video-preview":"max-video-preview:-1"},"canonical":"https:\/\/www.uqac.ca\/uqactualites\/2012\/05\/23\/formation-continue-universitaire-prevention-des-desordres-dans-les-structures-en-bois\/","og_locale":"fr_CA","og_type":"article","og_title":"Formation continue universitaire \u2013 Pr\u00e9vention des d\u00e9sordres dans les structures en bois - UQACtualit\u00e9s","og_description":"Saguenay, le 10 mai 2012 \u2013 Les 14, 15, 17 et 18 mai prochains, le CESAM offrira une formation portant sur la pr\u00e9vention des d\u00e9sordres dans les structures en bois, laquelle r\u00e9unira des experts provenant d\u2019Europe. Cette formation proposera, par le biais de cas concrets d\u2019application, une analyse des pathologies physico-m\u00e9caniques et des solutions dans [&hellip;]","og_url":"https:\/\/www.uqac.ca\/uqactualites\/2012\/05\/23\/formation-continue-universitaire-prevention-des-desordres-dans-les-structures-en-bois\/","og_site_name":"UQACtualit\u00e9s","article_published_time":"2012-05-23T15:55:40+00:00","og_image":[{"width":620,"height":300,"url":"https:\/\/www.uqac.ca\/uqactualites\/wp-content\/uploads\/2012\/05\/communiqu-.jpg","type":"image\/jpeg"}],"author":"Service des communications et des relations publiques","twitter_card":"summary_large_image","twitter_misc":{"\u00c9crit par":"Service des communications et des relations publiques","Estimation du temps de lecture":"2 minutes"},"schema":{"@context":"https:\/\/schema.org","@graph":[{"@type":"WebPage","@id":"https:\/\/www.uqac.ca\/uqactualites\/2012\/05\/23\/formation-continue-universitaire-prevention-des-desordres-dans-les-structures-en-bois\/","url":"https:\/\/www.uqac.ca\/uqactualites\/2012\/05\/23\/formation-continue-universitaire-prevention-des-desordres-dans-les-structures-en-bois\/","name":"Formation continue universitaire \u2013 Pr\u00e9vention des d\u00e9sordres dans les structures en bois - UQACtualit\u00e9s","isPartOf":{"@id":"https:\/\/www.uqac.ca\/uqactualites\/#website"},"primaryImageOfPage":{"@id":"https:\/\/www.uqac.ca\/uqactualites\/2012\/05\/23\/formation-continue-universitaire-prevention-des-desordres-dans-les-structures-en-bois\/#primaryimage"},"image":{"@id":"https:\/\/www.uqac.ca\/uqactualites\/2012\/05\/23\/formation-continue-universitaire-prevention-des-desordres-dans-les-structures-en-bois\/#primaryimage"},"thumbnailUrl":"https:\/\/www.uqac.ca\/uqactualites\/wp-content\/uploads\/2012\/05\/communiqu-.jpg","datePublished":"2012-05-23T15:55:40+00:00","dateModified":"2012-05-23T15:55:40+00:00","author":{"@id":"https:\/\/www.uqac.ca\/uqactualites\/#\/schema\/person\/366c45a0c4f0e677b41b4af5886e2018"},"breadcrumb":{"@id":"https:\/\/www.uqac.ca\/uqactualites\/2012\/05\/23\/formation-continue-universitaire-prevention-des-desordres-dans-les-structures-en-bois\/#breadcrumb"},"inLanguage":"fr-CA","potentialAction":[{"@type":"ReadAction","target":["https:\/\/www.uqac.ca\/uqactualites\/2012\/05\/23\/formation-continue-universitaire-prevention-des-desordres-dans-les-structures-en-bois\/"]}]},{"@type":"ImageObject","inLanguage":"fr-CA","@id":"https:\/\/www.uqac.ca\/uqactualites\/2012\/05\/23\/formation-continue-universitaire-prevention-des-desordres-dans-les-structures-en-bois\/#primaryimage","url":"https:\/\/www.uqac.ca\/uqactualites\/wp-content\/uploads\/2012\/05\/communiqu-.jpg","contentUrl":"https:\/\/www.uqac.ca\/uqactualites\/wp-content\/uploads\/2012\/05\/communiqu-.jpg","width":620,"height":300},{"@type":"BreadcrumbList","@id":"https:\/\/www.uqac.ca\/uqactualites\/2012\/05\/23\/formation-continue-universitaire-prevention-des-desordres-dans-les-structures-en-bois\/#breadcrumb","itemListElement":[{"@type":"ListItem","position":1,"name":"Home","item":"https:\/\/www.uqac.ca\/uqactualites\/"},{"@type":"ListItem","position":2,"name":"Formation continue universitaire \u2013 Pr\u00e9vention des d\u00e9sordres dans les structures en bois"}]},{"@type":"WebSite","@id":"https:\/\/www.uqac.ca\/uqactualites\/#website","url":"https:\/\/www.uqac.ca\/uqactualites\/","name":"UQACtualit\u00e9s","description":"Le portail des nouvelles de l&#039;UQAC","potentialAction":[{"@type":"SearchAction","target":{"@type":"EntryPoint","urlTemplate":"https:\/\/www.uqac.ca\/uqactualites\/?s={search_term_string}"},"query-input":{"@type":"PropertyValueSpecification","valueRequired":true,"valueName":"search_term_string"}}],"inLanguage":"fr-CA"},{"@type":"Person","@id":"https:\/\/www.uqac.ca\/uqactualites\/#\/schema\/person\/366c45a0c4f0e677b41b4af5886e2018","name":"Service des communications et des relations publiques","image":{"@type":"ImageObject","inLanguage":"fr-CA","@id":"https:\/\/www.uqac.ca\/uqactualites\/#\/schema\/person\/image\/","url":"https:\/\/secure.gravatar.com\/avatar\/20fbbda8a292f59f2d3461a5b999c00b?s=96&d=mm&r=g","contentUrl":"https:\/\/secure.gravatar.com\/avatar\/20fbbda8a292f59f2d3461a5b999c00b?s=96&d=mm&r=g","caption":"Service des communications et des relations publiques"},"url":"https:\/\/www.uqac.ca\/uqactualites\/author\/bap\/"}]}},"_links":{"self":[{"href":"https:\/\/www.uqac.ca\/uqactualites\/wp-json\/wp\/v2\/posts\/20427"}],"collection":[{"href":"https:\/\/www.uqac.ca\/uqactualites\/wp-json\/wp\/v2\/posts"}],"about":[{"href":"https:\/\/www.uqac.ca\/uqactualites\/wp-json\/wp\/v2\/types\/post"}],"author":[{"embeddable":true,"href":"https:\/\/www.uqac.ca\/uqactualites\/wp-json\/wp\/v2\/users\/5"}],"replies":[{"embeddable":true,"href":"https:\/\/www.uqac.ca\/uqactualites\/wp-json\/wp\/v2\/comments?post=20427"}],"version-history":[{"count":0,"href":"https:\/\/www.uqac.ca\/uqactualites\/wp-json\/wp\/v2\/posts\/20427\/revisions"}],"wp:featuredmedia":[{"embeddable":true,"href":"https:\/\/www.uqac.ca\/uqactualites\/wp-json\/wp\/v2\/media\/20745"}],"wp:attachment":[{"href":"https:\/\/www.uqac.ca\/uqactualites\/wp-json\/wp\/v2\/media?parent=20427"}],"wp:term":[{"taxonomy":"category","embeddable":true,"href":"https:\/\/www.uqac.ca\/uqactualites\/wp-json\/wp\/v2\/categories?post=20427"},{"taxonomy":"post_tag","embeddable":true,"href":"https:\/\/www.uqac.ca\/uqactualites\/wp-json\/wp\/v2\/tags?post=20427"}],"curies":[{"name":"wp","href":"https:\/\/api.w.org\/{rel}","templated":true}]}}