{"id":20665,"date":"2012-03-26T07:51:42","date_gmt":"2012-03-26T13:21:42","guid":{"rendered":"http:\/\/uqactualite.odev.ca\/?p=20665"},"modified":"2012-03-26T07:51:42","modified_gmt":"2012-03-26T13:21:42","slug":"neuf-projets-de-developpement-scientifique-et-technologique-soutenus","status":"publish","type":"post","link":"https:\/\/www.uqac.ca\/uqactualites\/2012\/03\/26\/neuf-projets-de-developpement-scientifique-et-technologique-soutenus\/","title":{"rendered":"Neuf projets de d\u00e9veloppement scientifique et technologique soutenus"},"content":{"rendered":"<p style=\"text-align: justify\">Le 23 mars dernier, lors d\u2019une conf\u00e9rence de presse tenue au salon Andr\u00e9 Desgagn\u00e9 de l\u2019UQAC, la direction de l\u2019Universit\u00e9 du Qu\u00e9bec \u00e0 Chicoutimi, les repr\u00e9sentants des gouvernements f\u00e9d\u00e9ral et provincial ainsi que Promotion Saguenay ont confirm\u00e9 l\u2019aide financi\u00e8re accord\u00e9e \u00e0 l\u2019Institution afin de soutenir neufs projets de d\u00e9veloppement scientifique et technologique et ainsi encourager la recherche effectu\u00e9e sur le campus universitaire.<\/p>\n<p style=\"text-align: justify\">Le ministre des Transports, de l\u2019Infrastructure et des Collectivit\u00e9s et ministre de l\u2019Agence de d\u00e9veloppement \u00e9conomique du Canada pour les r\u00e9gions du Qu\u00e9bec, l\u2019honorable Denis Lebel, a annonc\u00e9 lors de ce point de presse le montant octroy\u00e9 par le gouvernement f\u00e9d\u00e9ral \u00e0 l\u2019UQAC ainsi qu\u2019au Centre d\u2019entrepreneuriat et d\u2019essaimage de l\u2019UQAC (CEE-UQAC). Gr\u00e2ce aux contributions consenties, totalisant <strong>8\u00a0229\u00a0393 $<\/strong>, <strong>sept projets<\/strong> visant le renforcement des capacit\u00e9s scientifiques et technologiques et la promotion de l\u2019entrepreneuriat au Saguenay\u2013Lac-Saint-Jean seront mis en \u0153uvre\u00a0:<\/p>\n<ul style=\"text-align: justify\">\n<li>Construction du Centre de transfert et de d\u00e9veloppement d\u2019affaires de l\u2019Universit\u00e9 du Qu\u00e9bec \u00e0 Chicoutimi (CTDA-UQAC);<\/li>\n<li>Soutien au fonctionnement, durant les 3 premi\u00e8res ann\u00e9es, du Centre de transfert et de d\u00e9veloppement d\u2019affaires de l\u2019Universit\u00e9 du Qu\u00e9bec \u00e0 Chicoutimi (CTDA-UQAC);<\/li>\n<li>Renouvellement des \u00e9quipements du Laboratoire d\u2019analyse et de s\u00e9paration des essences v\u00e9g\u00e9tales (LASEVE);<\/li>\n<li>Acquisition d\u2019\u00e9quipements pour le Laboratoire international des mat\u00e9riaux antigivre (LIMA);<\/li>\n<li>R\u00e9alisation d\u2019une \u00e9tude de faisabilit\u00e9 sur la mise en place d\u2019un institut de valorisation de la for\u00eat bor\u00e9ale;<\/li>\n<li>Acquisition d\u2019instruments d\u2019analyse pour le Laboratoire des mat\u00e9riaux terrestres (LabMaTer);<\/li>\n<li>Soutien du CEE-UQAC afin de poursuivre la promotion de l\u2019entrepreneuriat au Saguenay\u2013Lac-Saint-Jean.<\/li>\n<\/ul>\n<p style=\"text-align: justify\">Le ministre d\u00e9l\u00e9gu\u00e9 aux Ressources naturelles et \u00e0 la Faune, ministre responsable de la r\u00e9gion du Saguenay\u2013Lac-Saint-Jean et d\u00e9put\u00e9 de Dubuc, Monsieur Serge Simard, a pour sa part confirm\u00e9 lors de la conf\u00e9rence de presse qu\u2019un soutien financier de la part du gouvernement provincial totalisant plus de <strong>7,2 M$<\/strong> \u00e9tait accord\u00e9 \u00e0 l\u2019UQAC afin de mener \u00e0 terme <strong>deux projets<\/strong> de d\u00e9veloppement\u00a0:<\/p>\n<ul style=\"text-align: justify\">\n<li>Construction du Parc technologique des sciences appliqu\u00e9es (h\u00e9bergeant les unit\u00e9s de recherche suivantes\u00a0: GRIPS, ISOLIME, LIMA, LICOME et TAMLA);<\/li>\n<li>Acquisition d\u2019\u00e9quipements permettant le d\u00e9veloppement de rev\u00eatements glaciophobes.<\/li>\n<\/ul>\n<p style=\"text-align: justify\">Ces deux projets sont aussi soutenus par le Programme d\u2019infrastructure du savoir (PIDS) et le Fonds des leaders de la Fondation canadienne pour l\u2019innovation (FCI) du gouvernement f\u00e9d\u00e9ral, pour un montant de <strong>7\u00a0217\u00a0280 $<\/strong>.<\/p>\n<p style=\"text-align: justify\">Monsieur Jean Tremblay, maire de Ville de Saguenay et pr\u00e9sident de Promotion Saguenay, a quant \u00e0 lui annonc\u00e9 un important partenariat avec le gouvernement du Canada afin de soutenir \u2013 gr\u00e2ce \u00e0 un montant de <strong>500\u00a0000 $<\/strong> \u2013 la construction du CTDA-UQAC. Ce centre technologique, qui aura comme objectif de supporter les PME r\u00e9gionales \u00e0 l\u2019\u00e9tape de la pr\u00e9commercialisation de leurs produits, portera le nom de \u00ab Pavillon Promotion Saguenay \u00bb.<strong><\/strong><\/p>\n<p style=\"text-align: justify\"><span style=\"color: #808080\"><strong>__________________________________________________________________________________<\/strong><\/span><\/p>\n<p style=\"text-align: justify\"><span style=\"color: #808080\"><strong>Sur la photo, dans l\u2019ordre habituel\u00a0:<\/strong> Jean Tremblay, maire de Saguenay; Denis Lebel, ministre des Transports, de l\u2019Infrastructure et des Collectivit\u00e9s et ministre de l\u2019Agence de d\u00e9veloppement \u00e9conomique du Canada pour les r\u00e9gions du Qu\u00e9bec ; Serge Simard, ministre d\u00e9l\u00e9gu\u00e9 aux Ressources naturelles et \u00e0 la Faune, ministre responsable de la r\u00e9gion du Saguenay\u2013Lac-Saint-Jean et d\u00e9put\u00e9 de Dubuc et Michel Belley, recteur de l\u2019UQAC.<\/span><br \/>\n<span style=\"color: #808080\"><strong>Cr\u00e9dit photo : <\/strong>Denis Blackburn, Bureau des affaires publiques (UQAC)<\/span><br \/>\n<span style=\"color: #808080\">_________________________________________________________________________________________<\/span><\/p>\n","protected":false},"excerpt":{"rendered":"<p>Le 23 mars dernier, lors d\u2019une conf\u00e9rence de presse tenue au salon Andr\u00e9 Desgagn\u00e9 de l\u2019UQAC, la direction de l\u2019Universit\u00e9 du Qu\u00e9bec \u00e0 Chicoutimi, les repr\u00e9sentants des gouvernements f\u00e9d\u00e9ral et provincial ainsi que Promotion Saguenay ont confirm\u00e9 l\u2019aide financi\u00e8re accord\u00e9e \u00e0 l\u2019Institution afin de soutenir neufs projets de d\u00e9veloppement scientifique et technologique et ainsi encourager [&hellip;]<\/p>\n","protected":false},"author":5,"featured_media":20670,"comment_status":"open","ping_status":"open","sticky":false,"template":"","format":"standard","meta":{"footnotes":""},"categories":[2],"tags":[273,2042,2453],"yoast_head":"<!-- This site is optimized with the Yoast SEO plugin v24.2 - https:\/\/yoast.com\/wordpress\/plugins\/seo\/ -->\r\n<title>Neuf projets de d\u00e9veloppement scientifique et technologique soutenus - UQACtualit\u00e9s<\/title>\r\n<meta name=\"robots\" content=\"index, follow, max-snippet:-1, max-image-preview:large, max-video-preview:-1\" \/>\r\n<link rel=\"canonical\" href=\"https:\/\/www.uqac.ca\/uqactualites\/2012\/03\/26\/neuf-projets-de-developpement-scientifique-et-technologique-soutenus\/\" \/>\r\n<meta property=\"og:locale\" content=\"fr_CA\" \/>\r\n<meta property=\"og:type\" content=\"article\" \/>\r\n<meta property=\"og:title\" content=\"Neuf projets de d\u00e9veloppement scientifique et technologique soutenus - UQACtualit\u00e9s\" \/>\r\n<meta property=\"og:description\" content=\"Le 23 mars dernier, lors d\u2019une conf\u00e9rence de presse tenue au salon Andr\u00e9 Desgagn\u00e9 de l\u2019UQAC, la direction de l\u2019Universit\u00e9 du Qu\u00e9bec \u00e0 Chicoutimi, les repr\u00e9sentants des gouvernements f\u00e9d\u00e9ral et provincial ainsi que Promotion Saguenay ont confirm\u00e9 l\u2019aide financi\u00e8re accord\u00e9e \u00e0 l\u2019Institution afin de soutenir neufs projets de d\u00e9veloppement scientifique et technologique et ainsi encourager [&hellip;]\" \/>\r\n<meta property=\"og:url\" content=\"https:\/\/www.uqac.ca\/uqactualites\/2012\/03\/26\/neuf-projets-de-developpement-scientifique-et-technologique-soutenus\/\" \/>\r\n<meta property=\"og:site_name\" content=\"UQACtualit\u00e9s\" \/>\r\n<meta property=\"article:published_time\" content=\"2012-03-26T13:21:42+00:00\" \/>\r\n<meta property=\"og:image\" content=\"https:\/\/www.uqac.ca\/uqactualites\/wp-content\/uploads\/2012\/03\/Conf\u00e9rence-de-presse-23-mars-2012-WEB-\u00a9Denis-Blackburn-scaled.jpg\" \/>\r\n\t<meta property=\"og:image:width\" content=\"2560\" \/>\r\n\t<meta property=\"og:image:height\" content=\"1202\" \/>\r\n\t<meta property=\"og:image:type\" content=\"image\/jpeg\" \/>\r\n<meta name=\"author\" content=\"Service des communications et des relations publiques\" \/>\r\n<meta name=\"twitter:card\" content=\"summary_large_image\" \/>\r\n<meta name=\"twitter:label1\" content=\"\u00c9crit par\" \/>\n\t<meta name=\"twitter:data1\" content=\"Service des communications et des relations publiques\" \/>\n\t<meta name=\"twitter:label2\" content=\"Estimation du temps de lecture\" \/>\n\t<meta name=\"twitter:data2\" content=\"3 minutes\" \/>\r\n<script type=\"application\/ld+json\" class=\"yoast-schema-graph\">{\"@context\":\"https:\/\/schema.org\",\"@graph\":[{\"@type\":\"WebPage\",\"@id\":\"https:\/\/www.uqac.ca\/uqactualites\/2012\/03\/26\/neuf-projets-de-developpement-scientifique-et-technologique-soutenus\/\",\"url\":\"https:\/\/www.uqac.ca\/uqactualites\/2012\/03\/26\/neuf-projets-de-developpement-scientifique-et-technologique-soutenus\/\",\"name\":\"Neuf projets de d\u00e9veloppement scientifique et technologique soutenus - UQACtualit\u00e9s\",\"isPartOf\":{\"@id\":\"https:\/\/www.uqac.ca\/uqactualites\/#website\"},\"primaryImageOfPage\":{\"@id\":\"https:\/\/www.uqac.ca\/uqactualites\/2012\/03\/26\/neuf-projets-de-developpement-scientifique-et-technologique-soutenus\/#primaryimage\"},\"image\":{\"@id\":\"https:\/\/www.uqac.ca\/uqactualites\/2012\/03\/26\/neuf-projets-de-developpement-scientifique-et-technologique-soutenus\/#primaryimage\"},\"thumbnailUrl\":\"https:\/\/www.uqac.ca\/uqactualites\/wp-content\/uploads\/2012\/03\/Conf\u00e9rence-de-presse-23-mars-2012-WEB-\u00a9Denis-Blackburn-scaled.jpg\",\"datePublished\":\"2012-03-26T13:21:42+00:00\",\"dateModified\":\"2012-03-26T13:21:42+00:00\",\"author\":{\"@id\":\"https:\/\/www.uqac.ca\/uqactualites\/#\/schema\/person\/366c45a0c4f0e677b41b4af5886e2018\"},\"breadcrumb\":{\"@id\":\"https:\/\/www.uqac.ca\/uqactualites\/2012\/03\/26\/neuf-projets-de-developpement-scientifique-et-technologique-soutenus\/#breadcrumb\"},\"inLanguage\":\"fr-CA\",\"potentialAction\":[{\"@type\":\"ReadAction\",\"target\":[\"https:\/\/www.uqac.ca\/uqactualites\/2012\/03\/26\/neuf-projets-de-developpement-scientifique-et-technologique-soutenus\/\"]}]},{\"@type\":\"ImageObject\",\"inLanguage\":\"fr-CA\",\"@id\":\"https:\/\/www.uqac.ca\/uqactualites\/2012\/03\/26\/neuf-projets-de-developpement-scientifique-et-technologique-soutenus\/#primaryimage\",\"url\":\"https:\/\/www.uqac.ca\/uqactualites\/wp-content\/uploads\/2012\/03\/Conf\u00e9rence-de-presse-23-mars-2012-WEB-\u00a9Denis-Blackburn-scaled.jpg\",\"contentUrl\":\"https:\/\/www.uqac.ca\/uqactualites\/wp-content\/uploads\/2012\/03\/Conf\u00e9rence-de-presse-23-mars-2012-WEB-\u00a9Denis-Blackburn-scaled.jpg\",\"width\":2560,\"height\":1202},{\"@type\":\"BreadcrumbList\",\"@id\":\"https:\/\/www.uqac.ca\/uqactualites\/2012\/03\/26\/neuf-projets-de-developpement-scientifique-et-technologique-soutenus\/#breadcrumb\",\"itemListElement\":[{\"@type\":\"ListItem\",\"position\":1,\"name\":\"Home\",\"item\":\"https:\/\/www.uqac.ca\/uqactualites\/\"},{\"@type\":\"ListItem\",\"position\":2,\"name\":\"Neuf projets de d\u00e9veloppement scientifique et technologique soutenus\"}]},{\"@type\":\"WebSite\",\"@id\":\"https:\/\/www.uqac.ca\/uqactualites\/#website\",\"url\":\"https:\/\/www.uqac.ca\/uqactualites\/\",\"name\":\"UQACtualit\u00e9s\",\"description\":\"Le portail des nouvelles de l&#039;UQAC\",\"potentialAction\":[{\"@type\":\"SearchAction\",\"target\":{\"@type\":\"EntryPoint\",\"urlTemplate\":\"https:\/\/www.uqac.ca\/uqactualites\/?s={search_term_string}\"},\"query-input\":{\"@type\":\"PropertyValueSpecification\",\"valueRequired\":true,\"valueName\":\"search_term_string\"}}],\"inLanguage\":\"fr-CA\"},{\"@type\":\"Person\",\"@id\":\"https:\/\/www.uqac.ca\/uqactualites\/#\/schema\/person\/366c45a0c4f0e677b41b4af5886e2018\",\"name\":\"Service des communications et des relations publiques\",\"image\":{\"@type\":\"ImageObject\",\"inLanguage\":\"fr-CA\",\"@id\":\"https:\/\/www.uqac.ca\/uqactualites\/#\/schema\/person\/image\/\",\"url\":\"https:\/\/secure.gravatar.com\/avatar\/20fbbda8a292f59f2d3461a5b999c00b?s=96&d=mm&r=g\",\"contentUrl\":\"https:\/\/secure.gravatar.com\/avatar\/20fbbda8a292f59f2d3461a5b999c00b?s=96&d=mm&r=g\",\"caption\":\"Service des communications et des relations publiques\"},\"url\":\"https:\/\/www.uqac.ca\/uqactualites\/author\/bap\/\"}]}<\/script>\r\n<!-- \/ Yoast SEO plugin. -->","yoast_head_json":{"title":"Neuf projets de d\u00e9veloppement scientifique et technologique soutenus - UQACtualit\u00e9s","robots":{"index":"index","follow":"follow","max-snippet":"max-snippet:-1","max-image-preview":"max-image-preview:large","max-video-preview":"max-video-preview:-1"},"canonical":"https:\/\/www.uqac.ca\/uqactualites\/2012\/03\/26\/neuf-projets-de-developpement-scientifique-et-technologique-soutenus\/","og_locale":"fr_CA","og_type":"article","og_title":"Neuf projets de d\u00e9veloppement scientifique et technologique soutenus - UQACtualit\u00e9s","og_description":"Le 23 mars dernier, lors d\u2019une conf\u00e9rence de presse tenue au salon Andr\u00e9 Desgagn\u00e9 de l\u2019UQAC, la direction de l\u2019Universit\u00e9 du Qu\u00e9bec \u00e0 Chicoutimi, les repr\u00e9sentants des gouvernements f\u00e9d\u00e9ral et provincial ainsi que Promotion Saguenay ont confirm\u00e9 l\u2019aide financi\u00e8re accord\u00e9e \u00e0 l\u2019Institution afin de soutenir neufs projets de d\u00e9veloppement scientifique et technologique et ainsi encourager [&hellip;]","og_url":"https:\/\/www.uqac.ca\/uqactualites\/2012\/03\/26\/neuf-projets-de-developpement-scientifique-et-technologique-soutenus\/","og_site_name":"UQACtualit\u00e9s","article_published_time":"2012-03-26T13:21:42+00:00","og_image":[{"width":2560,"height":1202,"url":"https:\/\/www.uqac.ca\/uqactualites\/wp-content\/uploads\/2012\/03\/Conf\u00e9rence-de-presse-23-mars-2012-WEB-\u00a9Denis-Blackburn-scaled.jpg","type":"image\/jpeg"}],"author":"Service des communications et des relations publiques","twitter_card":"summary_large_image","twitter_misc":{"\u00c9crit par":"Service des communications et des relations publiques","Estimation du temps de lecture":"3 minutes"},"schema":{"@context":"https:\/\/schema.org","@graph":[{"@type":"WebPage","@id":"https:\/\/www.uqac.ca\/uqactualites\/2012\/03\/26\/neuf-projets-de-developpement-scientifique-et-technologique-soutenus\/","url":"https:\/\/www.uqac.ca\/uqactualites\/2012\/03\/26\/neuf-projets-de-developpement-scientifique-et-technologique-soutenus\/","name":"Neuf projets de d\u00e9veloppement scientifique et technologique soutenus - UQACtualit\u00e9s","isPartOf":{"@id":"https:\/\/www.uqac.ca\/uqactualites\/#website"},"primaryImageOfPage":{"@id":"https:\/\/www.uqac.ca\/uqactualites\/2012\/03\/26\/neuf-projets-de-developpement-scientifique-et-technologique-soutenus\/#primaryimage"},"image":{"@id":"https:\/\/www.uqac.ca\/uqactualites\/2012\/03\/26\/neuf-projets-de-developpement-scientifique-et-technologique-soutenus\/#primaryimage"},"thumbnailUrl":"https:\/\/www.uqac.ca\/uqactualites\/wp-content\/uploads\/2012\/03\/Conf\u00e9rence-de-presse-23-mars-2012-WEB-\u00a9Denis-Blackburn-scaled.jpg","datePublished":"2012-03-26T13:21:42+00:00","dateModified":"2012-03-26T13:21:42+00:00","author":{"@id":"https:\/\/www.uqac.ca\/uqactualites\/#\/schema\/person\/366c45a0c4f0e677b41b4af5886e2018"},"breadcrumb":{"@id":"https:\/\/www.uqac.ca\/uqactualites\/2012\/03\/26\/neuf-projets-de-developpement-scientifique-et-technologique-soutenus\/#breadcrumb"},"inLanguage":"fr-CA","potentialAction":[{"@type":"ReadAction","target":["https:\/\/www.uqac.ca\/uqactualites\/2012\/03\/26\/neuf-projets-de-developpement-scientifique-et-technologique-soutenus\/"]}]},{"@type":"ImageObject","inLanguage":"fr-CA","@id":"https:\/\/www.uqac.ca\/uqactualites\/2012\/03\/26\/neuf-projets-de-developpement-scientifique-et-technologique-soutenus\/#primaryimage","url":"https:\/\/www.uqac.ca\/uqactualites\/wp-content\/uploads\/2012\/03\/Conf\u00e9rence-de-presse-23-mars-2012-WEB-\u00a9Denis-Blackburn-scaled.jpg","contentUrl":"https:\/\/www.uqac.ca\/uqactualites\/wp-content\/uploads\/2012\/03\/Conf\u00e9rence-de-presse-23-mars-2012-WEB-\u00a9Denis-Blackburn-scaled.jpg","width":2560,"height":1202},{"@type":"BreadcrumbList","@id":"https:\/\/www.uqac.ca\/uqactualites\/2012\/03\/26\/neuf-projets-de-developpement-scientifique-et-technologique-soutenus\/#breadcrumb","itemListElement":[{"@type":"ListItem","position":1,"name":"Home","item":"https:\/\/www.uqac.ca\/uqactualites\/"},{"@type":"ListItem","position":2,"name":"Neuf projets de d\u00e9veloppement scientifique et technologique soutenus"}]},{"@type":"WebSite","@id":"https:\/\/www.uqac.ca\/uqactualites\/#website","url":"https:\/\/www.uqac.ca\/uqactualites\/","name":"UQACtualit\u00e9s","description":"Le portail des nouvelles de l&#039;UQAC","potentialAction":[{"@type":"SearchAction","target":{"@type":"EntryPoint","urlTemplate":"https:\/\/www.uqac.ca\/uqactualites\/?s={search_term_string}"},"query-input":{"@type":"PropertyValueSpecification","valueRequired":true,"valueName":"search_term_string"}}],"inLanguage":"fr-CA"},{"@type":"Person","@id":"https:\/\/www.uqac.ca\/uqactualites\/#\/schema\/person\/366c45a0c4f0e677b41b4af5886e2018","name":"Service des communications et des relations publiques","image":{"@type":"ImageObject","inLanguage":"fr-CA","@id":"https:\/\/www.uqac.ca\/uqactualites\/#\/schema\/person\/image\/","url":"https:\/\/secure.gravatar.com\/avatar\/20fbbda8a292f59f2d3461a5b999c00b?s=96&d=mm&r=g","contentUrl":"https:\/\/secure.gravatar.com\/avatar\/20fbbda8a292f59f2d3461a5b999c00b?s=96&d=mm&r=g","caption":"Service des communications et des relations publiques"},"url":"https:\/\/www.uqac.ca\/uqactualites\/author\/bap\/"}]}},"_links":{"self":[{"href":"https:\/\/www.uqac.ca\/uqactualites\/wp-json\/wp\/v2\/posts\/20665"}],"collection":[{"href":"https:\/\/www.uqac.ca\/uqactualites\/wp-json\/wp\/v2\/posts"}],"about":[{"href":"https:\/\/www.uqac.ca\/uqactualites\/wp-json\/wp\/v2\/types\/post"}],"author":[{"embeddable":true,"href":"https:\/\/www.uqac.ca\/uqactualites\/wp-json\/wp\/v2\/users\/5"}],"replies":[{"embeddable":true,"href":"https:\/\/www.uqac.ca\/uqactualites\/wp-json\/wp\/v2\/comments?post=20665"}],"version-history":[{"count":0,"href":"https:\/\/www.uqac.ca\/uqactualites\/wp-json\/wp\/v2\/posts\/20665\/revisions"}],"wp:featuredmedia":[{"embeddable":true,"href":"https:\/\/www.uqac.ca\/uqactualites\/wp-json\/wp\/v2\/media\/20670"}],"wp:attachment":[{"href":"https:\/\/www.uqac.ca\/uqactualites\/wp-json\/wp\/v2\/media?parent=20665"}],"wp:term":[{"taxonomy":"category","embeddable":true,"href":"https:\/\/www.uqac.ca\/uqactualites\/wp-json\/wp\/v2\/categories?post=20665"},{"taxonomy":"post_tag","embeddable":true,"href":"https:\/\/www.uqac.ca\/uqactualites\/wp-json\/wp\/v2\/tags?post=20665"}],"curies":[{"name":"wp","href":"https:\/\/api.w.org\/{rel}","templated":true}]}}