{"id":20760,"date":"2012-06-14T08:03:41","date_gmt":"2012-06-14T13:33:41","guid":{"rendered":"http:\/\/uqactualite.odev.ca\/?p=20760"},"modified":"2012-06-14T08:03:41","modified_gmt":"2012-06-14T13:33:41","slug":"guylaine-boivin-nommee-adjointe-du-recteur","status":"publish","type":"post","link":"https:\/\/www.uqac.ca\/uqactualites\/2012\/06\/14\/guylaine-boivin-nommee-adjointe-du-recteur\/","title":{"rendered":"Guylaine Boivin nomm\u00e9e adjointe du recteur"},"content":{"rendered":"<p style=\"text-align: justify\">Le recteur, monsieur Martin Gauthier, informe la communaut\u00e9 universitaire que le conseil ex\u00e9cutif de l\u2019UQAC a proc\u00e9d\u00e9, lors de sa r\u00e9union du mardi 12 juin dernier, \u00e0 la nomination de madame Guylaine Boivin \u00e0 titre d\u2019adjointe du recteur. Madame Boivin occupait depuis 2002 le poste de conseill\u00e8re juridique pour le Vice-rectorat aux affaires \u00e9tudiantes et secr\u00e9tariat g\u00e9n\u00e9ral de l\u2019UQAC.<\/p>\n<p style=\"text-align: justify\">Bacheli\u00e8re en droit de l\u2019Universit\u00e9 Laval et dipl\u00f4m\u00e9e de l\u2019\u00c9cole du Barreau de Qu\u00e9bec, madame Boivin a \u00e9galement \u00e9tudi\u00e9 le droit international\u00a0\u00e0 l\u2019Universit\u00e9 Aix-Marseille III, en France. Sa solide expertise professionnelle est tr\u00e8s diversifi\u00e9e, allant du droit administratif aux relations de travail, en passant par le droit des contrats, l\u2019\u00e9thique et la gouvernance, le conseil et la r\u00e9daction juridiques, la n\u00e9gociation et l\u2019analyse strat\u00e9gique.<\/p>\n<p>Nous souhaitons \u00e0 madame Boivin tout le succ\u00e8s d\u00e9sir\u00e9.<\/p>\n<p><span style=\"color: #808080\">___________________________________________________________________________________________<\/span><\/p>\n<p><span style=\"color: #808080\"><strong>Sur la photo :<\/strong> Guylaine Boivin, adjointe du recteur<\/span><br \/>\n<span style=\"color: #808080\"><strong>Photographe :<\/strong> Rocket Lavoie<\/span><br \/>\n<span style=\"color: #808080\">___________________________________________________________________________________________<\/span><\/p>\n","protected":false},"excerpt":{"rendered":"<p>Le recteur, monsieur Martin Gauthier, informe la communaut\u00e9 universitaire que le conseil ex\u00e9cutif de l\u2019UQAC a proc\u00e9d\u00e9, lors de sa r\u00e9union du mardi 12 juin dernier, \u00e0 la nomination de madame Guylaine Boivin \u00e0 titre d\u2019adjointe du recteur. Madame Boivin occupait depuis 2002 le poste de conseill\u00e8re juridique pour le Vice-rectorat aux affaires \u00e9tudiantes et [&hellip;]<\/p>\n","protected":false},"author":5,"featured_media":21006,"comment_status":"open","ping_status":"open","sticky":false,"template":"","format":"standard","meta":{"footnotes":""},"categories":[2,15],"tags":[2497,2498,53],"yoast_head":"<!-- This site is optimized with the Yoast SEO plugin v24.2 - https:\/\/yoast.com\/wordpress\/plugins\/seo\/ -->\r\n<title>Guylaine Boivin nomm\u00e9e adjointe du recteur - UQACtualit\u00e9s<\/title>\r\n<meta name=\"robots\" content=\"index, follow, max-snippet:-1, max-image-preview:large, max-video-preview:-1\" \/>\r\n<link rel=\"canonical\" href=\"https:\/\/www.uqac.ca\/uqactualites\/2012\/06\/14\/guylaine-boivin-nommee-adjointe-du-recteur\/\" \/>\r\n<meta property=\"og:locale\" content=\"fr_CA\" \/>\r\n<meta property=\"og:type\" content=\"article\" \/>\r\n<meta property=\"og:title\" content=\"Guylaine Boivin nomm\u00e9e adjointe du recteur - UQACtualit\u00e9s\" \/>\r\n<meta property=\"og:description\" content=\"Le recteur, monsieur Martin Gauthier, informe la communaut\u00e9 universitaire que le conseil ex\u00e9cutif de l\u2019UQAC a proc\u00e9d\u00e9, lors de sa r\u00e9union du mardi 12 juin dernier, \u00e0 la nomination de madame Guylaine Boivin \u00e0 titre d\u2019adjointe du recteur. Madame Boivin occupait depuis 2002 le poste de conseill\u00e8re juridique pour le Vice-rectorat aux affaires \u00e9tudiantes et [&hellip;]\" \/>\r\n<meta property=\"og:url\" content=\"https:\/\/www.uqac.ca\/uqactualites\/2012\/06\/14\/guylaine-boivin-nommee-adjointe-du-recteur\/\" \/>\r\n<meta property=\"og:site_name\" content=\"UQACtualit\u00e9s\" \/>\r\n<meta property=\"article:published_time\" content=\"2012-06-14T13:33:41+00:00\" \/>\r\n<meta property=\"og:image\" content=\"https:\/\/www.uqac.ca\/uqactualites\/wp-content\/uploads\/2012\/06\/Guylaine-Boivin-Web-\u00a9Rocket-Lavoie.jpg\" \/>\r\n\t<meta property=\"og:image:width\" content=\"620\" \/>\r\n\t<meta property=\"og:image:height\" content=\"300\" \/>\r\n\t<meta property=\"og:image:type\" content=\"image\/jpeg\" \/>\r\n<meta name=\"author\" content=\"Service des communications et des relations publiques\" \/>\r\n<meta name=\"twitter:card\" content=\"summary_large_image\" \/>\r\n<meta name=\"twitter:label1\" content=\"\u00c9crit par\" \/>\n\t<meta name=\"twitter:data1\" content=\"Service des communications et des relations publiques\" \/>\n\t<meta name=\"twitter:label2\" content=\"Estimation du temps de lecture\" \/>\n\t<meta name=\"twitter:data2\" content=\"1 minute\" \/>\r\n<script type=\"application\/ld+json\" class=\"yoast-schema-graph\">{\"@context\":\"https:\/\/schema.org\",\"@graph\":[{\"@type\":\"WebPage\",\"@id\":\"https:\/\/www.uqac.ca\/uqactualites\/2012\/06\/14\/guylaine-boivin-nommee-adjointe-du-recteur\/\",\"url\":\"https:\/\/www.uqac.ca\/uqactualites\/2012\/06\/14\/guylaine-boivin-nommee-adjointe-du-recteur\/\",\"name\":\"Guylaine Boivin nomm\u00e9e adjointe du recteur - UQACtualit\u00e9s\",\"isPartOf\":{\"@id\":\"https:\/\/www.uqac.ca\/uqactualites\/#website\"},\"primaryImageOfPage\":{\"@id\":\"https:\/\/www.uqac.ca\/uqactualites\/2012\/06\/14\/guylaine-boivin-nommee-adjointe-du-recteur\/#primaryimage\"},\"image\":{\"@id\":\"https:\/\/www.uqac.ca\/uqactualites\/2012\/06\/14\/guylaine-boivin-nommee-adjointe-du-recteur\/#primaryimage\"},\"thumbnailUrl\":\"https:\/\/www.uqac.ca\/uqactualites\/wp-content\/uploads\/2012\/06\/Guylaine-Boivin-Web-\u00a9Rocket-Lavoie.jpg\",\"datePublished\":\"2012-06-14T13:33:41+00:00\",\"dateModified\":\"2012-06-14T13:33:41+00:00\",\"author\":{\"@id\":\"https:\/\/www.uqac.ca\/uqactualites\/#\/schema\/person\/366c45a0c4f0e677b41b4af5886e2018\"},\"breadcrumb\":{\"@id\":\"https:\/\/www.uqac.ca\/uqactualites\/2012\/06\/14\/guylaine-boivin-nommee-adjointe-du-recteur\/#breadcrumb\"},\"inLanguage\":\"fr-CA\",\"potentialAction\":[{\"@type\":\"ReadAction\",\"target\":[\"https:\/\/www.uqac.ca\/uqactualites\/2012\/06\/14\/guylaine-boivin-nommee-adjointe-du-recteur\/\"]}]},{\"@type\":\"ImageObject\",\"inLanguage\":\"fr-CA\",\"@id\":\"https:\/\/www.uqac.ca\/uqactualites\/2012\/06\/14\/guylaine-boivin-nommee-adjointe-du-recteur\/#primaryimage\",\"url\":\"https:\/\/www.uqac.ca\/uqactualites\/wp-content\/uploads\/2012\/06\/Guylaine-Boivin-Web-\u00a9Rocket-Lavoie.jpg\",\"contentUrl\":\"https:\/\/www.uqac.ca\/uqactualites\/wp-content\/uploads\/2012\/06\/Guylaine-Boivin-Web-\u00a9Rocket-Lavoie.jpg\",\"width\":620,\"height\":300},{\"@type\":\"BreadcrumbList\",\"@id\":\"https:\/\/www.uqac.ca\/uqactualites\/2012\/06\/14\/guylaine-boivin-nommee-adjointe-du-recteur\/#breadcrumb\",\"itemListElement\":[{\"@type\":\"ListItem\",\"position\":1,\"name\":\"Home\",\"item\":\"https:\/\/www.uqac.ca\/uqactualites\/\"},{\"@type\":\"ListItem\",\"position\":2,\"name\":\"Guylaine Boivin nomm\u00e9e adjointe du recteur\"}]},{\"@type\":\"WebSite\",\"@id\":\"https:\/\/www.uqac.ca\/uqactualites\/#website\",\"url\":\"https:\/\/www.uqac.ca\/uqactualites\/\",\"name\":\"UQACtualit\u00e9s\",\"description\":\"Le portail des nouvelles de l&#039;UQAC\",\"potentialAction\":[{\"@type\":\"SearchAction\",\"target\":{\"@type\":\"EntryPoint\",\"urlTemplate\":\"https:\/\/www.uqac.ca\/uqactualites\/?s={search_term_string}\"},\"query-input\":{\"@type\":\"PropertyValueSpecification\",\"valueRequired\":true,\"valueName\":\"search_term_string\"}}],\"inLanguage\":\"fr-CA\"},{\"@type\":\"Person\",\"@id\":\"https:\/\/www.uqac.ca\/uqactualites\/#\/schema\/person\/366c45a0c4f0e677b41b4af5886e2018\",\"name\":\"Service des communications et des relations publiques\",\"image\":{\"@type\":\"ImageObject\",\"inLanguage\":\"fr-CA\",\"@id\":\"https:\/\/www.uqac.ca\/uqactualites\/#\/schema\/person\/image\/\",\"url\":\"https:\/\/secure.gravatar.com\/avatar\/20fbbda8a292f59f2d3461a5b999c00b?s=96&d=mm&r=g\",\"contentUrl\":\"https:\/\/secure.gravatar.com\/avatar\/20fbbda8a292f59f2d3461a5b999c00b?s=96&d=mm&r=g\",\"caption\":\"Service des communications et des relations publiques\"},\"url\":\"https:\/\/www.uqac.ca\/uqactualites\/author\/bap\/\"}]}<\/script>\r\n<!-- \/ Yoast SEO plugin. -->","yoast_head_json":{"title":"Guylaine Boivin nomm\u00e9e adjointe du recteur - UQACtualit\u00e9s","robots":{"index":"index","follow":"follow","max-snippet":"max-snippet:-1","max-image-preview":"max-image-preview:large","max-video-preview":"max-video-preview:-1"},"canonical":"https:\/\/www.uqac.ca\/uqactualites\/2012\/06\/14\/guylaine-boivin-nommee-adjointe-du-recteur\/","og_locale":"fr_CA","og_type":"article","og_title":"Guylaine Boivin nomm\u00e9e adjointe du recteur - UQACtualit\u00e9s","og_description":"Le recteur, monsieur Martin Gauthier, informe la communaut\u00e9 universitaire que le conseil ex\u00e9cutif de l\u2019UQAC a proc\u00e9d\u00e9, lors de sa r\u00e9union du mardi 12 juin dernier, \u00e0 la nomination de madame Guylaine Boivin \u00e0 titre d\u2019adjointe du recteur. Madame Boivin occupait depuis 2002 le poste de conseill\u00e8re juridique pour le Vice-rectorat aux affaires \u00e9tudiantes et [&hellip;]","og_url":"https:\/\/www.uqac.ca\/uqactualites\/2012\/06\/14\/guylaine-boivin-nommee-adjointe-du-recteur\/","og_site_name":"UQACtualit\u00e9s","article_published_time":"2012-06-14T13:33:41+00:00","og_image":[{"width":620,"height":300,"url":"https:\/\/www.uqac.ca\/uqactualites\/wp-content\/uploads\/2012\/06\/Guylaine-Boivin-Web-\u00a9Rocket-Lavoie.jpg","type":"image\/jpeg"}],"author":"Service des communications et des relations publiques","twitter_card":"summary_large_image","twitter_misc":{"\u00c9crit par":"Service des communications et des relations publiques","Estimation du temps de lecture":"1 minute"},"schema":{"@context":"https:\/\/schema.org","@graph":[{"@type":"WebPage","@id":"https:\/\/www.uqac.ca\/uqactualites\/2012\/06\/14\/guylaine-boivin-nommee-adjointe-du-recteur\/","url":"https:\/\/www.uqac.ca\/uqactualites\/2012\/06\/14\/guylaine-boivin-nommee-adjointe-du-recteur\/","name":"Guylaine Boivin nomm\u00e9e adjointe du recteur - UQACtualit\u00e9s","isPartOf":{"@id":"https:\/\/www.uqac.ca\/uqactualites\/#website"},"primaryImageOfPage":{"@id":"https:\/\/www.uqac.ca\/uqactualites\/2012\/06\/14\/guylaine-boivin-nommee-adjointe-du-recteur\/#primaryimage"},"image":{"@id":"https:\/\/www.uqac.ca\/uqactualites\/2012\/06\/14\/guylaine-boivin-nommee-adjointe-du-recteur\/#primaryimage"},"thumbnailUrl":"https:\/\/www.uqac.ca\/uqactualites\/wp-content\/uploads\/2012\/06\/Guylaine-Boivin-Web-\u00a9Rocket-Lavoie.jpg","datePublished":"2012-06-14T13:33:41+00:00","dateModified":"2012-06-14T13:33:41+00:00","author":{"@id":"https:\/\/www.uqac.ca\/uqactualites\/#\/schema\/person\/366c45a0c4f0e677b41b4af5886e2018"},"breadcrumb":{"@id":"https:\/\/www.uqac.ca\/uqactualites\/2012\/06\/14\/guylaine-boivin-nommee-adjointe-du-recteur\/#breadcrumb"},"inLanguage":"fr-CA","potentialAction":[{"@type":"ReadAction","target":["https:\/\/www.uqac.ca\/uqactualites\/2012\/06\/14\/guylaine-boivin-nommee-adjointe-du-recteur\/"]}]},{"@type":"ImageObject","inLanguage":"fr-CA","@id":"https:\/\/www.uqac.ca\/uqactualites\/2012\/06\/14\/guylaine-boivin-nommee-adjointe-du-recteur\/#primaryimage","url":"https:\/\/www.uqac.ca\/uqactualites\/wp-content\/uploads\/2012\/06\/Guylaine-Boivin-Web-\u00a9Rocket-Lavoie.jpg","contentUrl":"https:\/\/www.uqac.ca\/uqactualites\/wp-content\/uploads\/2012\/06\/Guylaine-Boivin-Web-\u00a9Rocket-Lavoie.jpg","width":620,"height":300},{"@type":"BreadcrumbList","@id":"https:\/\/www.uqac.ca\/uqactualites\/2012\/06\/14\/guylaine-boivin-nommee-adjointe-du-recteur\/#breadcrumb","itemListElement":[{"@type":"ListItem","position":1,"name":"Home","item":"https:\/\/www.uqac.ca\/uqactualites\/"},{"@type":"ListItem","position":2,"name":"Guylaine Boivin nomm\u00e9e adjointe du recteur"}]},{"@type":"WebSite","@id":"https:\/\/www.uqac.ca\/uqactualites\/#website","url":"https:\/\/www.uqac.ca\/uqactualites\/","name":"UQACtualit\u00e9s","description":"Le portail des nouvelles de l&#039;UQAC","potentialAction":[{"@type":"SearchAction","target":{"@type":"EntryPoint","urlTemplate":"https:\/\/www.uqac.ca\/uqactualites\/?s={search_term_string}"},"query-input":{"@type":"PropertyValueSpecification","valueRequired":true,"valueName":"search_term_string"}}],"inLanguage":"fr-CA"},{"@type":"Person","@id":"https:\/\/www.uqac.ca\/uqactualites\/#\/schema\/person\/366c45a0c4f0e677b41b4af5886e2018","name":"Service des communications et des relations publiques","image":{"@type":"ImageObject","inLanguage":"fr-CA","@id":"https:\/\/www.uqac.ca\/uqactualites\/#\/schema\/person\/image\/","url":"https:\/\/secure.gravatar.com\/avatar\/20fbbda8a292f59f2d3461a5b999c00b?s=96&d=mm&r=g","contentUrl":"https:\/\/secure.gravatar.com\/avatar\/20fbbda8a292f59f2d3461a5b999c00b?s=96&d=mm&r=g","caption":"Service des communications et des relations publiques"},"url":"https:\/\/www.uqac.ca\/uqactualites\/author\/bap\/"}]}},"_links":{"self":[{"href":"https:\/\/www.uqac.ca\/uqactualites\/wp-json\/wp\/v2\/posts\/20760"}],"collection":[{"href":"https:\/\/www.uqac.ca\/uqactualites\/wp-json\/wp\/v2\/posts"}],"about":[{"href":"https:\/\/www.uqac.ca\/uqactualites\/wp-json\/wp\/v2\/types\/post"}],"author":[{"embeddable":true,"href":"https:\/\/www.uqac.ca\/uqactualites\/wp-json\/wp\/v2\/users\/5"}],"replies":[{"embeddable":true,"href":"https:\/\/www.uqac.ca\/uqactualites\/wp-json\/wp\/v2\/comments?post=20760"}],"version-history":[{"count":0,"href":"https:\/\/www.uqac.ca\/uqactualites\/wp-json\/wp\/v2\/posts\/20760\/revisions"}],"wp:featuredmedia":[{"embeddable":true,"href":"https:\/\/www.uqac.ca\/uqactualites\/wp-json\/wp\/v2\/media\/21006"}],"wp:attachment":[{"href":"https:\/\/www.uqac.ca\/uqactualites\/wp-json\/wp\/v2\/media?parent=20760"}],"wp:term":[{"taxonomy":"category","embeddable":true,"href":"https:\/\/www.uqac.ca\/uqactualites\/wp-json\/wp\/v2\/categories?post=20760"},{"taxonomy":"post_tag","embeddable":true,"href":"https:\/\/www.uqac.ca\/uqactualites\/wp-json\/wp\/v2\/tags?post=20760"}],"curies":[{"name":"wp","href":"https:\/\/api.w.org\/{rel}","templated":true}]}}