{"id":20905,"date":"2012-09-04T08:35:17","date_gmt":"2012-09-04T12:35:17","guid":{"rendered":"http:\/\/uqactualite.odev.ca\/?p=20905"},"modified":"2012-09-04T08:35:17","modified_gmt":"2012-09-04T12:35:17","slug":"le-bureau-des-affaires-publiques-lance-le-nouveau-portail-uqactualite","status":"publish","type":"post","link":"https:\/\/www.uqac.ca\/uqactualites\/2012\/09\/04\/le-bureau-des-affaires-publiques-lance-le-nouveau-portail-uqactualite\/","title":{"rendered":"Le Bureau des affaires publiques lance le nouveau portail UQACtualit\u00e9"},"content":{"rendered":"<p style=\"text-align: justify\">Le Bureau des affaires publiques est heureux d\u2019annoncer le lancement du nouveau portail UQACtualit\u00e9\u00a0:<\/p>\n<p align=\"center\">\u00a0<strong>Mercredi 12 septembre 2012<br \/>\n<\/strong><span style=\"color: #5a7411\"><a href=\"http:\/\/www.uqac.ca\/uqactualite\"><span style=\"color: #5a7411\"><strong>www.uqac.ca\/uqactualite<\/strong><\/span><\/a><\/span><strong><\/strong><\/p>\n<p style=\"text-align: justify\">\u00a0L\u2019UQACtualit\u00e9 devient ainsi le portail officiel d\u2019information de l\u2019Universit\u00e9 du Qu\u00e9bec \u00e0 Chicoutimi. Vous y retrouverez les derni\u00e8res nouvelles, les plus r\u00e9cents avis \u00e0 la communaut\u00e9 ainsi qu\u2019une foule d\u2019autres informations!<\/p>\n<p style=\"text-align: justify\">R\u00e9alis\u00e9 en collaboration avec le Service des technologies de l\u2019information, le nouveau portail UQACtualit\u00e9 permet de r\u00e9unir l\u2019ensemble de l\u2019information interne et externe de l\u2019UQAC sur une seule et m\u00eame plateforme 2.0. <span style=\"text-decoration: underline\">De ce fait, vous remarquerez une diminution substantielle du nombre d\u2019avis \u00e0 la communaut\u00e9 transmis par courriel\u00a0: ils se retrouveront dor\u00e9navant dans la section AVIS du portail Web.<\/span><\/p>\n<p style=\"text-align: justify\"><strong>Une plateforme interactive<\/strong><br \/>\nVous avez remport\u00e9 un prix? Vous publiez un livre? Vous participez \u00e0 un \u00e9v\u00e9nement important? Faites-nous part de vos bonnes nouvelles\u00a0\u00e0 <span style=\"color: #5a7411\"><a href=\"mailto:affaires_publiques@uqac.ca\"><span style=\"color: #5a7411\"><strong>affaires_publiques@uqac.ca<\/strong><\/span><\/a><\/span> : elles pourraient se retrouver en ligne!<\/p>\n<p style=\"text-align: justify\"><strong>Un carrefour d\u2019information<\/strong><br \/>\nD\u00e9sormais interactif, le portail UQACtualit\u00e9 vous permettra de commenter les nouvelles de l\u2019UQAC et de les partager \u00e0 vos amis. <span style=\"text-decoration: underline\">Consultez le site tous les jours et restez branch\u00e9s sur votre UQACtualit\u00e9!<\/span><\/p>\n<p><strong><br \/>\nRenseignements\u00a0:<\/strong><br \/>\nJean Wauthier, directeur<br \/>\nBureau des affaires publiques<br \/>\nUniversit\u00e9 du Qu\u00e9bec \u00e0 Chicoutimi<br \/>\n418 545-5011, poste 5007\u00a0 \u25aa\u00a0<span style=\"color: #5a7411\"> <a href=\"mailto:jean.wauthier@uqac.ca\"><span style=\"color: #5a7411\">jean.wauthier@uqac.ca<\/span><\/a><\/span><\/p>\n","protected":false},"excerpt":{"rendered":"<p>Le Bureau des affaires publiques est heureux d\u2019annoncer le lancement du nouveau portail UQACtualit\u00e9\u00a0: \u00a0Mercredi 12 septembre 2012 www.uqac.ca\/uqactualite \u00a0L\u2019UQACtualit\u00e9 devient ainsi le portail officiel d\u2019information de l\u2019Universit\u00e9 du Qu\u00e9bec \u00e0 Chicoutimi. Vous y retrouverez les derni\u00e8res nouvelles, les plus r\u00e9cents avis \u00e0 la communaut\u00e9 ainsi qu\u2019une foule d\u2019autres informations! R\u00e9alis\u00e9 en collaboration avec le [&hellip;]<\/p>\n","protected":false},"author":5,"featured_media":20989,"comment_status":"closed","ping_status":"open","sticky":false,"template":"","format":"standard","meta":{"footnotes":""},"categories":[2772],"tags":[1406,75,2507],"yoast_head":"<!-- This site is optimized with the Yoast SEO plugin v24.2 - https:\/\/yoast.com\/wordpress\/plugins\/seo\/ -->\r\n<title>Le Bureau des affaires publiques lance le nouveau portail UQACtualit\u00e9 - UQACtualit\u00e9s<\/title>\r\n<meta name=\"robots\" content=\"index, follow, max-snippet:-1, max-image-preview:large, max-video-preview:-1\" \/>\r\n<link rel=\"canonical\" href=\"https:\/\/www.uqac.ca\/uqactualites\/2012\/09\/04\/le-bureau-des-affaires-publiques-lance-le-nouveau-portail-uqactualite\/\" \/>\r\n<meta property=\"og:locale\" content=\"fr_CA\" \/>\r\n<meta property=\"og:type\" content=\"article\" \/>\r\n<meta property=\"og:title\" content=\"Le Bureau des affaires publiques lance le nouveau portail UQACtualit\u00e9 - UQACtualit\u00e9s\" \/>\r\n<meta property=\"og:description\" content=\"Le Bureau des affaires publiques est heureux d\u2019annoncer le lancement du nouveau portail UQACtualit\u00e9\u00a0: \u00a0Mercredi 12 septembre 2012 www.uqac.ca\/uqactualite \u00a0L\u2019UQACtualit\u00e9 devient ainsi le portail officiel d\u2019information de l\u2019Universit\u00e9 du Qu\u00e9bec \u00e0 Chicoutimi. Vous y retrouverez les derni\u00e8res nouvelles, les plus r\u00e9cents avis \u00e0 la communaut\u00e9 ainsi qu\u2019une foule d\u2019autres informations! R\u00e9alis\u00e9 en collaboration avec le [&hellip;]\" \/>\r\n<meta property=\"og:url\" content=\"https:\/\/www.uqac.ca\/uqactualites\/2012\/09\/04\/le-bureau-des-affaires-publiques-lance-le-nouveau-portail-uqactualite\/\" \/>\r\n<meta property=\"og:site_name\" content=\"UQACtualit\u00e9s\" \/>\r\n<meta property=\"article:published_time\" content=\"2012-09-04T12:35:17+00:00\" \/>\r\n<meta property=\"og:image\" content=\"https:\/\/www.uqac.ca\/uqactualites\/wp-content\/uploads\/2012\/05\/avis-laCommunaut-.jpg\" \/>\r\n\t<meta property=\"og:image:width\" content=\"620\" \/>\r\n\t<meta property=\"og:image:height\" content=\"300\" \/>\r\n\t<meta property=\"og:image:type\" content=\"image\/jpeg\" \/>\r\n<meta name=\"author\" content=\"Service des communications et des relations publiques\" \/>\r\n<meta name=\"twitter:card\" content=\"summary_large_image\" \/>\r\n<meta name=\"twitter:label1\" content=\"\u00c9crit par\" \/>\n\t<meta name=\"twitter:data1\" content=\"Service des communications et des relations publiques\" \/>\n\t<meta name=\"twitter:label2\" content=\"Estimation du temps de lecture\" \/>\n\t<meta name=\"twitter:data2\" content=\"1 minute\" \/>\r\n<script type=\"application\/ld+json\" class=\"yoast-schema-graph\">{\"@context\":\"https:\/\/schema.org\",\"@graph\":[{\"@type\":\"WebPage\",\"@id\":\"https:\/\/www.uqac.ca\/uqactualites\/2012\/09\/04\/le-bureau-des-affaires-publiques-lance-le-nouveau-portail-uqactualite\/\",\"url\":\"https:\/\/www.uqac.ca\/uqactualites\/2012\/09\/04\/le-bureau-des-affaires-publiques-lance-le-nouveau-portail-uqactualite\/\",\"name\":\"Le Bureau des affaires publiques lance le nouveau portail UQACtualit\u00e9 - UQACtualit\u00e9s\",\"isPartOf\":{\"@id\":\"https:\/\/www.uqac.ca\/uqactualites\/#website\"},\"primaryImageOfPage\":{\"@id\":\"https:\/\/www.uqac.ca\/uqactualites\/2012\/09\/04\/le-bureau-des-affaires-publiques-lance-le-nouveau-portail-uqactualite\/#primaryimage\"},\"image\":{\"@id\":\"https:\/\/www.uqac.ca\/uqactualites\/2012\/09\/04\/le-bureau-des-affaires-publiques-lance-le-nouveau-portail-uqactualite\/#primaryimage\"},\"thumbnailUrl\":\"https:\/\/www.uqac.ca\/uqactualites\/wp-content\/uploads\/2012\/05\/avis-laCommunaut-.jpg\",\"datePublished\":\"2012-09-04T12:35:17+00:00\",\"dateModified\":\"2012-09-04T12:35:17+00:00\",\"author\":{\"@id\":\"https:\/\/www.uqac.ca\/uqactualites\/#\/schema\/person\/366c45a0c4f0e677b41b4af5886e2018\"},\"breadcrumb\":{\"@id\":\"https:\/\/www.uqac.ca\/uqactualites\/2012\/09\/04\/le-bureau-des-affaires-publiques-lance-le-nouveau-portail-uqactualite\/#breadcrumb\"},\"inLanguage\":\"fr-CA\",\"potentialAction\":[{\"@type\":\"ReadAction\",\"target\":[\"https:\/\/www.uqac.ca\/uqactualites\/2012\/09\/04\/le-bureau-des-affaires-publiques-lance-le-nouveau-portail-uqactualite\/\"]}]},{\"@type\":\"ImageObject\",\"inLanguage\":\"fr-CA\",\"@id\":\"https:\/\/www.uqac.ca\/uqactualites\/2012\/09\/04\/le-bureau-des-affaires-publiques-lance-le-nouveau-portail-uqactualite\/#primaryimage\",\"url\":\"https:\/\/www.uqac.ca\/uqactualites\/wp-content\/uploads\/2012\/05\/avis-laCommunaut-.jpg\",\"contentUrl\":\"https:\/\/www.uqac.ca\/uqactualites\/wp-content\/uploads\/2012\/05\/avis-laCommunaut-.jpg\",\"width\":620,\"height\":300},{\"@type\":\"BreadcrumbList\",\"@id\":\"https:\/\/www.uqac.ca\/uqactualites\/2012\/09\/04\/le-bureau-des-affaires-publiques-lance-le-nouveau-portail-uqactualite\/#breadcrumb\",\"itemListElement\":[{\"@type\":\"ListItem\",\"position\":1,\"name\":\"Home\",\"item\":\"https:\/\/www.uqac.ca\/uqactualites\/\"},{\"@type\":\"ListItem\",\"position\":2,\"name\":\"Le Bureau des affaires publiques lance le nouveau portail UQACtualit\u00e9\"}]},{\"@type\":\"WebSite\",\"@id\":\"https:\/\/www.uqac.ca\/uqactualites\/#website\",\"url\":\"https:\/\/www.uqac.ca\/uqactualites\/\",\"name\":\"UQACtualit\u00e9s\",\"description\":\"Le portail des nouvelles de l&#039;UQAC\",\"potentialAction\":[{\"@type\":\"SearchAction\",\"target\":{\"@type\":\"EntryPoint\",\"urlTemplate\":\"https:\/\/www.uqac.ca\/uqactualites\/?s={search_term_string}\"},\"query-input\":{\"@type\":\"PropertyValueSpecification\",\"valueRequired\":true,\"valueName\":\"search_term_string\"}}],\"inLanguage\":\"fr-CA\"},{\"@type\":\"Person\",\"@id\":\"https:\/\/www.uqac.ca\/uqactualites\/#\/schema\/person\/366c45a0c4f0e677b41b4af5886e2018\",\"name\":\"Service des communications et des relations publiques\",\"image\":{\"@type\":\"ImageObject\",\"inLanguage\":\"fr-CA\",\"@id\":\"https:\/\/www.uqac.ca\/uqactualites\/#\/schema\/person\/image\/\",\"url\":\"https:\/\/secure.gravatar.com\/avatar\/20fbbda8a292f59f2d3461a5b999c00b?s=96&d=mm&r=g\",\"contentUrl\":\"https:\/\/secure.gravatar.com\/avatar\/20fbbda8a292f59f2d3461a5b999c00b?s=96&d=mm&r=g\",\"caption\":\"Service des communications et des relations publiques\"},\"url\":\"https:\/\/www.uqac.ca\/uqactualites\/author\/bap\/\"}]}<\/script>\r\n<!-- \/ Yoast SEO plugin. -->","yoast_head_json":{"title":"Le Bureau des affaires publiques lance le nouveau portail UQACtualit\u00e9 - UQACtualit\u00e9s","robots":{"index":"index","follow":"follow","max-snippet":"max-snippet:-1","max-image-preview":"max-image-preview:large","max-video-preview":"max-video-preview:-1"},"canonical":"https:\/\/www.uqac.ca\/uqactualites\/2012\/09\/04\/le-bureau-des-affaires-publiques-lance-le-nouveau-portail-uqactualite\/","og_locale":"fr_CA","og_type":"article","og_title":"Le Bureau des affaires publiques lance le nouveau portail UQACtualit\u00e9 - UQACtualit\u00e9s","og_description":"Le Bureau des affaires publiques est heureux d\u2019annoncer le lancement du nouveau portail UQACtualit\u00e9\u00a0: \u00a0Mercredi 12 septembre 2012 www.uqac.ca\/uqactualite \u00a0L\u2019UQACtualit\u00e9 devient ainsi le portail officiel d\u2019information de l\u2019Universit\u00e9 du Qu\u00e9bec \u00e0 Chicoutimi. Vous y retrouverez les derni\u00e8res nouvelles, les plus r\u00e9cents avis \u00e0 la communaut\u00e9 ainsi qu\u2019une foule d\u2019autres informations! R\u00e9alis\u00e9 en collaboration avec le [&hellip;]","og_url":"https:\/\/www.uqac.ca\/uqactualites\/2012\/09\/04\/le-bureau-des-affaires-publiques-lance-le-nouveau-portail-uqactualite\/","og_site_name":"UQACtualit\u00e9s","article_published_time":"2012-09-04T12:35:17+00:00","og_image":[{"width":620,"height":300,"url":"https:\/\/www.uqac.ca\/uqactualites\/wp-content\/uploads\/2012\/05\/avis-laCommunaut-.jpg","type":"image\/jpeg"}],"author":"Service des communications et des relations publiques","twitter_card":"summary_large_image","twitter_misc":{"\u00c9crit par":"Service des communications et des relations publiques","Estimation du temps de lecture":"1 minute"},"schema":{"@context":"https:\/\/schema.org","@graph":[{"@type":"WebPage","@id":"https:\/\/www.uqac.ca\/uqactualites\/2012\/09\/04\/le-bureau-des-affaires-publiques-lance-le-nouveau-portail-uqactualite\/","url":"https:\/\/www.uqac.ca\/uqactualites\/2012\/09\/04\/le-bureau-des-affaires-publiques-lance-le-nouveau-portail-uqactualite\/","name":"Le Bureau des affaires publiques lance le nouveau portail UQACtualit\u00e9 - UQACtualit\u00e9s","isPartOf":{"@id":"https:\/\/www.uqac.ca\/uqactualites\/#website"},"primaryImageOfPage":{"@id":"https:\/\/www.uqac.ca\/uqactualites\/2012\/09\/04\/le-bureau-des-affaires-publiques-lance-le-nouveau-portail-uqactualite\/#primaryimage"},"image":{"@id":"https:\/\/www.uqac.ca\/uqactualites\/2012\/09\/04\/le-bureau-des-affaires-publiques-lance-le-nouveau-portail-uqactualite\/#primaryimage"},"thumbnailUrl":"https:\/\/www.uqac.ca\/uqactualites\/wp-content\/uploads\/2012\/05\/avis-laCommunaut-.jpg","datePublished":"2012-09-04T12:35:17+00:00","dateModified":"2012-09-04T12:35:17+00:00","author":{"@id":"https:\/\/www.uqac.ca\/uqactualites\/#\/schema\/person\/366c45a0c4f0e677b41b4af5886e2018"},"breadcrumb":{"@id":"https:\/\/www.uqac.ca\/uqactualites\/2012\/09\/04\/le-bureau-des-affaires-publiques-lance-le-nouveau-portail-uqactualite\/#breadcrumb"},"inLanguage":"fr-CA","potentialAction":[{"@type":"ReadAction","target":["https:\/\/www.uqac.ca\/uqactualites\/2012\/09\/04\/le-bureau-des-affaires-publiques-lance-le-nouveau-portail-uqactualite\/"]}]},{"@type":"ImageObject","inLanguage":"fr-CA","@id":"https:\/\/www.uqac.ca\/uqactualites\/2012\/09\/04\/le-bureau-des-affaires-publiques-lance-le-nouveau-portail-uqactualite\/#primaryimage","url":"https:\/\/www.uqac.ca\/uqactualites\/wp-content\/uploads\/2012\/05\/avis-laCommunaut-.jpg","contentUrl":"https:\/\/www.uqac.ca\/uqactualites\/wp-content\/uploads\/2012\/05\/avis-laCommunaut-.jpg","width":620,"height":300},{"@type":"BreadcrumbList","@id":"https:\/\/www.uqac.ca\/uqactualites\/2012\/09\/04\/le-bureau-des-affaires-publiques-lance-le-nouveau-portail-uqactualite\/#breadcrumb","itemListElement":[{"@type":"ListItem","position":1,"name":"Home","item":"https:\/\/www.uqac.ca\/uqactualites\/"},{"@type":"ListItem","position":2,"name":"Le Bureau des affaires publiques lance le nouveau portail UQACtualit\u00e9"}]},{"@type":"WebSite","@id":"https:\/\/www.uqac.ca\/uqactualites\/#website","url":"https:\/\/www.uqac.ca\/uqactualites\/","name":"UQACtualit\u00e9s","description":"Le portail des nouvelles de l&#039;UQAC","potentialAction":[{"@type":"SearchAction","target":{"@type":"EntryPoint","urlTemplate":"https:\/\/www.uqac.ca\/uqactualites\/?s={search_term_string}"},"query-input":{"@type":"PropertyValueSpecification","valueRequired":true,"valueName":"search_term_string"}}],"inLanguage":"fr-CA"},{"@type":"Person","@id":"https:\/\/www.uqac.ca\/uqactualites\/#\/schema\/person\/366c45a0c4f0e677b41b4af5886e2018","name":"Service des communications et des relations publiques","image":{"@type":"ImageObject","inLanguage":"fr-CA","@id":"https:\/\/www.uqac.ca\/uqactualites\/#\/schema\/person\/image\/","url":"https:\/\/secure.gravatar.com\/avatar\/20fbbda8a292f59f2d3461a5b999c00b?s=96&d=mm&r=g","contentUrl":"https:\/\/secure.gravatar.com\/avatar\/20fbbda8a292f59f2d3461a5b999c00b?s=96&d=mm&r=g","caption":"Service des communications et des relations publiques"},"url":"https:\/\/www.uqac.ca\/uqactualites\/author\/bap\/"}]}},"_links":{"self":[{"href":"https:\/\/www.uqac.ca\/uqactualites\/wp-json\/wp\/v2\/posts\/20905"}],"collection":[{"href":"https:\/\/www.uqac.ca\/uqactualites\/wp-json\/wp\/v2\/posts"}],"about":[{"href":"https:\/\/www.uqac.ca\/uqactualites\/wp-json\/wp\/v2\/types\/post"}],"author":[{"embeddable":true,"href":"https:\/\/www.uqac.ca\/uqactualites\/wp-json\/wp\/v2\/users\/5"}],"replies":[{"embeddable":true,"href":"https:\/\/www.uqac.ca\/uqactualites\/wp-json\/wp\/v2\/comments?post=20905"}],"version-history":[{"count":0,"href":"https:\/\/www.uqac.ca\/uqactualites\/wp-json\/wp\/v2\/posts\/20905\/revisions"}],"wp:featuredmedia":[{"embeddable":true,"href":"https:\/\/www.uqac.ca\/uqactualites\/wp-json\/wp\/v2\/media\/20989"}],"wp:attachment":[{"href":"https:\/\/www.uqac.ca\/uqactualites\/wp-json\/wp\/v2\/media?parent=20905"}],"wp:term":[{"taxonomy":"category","embeddable":true,"href":"https:\/\/www.uqac.ca\/uqactualites\/wp-json\/wp\/v2\/categories?post=20905"},{"taxonomy":"post_tag","embeddable":true,"href":"https:\/\/www.uqac.ca\/uqactualites\/wp-json\/wp\/v2\/tags?post=20905"}],"curies":[{"name":"wp","href":"https:\/\/api.w.org\/{rel}","templated":true}]}}