{"id":21098,"date":"2012-09-11T15:14:50","date_gmt":"2012-09-11T19:14:50","guid":{"rendered":"http:\/\/uqactualite.odev.ca\/?p=21098"},"modified":"2012-09-11T15:14:50","modified_gmt":"2012-09-11T19:14:50","slug":"michel-belley-recoit-la-medaille-de-lassemblee-des-gouverneurs","status":"publish","type":"post","link":"https:\/\/www.uqac.ca\/uqactualites\/2012\/09\/11\/michel-belley-recoit-la-medaille-de-lassemblee-des-gouverneurs\/","title":{"rendered":"Michel Belley re\u00e7oit la m\u00e9daille de l\u2019Assembl\u00e9e des gouverneurs"},"content":{"rendered":"<p style=\"text-align: justify\">C\u2019est lors de la derni\u00e8re Rencontre des dirigeants de l\u2019Universit\u00e9 du Qu\u00e9bec, ayant eu lieu le mardi 28 ao\u00fbt dernier, que monsieur Michel Belley a re\u00e7u la m\u00e9daille de l\u2019Assembl\u00e9e des gouverneurs afin de souligner son importante contribution \u00e0 cette instance sup\u00e9rieure de l\u2019Universit\u00e9 du Qu\u00e9bec.<\/p>\n<p style=\"text-align: justify\">\u00c9v\u00e9nement annuel, la Rencontre des dirigeants de l\u2019Universit\u00e9 du Qu\u00e9bec marque la rentr\u00e9e universitaire et permet la r\u00e9union des cadres sup\u00e9rieurs du r\u00e9seau UQ.<\/p>\n<p style=\"text-align: justify\">Tel que le soulignait le texte de pr\u00e9sentation lors de la c\u00e9r\u00e9monie : \u00ab En plus de sa qualit\u00e9 de recteur de l\u2019UQAC de 2001 \u00e0 2011 et de recteur par int\u00e9rim de novembre 2011 \u00e0 avril 2012, monsieur Belley a \u00e9t\u00e9 membre de l\u2019Assembl\u00e9e des gouverneurs et de la Commission de planification. Il a aussi si\u00e9g\u00e9 au Comit\u00e9 ex\u00e9cutif, au Comit\u00e9 de gestion des programmes de mobilit\u00e9 des cadres et des cadres sup\u00e9rieurs et au Comit\u00e9 d\u2019\u00e9thique et de d\u00e9ontologie de l\u2019Universit\u00e9 du Qu\u00e9bec. Soulignons d\u2019ailleurs que depuis 2005, il occupait le poste de pr\u00e9sident du Comit\u00e9 d\u2019\u00e9thique et de d\u00e9ontologie. \u00bb<\/p>\n<p style=\"text-align: justify\">Cette distinction met en lumi\u00e8re l\u2019engagement de monsieur Belley envers son institution et son milieu. L\u2019Universit\u00e9 du Qu\u00e9bec \u00e0 Chicoutimi le f\u00e9licite chaudement pour cette marque de reconnaissance m\u00e9rit\u00e9e.<strong><\/strong><\/p>\n<p><span style=\"color: #808080\">________________________________________________________________________________________<\/span><\/p>\n<p style=\"text-align: justify\"><span style=\"color: #808080\"><strong>Sur la photo\u00a0:<\/strong> Sylvie Beauchamp, pr\u00e9sidente de l\u2019Universit\u00e9 du Qu\u00e9bec, et Michel Belley, ex-recteur de l\u2019UQAC et r\u00e9cipiendaire de la m\u00e9daille de l\u2019Assembl\u00e9e des gouverneurs<\/span><br \/>\n<span style=\"color: #808080\"> <strong>Photographe\u00a0:<\/strong> Jocelyn Bernier (Agence Focus1)<\/span><br \/>\n<span style=\"color: #808080\"> _________________________________________________________________________________________<\/span><\/p>\n","protected":false},"excerpt":{"rendered":"<p>C\u2019est lors de la derni\u00e8re Rencontre des dirigeants de l\u2019Universit\u00e9 du Qu\u00e9bec, ayant eu lieu le mardi 28 ao\u00fbt dernier, que monsieur Michel Belley a re\u00e7u la m\u00e9daille de l\u2019Assembl\u00e9e des gouverneurs afin de souligner son importante contribution \u00e0 cette instance sup\u00e9rieure de l\u2019Universit\u00e9 du Qu\u00e9bec. \u00c9v\u00e9nement annuel, la Rencontre des dirigeants de l\u2019Universit\u00e9 du [&hellip;]<\/p>\n","protected":false},"author":5,"featured_media":21099,"comment_status":"open","ping_status":"open","sticky":false,"template":"","format":"standard","meta":{"footnotes":""},"categories":[2,9],"tags":[2202,162,2511],"yoast_head":"<!-- This site is optimized with the Yoast SEO plugin v24.2 - https:\/\/yoast.com\/wordpress\/plugins\/seo\/ -->\r\n<title>Michel Belley re\u00e7oit la m\u00e9daille de l\u2019Assembl\u00e9e des gouverneurs - UQACtualit\u00e9s<\/title>\r\n<meta name=\"robots\" content=\"index, follow, max-snippet:-1, max-image-preview:large, max-video-preview:-1\" \/>\r\n<link rel=\"canonical\" href=\"https:\/\/www.uqac.ca\/uqactualites\/2012\/09\/11\/michel-belley-recoit-la-medaille-de-lassemblee-des-gouverneurs\/\" \/>\r\n<meta property=\"og:locale\" content=\"fr_CA\" \/>\r\n<meta property=\"og:type\" content=\"article\" \/>\r\n<meta property=\"og:title\" content=\"Michel Belley re\u00e7oit la m\u00e9daille de l\u2019Assembl\u00e9e des gouverneurs - UQACtualit\u00e9s\" \/>\r\n<meta property=\"og:description\" content=\"C\u2019est lors de la derni\u00e8re Rencontre des dirigeants de l\u2019Universit\u00e9 du Qu\u00e9bec, ayant eu lieu le mardi 28 ao\u00fbt dernier, que monsieur Michel Belley a re\u00e7u la m\u00e9daille de l\u2019Assembl\u00e9e des gouverneurs afin de souligner son importante contribution \u00e0 cette instance sup\u00e9rieure de l\u2019Universit\u00e9 du Qu\u00e9bec. \u00c9v\u00e9nement annuel, la Rencontre des dirigeants de l\u2019Universit\u00e9 du [&hellip;]\" \/>\r\n<meta property=\"og:url\" content=\"https:\/\/www.uqac.ca\/uqactualites\/2012\/09\/11\/michel-belley-recoit-la-medaille-de-lassemblee-des-gouverneurs\/\" \/>\r\n<meta property=\"og:site_name\" content=\"UQACtualit\u00e9s\" \/>\r\n<meta property=\"article:published_time\" content=\"2012-09-11T19:14:50+00:00\" \/>\r\n<meta property=\"og:image\" content=\"https:\/\/www.uqac.ca\/uqactualites\/wp-content\/uploads\/2012\/09\/Michel-Belley-Web-\u00a9Jocelyn-Bernierce-Focus1.jpg\" \/>\r\n\t<meta property=\"og:image:width\" content=\"620\" \/>\r\n\t<meta property=\"og:image:height\" content=\"300\" \/>\r\n\t<meta property=\"og:image:type\" content=\"image\/jpeg\" \/>\r\n<meta name=\"author\" content=\"Service des communications et des relations publiques\" \/>\r\n<meta name=\"twitter:card\" content=\"summary_large_image\" \/>\r\n<meta name=\"twitter:label1\" content=\"\u00c9crit par\" \/>\n\t<meta name=\"twitter:data1\" content=\"Service des communications et des relations publiques\" \/>\n\t<meta name=\"twitter:label2\" content=\"Estimation du temps de lecture\" \/>\n\t<meta name=\"twitter:data2\" content=\"1 minute\" \/>\r\n<script type=\"application\/ld+json\" class=\"yoast-schema-graph\">{\"@context\":\"https:\/\/schema.org\",\"@graph\":[{\"@type\":\"WebPage\",\"@id\":\"https:\/\/www.uqac.ca\/uqactualites\/2012\/09\/11\/michel-belley-recoit-la-medaille-de-lassemblee-des-gouverneurs\/\",\"url\":\"https:\/\/www.uqac.ca\/uqactualites\/2012\/09\/11\/michel-belley-recoit-la-medaille-de-lassemblee-des-gouverneurs\/\",\"name\":\"Michel Belley re\u00e7oit la m\u00e9daille de l\u2019Assembl\u00e9e des gouverneurs - UQACtualit\u00e9s\",\"isPartOf\":{\"@id\":\"https:\/\/www.uqac.ca\/uqactualites\/#website\"},\"primaryImageOfPage\":{\"@id\":\"https:\/\/www.uqac.ca\/uqactualites\/2012\/09\/11\/michel-belley-recoit-la-medaille-de-lassemblee-des-gouverneurs\/#primaryimage\"},\"image\":{\"@id\":\"https:\/\/www.uqac.ca\/uqactualites\/2012\/09\/11\/michel-belley-recoit-la-medaille-de-lassemblee-des-gouverneurs\/#primaryimage\"},\"thumbnailUrl\":\"https:\/\/www.uqac.ca\/uqactualites\/wp-content\/uploads\/2012\/09\/Michel-Belley-Web-\u00a9Jocelyn-Bernierce-Focus1.jpg\",\"datePublished\":\"2012-09-11T19:14:50+00:00\",\"dateModified\":\"2012-09-11T19:14:50+00:00\",\"author\":{\"@id\":\"https:\/\/www.uqac.ca\/uqactualites\/#\/schema\/person\/366c45a0c4f0e677b41b4af5886e2018\"},\"breadcrumb\":{\"@id\":\"https:\/\/www.uqac.ca\/uqactualites\/2012\/09\/11\/michel-belley-recoit-la-medaille-de-lassemblee-des-gouverneurs\/#breadcrumb\"},\"inLanguage\":\"fr-CA\",\"potentialAction\":[{\"@type\":\"ReadAction\",\"target\":[\"https:\/\/www.uqac.ca\/uqactualites\/2012\/09\/11\/michel-belley-recoit-la-medaille-de-lassemblee-des-gouverneurs\/\"]}]},{\"@type\":\"ImageObject\",\"inLanguage\":\"fr-CA\",\"@id\":\"https:\/\/www.uqac.ca\/uqactualites\/2012\/09\/11\/michel-belley-recoit-la-medaille-de-lassemblee-des-gouverneurs\/#primaryimage\",\"url\":\"https:\/\/www.uqac.ca\/uqactualites\/wp-content\/uploads\/2012\/09\/Michel-Belley-Web-\u00a9Jocelyn-Bernierce-Focus1.jpg\",\"contentUrl\":\"https:\/\/www.uqac.ca\/uqactualites\/wp-content\/uploads\/2012\/09\/Michel-Belley-Web-\u00a9Jocelyn-Bernierce-Focus1.jpg\",\"width\":620,\"height\":300},{\"@type\":\"BreadcrumbList\",\"@id\":\"https:\/\/www.uqac.ca\/uqactualites\/2012\/09\/11\/michel-belley-recoit-la-medaille-de-lassemblee-des-gouverneurs\/#breadcrumb\",\"itemListElement\":[{\"@type\":\"ListItem\",\"position\":1,\"name\":\"Home\",\"item\":\"https:\/\/www.uqac.ca\/uqactualites\/\"},{\"@type\":\"ListItem\",\"position\":2,\"name\":\"Michel Belley re\u00e7oit la m\u00e9daille de l\u2019Assembl\u00e9e des gouverneurs\"}]},{\"@type\":\"WebSite\",\"@id\":\"https:\/\/www.uqac.ca\/uqactualites\/#website\",\"url\":\"https:\/\/www.uqac.ca\/uqactualites\/\",\"name\":\"UQACtualit\u00e9s\",\"description\":\"Le portail des nouvelles de l&#039;UQAC\",\"potentialAction\":[{\"@type\":\"SearchAction\",\"target\":{\"@type\":\"EntryPoint\",\"urlTemplate\":\"https:\/\/www.uqac.ca\/uqactualites\/?s={search_term_string}\"},\"query-input\":{\"@type\":\"PropertyValueSpecification\",\"valueRequired\":true,\"valueName\":\"search_term_string\"}}],\"inLanguage\":\"fr-CA\"},{\"@type\":\"Person\",\"@id\":\"https:\/\/www.uqac.ca\/uqactualites\/#\/schema\/person\/366c45a0c4f0e677b41b4af5886e2018\",\"name\":\"Service des communications et des relations publiques\",\"image\":{\"@type\":\"ImageObject\",\"inLanguage\":\"fr-CA\",\"@id\":\"https:\/\/www.uqac.ca\/uqactualites\/#\/schema\/person\/image\/\",\"url\":\"https:\/\/secure.gravatar.com\/avatar\/20fbbda8a292f59f2d3461a5b999c00b?s=96&d=mm&r=g\",\"contentUrl\":\"https:\/\/secure.gravatar.com\/avatar\/20fbbda8a292f59f2d3461a5b999c00b?s=96&d=mm&r=g\",\"caption\":\"Service des communications et des relations publiques\"},\"url\":\"https:\/\/www.uqac.ca\/uqactualites\/author\/bap\/\"}]}<\/script>\r\n<!-- \/ Yoast SEO plugin. -->","yoast_head_json":{"title":"Michel Belley re\u00e7oit la m\u00e9daille de l\u2019Assembl\u00e9e des gouverneurs - UQACtualit\u00e9s","robots":{"index":"index","follow":"follow","max-snippet":"max-snippet:-1","max-image-preview":"max-image-preview:large","max-video-preview":"max-video-preview:-1"},"canonical":"https:\/\/www.uqac.ca\/uqactualites\/2012\/09\/11\/michel-belley-recoit-la-medaille-de-lassemblee-des-gouverneurs\/","og_locale":"fr_CA","og_type":"article","og_title":"Michel Belley re\u00e7oit la m\u00e9daille de l\u2019Assembl\u00e9e des gouverneurs - UQACtualit\u00e9s","og_description":"C\u2019est lors de la derni\u00e8re Rencontre des dirigeants de l\u2019Universit\u00e9 du Qu\u00e9bec, ayant eu lieu le mardi 28 ao\u00fbt dernier, que monsieur Michel Belley a re\u00e7u la m\u00e9daille de l\u2019Assembl\u00e9e des gouverneurs afin de souligner son importante contribution \u00e0 cette instance sup\u00e9rieure de l\u2019Universit\u00e9 du Qu\u00e9bec. \u00c9v\u00e9nement annuel, la Rencontre des dirigeants de l\u2019Universit\u00e9 du [&hellip;]","og_url":"https:\/\/www.uqac.ca\/uqactualites\/2012\/09\/11\/michel-belley-recoit-la-medaille-de-lassemblee-des-gouverneurs\/","og_site_name":"UQACtualit\u00e9s","article_published_time":"2012-09-11T19:14:50+00:00","og_image":[{"width":620,"height":300,"url":"https:\/\/www.uqac.ca\/uqactualites\/wp-content\/uploads\/2012\/09\/Michel-Belley-Web-\u00a9Jocelyn-Bernierce-Focus1.jpg","type":"image\/jpeg"}],"author":"Service des communications et des relations publiques","twitter_card":"summary_large_image","twitter_misc":{"\u00c9crit par":"Service des communications et des relations publiques","Estimation du temps de lecture":"1 minute"},"schema":{"@context":"https:\/\/schema.org","@graph":[{"@type":"WebPage","@id":"https:\/\/www.uqac.ca\/uqactualites\/2012\/09\/11\/michel-belley-recoit-la-medaille-de-lassemblee-des-gouverneurs\/","url":"https:\/\/www.uqac.ca\/uqactualites\/2012\/09\/11\/michel-belley-recoit-la-medaille-de-lassemblee-des-gouverneurs\/","name":"Michel Belley re\u00e7oit la m\u00e9daille de l\u2019Assembl\u00e9e des gouverneurs - UQACtualit\u00e9s","isPartOf":{"@id":"https:\/\/www.uqac.ca\/uqactualites\/#website"},"primaryImageOfPage":{"@id":"https:\/\/www.uqac.ca\/uqactualites\/2012\/09\/11\/michel-belley-recoit-la-medaille-de-lassemblee-des-gouverneurs\/#primaryimage"},"image":{"@id":"https:\/\/www.uqac.ca\/uqactualites\/2012\/09\/11\/michel-belley-recoit-la-medaille-de-lassemblee-des-gouverneurs\/#primaryimage"},"thumbnailUrl":"https:\/\/www.uqac.ca\/uqactualites\/wp-content\/uploads\/2012\/09\/Michel-Belley-Web-\u00a9Jocelyn-Bernierce-Focus1.jpg","datePublished":"2012-09-11T19:14:50+00:00","dateModified":"2012-09-11T19:14:50+00:00","author":{"@id":"https:\/\/www.uqac.ca\/uqactualites\/#\/schema\/person\/366c45a0c4f0e677b41b4af5886e2018"},"breadcrumb":{"@id":"https:\/\/www.uqac.ca\/uqactualites\/2012\/09\/11\/michel-belley-recoit-la-medaille-de-lassemblee-des-gouverneurs\/#breadcrumb"},"inLanguage":"fr-CA","potentialAction":[{"@type":"ReadAction","target":["https:\/\/www.uqac.ca\/uqactualites\/2012\/09\/11\/michel-belley-recoit-la-medaille-de-lassemblee-des-gouverneurs\/"]}]},{"@type":"ImageObject","inLanguage":"fr-CA","@id":"https:\/\/www.uqac.ca\/uqactualites\/2012\/09\/11\/michel-belley-recoit-la-medaille-de-lassemblee-des-gouverneurs\/#primaryimage","url":"https:\/\/www.uqac.ca\/uqactualites\/wp-content\/uploads\/2012\/09\/Michel-Belley-Web-\u00a9Jocelyn-Bernierce-Focus1.jpg","contentUrl":"https:\/\/www.uqac.ca\/uqactualites\/wp-content\/uploads\/2012\/09\/Michel-Belley-Web-\u00a9Jocelyn-Bernierce-Focus1.jpg","width":620,"height":300},{"@type":"BreadcrumbList","@id":"https:\/\/www.uqac.ca\/uqactualites\/2012\/09\/11\/michel-belley-recoit-la-medaille-de-lassemblee-des-gouverneurs\/#breadcrumb","itemListElement":[{"@type":"ListItem","position":1,"name":"Home","item":"https:\/\/www.uqac.ca\/uqactualites\/"},{"@type":"ListItem","position":2,"name":"Michel Belley re\u00e7oit la m\u00e9daille de l\u2019Assembl\u00e9e des gouverneurs"}]},{"@type":"WebSite","@id":"https:\/\/www.uqac.ca\/uqactualites\/#website","url":"https:\/\/www.uqac.ca\/uqactualites\/","name":"UQACtualit\u00e9s","description":"Le portail des nouvelles de l&#039;UQAC","potentialAction":[{"@type":"SearchAction","target":{"@type":"EntryPoint","urlTemplate":"https:\/\/www.uqac.ca\/uqactualites\/?s={search_term_string}"},"query-input":{"@type":"PropertyValueSpecification","valueRequired":true,"valueName":"search_term_string"}}],"inLanguage":"fr-CA"},{"@type":"Person","@id":"https:\/\/www.uqac.ca\/uqactualites\/#\/schema\/person\/366c45a0c4f0e677b41b4af5886e2018","name":"Service des communications et des relations publiques","image":{"@type":"ImageObject","inLanguage":"fr-CA","@id":"https:\/\/www.uqac.ca\/uqactualites\/#\/schema\/person\/image\/","url":"https:\/\/secure.gravatar.com\/avatar\/20fbbda8a292f59f2d3461a5b999c00b?s=96&d=mm&r=g","contentUrl":"https:\/\/secure.gravatar.com\/avatar\/20fbbda8a292f59f2d3461a5b999c00b?s=96&d=mm&r=g","caption":"Service des communications et des relations publiques"},"url":"https:\/\/www.uqac.ca\/uqactualites\/author\/bap\/"}]}},"_links":{"self":[{"href":"https:\/\/www.uqac.ca\/uqactualites\/wp-json\/wp\/v2\/posts\/21098"}],"collection":[{"href":"https:\/\/www.uqac.ca\/uqactualites\/wp-json\/wp\/v2\/posts"}],"about":[{"href":"https:\/\/www.uqac.ca\/uqactualites\/wp-json\/wp\/v2\/types\/post"}],"author":[{"embeddable":true,"href":"https:\/\/www.uqac.ca\/uqactualites\/wp-json\/wp\/v2\/users\/5"}],"replies":[{"embeddable":true,"href":"https:\/\/www.uqac.ca\/uqactualites\/wp-json\/wp\/v2\/comments?post=21098"}],"version-history":[{"count":0,"href":"https:\/\/www.uqac.ca\/uqactualites\/wp-json\/wp\/v2\/posts\/21098\/revisions"}],"wp:featuredmedia":[{"embeddable":true,"href":"https:\/\/www.uqac.ca\/uqactualites\/wp-json\/wp\/v2\/media\/21099"}],"wp:attachment":[{"href":"https:\/\/www.uqac.ca\/uqactualites\/wp-json\/wp\/v2\/media?parent=21098"}],"wp:term":[{"taxonomy":"category","embeddable":true,"href":"https:\/\/www.uqac.ca\/uqactualites\/wp-json\/wp\/v2\/categories?post=21098"},{"taxonomy":"post_tag","embeddable":true,"href":"https:\/\/www.uqac.ca\/uqactualites\/wp-json\/wp\/v2\/tags?post=21098"}],"curies":[{"name":"wp","href":"https:\/\/api.w.org\/{rel}","templated":true}]}}