{"id":21111,"date":"2012-09-12T11:00:07","date_gmt":"2012-09-12T15:00:07","guid":{"rendered":"http:\/\/uqactualite.odev.ca\/?p=21111"},"modified":"2012-09-12T11:00:07","modified_gmt":"2012-09-12T15:00:07","slug":"le-bureau-des-affaires-publiques-lance-le-nouveau-portail-uqactualite-2","status":"publish","type":"post","link":"https:\/\/www.uqac.ca\/uqactualites\/2012\/09\/12\/le-bureau-des-affaires-publiques-lance-le-nouveau-portail-uqactualite-2\/","title":{"rendered":"Le Bureau des affaires publiques lance le nouveau portail UQACtualit\u00e9"},"content":{"rendered":"<p style=\"text-align: justify\"><strong>Saguenay, le 12 septembre 2012 <\/strong>\u2013 Le Bureau des affaires publiques est heureux d\u2019annoncer le lancement du nouveau portail UQACtualit\u00e9. En ligne \u00e0 compter d\u2019aujourd\u2019hui, l\u2019UQACtualit\u00e9 devient ainsi le carrefour officiel d\u2019information de l\u2019Universit\u00e9 du Qu\u00e9bec \u00e0 Chicoutimi, o\u00f9 se retrouveront les derni\u00e8res nouvelles, les plus r\u00e9cents avis \u00e0 la communaut\u00e9 universitaire ainsi qu\u2019une foule d\u2019autres informations.<\/p>\n<p style=\"text-align: justify\">R\u00e9alis\u00e9 en collaboration avec le Service des technologies de l\u2019information, le nouveau portail UQACtualit\u00e9 permet de r\u00e9unir l\u2019ensemble de l\u2019information interne et externe de l\u2019UQAC sur une seule et m\u00eame plateforme se voulant d\u00e9sormais interactive. Le tout s\u2019inscrit incontestablement dans la foul\u00e9e du Web 2.0.<\/p>\n<p style=\"text-align: justify\"><strong>Salle de presse<\/strong><br \/>\nUne section a \u00e9t\u00e9 sp\u00e9cialement con\u00e7ue pour les membres de la presse au sein m\u00eame du portail UQACtualit\u00e9. Les repr\u00e9sentants des m\u00e9dias pourront y retrouver communiqu\u00e9s, publications internes et calendrier des actualit\u00e9s universitaires.<strong><\/strong><\/p>\n<p align=\"center\">\u00a0Visitez le portail au <span style=\"color: #5a7411\"><strong><a href=\"http:\/\/www.uqac.ca\/uqactualite\"><span style=\"color: #5a7411\">www.uqac.ca\/uqactualite<\/span><\/a><\/strong><\/span>.<\/p>\n<p>&nbsp;<\/p>\n<p align=\"center\">\u00a0&#8211; 30 &#8211;<\/p>\n<p><strong>Source\u00a0:<\/strong><br \/>\nJean Wauthier, directeur<br \/>\nBureau des affaires publiques<br \/>\nUniversit\u00e9 du Qu\u00e9bec \u00e0 Chicoutimi<br \/>\n418 545-5011, poste 5007\u00a0 \u25aa\u00a0 <span style=\"color: #5a7411\"><strong><a href=\"mailto:jean.wauthier@uqac.ca\"><span style=\"color: #5a7411\">jean.wauthier@uqac.ca<\/span><\/a><\/strong><\/span><\/p>\n","protected":false},"excerpt":{"rendered":"<p>Saguenay, le 12 septembre 2012 \u2013 Le Bureau des affaires publiques est heureux d\u2019annoncer le lancement du nouveau portail UQACtualit\u00e9. En ligne \u00e0 compter d\u2019aujourd\u2019hui, l\u2019UQACtualit\u00e9 devient ainsi le carrefour officiel d\u2019information de l\u2019Universit\u00e9 du Qu\u00e9bec \u00e0 Chicoutimi, o\u00f9 se retrouveront les derni\u00e8res nouvelles, les plus r\u00e9cents avis \u00e0 la communaut\u00e9 universitaire ainsi qu\u2019une foule [&hellip;]<\/p>\n","protected":false},"author":5,"featured_media":20745,"comment_status":"open","ping_status":"open","sticky":false,"template":"","format":"standard","meta":{"footnotes":""},"categories":[2772],"tags":[257,1466,2509],"yoast_head":"<!-- This site is optimized with the Yoast SEO plugin v24.2 - https:\/\/yoast.com\/wordpress\/plugins\/seo\/ -->\r\n<title>Le Bureau des affaires publiques lance le nouveau portail UQACtualit\u00e9 - UQACtualit\u00e9s<\/title>\r\n<meta name=\"robots\" content=\"index, follow, max-snippet:-1, max-image-preview:large, max-video-preview:-1\" \/>\r\n<link rel=\"canonical\" href=\"https:\/\/www.uqac.ca\/uqactualites\/2012\/09\/12\/le-bureau-des-affaires-publiques-lance-le-nouveau-portail-uqactualite-2\/\" \/>\r\n<meta property=\"og:locale\" content=\"fr_CA\" \/>\r\n<meta property=\"og:type\" content=\"article\" \/>\r\n<meta property=\"og:title\" content=\"Le Bureau des affaires publiques lance le nouveau portail UQACtualit\u00e9 - UQACtualit\u00e9s\" \/>\r\n<meta property=\"og:description\" content=\"Saguenay, le 12 septembre 2012 \u2013 Le Bureau des affaires publiques est heureux d\u2019annoncer le lancement du nouveau portail UQACtualit\u00e9. En ligne \u00e0 compter d\u2019aujourd\u2019hui, l\u2019UQACtualit\u00e9 devient ainsi le carrefour officiel d\u2019information de l\u2019Universit\u00e9 du Qu\u00e9bec \u00e0 Chicoutimi, o\u00f9 se retrouveront les derni\u00e8res nouvelles, les plus r\u00e9cents avis \u00e0 la communaut\u00e9 universitaire ainsi qu\u2019une foule [&hellip;]\" \/>\r\n<meta property=\"og:url\" content=\"https:\/\/www.uqac.ca\/uqactualites\/2012\/09\/12\/le-bureau-des-affaires-publiques-lance-le-nouveau-portail-uqactualite-2\/\" \/>\r\n<meta property=\"og:site_name\" content=\"UQACtualit\u00e9s\" \/>\r\n<meta property=\"article:published_time\" content=\"2012-09-12T15:00:07+00:00\" \/>\r\n<meta property=\"og:image\" content=\"https:\/\/www.uqac.ca\/uqactualites\/wp-content\/uploads\/2012\/05\/communiqu-.jpg\" \/>\r\n\t<meta property=\"og:image:width\" content=\"620\" \/>\r\n\t<meta property=\"og:image:height\" content=\"300\" \/>\r\n\t<meta property=\"og:image:type\" content=\"image\/jpeg\" \/>\r\n<meta name=\"author\" content=\"Service des communications et des relations publiques\" \/>\r\n<meta name=\"twitter:card\" content=\"summary_large_image\" \/>\r\n<meta name=\"twitter:label1\" content=\"\u00c9crit par\" \/>\n\t<meta name=\"twitter:data1\" content=\"Service des communications et des relations publiques\" \/>\n\t<meta name=\"twitter:label2\" content=\"Estimation du temps de lecture\" \/>\n\t<meta name=\"twitter:data2\" content=\"1 minute\" \/>\r\n<script type=\"application\/ld+json\" class=\"yoast-schema-graph\">{\"@context\":\"https:\/\/schema.org\",\"@graph\":[{\"@type\":\"WebPage\",\"@id\":\"https:\/\/www.uqac.ca\/uqactualites\/2012\/09\/12\/le-bureau-des-affaires-publiques-lance-le-nouveau-portail-uqactualite-2\/\",\"url\":\"https:\/\/www.uqac.ca\/uqactualites\/2012\/09\/12\/le-bureau-des-affaires-publiques-lance-le-nouveau-portail-uqactualite-2\/\",\"name\":\"Le Bureau des affaires publiques lance le nouveau portail UQACtualit\u00e9 - UQACtualit\u00e9s\",\"isPartOf\":{\"@id\":\"https:\/\/www.uqac.ca\/uqactualites\/#website\"},\"primaryImageOfPage\":{\"@id\":\"https:\/\/www.uqac.ca\/uqactualites\/2012\/09\/12\/le-bureau-des-affaires-publiques-lance-le-nouveau-portail-uqactualite-2\/#primaryimage\"},\"image\":{\"@id\":\"https:\/\/www.uqac.ca\/uqactualites\/2012\/09\/12\/le-bureau-des-affaires-publiques-lance-le-nouveau-portail-uqactualite-2\/#primaryimage\"},\"thumbnailUrl\":\"https:\/\/www.uqac.ca\/uqactualites\/wp-content\/uploads\/2012\/05\/communiqu-.jpg\",\"datePublished\":\"2012-09-12T15:00:07+00:00\",\"dateModified\":\"2012-09-12T15:00:07+00:00\",\"author\":{\"@id\":\"https:\/\/www.uqac.ca\/uqactualites\/#\/schema\/person\/366c45a0c4f0e677b41b4af5886e2018\"},\"breadcrumb\":{\"@id\":\"https:\/\/www.uqac.ca\/uqactualites\/2012\/09\/12\/le-bureau-des-affaires-publiques-lance-le-nouveau-portail-uqactualite-2\/#breadcrumb\"},\"inLanguage\":\"fr-CA\",\"potentialAction\":[{\"@type\":\"ReadAction\",\"target\":[\"https:\/\/www.uqac.ca\/uqactualites\/2012\/09\/12\/le-bureau-des-affaires-publiques-lance-le-nouveau-portail-uqactualite-2\/\"]}]},{\"@type\":\"ImageObject\",\"inLanguage\":\"fr-CA\",\"@id\":\"https:\/\/www.uqac.ca\/uqactualites\/2012\/09\/12\/le-bureau-des-affaires-publiques-lance-le-nouveau-portail-uqactualite-2\/#primaryimage\",\"url\":\"https:\/\/www.uqac.ca\/uqactualites\/wp-content\/uploads\/2012\/05\/communiqu-.jpg\",\"contentUrl\":\"https:\/\/www.uqac.ca\/uqactualites\/wp-content\/uploads\/2012\/05\/communiqu-.jpg\",\"width\":620,\"height\":300},{\"@type\":\"BreadcrumbList\",\"@id\":\"https:\/\/www.uqac.ca\/uqactualites\/2012\/09\/12\/le-bureau-des-affaires-publiques-lance-le-nouveau-portail-uqactualite-2\/#breadcrumb\",\"itemListElement\":[{\"@type\":\"ListItem\",\"position\":1,\"name\":\"Home\",\"item\":\"https:\/\/www.uqac.ca\/uqactualites\/\"},{\"@type\":\"ListItem\",\"position\":2,\"name\":\"Le Bureau des affaires publiques lance le nouveau portail UQACtualit\u00e9\"}]},{\"@type\":\"WebSite\",\"@id\":\"https:\/\/www.uqac.ca\/uqactualites\/#website\",\"url\":\"https:\/\/www.uqac.ca\/uqactualites\/\",\"name\":\"UQACtualit\u00e9s\",\"description\":\"Le portail des nouvelles de l&#039;UQAC\",\"potentialAction\":[{\"@type\":\"SearchAction\",\"target\":{\"@type\":\"EntryPoint\",\"urlTemplate\":\"https:\/\/www.uqac.ca\/uqactualites\/?s={search_term_string}\"},\"query-input\":{\"@type\":\"PropertyValueSpecification\",\"valueRequired\":true,\"valueName\":\"search_term_string\"}}],\"inLanguage\":\"fr-CA\"},{\"@type\":\"Person\",\"@id\":\"https:\/\/www.uqac.ca\/uqactualites\/#\/schema\/person\/366c45a0c4f0e677b41b4af5886e2018\",\"name\":\"Service des communications et des relations publiques\",\"image\":{\"@type\":\"ImageObject\",\"inLanguage\":\"fr-CA\",\"@id\":\"https:\/\/www.uqac.ca\/uqactualites\/#\/schema\/person\/image\/\",\"url\":\"https:\/\/secure.gravatar.com\/avatar\/20fbbda8a292f59f2d3461a5b999c00b?s=96&d=mm&r=g\",\"contentUrl\":\"https:\/\/secure.gravatar.com\/avatar\/20fbbda8a292f59f2d3461a5b999c00b?s=96&d=mm&r=g\",\"caption\":\"Service des communications et des relations publiques\"},\"url\":\"https:\/\/www.uqac.ca\/uqactualites\/author\/bap\/\"}]}<\/script>\r\n<!-- \/ Yoast SEO plugin. -->","yoast_head_json":{"title":"Le Bureau des affaires publiques lance le nouveau portail UQACtualit\u00e9 - UQACtualit\u00e9s","robots":{"index":"index","follow":"follow","max-snippet":"max-snippet:-1","max-image-preview":"max-image-preview:large","max-video-preview":"max-video-preview:-1"},"canonical":"https:\/\/www.uqac.ca\/uqactualites\/2012\/09\/12\/le-bureau-des-affaires-publiques-lance-le-nouveau-portail-uqactualite-2\/","og_locale":"fr_CA","og_type":"article","og_title":"Le Bureau des affaires publiques lance le nouveau portail UQACtualit\u00e9 - UQACtualit\u00e9s","og_description":"Saguenay, le 12 septembre 2012 \u2013 Le Bureau des affaires publiques est heureux d\u2019annoncer le lancement du nouveau portail UQACtualit\u00e9. En ligne \u00e0 compter d\u2019aujourd\u2019hui, l\u2019UQACtualit\u00e9 devient ainsi le carrefour officiel d\u2019information de l\u2019Universit\u00e9 du Qu\u00e9bec \u00e0 Chicoutimi, o\u00f9 se retrouveront les derni\u00e8res nouvelles, les plus r\u00e9cents avis \u00e0 la communaut\u00e9 universitaire ainsi qu\u2019une foule [&hellip;]","og_url":"https:\/\/www.uqac.ca\/uqactualites\/2012\/09\/12\/le-bureau-des-affaires-publiques-lance-le-nouveau-portail-uqactualite-2\/","og_site_name":"UQACtualit\u00e9s","article_published_time":"2012-09-12T15:00:07+00:00","og_image":[{"width":620,"height":300,"url":"https:\/\/www.uqac.ca\/uqactualites\/wp-content\/uploads\/2012\/05\/communiqu-.jpg","type":"image\/jpeg"}],"author":"Service des communications et des relations publiques","twitter_card":"summary_large_image","twitter_misc":{"\u00c9crit par":"Service des communications et des relations publiques","Estimation du temps de lecture":"1 minute"},"schema":{"@context":"https:\/\/schema.org","@graph":[{"@type":"WebPage","@id":"https:\/\/www.uqac.ca\/uqactualites\/2012\/09\/12\/le-bureau-des-affaires-publiques-lance-le-nouveau-portail-uqactualite-2\/","url":"https:\/\/www.uqac.ca\/uqactualites\/2012\/09\/12\/le-bureau-des-affaires-publiques-lance-le-nouveau-portail-uqactualite-2\/","name":"Le Bureau des affaires publiques lance le nouveau portail UQACtualit\u00e9 - UQACtualit\u00e9s","isPartOf":{"@id":"https:\/\/www.uqac.ca\/uqactualites\/#website"},"primaryImageOfPage":{"@id":"https:\/\/www.uqac.ca\/uqactualites\/2012\/09\/12\/le-bureau-des-affaires-publiques-lance-le-nouveau-portail-uqactualite-2\/#primaryimage"},"image":{"@id":"https:\/\/www.uqac.ca\/uqactualites\/2012\/09\/12\/le-bureau-des-affaires-publiques-lance-le-nouveau-portail-uqactualite-2\/#primaryimage"},"thumbnailUrl":"https:\/\/www.uqac.ca\/uqactualites\/wp-content\/uploads\/2012\/05\/communiqu-.jpg","datePublished":"2012-09-12T15:00:07+00:00","dateModified":"2012-09-12T15:00:07+00:00","author":{"@id":"https:\/\/www.uqac.ca\/uqactualites\/#\/schema\/person\/366c45a0c4f0e677b41b4af5886e2018"},"breadcrumb":{"@id":"https:\/\/www.uqac.ca\/uqactualites\/2012\/09\/12\/le-bureau-des-affaires-publiques-lance-le-nouveau-portail-uqactualite-2\/#breadcrumb"},"inLanguage":"fr-CA","potentialAction":[{"@type":"ReadAction","target":["https:\/\/www.uqac.ca\/uqactualites\/2012\/09\/12\/le-bureau-des-affaires-publiques-lance-le-nouveau-portail-uqactualite-2\/"]}]},{"@type":"ImageObject","inLanguage":"fr-CA","@id":"https:\/\/www.uqac.ca\/uqactualites\/2012\/09\/12\/le-bureau-des-affaires-publiques-lance-le-nouveau-portail-uqactualite-2\/#primaryimage","url":"https:\/\/www.uqac.ca\/uqactualites\/wp-content\/uploads\/2012\/05\/communiqu-.jpg","contentUrl":"https:\/\/www.uqac.ca\/uqactualites\/wp-content\/uploads\/2012\/05\/communiqu-.jpg","width":620,"height":300},{"@type":"BreadcrumbList","@id":"https:\/\/www.uqac.ca\/uqactualites\/2012\/09\/12\/le-bureau-des-affaires-publiques-lance-le-nouveau-portail-uqactualite-2\/#breadcrumb","itemListElement":[{"@type":"ListItem","position":1,"name":"Home","item":"https:\/\/www.uqac.ca\/uqactualites\/"},{"@type":"ListItem","position":2,"name":"Le Bureau des affaires publiques lance le nouveau portail UQACtualit\u00e9"}]},{"@type":"WebSite","@id":"https:\/\/www.uqac.ca\/uqactualites\/#website","url":"https:\/\/www.uqac.ca\/uqactualites\/","name":"UQACtualit\u00e9s","description":"Le portail des nouvelles de l&#039;UQAC","potentialAction":[{"@type":"SearchAction","target":{"@type":"EntryPoint","urlTemplate":"https:\/\/www.uqac.ca\/uqactualites\/?s={search_term_string}"},"query-input":{"@type":"PropertyValueSpecification","valueRequired":true,"valueName":"search_term_string"}}],"inLanguage":"fr-CA"},{"@type":"Person","@id":"https:\/\/www.uqac.ca\/uqactualites\/#\/schema\/person\/366c45a0c4f0e677b41b4af5886e2018","name":"Service des communications et des relations publiques","image":{"@type":"ImageObject","inLanguage":"fr-CA","@id":"https:\/\/www.uqac.ca\/uqactualites\/#\/schema\/person\/image\/","url":"https:\/\/secure.gravatar.com\/avatar\/20fbbda8a292f59f2d3461a5b999c00b?s=96&d=mm&r=g","contentUrl":"https:\/\/secure.gravatar.com\/avatar\/20fbbda8a292f59f2d3461a5b999c00b?s=96&d=mm&r=g","caption":"Service des communications et des relations publiques"},"url":"https:\/\/www.uqac.ca\/uqactualites\/author\/bap\/"}]}},"_links":{"self":[{"href":"https:\/\/www.uqac.ca\/uqactualites\/wp-json\/wp\/v2\/posts\/21111"}],"collection":[{"href":"https:\/\/www.uqac.ca\/uqactualites\/wp-json\/wp\/v2\/posts"}],"about":[{"href":"https:\/\/www.uqac.ca\/uqactualites\/wp-json\/wp\/v2\/types\/post"}],"author":[{"embeddable":true,"href":"https:\/\/www.uqac.ca\/uqactualites\/wp-json\/wp\/v2\/users\/5"}],"replies":[{"embeddable":true,"href":"https:\/\/www.uqac.ca\/uqactualites\/wp-json\/wp\/v2\/comments?post=21111"}],"version-history":[{"count":0,"href":"https:\/\/www.uqac.ca\/uqactualites\/wp-json\/wp\/v2\/posts\/21111\/revisions"}],"wp:featuredmedia":[{"embeddable":true,"href":"https:\/\/www.uqac.ca\/uqactualites\/wp-json\/wp\/v2\/media\/20745"}],"wp:attachment":[{"href":"https:\/\/www.uqac.ca\/uqactualites\/wp-json\/wp\/v2\/media?parent=21111"}],"wp:term":[{"taxonomy":"category","embeddable":true,"href":"https:\/\/www.uqac.ca\/uqactualites\/wp-json\/wp\/v2\/categories?post=21111"},{"taxonomy":"post_tag","embeddable":true,"href":"https:\/\/www.uqac.ca\/uqactualites\/wp-json\/wp\/v2\/tags?post=21111"}],"curies":[{"name":"wp","href":"https:\/\/api.w.org\/{rel}","templated":true}]}}