{"id":21176,"date":"2012-09-13T08:59:46","date_gmt":"2012-09-13T12:59:46","guid":{"rendered":"http:\/\/uqactualite.odev.ca\/?p=21176"},"modified":"2012-09-13T08:59:46","modified_gmt":"2012-09-13T12:59:46","slug":"sebastien-gaboury-recoit-la-medaille-academique-du-gouverneur-general","status":"publish","type":"post","link":"https:\/\/www.uqac.ca\/uqactualites\/2012\/09\/13\/sebastien-gaboury-recoit-la-medaille-academique-du-gouverneur-general\/","title":{"rendered":"S\u00e9bastien Gaboury re\u00e7oit la M\u00e9daille acad\u00e9mique du Gouverneur g\u00e9n\u00e9ral"},"content":{"rendered":"<p style=\"text-align: justify\">S\u00e9bastien Gaboury, professeur invit\u00e9 au D\u00e9partement d\u2019informatique et de math\u00e9matique de l\u2019UQAC, a derni\u00e8rement re\u00e7u la M\u00e9daille acad\u00e9mique du Gouverneur g\u00e9n\u00e9ral. Cette distinction lui a \u00e9t\u00e9 remise afin de souligner la qualit\u00e9 de son cheminement lors de ses \u00e9tudes doctorales au Coll\u00e8ge militaire royal du Canada \u00e0 Kingston, en Ontario.<\/p>\n<p style=\"text-align: justify\">Au terme de son doctorat, finalis\u00e9 en trois ans et demi et pendant lequel il \u00e9tait aussi responsable de cinq charges de cours par ann\u00e9e \u00e0 l\u2019UQAC, monsieur Gaboury a obtenu une moyenne cumulative de 4.3\/4.3. Ses \u00e9tudes doctorales ont \u00e9galement \u00e9t\u00e9 l\u2019occasion pour lui de s\u2019impliquer en tant que membre du conseil de module (pendant 2 ans) et du sous-comit\u00e9 des E.Q.E. en math\u00e9matiques pour le syndicat des charg\u00e9s de cours de l\u2019UQAC.<\/p>\n<p style=\"text-align: justify\">En plus de ses fonctions de professeur invit\u00e9, S\u00e9bastien Gaboury est auteur de plusieurs articles publi\u00e9s dans des revues internationales sp\u00e9cialis\u00e9es en math\u00e9matiques. Soulignons \u00e9galement qu\u2019il est le second professeur du DIM \u00e0 recevoir cet honneur en 2012, alors que son coll\u00e8gue Alexandre Blondin Mass\u00e9 \u00e9tait d\u00e9cor\u00e9 plus t\u00f4t en juin.<\/p>\n<p style=\"text-align: justify\">Toutes nos f\u00e9licitations \u00e0 monsieur Gaboury!<\/p>\n<p><span style=\"color: #808080\">________________________________________________________________________________________<\/span><\/p>\n<p style=\"text-align: justify\"><span style=\"color: #808080\"><strong>Sur la photo\u00a0:<\/strong> S\u00e9bastien Gaboury, professeur invit\u00e9 au D\u00e9partement d\u2019informatique et de math\u00e9matique de l\u2019UQAC<\/span><br \/>\n<span style=\"color: #808080\"> <strong>Photographe\u00a0:<\/strong> Denis Blackburn, UQAC<\/span><br \/>\n<span style=\"color: #808080\"> _________________________________________________________________________________________<\/span><\/p>\n","protected":false},"excerpt":{"rendered":"<p>S\u00e9bastien Gaboury, professeur invit\u00e9 au D\u00e9partement d\u2019informatique et de math\u00e9matique de l\u2019UQAC, a derni\u00e8rement re\u00e7u la M\u00e9daille acad\u00e9mique du Gouverneur g\u00e9n\u00e9ral. Cette distinction lui a \u00e9t\u00e9 remise afin de souligner la qualit\u00e9 de son cheminement lors de ses \u00e9tudes doctorales au Coll\u00e8ge militaire royal du Canada \u00e0 Kingston, en Ontario. Au terme de son doctorat, [&hellip;]<\/p>\n","protected":false},"author":5,"featured_media":21177,"comment_status":"open","ping_status":"open","sticky":false,"template":"","format":"standard","meta":{"footnotes":""},"categories":[2,9],"tags":[2202,162,1946],"yoast_head":"<!-- This site is optimized with the Yoast SEO plugin v24.2 - https:\/\/yoast.com\/wordpress\/plugins\/seo\/ -->\r\n<title>S\u00e9bastien Gaboury re\u00e7oit la M\u00e9daille acad\u00e9mique du Gouverneur g\u00e9n\u00e9ral - UQACtualit\u00e9s<\/title>\r\n<meta name=\"robots\" content=\"index, follow, max-snippet:-1, max-image-preview:large, max-video-preview:-1\" \/>\r\n<link rel=\"canonical\" href=\"https:\/\/www.uqac.ca\/uqactualites\/2012\/09\/13\/sebastien-gaboury-recoit-la-medaille-academique-du-gouverneur-general\/\" \/>\r\n<meta property=\"og:locale\" content=\"fr_CA\" \/>\r\n<meta property=\"og:type\" content=\"article\" \/>\r\n<meta property=\"og:title\" content=\"S\u00e9bastien Gaboury re\u00e7oit la M\u00e9daille acad\u00e9mique du Gouverneur g\u00e9n\u00e9ral - UQACtualit\u00e9s\" \/>\r\n<meta property=\"og:description\" content=\"S\u00e9bastien Gaboury, professeur invit\u00e9 au D\u00e9partement d\u2019informatique et de math\u00e9matique de l\u2019UQAC, a derni\u00e8rement re\u00e7u la M\u00e9daille acad\u00e9mique du Gouverneur g\u00e9n\u00e9ral. Cette distinction lui a \u00e9t\u00e9 remise afin de souligner la qualit\u00e9 de son cheminement lors de ses \u00e9tudes doctorales au Coll\u00e8ge militaire royal du Canada \u00e0 Kingston, en Ontario. Au terme de son doctorat, [&hellip;]\" \/>\r\n<meta property=\"og:url\" content=\"https:\/\/www.uqac.ca\/uqactualites\/2012\/09\/13\/sebastien-gaboury-recoit-la-medaille-academique-du-gouverneur-general\/\" \/>\r\n<meta property=\"og:site_name\" content=\"UQACtualit\u00e9s\" \/>\r\n<meta property=\"article:published_time\" content=\"2012-09-13T12:59:46+00:00\" \/>\r\n<meta property=\"og:image\" content=\"https:\/\/www.uqac.ca\/uqactualites\/wp-content\/uploads\/2012\/09\/S\u00e9bastien-Gaboury-Web-\u00a9Denis-Blackburn.jpg\" \/>\r\n\t<meta property=\"og:image:width\" content=\"620\" \/>\r\n\t<meta property=\"og:image:height\" content=\"300\" \/>\r\n\t<meta property=\"og:image:type\" content=\"image\/jpeg\" \/>\r\n<meta name=\"author\" content=\"Service des communications et des relations publiques\" \/>\r\n<meta name=\"twitter:card\" content=\"summary_large_image\" \/>\r\n<meta name=\"twitter:label1\" content=\"\u00c9crit par\" \/>\n\t<meta name=\"twitter:data1\" content=\"Service des communications et des relations publiques\" \/>\n\t<meta name=\"twitter:label2\" content=\"Estimation du temps de lecture\" \/>\n\t<meta name=\"twitter:data2\" content=\"1 minute\" \/>\r\n<script type=\"application\/ld+json\" class=\"yoast-schema-graph\">{\"@context\":\"https:\/\/schema.org\",\"@graph\":[{\"@type\":\"WebPage\",\"@id\":\"https:\/\/www.uqac.ca\/uqactualites\/2012\/09\/13\/sebastien-gaboury-recoit-la-medaille-academique-du-gouverneur-general\/\",\"url\":\"https:\/\/www.uqac.ca\/uqactualites\/2012\/09\/13\/sebastien-gaboury-recoit-la-medaille-academique-du-gouverneur-general\/\",\"name\":\"S\u00e9bastien Gaboury re\u00e7oit la M\u00e9daille acad\u00e9mique du Gouverneur g\u00e9n\u00e9ral - UQACtualit\u00e9s\",\"isPartOf\":{\"@id\":\"https:\/\/www.uqac.ca\/uqactualites\/#website\"},\"primaryImageOfPage\":{\"@id\":\"https:\/\/www.uqac.ca\/uqactualites\/2012\/09\/13\/sebastien-gaboury-recoit-la-medaille-academique-du-gouverneur-general\/#primaryimage\"},\"image\":{\"@id\":\"https:\/\/www.uqac.ca\/uqactualites\/2012\/09\/13\/sebastien-gaboury-recoit-la-medaille-academique-du-gouverneur-general\/#primaryimage\"},\"thumbnailUrl\":\"https:\/\/www.uqac.ca\/uqactualites\/wp-content\/uploads\/2012\/09\/S\u00e9bastien-Gaboury-Web-\u00a9Denis-Blackburn.jpg\",\"datePublished\":\"2012-09-13T12:59:46+00:00\",\"dateModified\":\"2012-09-13T12:59:46+00:00\",\"author\":{\"@id\":\"https:\/\/www.uqac.ca\/uqactualites\/#\/schema\/person\/366c45a0c4f0e677b41b4af5886e2018\"},\"breadcrumb\":{\"@id\":\"https:\/\/www.uqac.ca\/uqactualites\/2012\/09\/13\/sebastien-gaboury-recoit-la-medaille-academique-du-gouverneur-general\/#breadcrumb\"},\"inLanguage\":\"fr-CA\",\"potentialAction\":[{\"@type\":\"ReadAction\",\"target\":[\"https:\/\/www.uqac.ca\/uqactualites\/2012\/09\/13\/sebastien-gaboury-recoit-la-medaille-academique-du-gouverneur-general\/\"]}]},{\"@type\":\"ImageObject\",\"inLanguage\":\"fr-CA\",\"@id\":\"https:\/\/www.uqac.ca\/uqactualites\/2012\/09\/13\/sebastien-gaboury-recoit-la-medaille-academique-du-gouverneur-general\/#primaryimage\",\"url\":\"https:\/\/www.uqac.ca\/uqactualites\/wp-content\/uploads\/2012\/09\/S\u00e9bastien-Gaboury-Web-\u00a9Denis-Blackburn.jpg\",\"contentUrl\":\"https:\/\/www.uqac.ca\/uqactualites\/wp-content\/uploads\/2012\/09\/S\u00e9bastien-Gaboury-Web-\u00a9Denis-Blackburn.jpg\",\"width\":620,\"height\":300},{\"@type\":\"BreadcrumbList\",\"@id\":\"https:\/\/www.uqac.ca\/uqactualites\/2012\/09\/13\/sebastien-gaboury-recoit-la-medaille-academique-du-gouverneur-general\/#breadcrumb\",\"itemListElement\":[{\"@type\":\"ListItem\",\"position\":1,\"name\":\"Home\",\"item\":\"https:\/\/www.uqac.ca\/uqactualites\/\"},{\"@type\":\"ListItem\",\"position\":2,\"name\":\"S\u00e9bastien Gaboury re\u00e7oit la M\u00e9daille acad\u00e9mique du Gouverneur g\u00e9n\u00e9ral\"}]},{\"@type\":\"WebSite\",\"@id\":\"https:\/\/www.uqac.ca\/uqactualites\/#website\",\"url\":\"https:\/\/www.uqac.ca\/uqactualites\/\",\"name\":\"UQACtualit\u00e9s\",\"description\":\"Le portail des nouvelles de l&#039;UQAC\",\"potentialAction\":[{\"@type\":\"SearchAction\",\"target\":{\"@type\":\"EntryPoint\",\"urlTemplate\":\"https:\/\/www.uqac.ca\/uqactualites\/?s={search_term_string}\"},\"query-input\":{\"@type\":\"PropertyValueSpecification\",\"valueRequired\":true,\"valueName\":\"search_term_string\"}}],\"inLanguage\":\"fr-CA\"},{\"@type\":\"Person\",\"@id\":\"https:\/\/www.uqac.ca\/uqactualites\/#\/schema\/person\/366c45a0c4f0e677b41b4af5886e2018\",\"name\":\"Service des communications et des relations publiques\",\"image\":{\"@type\":\"ImageObject\",\"inLanguage\":\"fr-CA\",\"@id\":\"https:\/\/www.uqac.ca\/uqactualites\/#\/schema\/person\/image\/\",\"url\":\"https:\/\/secure.gravatar.com\/avatar\/20fbbda8a292f59f2d3461a5b999c00b?s=96&d=mm&r=g\",\"contentUrl\":\"https:\/\/secure.gravatar.com\/avatar\/20fbbda8a292f59f2d3461a5b999c00b?s=96&d=mm&r=g\",\"caption\":\"Service des communications et des relations publiques\"},\"url\":\"https:\/\/www.uqac.ca\/uqactualites\/author\/bap\/\"}]}<\/script>\r\n<!-- \/ Yoast SEO plugin. -->","yoast_head_json":{"title":"S\u00e9bastien Gaboury re\u00e7oit la M\u00e9daille acad\u00e9mique du Gouverneur g\u00e9n\u00e9ral - UQACtualit\u00e9s","robots":{"index":"index","follow":"follow","max-snippet":"max-snippet:-1","max-image-preview":"max-image-preview:large","max-video-preview":"max-video-preview:-1"},"canonical":"https:\/\/www.uqac.ca\/uqactualites\/2012\/09\/13\/sebastien-gaboury-recoit-la-medaille-academique-du-gouverneur-general\/","og_locale":"fr_CA","og_type":"article","og_title":"S\u00e9bastien Gaboury re\u00e7oit la M\u00e9daille acad\u00e9mique du Gouverneur g\u00e9n\u00e9ral - UQACtualit\u00e9s","og_description":"S\u00e9bastien Gaboury, professeur invit\u00e9 au D\u00e9partement d\u2019informatique et de math\u00e9matique de l\u2019UQAC, a derni\u00e8rement re\u00e7u la M\u00e9daille acad\u00e9mique du Gouverneur g\u00e9n\u00e9ral. Cette distinction lui a \u00e9t\u00e9 remise afin de souligner la qualit\u00e9 de son cheminement lors de ses \u00e9tudes doctorales au Coll\u00e8ge militaire royal du Canada \u00e0 Kingston, en Ontario. Au terme de son doctorat, [&hellip;]","og_url":"https:\/\/www.uqac.ca\/uqactualites\/2012\/09\/13\/sebastien-gaboury-recoit-la-medaille-academique-du-gouverneur-general\/","og_site_name":"UQACtualit\u00e9s","article_published_time":"2012-09-13T12:59:46+00:00","og_image":[{"width":620,"height":300,"url":"https:\/\/www.uqac.ca\/uqactualites\/wp-content\/uploads\/2012\/09\/S\u00e9bastien-Gaboury-Web-\u00a9Denis-Blackburn.jpg","type":"image\/jpeg"}],"author":"Service des communications et des relations publiques","twitter_card":"summary_large_image","twitter_misc":{"\u00c9crit par":"Service des communications et des relations publiques","Estimation du temps de lecture":"1 minute"},"schema":{"@context":"https:\/\/schema.org","@graph":[{"@type":"WebPage","@id":"https:\/\/www.uqac.ca\/uqactualites\/2012\/09\/13\/sebastien-gaboury-recoit-la-medaille-academique-du-gouverneur-general\/","url":"https:\/\/www.uqac.ca\/uqactualites\/2012\/09\/13\/sebastien-gaboury-recoit-la-medaille-academique-du-gouverneur-general\/","name":"S\u00e9bastien Gaboury re\u00e7oit la M\u00e9daille acad\u00e9mique du Gouverneur g\u00e9n\u00e9ral - UQACtualit\u00e9s","isPartOf":{"@id":"https:\/\/www.uqac.ca\/uqactualites\/#website"},"primaryImageOfPage":{"@id":"https:\/\/www.uqac.ca\/uqactualites\/2012\/09\/13\/sebastien-gaboury-recoit-la-medaille-academique-du-gouverneur-general\/#primaryimage"},"image":{"@id":"https:\/\/www.uqac.ca\/uqactualites\/2012\/09\/13\/sebastien-gaboury-recoit-la-medaille-academique-du-gouverneur-general\/#primaryimage"},"thumbnailUrl":"https:\/\/www.uqac.ca\/uqactualites\/wp-content\/uploads\/2012\/09\/S\u00e9bastien-Gaboury-Web-\u00a9Denis-Blackburn.jpg","datePublished":"2012-09-13T12:59:46+00:00","dateModified":"2012-09-13T12:59:46+00:00","author":{"@id":"https:\/\/www.uqac.ca\/uqactualites\/#\/schema\/person\/366c45a0c4f0e677b41b4af5886e2018"},"breadcrumb":{"@id":"https:\/\/www.uqac.ca\/uqactualites\/2012\/09\/13\/sebastien-gaboury-recoit-la-medaille-academique-du-gouverneur-general\/#breadcrumb"},"inLanguage":"fr-CA","potentialAction":[{"@type":"ReadAction","target":["https:\/\/www.uqac.ca\/uqactualites\/2012\/09\/13\/sebastien-gaboury-recoit-la-medaille-academique-du-gouverneur-general\/"]}]},{"@type":"ImageObject","inLanguage":"fr-CA","@id":"https:\/\/www.uqac.ca\/uqactualites\/2012\/09\/13\/sebastien-gaboury-recoit-la-medaille-academique-du-gouverneur-general\/#primaryimage","url":"https:\/\/www.uqac.ca\/uqactualites\/wp-content\/uploads\/2012\/09\/S\u00e9bastien-Gaboury-Web-\u00a9Denis-Blackburn.jpg","contentUrl":"https:\/\/www.uqac.ca\/uqactualites\/wp-content\/uploads\/2012\/09\/S\u00e9bastien-Gaboury-Web-\u00a9Denis-Blackburn.jpg","width":620,"height":300},{"@type":"BreadcrumbList","@id":"https:\/\/www.uqac.ca\/uqactualites\/2012\/09\/13\/sebastien-gaboury-recoit-la-medaille-academique-du-gouverneur-general\/#breadcrumb","itemListElement":[{"@type":"ListItem","position":1,"name":"Home","item":"https:\/\/www.uqac.ca\/uqactualites\/"},{"@type":"ListItem","position":2,"name":"S\u00e9bastien Gaboury re\u00e7oit la M\u00e9daille acad\u00e9mique du Gouverneur g\u00e9n\u00e9ral"}]},{"@type":"WebSite","@id":"https:\/\/www.uqac.ca\/uqactualites\/#website","url":"https:\/\/www.uqac.ca\/uqactualites\/","name":"UQACtualit\u00e9s","description":"Le portail des nouvelles de l&#039;UQAC","potentialAction":[{"@type":"SearchAction","target":{"@type":"EntryPoint","urlTemplate":"https:\/\/www.uqac.ca\/uqactualites\/?s={search_term_string}"},"query-input":{"@type":"PropertyValueSpecification","valueRequired":true,"valueName":"search_term_string"}}],"inLanguage":"fr-CA"},{"@type":"Person","@id":"https:\/\/www.uqac.ca\/uqactualites\/#\/schema\/person\/366c45a0c4f0e677b41b4af5886e2018","name":"Service des communications et des relations publiques","image":{"@type":"ImageObject","inLanguage":"fr-CA","@id":"https:\/\/www.uqac.ca\/uqactualites\/#\/schema\/person\/image\/","url":"https:\/\/secure.gravatar.com\/avatar\/20fbbda8a292f59f2d3461a5b999c00b?s=96&d=mm&r=g","contentUrl":"https:\/\/secure.gravatar.com\/avatar\/20fbbda8a292f59f2d3461a5b999c00b?s=96&d=mm&r=g","caption":"Service des communications et des relations publiques"},"url":"https:\/\/www.uqac.ca\/uqactualites\/author\/bap\/"}]}},"_links":{"self":[{"href":"https:\/\/www.uqac.ca\/uqactualites\/wp-json\/wp\/v2\/posts\/21176"}],"collection":[{"href":"https:\/\/www.uqac.ca\/uqactualites\/wp-json\/wp\/v2\/posts"}],"about":[{"href":"https:\/\/www.uqac.ca\/uqactualites\/wp-json\/wp\/v2\/types\/post"}],"author":[{"embeddable":true,"href":"https:\/\/www.uqac.ca\/uqactualites\/wp-json\/wp\/v2\/users\/5"}],"replies":[{"embeddable":true,"href":"https:\/\/www.uqac.ca\/uqactualites\/wp-json\/wp\/v2\/comments?post=21176"}],"version-history":[{"count":0,"href":"https:\/\/www.uqac.ca\/uqactualites\/wp-json\/wp\/v2\/posts\/21176\/revisions"}],"wp:featuredmedia":[{"embeddable":true,"href":"https:\/\/www.uqac.ca\/uqactualites\/wp-json\/wp\/v2\/media\/21177"}],"wp:attachment":[{"href":"https:\/\/www.uqac.ca\/uqactualites\/wp-json\/wp\/v2\/media?parent=21176"}],"wp:term":[{"taxonomy":"category","embeddable":true,"href":"https:\/\/www.uqac.ca\/uqactualites\/wp-json\/wp\/v2\/categories?post=21176"},{"taxonomy":"post_tag","embeddable":true,"href":"https:\/\/www.uqac.ca\/uqactualites\/wp-json\/wp\/v2\/tags?post=21176"}],"curies":[{"name":"wp","href":"https:\/\/api.w.org\/{rel}","templated":true}]}}