{"id":21192,"date":"2012-09-13T14:04:40","date_gmt":"2012-09-13T18:04:40","guid":{"rendered":"http:\/\/uqactualite.odev.ca\/?p=21192"},"modified":"2012-09-13T14:04:40","modified_gmt":"2012-09-13T18:04:40","slug":"nomination-de-serge-raynal-au-comite-international-devaluation-et-de-lecture-de-la-revue-des-sciences-de-gestion","status":"publish","type":"post","link":"https:\/\/www.uqac.ca\/uqactualites\/2012\/09\/13\/nomination-de-serge-raynal-au-comite-international-devaluation-et-de-lecture-de-la-revue-des-sciences-de-gestion\/","title":{"rendered":"Nomination de Serge Raynal au Comit\u00e9 international d\u2019\u00e9valuation et de lecture de la Revue des Sciences de Gestion"},"content":{"rendered":"<p style=\"text-align: justify\"><span style=\"color: #333333\">L\u2019Universit\u00e9 du Qu\u00e9bec \u00e0 Chicoutimi est heureuse d\u2019annoncer la nomination de Serge Raynal, d\u00e9l\u00e9gu\u00e9 aux affaires internationales au bureau de l\u2019UQAC \u00e0 Paris, au titre de membre du Comit\u00e9 international d\u2019\u00e9valuation et de lecture de la <strong><em>Revue des Sciences de Gestion<\/em><\/strong>.<\/span><\/p>\n<p style=\"text-align: justify\"><span style=\"color: #333333\">Revue au service de la recherche en <em>management<\/em> au sens le plus complet et de l\u2019action en entreprise, la <strong><em>Revue des Sciences de Gestion<\/em><\/strong> est la premi\u00e8re revue fran\u00e7aise de management qui compte 47\u00a0% de ses ventes \u00e0 l\u2019\u00e9tranger. Cr\u00e9\u00e9e en 1965 sous le nom de <em>direction et gestion des entreprises<\/em>, cette ancienne revue d\u2019\u00e9cole est devenue la r\u00e9f\u00e9rence francophone dans le domaine de la recherche en <em>management<\/em> en prenant pour titre la <strong><em>Revue des Sciences de Gestion<\/em><\/strong>.<\/span><\/p>\n<p style=\"text-align: justify\"><span style=\"color: #333333\">Cette revue g\u00e9n\u00e9raliste au contenu r\u00e9dactionnel aff\u00fbt\u00e9 est destin\u00e9e aux directions g\u00e9n\u00e9rales des entreprises, aux chercheurs universitaires et aux \u00e9tudiants de bon niveau. Les articles pr\u00e9sent\u00e9s sont choisis par un comit\u00e9 scientifique de lecture de renomm\u00e9e internationale qui valide les th\u00e8ses les plus innovantes de la recherche et de la pratique manag\u00e9riale. Ses auteurs sont de toute nationalit\u00e9 (notamment d\u2019Europe, d\u2019Am\u00e9rique du Nord et d\u2019Afrique), enseignants universitaires, consultants, cadres dirigeants ou experts. Serge Raynal profite de l\u2019annonce de sa nomination pour inviter les auteurs souhaitant publier en fran\u00e7ais \u00e0 faire parvenir leurs articles.<\/span><\/p>\n<p style=\"text-align: justify\"><span style=\"color: #333333\">Titulaire d\u2019un doctorat \u00e8s sciences, Serge Raynal a \u0153uvr\u00e9 au sein de prestigieuses universit\u00e9s \u00e0 titre de professeur en plus d\u2019\u00eatre l\u2019auteur de plusieurs ouvrages de r\u00e9f\u00e9rence en gestion. Il est en poste au bureau de l\u2019UQAC \u00e0 Paris depuis 2010.<\/span><\/p>\n<p><span style=\"color: #808080\">________________________________________________________________________________________<\/span><\/p>\n<p><span style=\"color: #808080\"><strong>Sur la photo\u00a0:<\/strong> Serge Raynal, d\u00e9l\u00e9gu\u00e9 aux affaires internationales au bureau de l\u2019UQAC \u00e0 Paris<\/span><br \/>\n<span style=\"color: #808080\"> _________________________________________________________________________________________<\/span><\/p>\n","protected":false},"excerpt":{"rendered":"<p>L\u2019Universit\u00e9 du Qu\u00e9bec \u00e0 Chicoutimi est heureuse d\u2019annoncer la nomination de Serge Raynal, d\u00e9l\u00e9gu\u00e9 aux affaires internationales au bureau de l\u2019UQAC \u00e0 Paris, au titre de membre du Comit\u00e9 international d\u2019\u00e9valuation et de lecture de la Revue des Sciences de Gestion. Revue au service de la recherche en management au sens le plus complet et [&hellip;]<\/p>\n","protected":false},"author":5,"featured_media":21194,"comment_status":"open","ping_status":"open","sticky":false,"template":"","format":"standard","meta":{"footnotes":""},"categories":[2,15],"tags":[100,53,863],"yoast_head":"<!-- This site is optimized with the Yoast SEO plugin v24.2 - https:\/\/yoast.com\/wordpress\/plugins\/seo\/ -->\r\n<title>Nomination de Serge Raynal au Comit\u00e9 international d\u2019\u00e9valuation et de lecture de la Revue des Sciences de Gestion - UQACtualit\u00e9s<\/title>\r\n<meta name=\"robots\" content=\"index, follow, max-snippet:-1, max-image-preview:large, max-video-preview:-1\" \/>\r\n<link rel=\"canonical\" href=\"https:\/\/www.uqac.ca\/uqactualites\/2012\/09\/13\/nomination-de-serge-raynal-au-comite-international-devaluation-et-de-lecture-de-la-revue-des-sciences-de-gestion\/\" \/>\r\n<meta property=\"og:locale\" content=\"fr_CA\" \/>\r\n<meta property=\"og:type\" content=\"article\" \/>\r\n<meta property=\"og:title\" content=\"Nomination de Serge Raynal au Comit\u00e9 international d\u2019\u00e9valuation et de lecture de la Revue des Sciences de Gestion - UQACtualit\u00e9s\" \/>\r\n<meta property=\"og:description\" content=\"L\u2019Universit\u00e9 du Qu\u00e9bec \u00e0 Chicoutimi est heureuse d\u2019annoncer la nomination de Serge Raynal, d\u00e9l\u00e9gu\u00e9 aux affaires internationales au bureau de l\u2019UQAC \u00e0 Paris, au titre de membre du Comit\u00e9 international d\u2019\u00e9valuation et de lecture de la Revue des Sciences de Gestion. Revue au service de la recherche en management au sens le plus complet et [&hellip;]\" \/>\r\n<meta property=\"og:url\" content=\"https:\/\/www.uqac.ca\/uqactualites\/2012\/09\/13\/nomination-de-serge-raynal-au-comite-international-devaluation-et-de-lecture-de-la-revue-des-sciences-de-gestion\/\" \/>\r\n<meta property=\"og:site_name\" content=\"UQACtualit\u00e9s\" \/>\r\n<meta property=\"article:published_time\" content=\"2012-09-13T18:04:40+00:00\" \/>\r\n<meta property=\"og:image\" content=\"https:\/\/www.uqac.ca\/uqactualites\/wp-content\/uploads\/2012\/09\/Serge-Raynal-Web.jpg\" \/>\r\n\t<meta property=\"og:image:width\" content=\"620\" \/>\r\n\t<meta property=\"og:image:height\" content=\"300\" \/>\r\n\t<meta property=\"og:image:type\" content=\"image\/jpeg\" \/>\r\n<meta name=\"author\" content=\"Service des communications et des relations publiques\" \/>\r\n<meta name=\"twitter:card\" content=\"summary_large_image\" \/>\r\n<meta name=\"twitter:label1\" content=\"\u00c9crit par\" \/>\n\t<meta name=\"twitter:data1\" content=\"Service des communications et des relations publiques\" \/>\n\t<meta name=\"twitter:label2\" content=\"Estimation du temps de lecture\" \/>\n\t<meta name=\"twitter:data2\" content=\"2 minutes\" \/>\r\n<script type=\"application\/ld+json\" class=\"yoast-schema-graph\">{\"@context\":\"https:\/\/schema.org\",\"@graph\":[{\"@type\":\"WebPage\",\"@id\":\"https:\/\/www.uqac.ca\/uqactualites\/2012\/09\/13\/nomination-de-serge-raynal-au-comite-international-devaluation-et-de-lecture-de-la-revue-des-sciences-de-gestion\/\",\"url\":\"https:\/\/www.uqac.ca\/uqactualites\/2012\/09\/13\/nomination-de-serge-raynal-au-comite-international-devaluation-et-de-lecture-de-la-revue-des-sciences-de-gestion\/\",\"name\":\"Nomination de Serge Raynal au Comit\u00e9 international d\u2019\u00e9valuation et de lecture de la Revue des Sciences de Gestion - UQACtualit\u00e9s\",\"isPartOf\":{\"@id\":\"https:\/\/www.uqac.ca\/uqactualites\/#website\"},\"primaryImageOfPage\":{\"@id\":\"https:\/\/www.uqac.ca\/uqactualites\/2012\/09\/13\/nomination-de-serge-raynal-au-comite-international-devaluation-et-de-lecture-de-la-revue-des-sciences-de-gestion\/#primaryimage\"},\"image\":{\"@id\":\"https:\/\/www.uqac.ca\/uqactualites\/2012\/09\/13\/nomination-de-serge-raynal-au-comite-international-devaluation-et-de-lecture-de-la-revue-des-sciences-de-gestion\/#primaryimage\"},\"thumbnailUrl\":\"https:\/\/www.uqac.ca\/uqactualites\/wp-content\/uploads\/2012\/09\/Serge-Raynal-Web.jpg\",\"datePublished\":\"2012-09-13T18:04:40+00:00\",\"dateModified\":\"2012-09-13T18:04:40+00:00\",\"author\":{\"@id\":\"https:\/\/www.uqac.ca\/uqactualites\/#\/schema\/person\/366c45a0c4f0e677b41b4af5886e2018\"},\"breadcrumb\":{\"@id\":\"https:\/\/www.uqac.ca\/uqactualites\/2012\/09\/13\/nomination-de-serge-raynal-au-comite-international-devaluation-et-de-lecture-de-la-revue-des-sciences-de-gestion\/#breadcrumb\"},\"inLanguage\":\"fr-CA\",\"potentialAction\":[{\"@type\":\"ReadAction\",\"target\":[\"https:\/\/www.uqac.ca\/uqactualites\/2012\/09\/13\/nomination-de-serge-raynal-au-comite-international-devaluation-et-de-lecture-de-la-revue-des-sciences-de-gestion\/\"]}]},{\"@type\":\"ImageObject\",\"inLanguage\":\"fr-CA\",\"@id\":\"https:\/\/www.uqac.ca\/uqactualites\/2012\/09\/13\/nomination-de-serge-raynal-au-comite-international-devaluation-et-de-lecture-de-la-revue-des-sciences-de-gestion\/#primaryimage\",\"url\":\"https:\/\/www.uqac.ca\/uqactualites\/wp-content\/uploads\/2012\/09\/Serge-Raynal-Web.jpg\",\"contentUrl\":\"https:\/\/www.uqac.ca\/uqactualites\/wp-content\/uploads\/2012\/09\/Serge-Raynal-Web.jpg\",\"width\":620,\"height\":300},{\"@type\":\"BreadcrumbList\",\"@id\":\"https:\/\/www.uqac.ca\/uqactualites\/2012\/09\/13\/nomination-de-serge-raynal-au-comite-international-devaluation-et-de-lecture-de-la-revue-des-sciences-de-gestion\/#breadcrumb\",\"itemListElement\":[{\"@type\":\"ListItem\",\"position\":1,\"name\":\"Home\",\"item\":\"https:\/\/www.uqac.ca\/uqactualites\/\"},{\"@type\":\"ListItem\",\"position\":2,\"name\":\"Nomination de Serge Raynal au Comit\u00e9 international d\u2019\u00e9valuation et de lecture de la Revue des Sciences de Gestion\"}]},{\"@type\":\"WebSite\",\"@id\":\"https:\/\/www.uqac.ca\/uqactualites\/#website\",\"url\":\"https:\/\/www.uqac.ca\/uqactualites\/\",\"name\":\"UQACtualit\u00e9s\",\"description\":\"Le portail des nouvelles de l&#039;UQAC\",\"potentialAction\":[{\"@type\":\"SearchAction\",\"target\":{\"@type\":\"EntryPoint\",\"urlTemplate\":\"https:\/\/www.uqac.ca\/uqactualites\/?s={search_term_string}\"},\"query-input\":{\"@type\":\"PropertyValueSpecification\",\"valueRequired\":true,\"valueName\":\"search_term_string\"}}],\"inLanguage\":\"fr-CA\"},{\"@type\":\"Person\",\"@id\":\"https:\/\/www.uqac.ca\/uqactualites\/#\/schema\/person\/366c45a0c4f0e677b41b4af5886e2018\",\"name\":\"Service des communications et des relations publiques\",\"image\":{\"@type\":\"ImageObject\",\"inLanguage\":\"fr-CA\",\"@id\":\"https:\/\/www.uqac.ca\/uqactualites\/#\/schema\/person\/image\/\",\"url\":\"https:\/\/secure.gravatar.com\/avatar\/20fbbda8a292f59f2d3461a5b999c00b?s=96&d=mm&r=g\",\"contentUrl\":\"https:\/\/secure.gravatar.com\/avatar\/20fbbda8a292f59f2d3461a5b999c00b?s=96&d=mm&r=g\",\"caption\":\"Service des communications et des relations publiques\"},\"url\":\"https:\/\/www.uqac.ca\/uqactualites\/author\/bap\/\"}]}<\/script>\r\n<!-- \/ Yoast SEO plugin. -->","yoast_head_json":{"title":"Nomination de Serge Raynal au Comit\u00e9 international d\u2019\u00e9valuation et de lecture de la Revue des Sciences de Gestion - UQACtualit\u00e9s","robots":{"index":"index","follow":"follow","max-snippet":"max-snippet:-1","max-image-preview":"max-image-preview:large","max-video-preview":"max-video-preview:-1"},"canonical":"https:\/\/www.uqac.ca\/uqactualites\/2012\/09\/13\/nomination-de-serge-raynal-au-comite-international-devaluation-et-de-lecture-de-la-revue-des-sciences-de-gestion\/","og_locale":"fr_CA","og_type":"article","og_title":"Nomination de Serge Raynal au Comit\u00e9 international d\u2019\u00e9valuation et de lecture de la Revue des Sciences de Gestion - UQACtualit\u00e9s","og_description":"L\u2019Universit\u00e9 du Qu\u00e9bec \u00e0 Chicoutimi est heureuse d\u2019annoncer la nomination de Serge Raynal, d\u00e9l\u00e9gu\u00e9 aux affaires internationales au bureau de l\u2019UQAC \u00e0 Paris, au titre de membre du Comit\u00e9 international d\u2019\u00e9valuation et de lecture de la Revue des Sciences de Gestion. Revue au service de la recherche en management au sens le plus complet et [&hellip;]","og_url":"https:\/\/www.uqac.ca\/uqactualites\/2012\/09\/13\/nomination-de-serge-raynal-au-comite-international-devaluation-et-de-lecture-de-la-revue-des-sciences-de-gestion\/","og_site_name":"UQACtualit\u00e9s","article_published_time":"2012-09-13T18:04:40+00:00","og_image":[{"width":620,"height":300,"url":"https:\/\/www.uqac.ca\/uqactualites\/wp-content\/uploads\/2012\/09\/Serge-Raynal-Web.jpg","type":"image\/jpeg"}],"author":"Service des communications et des relations publiques","twitter_card":"summary_large_image","twitter_misc":{"\u00c9crit par":"Service des communications et des relations publiques","Estimation du temps de lecture":"2 minutes"},"schema":{"@context":"https:\/\/schema.org","@graph":[{"@type":"WebPage","@id":"https:\/\/www.uqac.ca\/uqactualites\/2012\/09\/13\/nomination-de-serge-raynal-au-comite-international-devaluation-et-de-lecture-de-la-revue-des-sciences-de-gestion\/","url":"https:\/\/www.uqac.ca\/uqactualites\/2012\/09\/13\/nomination-de-serge-raynal-au-comite-international-devaluation-et-de-lecture-de-la-revue-des-sciences-de-gestion\/","name":"Nomination de Serge Raynal au Comit\u00e9 international d\u2019\u00e9valuation et de lecture de la Revue des Sciences de Gestion - UQACtualit\u00e9s","isPartOf":{"@id":"https:\/\/www.uqac.ca\/uqactualites\/#website"},"primaryImageOfPage":{"@id":"https:\/\/www.uqac.ca\/uqactualites\/2012\/09\/13\/nomination-de-serge-raynal-au-comite-international-devaluation-et-de-lecture-de-la-revue-des-sciences-de-gestion\/#primaryimage"},"image":{"@id":"https:\/\/www.uqac.ca\/uqactualites\/2012\/09\/13\/nomination-de-serge-raynal-au-comite-international-devaluation-et-de-lecture-de-la-revue-des-sciences-de-gestion\/#primaryimage"},"thumbnailUrl":"https:\/\/www.uqac.ca\/uqactualites\/wp-content\/uploads\/2012\/09\/Serge-Raynal-Web.jpg","datePublished":"2012-09-13T18:04:40+00:00","dateModified":"2012-09-13T18:04:40+00:00","author":{"@id":"https:\/\/www.uqac.ca\/uqactualites\/#\/schema\/person\/366c45a0c4f0e677b41b4af5886e2018"},"breadcrumb":{"@id":"https:\/\/www.uqac.ca\/uqactualites\/2012\/09\/13\/nomination-de-serge-raynal-au-comite-international-devaluation-et-de-lecture-de-la-revue-des-sciences-de-gestion\/#breadcrumb"},"inLanguage":"fr-CA","potentialAction":[{"@type":"ReadAction","target":["https:\/\/www.uqac.ca\/uqactualites\/2012\/09\/13\/nomination-de-serge-raynal-au-comite-international-devaluation-et-de-lecture-de-la-revue-des-sciences-de-gestion\/"]}]},{"@type":"ImageObject","inLanguage":"fr-CA","@id":"https:\/\/www.uqac.ca\/uqactualites\/2012\/09\/13\/nomination-de-serge-raynal-au-comite-international-devaluation-et-de-lecture-de-la-revue-des-sciences-de-gestion\/#primaryimage","url":"https:\/\/www.uqac.ca\/uqactualites\/wp-content\/uploads\/2012\/09\/Serge-Raynal-Web.jpg","contentUrl":"https:\/\/www.uqac.ca\/uqactualites\/wp-content\/uploads\/2012\/09\/Serge-Raynal-Web.jpg","width":620,"height":300},{"@type":"BreadcrumbList","@id":"https:\/\/www.uqac.ca\/uqactualites\/2012\/09\/13\/nomination-de-serge-raynal-au-comite-international-devaluation-et-de-lecture-de-la-revue-des-sciences-de-gestion\/#breadcrumb","itemListElement":[{"@type":"ListItem","position":1,"name":"Home","item":"https:\/\/www.uqac.ca\/uqactualites\/"},{"@type":"ListItem","position":2,"name":"Nomination de Serge Raynal au Comit\u00e9 international d\u2019\u00e9valuation et de lecture de la Revue des Sciences de Gestion"}]},{"@type":"WebSite","@id":"https:\/\/www.uqac.ca\/uqactualites\/#website","url":"https:\/\/www.uqac.ca\/uqactualites\/","name":"UQACtualit\u00e9s","description":"Le portail des nouvelles de l&#039;UQAC","potentialAction":[{"@type":"SearchAction","target":{"@type":"EntryPoint","urlTemplate":"https:\/\/www.uqac.ca\/uqactualites\/?s={search_term_string}"},"query-input":{"@type":"PropertyValueSpecification","valueRequired":true,"valueName":"search_term_string"}}],"inLanguage":"fr-CA"},{"@type":"Person","@id":"https:\/\/www.uqac.ca\/uqactualites\/#\/schema\/person\/366c45a0c4f0e677b41b4af5886e2018","name":"Service des communications et des relations publiques","image":{"@type":"ImageObject","inLanguage":"fr-CA","@id":"https:\/\/www.uqac.ca\/uqactualites\/#\/schema\/person\/image\/","url":"https:\/\/secure.gravatar.com\/avatar\/20fbbda8a292f59f2d3461a5b999c00b?s=96&d=mm&r=g","contentUrl":"https:\/\/secure.gravatar.com\/avatar\/20fbbda8a292f59f2d3461a5b999c00b?s=96&d=mm&r=g","caption":"Service des communications et des relations publiques"},"url":"https:\/\/www.uqac.ca\/uqactualites\/author\/bap\/"}]}},"_links":{"self":[{"href":"https:\/\/www.uqac.ca\/uqactualites\/wp-json\/wp\/v2\/posts\/21192"}],"collection":[{"href":"https:\/\/www.uqac.ca\/uqactualites\/wp-json\/wp\/v2\/posts"}],"about":[{"href":"https:\/\/www.uqac.ca\/uqactualites\/wp-json\/wp\/v2\/types\/post"}],"author":[{"embeddable":true,"href":"https:\/\/www.uqac.ca\/uqactualites\/wp-json\/wp\/v2\/users\/5"}],"replies":[{"embeddable":true,"href":"https:\/\/www.uqac.ca\/uqactualites\/wp-json\/wp\/v2\/comments?post=21192"}],"version-history":[{"count":0,"href":"https:\/\/www.uqac.ca\/uqactualites\/wp-json\/wp\/v2\/posts\/21192\/revisions"}],"wp:featuredmedia":[{"embeddable":true,"href":"https:\/\/www.uqac.ca\/uqactualites\/wp-json\/wp\/v2\/media\/21194"}],"wp:attachment":[{"href":"https:\/\/www.uqac.ca\/uqactualites\/wp-json\/wp\/v2\/media?parent=21192"}],"wp:term":[{"taxonomy":"category","embeddable":true,"href":"https:\/\/www.uqac.ca\/uqactualites\/wp-json\/wp\/v2\/categories?post=21192"},{"taxonomy":"post_tag","embeddable":true,"href":"https:\/\/www.uqac.ca\/uqactualites\/wp-json\/wp\/v2\/tags?post=21192"}],"curies":[{"name":"wp","href":"https:\/\/api.w.org\/{rel}","templated":true}]}}