{"id":21258,"date":"2012-09-18T15:19:33","date_gmt":"2012-09-18T19:19:33","guid":{"rendered":"http:\/\/uqactualite.odev.ca\/?p=21258"},"modified":"2012-09-18T15:19:33","modified_gmt":"2012-09-18T19:19:33","slug":"le-dr-stanley-vollant-entame-la-marche-automnale-2012-dinnu-meshkenu","status":"publish","type":"post","link":"https:\/\/www.uqac.ca\/uqactualites\/2012\/09\/18\/le-dr-stanley-vollant-entame-la-marche-automnale-2012-dinnu-meshkenu\/","title":{"rendered":"Le Dr Stanley Vollant entame la marche automnale 2012 d&rsquo;Innu Meshkenu"},"content":{"rendered":"<p style=\"text-align: justify\">C\u2019est le vendredi 14 septembre dernier que commen\u00e7ait l\u2019exp\u00e9dition automnale du projet Innu Meshkenu, dont le Centre des Premi\u00e8res Nations Nikanite assure la gestion. Au d\u00e9part d\u2019Old Fort, en Basse-C\u00f4te-Nord, le D<sup>r<\/sup> Stanley Vollant et 3 autres marcheurs se rendront jusqu\u2019\u00e0 Sheshatshiu, en passant par Lourdes-de-Blanc-Sablon, L\u2019Anse-au-loup et Goose Bay. Cette \u00e9tape de marche fait notamment suite \u00e0 celle qui avait men\u00e9 le D<sup>r<\/sup> Vollant \u00e0 l\u2019UQAC l\u2019automne dernier.<strong><\/strong><\/p>\n<p style=\"text-align: justify\" align=\"left\"><strong><\/strong>Cette exp\u00e9dition au Labrador, d\u2019une dur\u00e9e de 22 jours et totalisant 733 kilom\u00e8tres, permettra \u00e0 l\u2019\u00e9quipe de rencontrer les membres des communaut\u00e9s situ\u00e9es le long du parcours et qui comptent un grand nombre de m\u00e9tis, de m\u00eame que la communaut\u00e9 innue de Sheshatshiu. Parmi l\u2019\u00e9quipe se retrouvent \u00e9galement 2 \u00e9tudiants dipl\u00f4m\u00e9s du baccalaur\u00e9at en plein air et tourisme d\u2019aventure qui assurent la logistique du voyage.<\/p>\n<p style=\"text-align: justify\">La prochaine exp\u00e9dition du D<sup>r<\/sup> Vollant aura lieu du 18 f\u00e9vrier au 7 mars prochains, alors qu\u2019il marchera de Manawan \u00e0 Ktcisakik en compagnie de son \u00e9quipe.<strong><\/strong><\/p>\n<p style=\"text-align: justify\"><strong><br \/>\n<span style=\"color: #5a7411\">Quelques mots sur <em>Innu Meshkenu<\/em><\/span><\/strong><br \/>\nLe projet <strong><em>Innu Meshkenu\u00a0: \u00ab\u00a0Le chemin de l\u2019Homme\u00a0\u00bb<\/em><\/strong> est n\u00e9 d\u2019une volont\u00e9 du D<sup>r<\/sup> Stanley Vollant de soulager la d\u00e9tresse des communaut\u00e9s autochtones et de les guider vers de meilleures habitudes de vie. Pour r\u00e9aliser cette mission, il sillonne depuis 2010 les routes du Qu\u00e9bec afin de partager ses connaissances avec les communaut\u00e9s autochtones. Au total, plus de 5\u00a0000 kilom\u00e8tres auront \u00e9t\u00e9 parcourus par le D<sup>r<\/sup> Vollant et son \u00e9quipe \u00e0 l\u2019automne\u00a02015. Cette grande marche, qui sera marqu\u00e9e par des arr\u00eats dans les \u00e9coles et dans diff\u00e9rents lieux de rassemblement chez plusieurs communaut\u00e9s autochtones du Qu\u00e9bec, permettra au D<sup>r<\/sup> Vollant de r\u00e9pandre l\u2019inspiration et l\u2019espoir d\u2019une vie meilleure aupr\u00e8s des jeunes. Le p\u00e9riple permettra \u00e9galement de rencontrer des a\u00een\u00e9s qui sauront transmettre des \u00e9l\u00e9ments de connaissance et de m\u00e9decine traditionnelle, pour ainsi contribuer \u00e0 la conservation et \u00e0 la transmission du patrimoine autochtone.<\/p>\n<p style=\"text-align: justify\"><strong>Pour conna\u00eetre l\u2019itin\u00e9raire complet et \u00eatre au fait des derni\u00e8res nouvelles de chaque jour de marche, visitez le<span style=\"color: #5a7411\"> <a href=\"http:\/\/www.innu-meshkenu.com\"><span style=\"color: #5a7411\">http:\/\/www.innu-meshkenu.com<\/span><\/a><\/span>.<\/strong><\/p>\n<p><span style=\"color: #808080\">________________________________________________________________________________________<\/span><\/p>\n<p style=\"text-align: justify\" align=\"left\"><span style=\"color: #808080\"><strong>Sur la photo, dans l&rsquo;ordre habituel :<\/strong> Lyne McKenzie, Innue de Matimekossh; \u00c9ric Hervieux, policier Innu de Pessamit; D<sup>r<\/sup> Stanley Vollant, Innu de Pessamit et Johanne-Alice C\u00f4t\u00e9, de Montr\u00e9al.<\/span><br \/>\n<span style=\"color: #808080\"><strong>Photographie :<\/strong> Courtoisie de Innu Meshkenu<\/span><br \/>\n<span style=\"color: #808080\"> ________________________________________________________________________________________<\/span><\/p>\n","protected":false},"excerpt":{"rendered":"<p>C\u2019est le vendredi 14 septembre dernier que commen\u00e7ait l\u2019exp\u00e9dition automnale du projet Innu Meshkenu, dont le Centre des Premi\u00e8res Nations Nikanite assure la gestion. Au d\u00e9part d\u2019Old Fort, en Basse-C\u00f4te-Nord, le Dr Stanley Vollant et 3 autres marcheurs se rendront jusqu\u2019\u00e0 Sheshatshiu, en passant par Lourdes-de-Blanc-Sablon, L\u2019Anse-au-loup et Goose Bay. Cette \u00e9tape de marche fait [&hellip;]<\/p>\n","protected":false},"author":5,"featured_media":21259,"comment_status":"open","ping_status":"open","sticky":false,"template":"","format":"standard","meta":{"footnotes":""},"categories":[2,61],"tags":[2519,1125,151,1957,2520],"yoast_head":"<!-- This site is optimized with the Yoast SEO plugin v24.2 - https:\/\/yoast.com\/wordpress\/plugins\/seo\/ -->\r\n<title>Le Dr Stanley Vollant entame la marche automnale 2012 d&#039;Innu Meshkenu - UQACtualit\u00e9s<\/title>\r\n<meta name=\"robots\" content=\"index, follow, max-snippet:-1, max-image-preview:large, max-video-preview:-1\" \/>\r\n<link rel=\"canonical\" href=\"https:\/\/www.uqac.ca\/uqactualites\/2012\/09\/18\/le-dr-stanley-vollant-entame-la-marche-automnale-2012-dinnu-meshkenu\/\" \/>\r\n<meta property=\"og:locale\" content=\"fr_CA\" \/>\r\n<meta property=\"og:type\" content=\"article\" \/>\r\n<meta property=\"og:title\" content=\"Le Dr Stanley Vollant entame la marche automnale 2012 d&#039;Innu Meshkenu - UQACtualit\u00e9s\" \/>\r\n<meta property=\"og:description\" content=\"C\u2019est le vendredi 14 septembre dernier que commen\u00e7ait l\u2019exp\u00e9dition automnale du projet Innu Meshkenu, dont le Centre des Premi\u00e8res Nations Nikanite assure la gestion. Au d\u00e9part d\u2019Old Fort, en Basse-C\u00f4te-Nord, le Dr Stanley Vollant et 3 autres marcheurs se rendront jusqu\u2019\u00e0 Sheshatshiu, en passant par Lourdes-de-Blanc-Sablon, L\u2019Anse-au-loup et Goose Bay. Cette \u00e9tape de marche fait [&hellip;]\" \/>\r\n<meta property=\"og:url\" content=\"https:\/\/www.uqac.ca\/uqactualites\/2012\/09\/18\/le-dr-stanley-vollant-entame-la-marche-automnale-2012-dinnu-meshkenu\/\" \/>\r\n<meta property=\"og:site_name\" content=\"UQACtualit\u00e9s\" \/>\r\n<meta property=\"article:published_time\" content=\"2012-09-18T19:19:33+00:00\" \/>\r\n<meta property=\"og:image\" content=\"https:\/\/www.uqac.ca\/uqactualites\/wp-content\/uploads\/2012\/09\/Innu-Meshkenu-Web.jpg\" \/>\r\n\t<meta property=\"og:image:width\" content=\"620\" \/>\r\n\t<meta property=\"og:image:height\" content=\"300\" \/>\r\n\t<meta property=\"og:image:type\" content=\"image\/jpeg\" \/>\r\n<meta name=\"author\" content=\"Service des communications et des relations publiques\" \/>\r\n<meta name=\"twitter:card\" content=\"summary_large_image\" \/>\r\n<meta name=\"twitter:label1\" content=\"\u00c9crit par\" \/>\n\t<meta name=\"twitter:data1\" content=\"Service des communications et des relations publiques\" \/>\n\t<meta name=\"twitter:label2\" content=\"Estimation du temps de lecture\" \/>\n\t<meta name=\"twitter:data2\" content=\"2 minutes\" \/>\r\n<script type=\"application\/ld+json\" class=\"yoast-schema-graph\">{\"@context\":\"https:\/\/schema.org\",\"@graph\":[{\"@type\":\"WebPage\",\"@id\":\"https:\/\/www.uqac.ca\/uqactualites\/2012\/09\/18\/le-dr-stanley-vollant-entame-la-marche-automnale-2012-dinnu-meshkenu\/\",\"url\":\"https:\/\/www.uqac.ca\/uqactualites\/2012\/09\/18\/le-dr-stanley-vollant-entame-la-marche-automnale-2012-dinnu-meshkenu\/\",\"name\":\"Le Dr Stanley Vollant entame la marche automnale 2012 d'Innu Meshkenu - UQACtualit\u00e9s\",\"isPartOf\":{\"@id\":\"https:\/\/www.uqac.ca\/uqactualites\/#website\"},\"primaryImageOfPage\":{\"@id\":\"https:\/\/www.uqac.ca\/uqactualites\/2012\/09\/18\/le-dr-stanley-vollant-entame-la-marche-automnale-2012-dinnu-meshkenu\/#primaryimage\"},\"image\":{\"@id\":\"https:\/\/www.uqac.ca\/uqactualites\/2012\/09\/18\/le-dr-stanley-vollant-entame-la-marche-automnale-2012-dinnu-meshkenu\/#primaryimage\"},\"thumbnailUrl\":\"https:\/\/www.uqac.ca\/uqactualites\/wp-content\/uploads\/2012\/09\/Innu-Meshkenu-Web.jpg\",\"datePublished\":\"2012-09-18T19:19:33+00:00\",\"dateModified\":\"2012-09-18T19:19:33+00:00\",\"author\":{\"@id\":\"https:\/\/www.uqac.ca\/uqactualites\/#\/schema\/person\/366c45a0c4f0e677b41b4af5886e2018\"},\"breadcrumb\":{\"@id\":\"https:\/\/www.uqac.ca\/uqactualites\/2012\/09\/18\/le-dr-stanley-vollant-entame-la-marche-automnale-2012-dinnu-meshkenu\/#breadcrumb\"},\"inLanguage\":\"fr-CA\",\"potentialAction\":[{\"@type\":\"ReadAction\",\"target\":[\"https:\/\/www.uqac.ca\/uqactualites\/2012\/09\/18\/le-dr-stanley-vollant-entame-la-marche-automnale-2012-dinnu-meshkenu\/\"]}]},{\"@type\":\"ImageObject\",\"inLanguage\":\"fr-CA\",\"@id\":\"https:\/\/www.uqac.ca\/uqactualites\/2012\/09\/18\/le-dr-stanley-vollant-entame-la-marche-automnale-2012-dinnu-meshkenu\/#primaryimage\",\"url\":\"https:\/\/www.uqac.ca\/uqactualites\/wp-content\/uploads\/2012\/09\/Innu-Meshkenu-Web.jpg\",\"contentUrl\":\"https:\/\/www.uqac.ca\/uqactualites\/wp-content\/uploads\/2012\/09\/Innu-Meshkenu-Web.jpg\",\"width\":620,\"height\":300},{\"@type\":\"BreadcrumbList\",\"@id\":\"https:\/\/www.uqac.ca\/uqactualites\/2012\/09\/18\/le-dr-stanley-vollant-entame-la-marche-automnale-2012-dinnu-meshkenu\/#breadcrumb\",\"itemListElement\":[{\"@type\":\"ListItem\",\"position\":1,\"name\":\"Home\",\"item\":\"https:\/\/www.uqac.ca\/uqactualites\/\"},{\"@type\":\"ListItem\",\"position\":2,\"name\":\"Le Dr Stanley Vollant entame la marche automnale 2012 d&rsquo;Innu Meshkenu\"}]},{\"@type\":\"WebSite\",\"@id\":\"https:\/\/www.uqac.ca\/uqactualites\/#website\",\"url\":\"https:\/\/www.uqac.ca\/uqactualites\/\",\"name\":\"UQACtualit\u00e9s\",\"description\":\"Le portail des nouvelles de l&#039;UQAC\",\"potentialAction\":[{\"@type\":\"SearchAction\",\"target\":{\"@type\":\"EntryPoint\",\"urlTemplate\":\"https:\/\/www.uqac.ca\/uqactualites\/?s={search_term_string}\"},\"query-input\":{\"@type\":\"PropertyValueSpecification\",\"valueRequired\":true,\"valueName\":\"search_term_string\"}}],\"inLanguage\":\"fr-CA\"},{\"@type\":\"Person\",\"@id\":\"https:\/\/www.uqac.ca\/uqactualites\/#\/schema\/person\/366c45a0c4f0e677b41b4af5886e2018\",\"name\":\"Service des communications et des relations publiques\",\"image\":{\"@type\":\"ImageObject\",\"inLanguage\":\"fr-CA\",\"@id\":\"https:\/\/www.uqac.ca\/uqactualites\/#\/schema\/person\/image\/\",\"url\":\"https:\/\/secure.gravatar.com\/avatar\/20fbbda8a292f59f2d3461a5b999c00b?s=96&d=mm&r=g\",\"contentUrl\":\"https:\/\/secure.gravatar.com\/avatar\/20fbbda8a292f59f2d3461a5b999c00b?s=96&d=mm&r=g\",\"caption\":\"Service des communications et des relations publiques\"},\"url\":\"https:\/\/www.uqac.ca\/uqactualites\/author\/bap\/\"}]}<\/script>\r\n<!-- \/ Yoast SEO plugin. -->","yoast_head_json":{"title":"Le Dr Stanley Vollant entame la marche automnale 2012 d'Innu Meshkenu - UQACtualit\u00e9s","robots":{"index":"index","follow":"follow","max-snippet":"max-snippet:-1","max-image-preview":"max-image-preview:large","max-video-preview":"max-video-preview:-1"},"canonical":"https:\/\/www.uqac.ca\/uqactualites\/2012\/09\/18\/le-dr-stanley-vollant-entame-la-marche-automnale-2012-dinnu-meshkenu\/","og_locale":"fr_CA","og_type":"article","og_title":"Le Dr Stanley Vollant entame la marche automnale 2012 d'Innu Meshkenu - UQACtualit\u00e9s","og_description":"C\u2019est le vendredi 14 septembre dernier que commen\u00e7ait l\u2019exp\u00e9dition automnale du projet Innu Meshkenu, dont le Centre des Premi\u00e8res Nations Nikanite assure la gestion. Au d\u00e9part d\u2019Old Fort, en Basse-C\u00f4te-Nord, le Dr Stanley Vollant et 3 autres marcheurs se rendront jusqu\u2019\u00e0 Sheshatshiu, en passant par Lourdes-de-Blanc-Sablon, L\u2019Anse-au-loup et Goose Bay. Cette \u00e9tape de marche fait [&hellip;]","og_url":"https:\/\/www.uqac.ca\/uqactualites\/2012\/09\/18\/le-dr-stanley-vollant-entame-la-marche-automnale-2012-dinnu-meshkenu\/","og_site_name":"UQACtualit\u00e9s","article_published_time":"2012-09-18T19:19:33+00:00","og_image":[{"width":620,"height":300,"url":"https:\/\/www.uqac.ca\/uqactualites\/wp-content\/uploads\/2012\/09\/Innu-Meshkenu-Web.jpg","type":"image\/jpeg"}],"author":"Service des communications et des relations publiques","twitter_card":"summary_large_image","twitter_misc":{"\u00c9crit par":"Service des communications et des relations publiques","Estimation du temps de lecture":"2 minutes"},"schema":{"@context":"https:\/\/schema.org","@graph":[{"@type":"WebPage","@id":"https:\/\/www.uqac.ca\/uqactualites\/2012\/09\/18\/le-dr-stanley-vollant-entame-la-marche-automnale-2012-dinnu-meshkenu\/","url":"https:\/\/www.uqac.ca\/uqactualites\/2012\/09\/18\/le-dr-stanley-vollant-entame-la-marche-automnale-2012-dinnu-meshkenu\/","name":"Le Dr Stanley Vollant entame la marche automnale 2012 d'Innu Meshkenu - UQACtualit\u00e9s","isPartOf":{"@id":"https:\/\/www.uqac.ca\/uqactualites\/#website"},"primaryImageOfPage":{"@id":"https:\/\/www.uqac.ca\/uqactualites\/2012\/09\/18\/le-dr-stanley-vollant-entame-la-marche-automnale-2012-dinnu-meshkenu\/#primaryimage"},"image":{"@id":"https:\/\/www.uqac.ca\/uqactualites\/2012\/09\/18\/le-dr-stanley-vollant-entame-la-marche-automnale-2012-dinnu-meshkenu\/#primaryimage"},"thumbnailUrl":"https:\/\/www.uqac.ca\/uqactualites\/wp-content\/uploads\/2012\/09\/Innu-Meshkenu-Web.jpg","datePublished":"2012-09-18T19:19:33+00:00","dateModified":"2012-09-18T19:19:33+00:00","author":{"@id":"https:\/\/www.uqac.ca\/uqactualites\/#\/schema\/person\/366c45a0c4f0e677b41b4af5886e2018"},"breadcrumb":{"@id":"https:\/\/www.uqac.ca\/uqactualites\/2012\/09\/18\/le-dr-stanley-vollant-entame-la-marche-automnale-2012-dinnu-meshkenu\/#breadcrumb"},"inLanguage":"fr-CA","potentialAction":[{"@type":"ReadAction","target":["https:\/\/www.uqac.ca\/uqactualites\/2012\/09\/18\/le-dr-stanley-vollant-entame-la-marche-automnale-2012-dinnu-meshkenu\/"]}]},{"@type":"ImageObject","inLanguage":"fr-CA","@id":"https:\/\/www.uqac.ca\/uqactualites\/2012\/09\/18\/le-dr-stanley-vollant-entame-la-marche-automnale-2012-dinnu-meshkenu\/#primaryimage","url":"https:\/\/www.uqac.ca\/uqactualites\/wp-content\/uploads\/2012\/09\/Innu-Meshkenu-Web.jpg","contentUrl":"https:\/\/www.uqac.ca\/uqactualites\/wp-content\/uploads\/2012\/09\/Innu-Meshkenu-Web.jpg","width":620,"height":300},{"@type":"BreadcrumbList","@id":"https:\/\/www.uqac.ca\/uqactualites\/2012\/09\/18\/le-dr-stanley-vollant-entame-la-marche-automnale-2012-dinnu-meshkenu\/#breadcrumb","itemListElement":[{"@type":"ListItem","position":1,"name":"Home","item":"https:\/\/www.uqac.ca\/uqactualites\/"},{"@type":"ListItem","position":2,"name":"Le Dr Stanley Vollant entame la marche automnale 2012 d&rsquo;Innu Meshkenu"}]},{"@type":"WebSite","@id":"https:\/\/www.uqac.ca\/uqactualites\/#website","url":"https:\/\/www.uqac.ca\/uqactualites\/","name":"UQACtualit\u00e9s","description":"Le portail des nouvelles de l&#039;UQAC","potentialAction":[{"@type":"SearchAction","target":{"@type":"EntryPoint","urlTemplate":"https:\/\/www.uqac.ca\/uqactualites\/?s={search_term_string}"},"query-input":{"@type":"PropertyValueSpecification","valueRequired":true,"valueName":"search_term_string"}}],"inLanguage":"fr-CA"},{"@type":"Person","@id":"https:\/\/www.uqac.ca\/uqactualites\/#\/schema\/person\/366c45a0c4f0e677b41b4af5886e2018","name":"Service des communications et des relations publiques","image":{"@type":"ImageObject","inLanguage":"fr-CA","@id":"https:\/\/www.uqac.ca\/uqactualites\/#\/schema\/person\/image\/","url":"https:\/\/secure.gravatar.com\/avatar\/20fbbda8a292f59f2d3461a5b999c00b?s=96&d=mm&r=g","contentUrl":"https:\/\/secure.gravatar.com\/avatar\/20fbbda8a292f59f2d3461a5b999c00b?s=96&d=mm&r=g","caption":"Service des communications et des relations publiques"},"url":"https:\/\/www.uqac.ca\/uqactualites\/author\/bap\/"}]}},"_links":{"self":[{"href":"https:\/\/www.uqac.ca\/uqactualites\/wp-json\/wp\/v2\/posts\/21258"}],"collection":[{"href":"https:\/\/www.uqac.ca\/uqactualites\/wp-json\/wp\/v2\/posts"}],"about":[{"href":"https:\/\/www.uqac.ca\/uqactualites\/wp-json\/wp\/v2\/types\/post"}],"author":[{"embeddable":true,"href":"https:\/\/www.uqac.ca\/uqactualites\/wp-json\/wp\/v2\/users\/5"}],"replies":[{"embeddable":true,"href":"https:\/\/www.uqac.ca\/uqactualites\/wp-json\/wp\/v2\/comments?post=21258"}],"version-history":[{"count":0,"href":"https:\/\/www.uqac.ca\/uqactualites\/wp-json\/wp\/v2\/posts\/21258\/revisions"}],"wp:featuredmedia":[{"embeddable":true,"href":"https:\/\/www.uqac.ca\/uqactualites\/wp-json\/wp\/v2\/media\/21259"}],"wp:attachment":[{"href":"https:\/\/www.uqac.ca\/uqactualites\/wp-json\/wp\/v2\/media?parent=21258"}],"wp:term":[{"taxonomy":"category","embeddable":true,"href":"https:\/\/www.uqac.ca\/uqactualites\/wp-json\/wp\/v2\/categories?post=21258"},{"taxonomy":"post_tag","embeddable":true,"href":"https:\/\/www.uqac.ca\/uqactualites\/wp-json\/wp\/v2\/tags?post=21258"}],"curies":[{"name":"wp","href":"https:\/\/api.w.org\/{rel}","templated":true}]}}