{"id":21309,"date":"2012-09-21T09:42:45","date_gmt":"2012-09-21T13:42:45","guid":{"rendered":"http:\/\/uqactualite.odev.ca\/?p=21309"},"modified":"2012-09-21T09:42:45","modified_gmt":"2012-09-21T13:42:45","slug":"rencontre-dauteurs","status":"publish","type":"post","link":"https:\/\/www.uqac.ca\/uqactualites\/2012\/09\/21\/rencontre-dauteurs\/","title":{"rendered":"Rencontre d\u2019auteurs"},"content":{"rendered":"<p style=\"text-align: justify\">Dans le cadre des activit\u00e9s \u00ab Hors les murs \u00bb du Salon du livre du Saguenay\u2212Lac-Saint-Jean, le Centre des Premi\u00e8res Nations Nikanite et le D\u00e9partement des arts et lettres de l\u2019UQAC vous invitent \u00e0 venir assister \u00e0 deux conf\u00e9rences sous la forme de rencontre d\u2019auteurs\u00a0:<\/p>\n<p align=\"center\"><span style=\"color: #5a7411\">\u00a0<strong>Jeudi 27 septembre 2012<br \/>\nP0-5000<br \/>\n11\u00a0h \u00e0 12\u00a0h\u00a0: Michel No\u00ebl\u00a0\u00a0<\/strong><\/span><strong><span style=\"color: #5a7411\">\u25aa\u00a0 12\u00a0h \u00e0 13\u00a0h\u00a0: Patrick S\u00e9n\u00e9cal<\/span><\/strong><\/p>\n<p style=\"text-align: center\"><strong>Entr\u00e9e libre<\/strong><\/p>\n<p style=\"text-align: justify\">Le Salon du livre favorise les rencontres avec les auteurs \u00e0 travers toute la r\u00e9gion dans les biblioth\u00e8ques, les entreprises, les associations et les institutions d\u2019enseignement. Moments privil\u00e9gi\u00e9s d\u2019\u00e9change et d\u2019\u00e9mulation, ces rendez-vous permettent aux lecteurs de mieux conna\u00eetre les \u00e9crivains qui les font r\u00eaver, rire, pleurer, voyager.<\/p>\n<p><span style=\"color: #5a7411\"><a title=\"Rencontre d'auteurs\" href=\"http:\/\/www.uqac.ca\/wp-content\/uploads\/2012\/09\/AFF-Nikanit\u00e9ConfSalonLivre-A12.pdf\" target=\"_blank\" rel=\"noopener\"><span style=\"color: #5a7411\"><strong>Consultez l\u2019affiche de l\u2019\u00e9v\u00e9nement en ligne.<\/strong><\/span><\/a><\/span><\/p>\n<p>&nbsp;<\/p>\n<p><strong>Renseignements\u00a0:<\/strong><br \/>\nSophie Riverin, charg\u00e9e de gestion<br \/>\nCentre des Premi\u00e8res Nations Nikanite<br \/>\nUniversit\u00e9 du Qu\u00e9bec \u00e0 Chicoutimi<br \/>\n418 545-5011, poste\u00a02554\u00a0 \u25aa\u00a0 <span style=\"color: #5a7411\"><a href=\"mailto:sophie_riverin@uqac.ca\"><span style=\"color: #5a7411\">sophie_riverin@uqac.ca<\/span><\/a><\/span><\/p>\n","protected":false},"excerpt":{"rendered":"<p>Dans le cadre des activit\u00e9s \u00ab Hors les murs \u00bb du Salon du livre du Saguenay\u2212Lac-Saint-Jean, le Centre des Premi\u00e8res Nations Nikanite et le D\u00e9partement des arts et lettres de l\u2019UQAC vous invitent \u00e0 venir assister \u00e0 deux conf\u00e9rences sous la forme de rencontre d\u2019auteurs\u00a0: \u00a0Jeudi 27 septembre 2012 P0-5000 11\u00a0h \u00e0 12\u00a0h\u00a0: Michel No\u00ebl\u00a0\u00a0\u25aa\u00a0 [&hellip;]<\/p>\n","protected":false},"author":5,"featured_media":20989,"comment_status":"closed","ping_status":"open","sticky":false,"template":"","format":"standard","meta":{"footnotes":""},"categories":[2772],"tags":[2521,223,1003],"yoast_head":"<!-- This site is optimized with the Yoast SEO plugin v24.2 - https:\/\/yoast.com\/wordpress\/plugins\/seo\/ -->\r\n<title>Rencontre d\u2019auteurs - UQACtualit\u00e9s<\/title>\r\n<meta name=\"robots\" content=\"index, follow, max-snippet:-1, max-image-preview:large, max-video-preview:-1\" \/>\r\n<link rel=\"canonical\" href=\"https:\/\/www.uqac.ca\/uqactualites\/2012\/09\/21\/rencontre-dauteurs\/\" \/>\r\n<meta property=\"og:locale\" content=\"fr_CA\" \/>\r\n<meta property=\"og:type\" content=\"article\" \/>\r\n<meta property=\"og:title\" content=\"Rencontre d\u2019auteurs - UQACtualit\u00e9s\" \/>\r\n<meta property=\"og:description\" content=\"Dans le cadre des activit\u00e9s \u00ab Hors les murs \u00bb du Salon du livre du Saguenay\u2212Lac-Saint-Jean, le Centre des Premi\u00e8res Nations Nikanite et le D\u00e9partement des arts et lettres de l\u2019UQAC vous invitent \u00e0 venir assister \u00e0 deux conf\u00e9rences sous la forme de rencontre d\u2019auteurs\u00a0: \u00a0Jeudi 27 septembre 2012 P0-5000 11\u00a0h \u00e0 12\u00a0h\u00a0: Michel No\u00ebl\u00a0\u00a0\u25aa\u00a0 [&hellip;]\" \/>\r\n<meta property=\"og:url\" content=\"https:\/\/www.uqac.ca\/uqactualites\/2012\/09\/21\/rencontre-dauteurs\/\" \/>\r\n<meta property=\"og:site_name\" content=\"UQACtualit\u00e9s\" \/>\r\n<meta property=\"article:published_time\" content=\"2012-09-21T13:42:45+00:00\" \/>\r\n<meta property=\"og:image\" content=\"https:\/\/www.uqac.ca\/uqactualites\/wp-content\/uploads\/2012\/05\/avis-laCommunaut-.jpg\" \/>\r\n\t<meta property=\"og:image:width\" content=\"620\" \/>\r\n\t<meta property=\"og:image:height\" content=\"300\" \/>\r\n\t<meta property=\"og:image:type\" content=\"image\/jpeg\" \/>\r\n<meta name=\"author\" content=\"Service des communications et des relations publiques\" \/>\r\n<meta name=\"twitter:card\" content=\"summary_large_image\" \/>\r\n<meta name=\"twitter:label1\" content=\"\u00c9crit par\" \/>\n\t<meta name=\"twitter:data1\" content=\"Service des communications et des relations publiques\" \/>\n\t<meta name=\"twitter:label2\" content=\"Estimation du temps de lecture\" \/>\n\t<meta name=\"twitter:data2\" content=\"1 minute\" \/>\r\n<script type=\"application\/ld+json\" class=\"yoast-schema-graph\">{\"@context\":\"https:\/\/schema.org\",\"@graph\":[{\"@type\":\"WebPage\",\"@id\":\"https:\/\/www.uqac.ca\/uqactualites\/2012\/09\/21\/rencontre-dauteurs\/\",\"url\":\"https:\/\/www.uqac.ca\/uqactualites\/2012\/09\/21\/rencontre-dauteurs\/\",\"name\":\"Rencontre d\u2019auteurs - UQACtualit\u00e9s\",\"isPartOf\":{\"@id\":\"https:\/\/www.uqac.ca\/uqactualites\/#website\"},\"primaryImageOfPage\":{\"@id\":\"https:\/\/www.uqac.ca\/uqactualites\/2012\/09\/21\/rencontre-dauteurs\/#primaryimage\"},\"image\":{\"@id\":\"https:\/\/www.uqac.ca\/uqactualites\/2012\/09\/21\/rencontre-dauteurs\/#primaryimage\"},\"thumbnailUrl\":\"https:\/\/www.uqac.ca\/uqactualites\/wp-content\/uploads\/2012\/05\/avis-laCommunaut-.jpg\",\"datePublished\":\"2012-09-21T13:42:45+00:00\",\"dateModified\":\"2012-09-21T13:42:45+00:00\",\"author\":{\"@id\":\"https:\/\/www.uqac.ca\/uqactualites\/#\/schema\/person\/366c45a0c4f0e677b41b4af5886e2018\"},\"breadcrumb\":{\"@id\":\"https:\/\/www.uqac.ca\/uqactualites\/2012\/09\/21\/rencontre-dauteurs\/#breadcrumb\"},\"inLanguage\":\"fr-CA\",\"potentialAction\":[{\"@type\":\"ReadAction\",\"target\":[\"https:\/\/www.uqac.ca\/uqactualites\/2012\/09\/21\/rencontre-dauteurs\/\"]}]},{\"@type\":\"ImageObject\",\"inLanguage\":\"fr-CA\",\"@id\":\"https:\/\/www.uqac.ca\/uqactualites\/2012\/09\/21\/rencontre-dauteurs\/#primaryimage\",\"url\":\"https:\/\/www.uqac.ca\/uqactualites\/wp-content\/uploads\/2012\/05\/avis-laCommunaut-.jpg\",\"contentUrl\":\"https:\/\/www.uqac.ca\/uqactualites\/wp-content\/uploads\/2012\/05\/avis-laCommunaut-.jpg\",\"width\":620,\"height\":300},{\"@type\":\"BreadcrumbList\",\"@id\":\"https:\/\/www.uqac.ca\/uqactualites\/2012\/09\/21\/rencontre-dauteurs\/#breadcrumb\",\"itemListElement\":[{\"@type\":\"ListItem\",\"position\":1,\"name\":\"Home\",\"item\":\"https:\/\/www.uqac.ca\/uqactualites\/\"},{\"@type\":\"ListItem\",\"position\":2,\"name\":\"Rencontre d\u2019auteurs\"}]},{\"@type\":\"WebSite\",\"@id\":\"https:\/\/www.uqac.ca\/uqactualites\/#website\",\"url\":\"https:\/\/www.uqac.ca\/uqactualites\/\",\"name\":\"UQACtualit\u00e9s\",\"description\":\"Le portail des nouvelles de l&#039;UQAC\",\"potentialAction\":[{\"@type\":\"SearchAction\",\"target\":{\"@type\":\"EntryPoint\",\"urlTemplate\":\"https:\/\/www.uqac.ca\/uqactualites\/?s={search_term_string}\"},\"query-input\":{\"@type\":\"PropertyValueSpecification\",\"valueRequired\":true,\"valueName\":\"search_term_string\"}}],\"inLanguage\":\"fr-CA\"},{\"@type\":\"Person\",\"@id\":\"https:\/\/www.uqac.ca\/uqactualites\/#\/schema\/person\/366c45a0c4f0e677b41b4af5886e2018\",\"name\":\"Service des communications et des relations publiques\",\"image\":{\"@type\":\"ImageObject\",\"inLanguage\":\"fr-CA\",\"@id\":\"https:\/\/www.uqac.ca\/uqactualites\/#\/schema\/person\/image\/\",\"url\":\"https:\/\/secure.gravatar.com\/avatar\/20fbbda8a292f59f2d3461a5b999c00b?s=96&d=mm&r=g\",\"contentUrl\":\"https:\/\/secure.gravatar.com\/avatar\/20fbbda8a292f59f2d3461a5b999c00b?s=96&d=mm&r=g\",\"caption\":\"Service des communications et des relations publiques\"},\"url\":\"https:\/\/www.uqac.ca\/uqactualites\/author\/bap\/\"}]}<\/script>\r\n<!-- \/ Yoast SEO plugin. -->","yoast_head_json":{"title":"Rencontre d\u2019auteurs - UQACtualit\u00e9s","robots":{"index":"index","follow":"follow","max-snippet":"max-snippet:-1","max-image-preview":"max-image-preview:large","max-video-preview":"max-video-preview:-1"},"canonical":"https:\/\/www.uqac.ca\/uqactualites\/2012\/09\/21\/rencontre-dauteurs\/","og_locale":"fr_CA","og_type":"article","og_title":"Rencontre d\u2019auteurs - UQACtualit\u00e9s","og_description":"Dans le cadre des activit\u00e9s \u00ab Hors les murs \u00bb du Salon du livre du Saguenay\u2212Lac-Saint-Jean, le Centre des Premi\u00e8res Nations Nikanite et le D\u00e9partement des arts et lettres de l\u2019UQAC vous invitent \u00e0 venir assister \u00e0 deux conf\u00e9rences sous la forme de rencontre d\u2019auteurs\u00a0: \u00a0Jeudi 27 septembre 2012 P0-5000 11\u00a0h \u00e0 12\u00a0h\u00a0: Michel No\u00ebl\u00a0\u00a0\u25aa\u00a0 [&hellip;]","og_url":"https:\/\/www.uqac.ca\/uqactualites\/2012\/09\/21\/rencontre-dauteurs\/","og_site_name":"UQACtualit\u00e9s","article_published_time":"2012-09-21T13:42:45+00:00","og_image":[{"width":620,"height":300,"url":"https:\/\/www.uqac.ca\/uqactualites\/wp-content\/uploads\/2012\/05\/avis-laCommunaut-.jpg","type":"image\/jpeg"}],"author":"Service des communications et des relations publiques","twitter_card":"summary_large_image","twitter_misc":{"\u00c9crit par":"Service des communications et des relations publiques","Estimation du temps de lecture":"1 minute"},"schema":{"@context":"https:\/\/schema.org","@graph":[{"@type":"WebPage","@id":"https:\/\/www.uqac.ca\/uqactualites\/2012\/09\/21\/rencontre-dauteurs\/","url":"https:\/\/www.uqac.ca\/uqactualites\/2012\/09\/21\/rencontre-dauteurs\/","name":"Rencontre d\u2019auteurs - UQACtualit\u00e9s","isPartOf":{"@id":"https:\/\/www.uqac.ca\/uqactualites\/#website"},"primaryImageOfPage":{"@id":"https:\/\/www.uqac.ca\/uqactualites\/2012\/09\/21\/rencontre-dauteurs\/#primaryimage"},"image":{"@id":"https:\/\/www.uqac.ca\/uqactualites\/2012\/09\/21\/rencontre-dauteurs\/#primaryimage"},"thumbnailUrl":"https:\/\/www.uqac.ca\/uqactualites\/wp-content\/uploads\/2012\/05\/avis-laCommunaut-.jpg","datePublished":"2012-09-21T13:42:45+00:00","dateModified":"2012-09-21T13:42:45+00:00","author":{"@id":"https:\/\/www.uqac.ca\/uqactualites\/#\/schema\/person\/366c45a0c4f0e677b41b4af5886e2018"},"breadcrumb":{"@id":"https:\/\/www.uqac.ca\/uqactualites\/2012\/09\/21\/rencontre-dauteurs\/#breadcrumb"},"inLanguage":"fr-CA","potentialAction":[{"@type":"ReadAction","target":["https:\/\/www.uqac.ca\/uqactualites\/2012\/09\/21\/rencontre-dauteurs\/"]}]},{"@type":"ImageObject","inLanguage":"fr-CA","@id":"https:\/\/www.uqac.ca\/uqactualites\/2012\/09\/21\/rencontre-dauteurs\/#primaryimage","url":"https:\/\/www.uqac.ca\/uqactualites\/wp-content\/uploads\/2012\/05\/avis-laCommunaut-.jpg","contentUrl":"https:\/\/www.uqac.ca\/uqactualites\/wp-content\/uploads\/2012\/05\/avis-laCommunaut-.jpg","width":620,"height":300},{"@type":"BreadcrumbList","@id":"https:\/\/www.uqac.ca\/uqactualites\/2012\/09\/21\/rencontre-dauteurs\/#breadcrumb","itemListElement":[{"@type":"ListItem","position":1,"name":"Home","item":"https:\/\/www.uqac.ca\/uqactualites\/"},{"@type":"ListItem","position":2,"name":"Rencontre d\u2019auteurs"}]},{"@type":"WebSite","@id":"https:\/\/www.uqac.ca\/uqactualites\/#website","url":"https:\/\/www.uqac.ca\/uqactualites\/","name":"UQACtualit\u00e9s","description":"Le portail des nouvelles de l&#039;UQAC","potentialAction":[{"@type":"SearchAction","target":{"@type":"EntryPoint","urlTemplate":"https:\/\/www.uqac.ca\/uqactualites\/?s={search_term_string}"},"query-input":{"@type":"PropertyValueSpecification","valueRequired":true,"valueName":"search_term_string"}}],"inLanguage":"fr-CA"},{"@type":"Person","@id":"https:\/\/www.uqac.ca\/uqactualites\/#\/schema\/person\/366c45a0c4f0e677b41b4af5886e2018","name":"Service des communications et des relations publiques","image":{"@type":"ImageObject","inLanguage":"fr-CA","@id":"https:\/\/www.uqac.ca\/uqactualites\/#\/schema\/person\/image\/","url":"https:\/\/secure.gravatar.com\/avatar\/20fbbda8a292f59f2d3461a5b999c00b?s=96&d=mm&r=g","contentUrl":"https:\/\/secure.gravatar.com\/avatar\/20fbbda8a292f59f2d3461a5b999c00b?s=96&d=mm&r=g","caption":"Service des communications et des relations publiques"},"url":"https:\/\/www.uqac.ca\/uqactualites\/author\/bap\/"}]}},"_links":{"self":[{"href":"https:\/\/www.uqac.ca\/uqactualites\/wp-json\/wp\/v2\/posts\/21309"}],"collection":[{"href":"https:\/\/www.uqac.ca\/uqactualites\/wp-json\/wp\/v2\/posts"}],"about":[{"href":"https:\/\/www.uqac.ca\/uqactualites\/wp-json\/wp\/v2\/types\/post"}],"author":[{"embeddable":true,"href":"https:\/\/www.uqac.ca\/uqactualites\/wp-json\/wp\/v2\/users\/5"}],"replies":[{"embeddable":true,"href":"https:\/\/www.uqac.ca\/uqactualites\/wp-json\/wp\/v2\/comments?post=21309"}],"version-history":[{"count":0,"href":"https:\/\/www.uqac.ca\/uqactualites\/wp-json\/wp\/v2\/posts\/21309\/revisions"}],"wp:featuredmedia":[{"embeddable":true,"href":"https:\/\/www.uqac.ca\/uqactualites\/wp-json\/wp\/v2\/media\/20989"}],"wp:attachment":[{"href":"https:\/\/www.uqac.ca\/uqactualites\/wp-json\/wp\/v2\/media?parent=21309"}],"wp:term":[{"taxonomy":"category","embeddable":true,"href":"https:\/\/www.uqac.ca\/uqactualites\/wp-json\/wp\/v2\/categories?post=21309"},{"taxonomy":"post_tag","embeddable":true,"href":"https:\/\/www.uqac.ca\/uqactualites\/wp-json\/wp\/v2\/tags?post=21309"}],"curies":[{"name":"wp","href":"https:\/\/api.w.org\/{rel}","templated":true}]}}