{"id":21317,"date":"2012-09-21T11:32:55","date_gmt":"2012-09-21T15:32:55","guid":{"rendered":"http:\/\/uqactualite.odev.ca\/?p=21317"},"modified":"2012-09-21T11:32:55","modified_gmt":"2012-09-21T15:32:55","slug":"luniversite-du-quebec-a-chicoutimi-offrira-un-nouveau-profil-de-sa-maitrise-en-art-axe-sur-la-creation-3d-au-centre-nad","status":"publish","type":"post","link":"https:\/\/www.uqac.ca\/uqactualites\/2012\/09\/21\/luniversite-du-quebec-a-chicoutimi-offrira-un-nouveau-profil-de-sa-maitrise-en-art-axe-sur-la-creation-3d-au-centre-nad\/","title":{"rendered":"L\u2019Universit\u00e9 du Qu\u00e9bec \u00e0 Chicoutimi offrira un nouveau profil de sa ma\u00eetrise en art ax\u00e9 sur la cr\u00e9ation 3D au Centre NAD"},"content":{"rendered":"<p style=\"text-align: right\"><strong>COMMUNIQU\u00c9<\/strong><br \/>\n<strong>POUR DIFFUSION IMM\u00c9DIATE<\/strong><\/p>\n<p style=\"text-align: justify\"><strong>Montr\u00e9al, le 21 septembre 2012<\/strong> \u2013<strong> <\/strong>L\u2019Universit\u00e9 du Qu\u00e9bec \u00e0 Chicoutimi (UQAC) est fi\u00e8re d\u2019annoncer, en collaboration avec le Centre national d\u2019animation et de design (Centre NAD), le d\u00e9marrage d\u2019une nouvelle cohorte de sa ma\u00eetrise en art avec profil en animation 3D et en design num\u00e9rique \u00e0 compter de l\u2019hiver 2013.<\/p>\n<p style=\"text-align: justify\">\u00ab\u00a0Depuis la cr\u00e9ation du Centre NAD en 1992, nous contribuons activement \u00e0 l\u2019essor de l\u2019industrie qu\u00e9b\u00e9coise de l\u2019animation, notamment en formant de nouveaux talents,\u00a0\u00bb a d\u00e9clar\u00e9 Suzanne Gu\u00e8vremont, directrice g\u00e9n\u00e9rale du Centre NAD. \u00ab\u00a0Avec ce nouveau programme de ma\u00eetrise en art ax\u00e9 sur la cr\u00e9ation 3D, nous comptons faire un pas de plus et devenir un acteur de premier plan dans la r\u00e9invention de cette discipline,\u00bb a-t-elle conclu.<\/p>\n<p style=\"text-align: justify\">Le programme de ma\u00eetrise en art avec profil en animation 3D et en design num\u00e9rique du Centre NAD vise \u00e0 permettre aux \u00e9tudiants de poursuivre leur formation en se consacrant enti\u00e8rement \u00e0 un projet de recherche ax\u00e9 sur la cr\u00e9ation 3D. Il comporte 45 cr\u00e9dits r\u00e9partis sur six trimestres \u00e0 temps plein. Dans le cadre de leur cheminement, les \u00e9tudiants devront compl\u00e9ter neuf cours et ateliers totalisant 27 cr\u00e9dits ainsi qu\u2019une activit\u00e9 de recherche-cr\u00e9ation de 18 cr\u00e9dits. Le corps professoral sera constitu\u00e9 d\u2019enseignants \u00e0 temps plein et de charg\u00e9s de cours provenant de l\u2019industrie.<\/p>\n<p style=\"text-align: justify\">Des s\u00e9ances d\u2019information sur le programme de ma\u00eetrise auront lieu le mercredi 26 septembre \u00e0 12 h 20 et le jeudi 27 septembre \u00e0 18 h au Centre NAD, situ\u00e9 au 405 rue Ogilvy, 3<sup>e<\/sup> \u00e9tage, \u00e0 Montr\u00e9al.<\/p>\n<p style=\"text-align: justify\"><strong>\u00c0 propos du Centre NAD<\/strong><br \/>\nLe Centre national d\u2019animation et de design (\u00ab\u00a0Centre NAD\u00a0\u00bb) est un \u00e9tablissement de formation et de recherche et d\u00e9veloppement en animation 3D, effets visuels, design et arts num\u00e9riques. Fond\u00e9 en 1992 par le C\u00e9gep de Jonqui\u00e8re, le Centre NAD offre des programmes universitaires de premier et deuxi\u00e8me cycles en animation 3D et en design num\u00e9rique gr\u00e2ce \u00e0 un partenariat novateur avec l\u2019Universit\u00e9 du Qu\u00e9bec \u00e0 Chicoutimi (UQAC). Le Centre NAD a form\u00e9 au fil des ans plus de 1\u00a0500 animateurs 3D qui travaillent aujourd\u2019hui dans les domaines de la production cin\u00e9matographique et t\u00e9l\u00e9visuelle et du divertissement \u00e9lectronique, et ce au sein d\u2019entreprises r\u00e9put\u00e9es \u00e0 travers le monde. Fort de 20 ann\u00e9es d&rsquo;expertise en cr\u00e9ation d\u2019image de synth\u00e8se, le Centre NAD fournit ses services de formation, de transfert de connaissances, de recherche et d\u00e9veloppement et de consultation \u00e0 des individus, \u00e0 de grandes entreprises et \u00e0 des institutions d&rsquo;enseignement \u00e0 travers le monde. Pour plus de renseignements sur le Centre NAD ou pour s\u2019inscrire \u00e0 une visite guid\u00e9e, veuillez consulter le <strong><span style=\"color: #5a7411\"><a href=\"http:\/\/www.centrenad.com\"><span style=\"color: #5a7411\">www.centrenad.com<\/span><\/a><\/span><\/strong>. Pour plus de renseignements au sujet de l\u2019UQAC, veuillez consulter le <strong><span style=\"color: #5a7411\"><a href=\"http:\/\/www.uqac.ca\"><span style=\"color: #5a7411\">www.uqac.ca<\/span><\/a><\/span><\/strong>.<\/p>\n<p align=\"center\">\u00a0&#8211; 30 &#8211;<\/p>\n<p><strong>Renseignements\u00a0:<\/strong><br \/>\nClaude Arsenault, responsable<br \/>\nCommunications et relations publiques<br \/>\nCentre NAD<br \/>\n514-288-3447 #404\u00a0 \u25aa\u00a0 <span style=\"color: #5a7411\"><a href=\"mailto:carsenault@centrenad.com\"><span style=\"color: #5a7411\">carsenault@centrenad.com<\/span><\/a><\/span><\/p>\n","protected":false},"excerpt":{"rendered":"<p>COMMUNIQU\u00c9 POUR DIFFUSION IMM\u00c9DIATE Montr\u00e9al, le 21 septembre 2012 \u2013 L\u2019Universit\u00e9 du Qu\u00e9bec \u00e0 Chicoutimi (UQAC) est fi\u00e8re d\u2019annoncer, en collaboration avec le Centre national d\u2019animation et de design (Centre NAD), le d\u00e9marrage d\u2019une nouvelle cohorte de sa ma\u00eetrise en art avec profil en animation 3D et en design num\u00e9rique \u00e0 compter de l\u2019hiver 2013. [&hellip;]<\/p>\n","protected":false},"author":5,"featured_media":21318,"comment_status":"open","ping_status":"open","sticky":false,"template":"","format":"standard","meta":{"footnotes":""},"categories":[2772],"tags":[506,357,2522],"yoast_head":"<!-- This site is optimized with the Yoast SEO plugin v24.2 - https:\/\/yoast.com\/wordpress\/plugins\/seo\/ -->\r\n<title>L\u2019Universit\u00e9 du Qu\u00e9bec \u00e0 Chicoutimi offrira un nouveau profil de sa ma\u00eetrise en art ax\u00e9 sur la cr\u00e9ation 3D au Centre NAD - UQACtualit\u00e9s<\/title>\r\n<meta name=\"robots\" content=\"index, follow, max-snippet:-1, max-image-preview:large, max-video-preview:-1\" \/>\r\n<link rel=\"canonical\" href=\"https:\/\/www.uqac.ca\/uqactualites\/2012\/09\/21\/luniversite-du-quebec-a-chicoutimi-offrira-un-nouveau-profil-de-sa-maitrise-en-art-axe-sur-la-creation-3d-au-centre-nad\/\" \/>\r\n<meta property=\"og:locale\" content=\"fr_CA\" \/>\r\n<meta property=\"og:type\" content=\"article\" \/>\r\n<meta property=\"og:title\" content=\"L\u2019Universit\u00e9 du Qu\u00e9bec \u00e0 Chicoutimi offrira un nouveau profil de sa ma\u00eetrise en art ax\u00e9 sur la cr\u00e9ation 3D au Centre NAD - UQACtualit\u00e9s\" \/>\r\n<meta property=\"og:description\" content=\"COMMUNIQU\u00c9 POUR DIFFUSION IMM\u00c9DIATE Montr\u00e9al, le 21 septembre 2012 \u2013 L\u2019Universit\u00e9 du Qu\u00e9bec \u00e0 Chicoutimi (UQAC) est fi\u00e8re d\u2019annoncer, en collaboration avec le Centre national d\u2019animation et de design (Centre NAD), le d\u00e9marrage d\u2019une nouvelle cohorte de sa ma\u00eetrise en art avec profil en animation 3D et en design num\u00e9rique \u00e0 compter de l\u2019hiver 2013. [&hellip;]\" \/>\r\n<meta property=\"og:url\" content=\"https:\/\/www.uqac.ca\/uqactualites\/2012\/09\/21\/luniversite-du-quebec-a-chicoutimi-offrira-un-nouveau-profil-de-sa-maitrise-en-art-axe-sur-la-creation-3d-au-centre-nad\/\" \/>\r\n<meta property=\"og:site_name\" content=\"UQACtualit\u00e9s\" \/>\r\n<meta property=\"article:published_time\" content=\"2012-09-21T15:32:55+00:00\" \/>\r\n<meta property=\"og:image\" content=\"https:\/\/www.uqac.ca\/uqactualites\/wp-content\/uploads\/2012\/09\/En_tete_nad-uqac.jpg\" \/>\r\n\t<meta property=\"og:image:width\" content=\"620\" \/>\r\n\t<meta property=\"og:image:height\" content=\"300\" \/>\r\n\t<meta property=\"og:image:type\" content=\"image\/jpeg\" \/>\r\n<meta name=\"author\" content=\"Service des communications et des relations publiques\" \/>\r\n<meta name=\"twitter:card\" content=\"summary_large_image\" \/>\r\n<meta name=\"twitter:label1\" content=\"\u00c9crit par\" \/>\n\t<meta name=\"twitter:data1\" content=\"Service des communications et des relations publiques\" \/>\n\t<meta name=\"twitter:label2\" content=\"Estimation du temps de lecture\" \/>\n\t<meta name=\"twitter:data2\" content=\"2 minutes\" \/>\r\n<script type=\"application\/ld+json\" class=\"yoast-schema-graph\">{\"@context\":\"https:\/\/schema.org\",\"@graph\":[{\"@type\":\"WebPage\",\"@id\":\"https:\/\/www.uqac.ca\/uqactualites\/2012\/09\/21\/luniversite-du-quebec-a-chicoutimi-offrira-un-nouveau-profil-de-sa-maitrise-en-art-axe-sur-la-creation-3d-au-centre-nad\/\",\"url\":\"https:\/\/www.uqac.ca\/uqactualites\/2012\/09\/21\/luniversite-du-quebec-a-chicoutimi-offrira-un-nouveau-profil-de-sa-maitrise-en-art-axe-sur-la-creation-3d-au-centre-nad\/\",\"name\":\"L\u2019Universit\u00e9 du Qu\u00e9bec \u00e0 Chicoutimi offrira un nouveau profil de sa ma\u00eetrise en art ax\u00e9 sur la cr\u00e9ation 3D au Centre NAD - UQACtualit\u00e9s\",\"isPartOf\":{\"@id\":\"https:\/\/www.uqac.ca\/uqactualites\/#website\"},\"primaryImageOfPage\":{\"@id\":\"https:\/\/www.uqac.ca\/uqactualites\/2012\/09\/21\/luniversite-du-quebec-a-chicoutimi-offrira-un-nouveau-profil-de-sa-maitrise-en-art-axe-sur-la-creation-3d-au-centre-nad\/#primaryimage\"},\"image\":{\"@id\":\"https:\/\/www.uqac.ca\/uqactualites\/2012\/09\/21\/luniversite-du-quebec-a-chicoutimi-offrira-un-nouveau-profil-de-sa-maitrise-en-art-axe-sur-la-creation-3d-au-centre-nad\/#primaryimage\"},\"thumbnailUrl\":\"https:\/\/www.uqac.ca\/uqactualites\/wp-content\/uploads\/2012\/09\/En_tete_nad-uqac.jpg\",\"datePublished\":\"2012-09-21T15:32:55+00:00\",\"dateModified\":\"2012-09-21T15:32:55+00:00\",\"author\":{\"@id\":\"https:\/\/www.uqac.ca\/uqactualites\/#\/schema\/person\/366c45a0c4f0e677b41b4af5886e2018\"},\"breadcrumb\":{\"@id\":\"https:\/\/www.uqac.ca\/uqactualites\/2012\/09\/21\/luniversite-du-quebec-a-chicoutimi-offrira-un-nouveau-profil-de-sa-maitrise-en-art-axe-sur-la-creation-3d-au-centre-nad\/#breadcrumb\"},\"inLanguage\":\"fr-CA\",\"potentialAction\":[{\"@type\":\"ReadAction\",\"target\":[\"https:\/\/www.uqac.ca\/uqactualites\/2012\/09\/21\/luniversite-du-quebec-a-chicoutimi-offrira-un-nouveau-profil-de-sa-maitrise-en-art-axe-sur-la-creation-3d-au-centre-nad\/\"]}]},{\"@type\":\"ImageObject\",\"inLanguage\":\"fr-CA\",\"@id\":\"https:\/\/www.uqac.ca\/uqactualites\/2012\/09\/21\/luniversite-du-quebec-a-chicoutimi-offrira-un-nouveau-profil-de-sa-maitrise-en-art-axe-sur-la-creation-3d-au-centre-nad\/#primaryimage\",\"url\":\"https:\/\/www.uqac.ca\/uqactualites\/wp-content\/uploads\/2012\/09\/En_tete_nad-uqac.jpg\",\"contentUrl\":\"https:\/\/www.uqac.ca\/uqactualites\/wp-content\/uploads\/2012\/09\/En_tete_nad-uqac.jpg\",\"width\":620,\"height\":300},{\"@type\":\"BreadcrumbList\",\"@id\":\"https:\/\/www.uqac.ca\/uqactualites\/2012\/09\/21\/luniversite-du-quebec-a-chicoutimi-offrira-un-nouveau-profil-de-sa-maitrise-en-art-axe-sur-la-creation-3d-au-centre-nad\/#breadcrumb\",\"itemListElement\":[{\"@type\":\"ListItem\",\"position\":1,\"name\":\"Home\",\"item\":\"https:\/\/www.uqac.ca\/uqactualites\/\"},{\"@type\":\"ListItem\",\"position\":2,\"name\":\"L\u2019Universit\u00e9 du Qu\u00e9bec \u00e0 Chicoutimi offrira un nouveau profil de sa ma\u00eetrise en art ax\u00e9 sur la cr\u00e9ation 3D au Centre NAD\"}]},{\"@type\":\"WebSite\",\"@id\":\"https:\/\/www.uqac.ca\/uqactualites\/#website\",\"url\":\"https:\/\/www.uqac.ca\/uqactualites\/\",\"name\":\"UQACtualit\u00e9s\",\"description\":\"Le portail des nouvelles de l&#039;UQAC\",\"potentialAction\":[{\"@type\":\"SearchAction\",\"target\":{\"@type\":\"EntryPoint\",\"urlTemplate\":\"https:\/\/www.uqac.ca\/uqactualites\/?s={search_term_string}\"},\"query-input\":{\"@type\":\"PropertyValueSpecification\",\"valueRequired\":true,\"valueName\":\"search_term_string\"}}],\"inLanguage\":\"fr-CA\"},{\"@type\":\"Person\",\"@id\":\"https:\/\/www.uqac.ca\/uqactualites\/#\/schema\/person\/366c45a0c4f0e677b41b4af5886e2018\",\"name\":\"Service des communications et des relations publiques\",\"image\":{\"@type\":\"ImageObject\",\"inLanguage\":\"fr-CA\",\"@id\":\"https:\/\/www.uqac.ca\/uqactualites\/#\/schema\/person\/image\/\",\"url\":\"https:\/\/secure.gravatar.com\/avatar\/20fbbda8a292f59f2d3461a5b999c00b?s=96&d=mm&r=g\",\"contentUrl\":\"https:\/\/secure.gravatar.com\/avatar\/20fbbda8a292f59f2d3461a5b999c00b?s=96&d=mm&r=g\",\"caption\":\"Service des communications et des relations publiques\"},\"url\":\"https:\/\/www.uqac.ca\/uqactualites\/author\/bap\/\"}]}<\/script>\r\n<!-- \/ Yoast SEO plugin. -->","yoast_head_json":{"title":"L\u2019Universit\u00e9 du Qu\u00e9bec \u00e0 Chicoutimi offrira un nouveau profil de sa ma\u00eetrise en art ax\u00e9 sur la cr\u00e9ation 3D au Centre NAD - UQACtualit\u00e9s","robots":{"index":"index","follow":"follow","max-snippet":"max-snippet:-1","max-image-preview":"max-image-preview:large","max-video-preview":"max-video-preview:-1"},"canonical":"https:\/\/www.uqac.ca\/uqactualites\/2012\/09\/21\/luniversite-du-quebec-a-chicoutimi-offrira-un-nouveau-profil-de-sa-maitrise-en-art-axe-sur-la-creation-3d-au-centre-nad\/","og_locale":"fr_CA","og_type":"article","og_title":"L\u2019Universit\u00e9 du Qu\u00e9bec \u00e0 Chicoutimi offrira un nouveau profil de sa ma\u00eetrise en art ax\u00e9 sur la cr\u00e9ation 3D au Centre NAD - UQACtualit\u00e9s","og_description":"COMMUNIQU\u00c9 POUR DIFFUSION IMM\u00c9DIATE Montr\u00e9al, le 21 septembre 2012 \u2013 L\u2019Universit\u00e9 du Qu\u00e9bec \u00e0 Chicoutimi (UQAC) est fi\u00e8re d\u2019annoncer, en collaboration avec le Centre national d\u2019animation et de design (Centre NAD), le d\u00e9marrage d\u2019une nouvelle cohorte de sa ma\u00eetrise en art avec profil en animation 3D et en design num\u00e9rique \u00e0 compter de l\u2019hiver 2013. [&hellip;]","og_url":"https:\/\/www.uqac.ca\/uqactualites\/2012\/09\/21\/luniversite-du-quebec-a-chicoutimi-offrira-un-nouveau-profil-de-sa-maitrise-en-art-axe-sur-la-creation-3d-au-centre-nad\/","og_site_name":"UQACtualit\u00e9s","article_published_time":"2012-09-21T15:32:55+00:00","og_image":[{"width":620,"height":300,"url":"https:\/\/www.uqac.ca\/uqactualites\/wp-content\/uploads\/2012\/09\/En_tete_nad-uqac.jpg","type":"image\/jpeg"}],"author":"Service des communications et des relations publiques","twitter_card":"summary_large_image","twitter_misc":{"\u00c9crit par":"Service des communications et des relations publiques","Estimation du temps de lecture":"2 minutes"},"schema":{"@context":"https:\/\/schema.org","@graph":[{"@type":"WebPage","@id":"https:\/\/www.uqac.ca\/uqactualites\/2012\/09\/21\/luniversite-du-quebec-a-chicoutimi-offrira-un-nouveau-profil-de-sa-maitrise-en-art-axe-sur-la-creation-3d-au-centre-nad\/","url":"https:\/\/www.uqac.ca\/uqactualites\/2012\/09\/21\/luniversite-du-quebec-a-chicoutimi-offrira-un-nouveau-profil-de-sa-maitrise-en-art-axe-sur-la-creation-3d-au-centre-nad\/","name":"L\u2019Universit\u00e9 du Qu\u00e9bec \u00e0 Chicoutimi offrira un nouveau profil de sa ma\u00eetrise en art ax\u00e9 sur la cr\u00e9ation 3D au Centre NAD - UQACtualit\u00e9s","isPartOf":{"@id":"https:\/\/www.uqac.ca\/uqactualites\/#website"},"primaryImageOfPage":{"@id":"https:\/\/www.uqac.ca\/uqactualites\/2012\/09\/21\/luniversite-du-quebec-a-chicoutimi-offrira-un-nouveau-profil-de-sa-maitrise-en-art-axe-sur-la-creation-3d-au-centre-nad\/#primaryimage"},"image":{"@id":"https:\/\/www.uqac.ca\/uqactualites\/2012\/09\/21\/luniversite-du-quebec-a-chicoutimi-offrira-un-nouveau-profil-de-sa-maitrise-en-art-axe-sur-la-creation-3d-au-centre-nad\/#primaryimage"},"thumbnailUrl":"https:\/\/www.uqac.ca\/uqactualites\/wp-content\/uploads\/2012\/09\/En_tete_nad-uqac.jpg","datePublished":"2012-09-21T15:32:55+00:00","dateModified":"2012-09-21T15:32:55+00:00","author":{"@id":"https:\/\/www.uqac.ca\/uqactualites\/#\/schema\/person\/366c45a0c4f0e677b41b4af5886e2018"},"breadcrumb":{"@id":"https:\/\/www.uqac.ca\/uqactualites\/2012\/09\/21\/luniversite-du-quebec-a-chicoutimi-offrira-un-nouveau-profil-de-sa-maitrise-en-art-axe-sur-la-creation-3d-au-centre-nad\/#breadcrumb"},"inLanguage":"fr-CA","potentialAction":[{"@type":"ReadAction","target":["https:\/\/www.uqac.ca\/uqactualites\/2012\/09\/21\/luniversite-du-quebec-a-chicoutimi-offrira-un-nouveau-profil-de-sa-maitrise-en-art-axe-sur-la-creation-3d-au-centre-nad\/"]}]},{"@type":"ImageObject","inLanguage":"fr-CA","@id":"https:\/\/www.uqac.ca\/uqactualites\/2012\/09\/21\/luniversite-du-quebec-a-chicoutimi-offrira-un-nouveau-profil-de-sa-maitrise-en-art-axe-sur-la-creation-3d-au-centre-nad\/#primaryimage","url":"https:\/\/www.uqac.ca\/uqactualites\/wp-content\/uploads\/2012\/09\/En_tete_nad-uqac.jpg","contentUrl":"https:\/\/www.uqac.ca\/uqactualites\/wp-content\/uploads\/2012\/09\/En_tete_nad-uqac.jpg","width":620,"height":300},{"@type":"BreadcrumbList","@id":"https:\/\/www.uqac.ca\/uqactualites\/2012\/09\/21\/luniversite-du-quebec-a-chicoutimi-offrira-un-nouveau-profil-de-sa-maitrise-en-art-axe-sur-la-creation-3d-au-centre-nad\/#breadcrumb","itemListElement":[{"@type":"ListItem","position":1,"name":"Home","item":"https:\/\/www.uqac.ca\/uqactualites\/"},{"@type":"ListItem","position":2,"name":"L\u2019Universit\u00e9 du Qu\u00e9bec \u00e0 Chicoutimi offrira un nouveau profil de sa ma\u00eetrise en art ax\u00e9 sur la cr\u00e9ation 3D au Centre NAD"}]},{"@type":"WebSite","@id":"https:\/\/www.uqac.ca\/uqactualites\/#website","url":"https:\/\/www.uqac.ca\/uqactualites\/","name":"UQACtualit\u00e9s","description":"Le portail des nouvelles de l&#039;UQAC","potentialAction":[{"@type":"SearchAction","target":{"@type":"EntryPoint","urlTemplate":"https:\/\/www.uqac.ca\/uqactualites\/?s={search_term_string}"},"query-input":{"@type":"PropertyValueSpecification","valueRequired":true,"valueName":"search_term_string"}}],"inLanguage":"fr-CA"},{"@type":"Person","@id":"https:\/\/www.uqac.ca\/uqactualites\/#\/schema\/person\/366c45a0c4f0e677b41b4af5886e2018","name":"Service des communications et des relations publiques","image":{"@type":"ImageObject","inLanguage":"fr-CA","@id":"https:\/\/www.uqac.ca\/uqactualites\/#\/schema\/person\/image\/","url":"https:\/\/secure.gravatar.com\/avatar\/20fbbda8a292f59f2d3461a5b999c00b?s=96&d=mm&r=g","contentUrl":"https:\/\/secure.gravatar.com\/avatar\/20fbbda8a292f59f2d3461a5b999c00b?s=96&d=mm&r=g","caption":"Service des communications et des relations publiques"},"url":"https:\/\/www.uqac.ca\/uqactualites\/author\/bap\/"}]}},"_links":{"self":[{"href":"https:\/\/www.uqac.ca\/uqactualites\/wp-json\/wp\/v2\/posts\/21317"}],"collection":[{"href":"https:\/\/www.uqac.ca\/uqactualites\/wp-json\/wp\/v2\/posts"}],"about":[{"href":"https:\/\/www.uqac.ca\/uqactualites\/wp-json\/wp\/v2\/types\/post"}],"author":[{"embeddable":true,"href":"https:\/\/www.uqac.ca\/uqactualites\/wp-json\/wp\/v2\/users\/5"}],"replies":[{"embeddable":true,"href":"https:\/\/www.uqac.ca\/uqactualites\/wp-json\/wp\/v2\/comments?post=21317"}],"version-history":[{"count":0,"href":"https:\/\/www.uqac.ca\/uqactualites\/wp-json\/wp\/v2\/posts\/21317\/revisions"}],"wp:featuredmedia":[{"embeddable":true,"href":"https:\/\/www.uqac.ca\/uqactualites\/wp-json\/wp\/v2\/media\/21318"}],"wp:attachment":[{"href":"https:\/\/www.uqac.ca\/uqactualites\/wp-json\/wp\/v2\/media?parent=21317"}],"wp:term":[{"taxonomy":"category","embeddable":true,"href":"https:\/\/www.uqac.ca\/uqactualites\/wp-json\/wp\/v2\/categories?post=21317"},{"taxonomy":"post_tag","embeddable":true,"href":"https:\/\/www.uqac.ca\/uqactualites\/wp-json\/wp\/v2\/tags?post=21317"}],"curies":[{"name":"wp","href":"https:\/\/api.w.org\/{rel}","templated":true}]}}