{"id":21334,"date":"2012-09-24T10:30:56","date_gmt":"2012-09-24T14:30:56","guid":{"rendered":"http:\/\/uqactualite.odev.ca\/?p=21334"},"modified":"2012-09-24T10:30:56","modified_gmt":"2012-09-24T14:30:56","slug":"conference-de-romeo-bouchard","status":"publish","type":"post","link":"https:\/\/www.uqac.ca\/uqactualites\/2012\/09\/24\/conference-de-romeo-bouchard\/","title":{"rendered":"Conf\u00e9rence de Rom\u00e9o Bouchard"},"content":{"rendered":"<p>La communaut\u00e9 universitaire est invit\u00e9e \u00e0 assister \u00e0 la conf\u00e9rence de Rom\u00e9o Bouchard\u00a0:<\/p>\n<p align=\"center\"><span style=\"color: #5a7411\"><em>\u00a0<\/em><strong>\u00ab\u00a0Territoires, d\u00e9centralisation et d\u00e9mocratie\u00a0\u00bb<\/strong><\/span><br \/>\n<span style=\"color: #5a7411\">Vendredi 28 septembre 2012\u00a0\u00a0\u25aa\u00a0 12\u00a0h \u00e0 13\u00a0h<\/span><br \/>\n<span style=\"color: #5a7411\">Local P1-7000 (Pavillon principal)<\/span><\/p>\n<p style=\"text-align: justify\">Propos\u00e9e dans le cadre du partenariat entre le Salon du livre du Saguenay\u2212Lac-Saint-Jean et l\u2019UQAC, la conf\u00e9rence de Rom\u00e9o Bouchard sera l\u2019occasion pour lui de nous entretenir de ce qu\u2019il consid\u00e8re comme un enjeu national majeur\u00a0: l\u2019occupation et la vitalit\u00e9 du territoire. Cette conf\u00e9rence sera l\u2019objet d\u2019une captation par T\u00e9l\u00e9-Qu\u00e9bec et sera par la suite diffus\u00e9e au Canal Savoir.<\/p>\n<p style=\"text-align: justify\"><strong>Quelques mots sur le conf\u00e9rencier<\/strong><br \/>\nDirecteur et conseiller politique de la Coalition pour la constituante (2012), ex-pr\u00e9sident fondateur de l\u2019Union paysanne (2001), agriculteur biologique et directeur de la Corporation de d\u00e9veloppement \u00e0 St-Germain-de-Kamouraska de 1975 \u00e0 1995, monsieur Bouchard a continument appel\u00e9 de ses v\u0153ux la d\u00e9centralisation des pouvoirs, des ressources financi\u00e8res, des services et des responsabilit\u00e9s politiques vers les r\u00e9gions afin d\u2019assurer leur d\u00e9veloppement. Apr\u00e8s avoir \u00e9tudi\u00e9 en philosophie, en th\u00e9ologie, en histoire et en sciences politiques et \u0153uvr\u00e9 tour \u00e0 tour comme journaliste, enseignant, animateur et agent de d\u00e9veloppement local et r\u00e9gional, Rom\u00e9o Bouchard a beaucoup publi\u00e9 sur le th\u00e8me du d\u00e9veloppement r\u00e9gional. Auteur de plusieurs ouvrages entre 1997 et 2012, il a gagn\u00e9 le prix du Salon du livre du Saguenay\u2212Lac-Saint-Jean de 2012 pour <strong><em>La reconqu\u00eate du Qu\u00e9bec\u00a0: Esdras Minville et le mod\u00e8le gasp\u00e9sien<\/em><\/strong>, paru en 2011 chez \u00c9cosoci\u00e9t\u00e9.<strong><\/strong><\/p>\n<p>&nbsp;<\/p>\n<p><strong>Renseignements\u00a0:<\/strong><br \/>\nCylvie Claveau, professeure-chercheur et directrice \u00e9ducation \u00e0 la citoyennet\u00e9<br \/>\nD\u00e9partement des sciences humaines<br \/>\nUniversit\u00e9 du Qu\u00e9bec \u00e0 Chicoutimi<br \/>\n418 545-5011, poste\u00a05674\u00a0 \u25aa \u00a0<span style=\"color: #5a7411\"><a href=\"mailto:cylvie_claveau@uqac.ca\"><span style=\"color: #5a7411\">cylvie_claveau@uqac.ca<\/span><\/a><\/span><\/p>\n","protected":false},"excerpt":{"rendered":"<p>La communaut\u00e9 universitaire est invit\u00e9e \u00e0 assister \u00e0 la conf\u00e9rence de Rom\u00e9o Bouchard\u00a0: \u00a0\u00ab\u00a0Territoires, d\u00e9centralisation et d\u00e9mocratie\u00a0\u00bb Vendredi 28 septembre 2012\u00a0\u00a0\u25aa\u00a0 12\u00a0h \u00e0 13\u00a0h Local P1-7000 (Pavillon principal) Propos\u00e9e dans le cadre du partenariat entre le Salon du livre du Saguenay\u2212Lac-Saint-Jean et l\u2019UQAC, la conf\u00e9rence de Rom\u00e9o Bouchard sera l\u2019occasion pour lui de nous entretenir [&hellip;]<\/p>\n","protected":false},"author":5,"featured_media":20989,"comment_status":"closed","ping_status":"open","sticky":false,"template":"","format":"standard","meta":{"footnotes":""},"categories":[2772],"tags":[223,1411,2524],"yoast_head":"<!-- This site is optimized with the Yoast SEO plugin v24.2 - https:\/\/yoast.com\/wordpress\/plugins\/seo\/ -->\r\n<title>Conf\u00e9rence de Rom\u00e9o Bouchard - UQACtualit\u00e9s<\/title>\r\n<meta name=\"robots\" content=\"index, follow, max-snippet:-1, max-image-preview:large, max-video-preview:-1\" \/>\r\n<link rel=\"canonical\" href=\"https:\/\/www.uqac.ca\/uqactualites\/2012\/09\/24\/conference-de-romeo-bouchard\/\" \/>\r\n<meta property=\"og:locale\" content=\"fr_CA\" \/>\r\n<meta property=\"og:type\" content=\"article\" \/>\r\n<meta property=\"og:title\" content=\"Conf\u00e9rence de Rom\u00e9o Bouchard - UQACtualit\u00e9s\" \/>\r\n<meta property=\"og:description\" content=\"La communaut\u00e9 universitaire est invit\u00e9e \u00e0 assister \u00e0 la conf\u00e9rence de Rom\u00e9o Bouchard\u00a0: \u00a0\u00ab\u00a0Territoires, d\u00e9centralisation et d\u00e9mocratie\u00a0\u00bb Vendredi 28 septembre 2012\u00a0\u00a0\u25aa\u00a0 12\u00a0h \u00e0 13\u00a0h Local P1-7000 (Pavillon principal) Propos\u00e9e dans le cadre du partenariat entre le Salon du livre du Saguenay\u2212Lac-Saint-Jean et l\u2019UQAC, la conf\u00e9rence de Rom\u00e9o Bouchard sera l\u2019occasion pour lui de nous entretenir [&hellip;]\" \/>\r\n<meta property=\"og:url\" content=\"https:\/\/www.uqac.ca\/uqactualites\/2012\/09\/24\/conference-de-romeo-bouchard\/\" \/>\r\n<meta property=\"og:site_name\" content=\"UQACtualit\u00e9s\" \/>\r\n<meta property=\"article:published_time\" content=\"2012-09-24T14:30:56+00:00\" \/>\r\n<meta property=\"og:image\" content=\"https:\/\/www.uqac.ca\/uqactualites\/wp-content\/uploads\/2012\/05\/avis-laCommunaut-.jpg\" \/>\r\n\t<meta property=\"og:image:width\" content=\"620\" \/>\r\n\t<meta property=\"og:image:height\" content=\"300\" \/>\r\n\t<meta property=\"og:image:type\" content=\"image\/jpeg\" \/>\r\n<meta name=\"author\" content=\"Service des communications et des relations publiques\" \/>\r\n<meta name=\"twitter:card\" content=\"summary_large_image\" \/>\r\n<meta name=\"twitter:label1\" content=\"\u00c9crit par\" \/>\n\t<meta name=\"twitter:data1\" content=\"Service des communications et des relations publiques\" \/>\n\t<meta name=\"twitter:label2\" content=\"Estimation du temps de lecture\" \/>\n\t<meta name=\"twitter:data2\" content=\"1 minute\" \/>\r\n<script type=\"application\/ld+json\" class=\"yoast-schema-graph\">{\"@context\":\"https:\/\/schema.org\",\"@graph\":[{\"@type\":\"WebPage\",\"@id\":\"https:\/\/www.uqac.ca\/uqactualites\/2012\/09\/24\/conference-de-romeo-bouchard\/\",\"url\":\"https:\/\/www.uqac.ca\/uqactualites\/2012\/09\/24\/conference-de-romeo-bouchard\/\",\"name\":\"Conf\u00e9rence de Rom\u00e9o Bouchard - UQACtualit\u00e9s\",\"isPartOf\":{\"@id\":\"https:\/\/www.uqac.ca\/uqactualites\/#website\"},\"primaryImageOfPage\":{\"@id\":\"https:\/\/www.uqac.ca\/uqactualites\/2012\/09\/24\/conference-de-romeo-bouchard\/#primaryimage\"},\"image\":{\"@id\":\"https:\/\/www.uqac.ca\/uqactualites\/2012\/09\/24\/conference-de-romeo-bouchard\/#primaryimage\"},\"thumbnailUrl\":\"https:\/\/www.uqac.ca\/uqactualites\/wp-content\/uploads\/2012\/05\/avis-laCommunaut-.jpg\",\"datePublished\":\"2012-09-24T14:30:56+00:00\",\"dateModified\":\"2012-09-24T14:30:56+00:00\",\"author\":{\"@id\":\"https:\/\/www.uqac.ca\/uqactualites\/#\/schema\/person\/366c45a0c4f0e677b41b4af5886e2018\"},\"breadcrumb\":{\"@id\":\"https:\/\/www.uqac.ca\/uqactualites\/2012\/09\/24\/conference-de-romeo-bouchard\/#breadcrumb\"},\"inLanguage\":\"fr-CA\",\"potentialAction\":[{\"@type\":\"ReadAction\",\"target\":[\"https:\/\/www.uqac.ca\/uqactualites\/2012\/09\/24\/conference-de-romeo-bouchard\/\"]}]},{\"@type\":\"ImageObject\",\"inLanguage\":\"fr-CA\",\"@id\":\"https:\/\/www.uqac.ca\/uqactualites\/2012\/09\/24\/conference-de-romeo-bouchard\/#primaryimage\",\"url\":\"https:\/\/www.uqac.ca\/uqactualites\/wp-content\/uploads\/2012\/05\/avis-laCommunaut-.jpg\",\"contentUrl\":\"https:\/\/www.uqac.ca\/uqactualites\/wp-content\/uploads\/2012\/05\/avis-laCommunaut-.jpg\",\"width\":620,\"height\":300},{\"@type\":\"BreadcrumbList\",\"@id\":\"https:\/\/www.uqac.ca\/uqactualites\/2012\/09\/24\/conference-de-romeo-bouchard\/#breadcrumb\",\"itemListElement\":[{\"@type\":\"ListItem\",\"position\":1,\"name\":\"Home\",\"item\":\"https:\/\/www.uqac.ca\/uqactualites\/\"},{\"@type\":\"ListItem\",\"position\":2,\"name\":\"Conf\u00e9rence de Rom\u00e9o Bouchard\"}]},{\"@type\":\"WebSite\",\"@id\":\"https:\/\/www.uqac.ca\/uqactualites\/#website\",\"url\":\"https:\/\/www.uqac.ca\/uqactualites\/\",\"name\":\"UQACtualit\u00e9s\",\"description\":\"Le portail des nouvelles de l&#039;UQAC\",\"potentialAction\":[{\"@type\":\"SearchAction\",\"target\":{\"@type\":\"EntryPoint\",\"urlTemplate\":\"https:\/\/www.uqac.ca\/uqactualites\/?s={search_term_string}\"},\"query-input\":{\"@type\":\"PropertyValueSpecification\",\"valueRequired\":true,\"valueName\":\"search_term_string\"}}],\"inLanguage\":\"fr-CA\"},{\"@type\":\"Person\",\"@id\":\"https:\/\/www.uqac.ca\/uqactualites\/#\/schema\/person\/366c45a0c4f0e677b41b4af5886e2018\",\"name\":\"Service des communications et des relations publiques\",\"image\":{\"@type\":\"ImageObject\",\"inLanguage\":\"fr-CA\",\"@id\":\"https:\/\/www.uqac.ca\/uqactualites\/#\/schema\/person\/image\/\",\"url\":\"https:\/\/secure.gravatar.com\/avatar\/20fbbda8a292f59f2d3461a5b999c00b?s=96&d=mm&r=g\",\"contentUrl\":\"https:\/\/secure.gravatar.com\/avatar\/20fbbda8a292f59f2d3461a5b999c00b?s=96&d=mm&r=g\",\"caption\":\"Service des communications et des relations publiques\"},\"url\":\"https:\/\/www.uqac.ca\/uqactualites\/author\/bap\/\"}]}<\/script>\r\n<!-- \/ Yoast SEO plugin. -->","yoast_head_json":{"title":"Conf\u00e9rence de Rom\u00e9o Bouchard - UQACtualit\u00e9s","robots":{"index":"index","follow":"follow","max-snippet":"max-snippet:-1","max-image-preview":"max-image-preview:large","max-video-preview":"max-video-preview:-1"},"canonical":"https:\/\/www.uqac.ca\/uqactualites\/2012\/09\/24\/conference-de-romeo-bouchard\/","og_locale":"fr_CA","og_type":"article","og_title":"Conf\u00e9rence de Rom\u00e9o Bouchard - UQACtualit\u00e9s","og_description":"La communaut\u00e9 universitaire est invit\u00e9e \u00e0 assister \u00e0 la conf\u00e9rence de Rom\u00e9o Bouchard\u00a0: \u00a0\u00ab\u00a0Territoires, d\u00e9centralisation et d\u00e9mocratie\u00a0\u00bb Vendredi 28 septembre 2012\u00a0\u00a0\u25aa\u00a0 12\u00a0h \u00e0 13\u00a0h Local P1-7000 (Pavillon principal) Propos\u00e9e dans le cadre du partenariat entre le Salon du livre du Saguenay\u2212Lac-Saint-Jean et l\u2019UQAC, la conf\u00e9rence de Rom\u00e9o Bouchard sera l\u2019occasion pour lui de nous entretenir [&hellip;]","og_url":"https:\/\/www.uqac.ca\/uqactualites\/2012\/09\/24\/conference-de-romeo-bouchard\/","og_site_name":"UQACtualit\u00e9s","article_published_time":"2012-09-24T14:30:56+00:00","og_image":[{"width":620,"height":300,"url":"https:\/\/www.uqac.ca\/uqactualites\/wp-content\/uploads\/2012\/05\/avis-laCommunaut-.jpg","type":"image\/jpeg"}],"author":"Service des communications et des relations publiques","twitter_card":"summary_large_image","twitter_misc":{"\u00c9crit par":"Service des communications et des relations publiques","Estimation du temps de lecture":"1 minute"},"schema":{"@context":"https:\/\/schema.org","@graph":[{"@type":"WebPage","@id":"https:\/\/www.uqac.ca\/uqactualites\/2012\/09\/24\/conference-de-romeo-bouchard\/","url":"https:\/\/www.uqac.ca\/uqactualites\/2012\/09\/24\/conference-de-romeo-bouchard\/","name":"Conf\u00e9rence de Rom\u00e9o Bouchard - UQACtualit\u00e9s","isPartOf":{"@id":"https:\/\/www.uqac.ca\/uqactualites\/#website"},"primaryImageOfPage":{"@id":"https:\/\/www.uqac.ca\/uqactualites\/2012\/09\/24\/conference-de-romeo-bouchard\/#primaryimage"},"image":{"@id":"https:\/\/www.uqac.ca\/uqactualites\/2012\/09\/24\/conference-de-romeo-bouchard\/#primaryimage"},"thumbnailUrl":"https:\/\/www.uqac.ca\/uqactualites\/wp-content\/uploads\/2012\/05\/avis-laCommunaut-.jpg","datePublished":"2012-09-24T14:30:56+00:00","dateModified":"2012-09-24T14:30:56+00:00","author":{"@id":"https:\/\/www.uqac.ca\/uqactualites\/#\/schema\/person\/366c45a0c4f0e677b41b4af5886e2018"},"breadcrumb":{"@id":"https:\/\/www.uqac.ca\/uqactualites\/2012\/09\/24\/conference-de-romeo-bouchard\/#breadcrumb"},"inLanguage":"fr-CA","potentialAction":[{"@type":"ReadAction","target":["https:\/\/www.uqac.ca\/uqactualites\/2012\/09\/24\/conference-de-romeo-bouchard\/"]}]},{"@type":"ImageObject","inLanguage":"fr-CA","@id":"https:\/\/www.uqac.ca\/uqactualites\/2012\/09\/24\/conference-de-romeo-bouchard\/#primaryimage","url":"https:\/\/www.uqac.ca\/uqactualites\/wp-content\/uploads\/2012\/05\/avis-laCommunaut-.jpg","contentUrl":"https:\/\/www.uqac.ca\/uqactualites\/wp-content\/uploads\/2012\/05\/avis-laCommunaut-.jpg","width":620,"height":300},{"@type":"BreadcrumbList","@id":"https:\/\/www.uqac.ca\/uqactualites\/2012\/09\/24\/conference-de-romeo-bouchard\/#breadcrumb","itemListElement":[{"@type":"ListItem","position":1,"name":"Home","item":"https:\/\/www.uqac.ca\/uqactualites\/"},{"@type":"ListItem","position":2,"name":"Conf\u00e9rence de Rom\u00e9o Bouchard"}]},{"@type":"WebSite","@id":"https:\/\/www.uqac.ca\/uqactualites\/#website","url":"https:\/\/www.uqac.ca\/uqactualites\/","name":"UQACtualit\u00e9s","description":"Le portail des nouvelles de l&#039;UQAC","potentialAction":[{"@type":"SearchAction","target":{"@type":"EntryPoint","urlTemplate":"https:\/\/www.uqac.ca\/uqactualites\/?s={search_term_string}"},"query-input":{"@type":"PropertyValueSpecification","valueRequired":true,"valueName":"search_term_string"}}],"inLanguage":"fr-CA"},{"@type":"Person","@id":"https:\/\/www.uqac.ca\/uqactualites\/#\/schema\/person\/366c45a0c4f0e677b41b4af5886e2018","name":"Service des communications et des relations publiques","image":{"@type":"ImageObject","inLanguage":"fr-CA","@id":"https:\/\/www.uqac.ca\/uqactualites\/#\/schema\/person\/image\/","url":"https:\/\/secure.gravatar.com\/avatar\/20fbbda8a292f59f2d3461a5b999c00b?s=96&d=mm&r=g","contentUrl":"https:\/\/secure.gravatar.com\/avatar\/20fbbda8a292f59f2d3461a5b999c00b?s=96&d=mm&r=g","caption":"Service des communications et des relations publiques"},"url":"https:\/\/www.uqac.ca\/uqactualites\/author\/bap\/"}]}},"_links":{"self":[{"href":"https:\/\/www.uqac.ca\/uqactualites\/wp-json\/wp\/v2\/posts\/21334"}],"collection":[{"href":"https:\/\/www.uqac.ca\/uqactualites\/wp-json\/wp\/v2\/posts"}],"about":[{"href":"https:\/\/www.uqac.ca\/uqactualites\/wp-json\/wp\/v2\/types\/post"}],"author":[{"embeddable":true,"href":"https:\/\/www.uqac.ca\/uqactualites\/wp-json\/wp\/v2\/users\/5"}],"replies":[{"embeddable":true,"href":"https:\/\/www.uqac.ca\/uqactualites\/wp-json\/wp\/v2\/comments?post=21334"}],"version-history":[{"count":0,"href":"https:\/\/www.uqac.ca\/uqactualites\/wp-json\/wp\/v2\/posts\/21334\/revisions"}],"wp:featuredmedia":[{"embeddable":true,"href":"https:\/\/www.uqac.ca\/uqactualites\/wp-json\/wp\/v2\/media\/20989"}],"wp:attachment":[{"href":"https:\/\/www.uqac.ca\/uqactualites\/wp-json\/wp\/v2\/media?parent=21334"}],"wp:term":[{"taxonomy":"category","embeddable":true,"href":"https:\/\/www.uqac.ca\/uqactualites\/wp-json\/wp\/v2\/categories?post=21334"},{"taxonomy":"post_tag","embeddable":true,"href":"https:\/\/www.uqac.ca\/uqactualites\/wp-json\/wp\/v2\/tags?post=21334"}],"curies":[{"name":"wp","href":"https:\/\/api.w.org\/{rel}","templated":true}]}}