{"id":21383,"date":"2012-09-26T15:05:48","date_gmt":"2012-09-26T19:05:48","guid":{"rendered":"http:\/\/uqactualite.odev.ca\/?p=21383"},"modified":"2012-09-26T15:05:48","modified_gmt":"2012-09-26T19:05:48","slug":"trois-etudiantes-de-luqac-remportent-le-premier-prix-au-concours-la-releve-de-lapsq","status":"publish","type":"post","link":"https:\/\/www.uqac.ca\/uqactualites\/2012\/09\/26\/trois-etudiantes-de-luqac-remportent-le-premier-prix-au-concours-la-releve-de-lapsq\/","title":{"rendered":"Trois \u00e9tudiantes de l&rsquo;UQAC remportent le premier prix au concours La Rel\u00e8ve de l&rsquo;APSQ"},"content":{"rendered":"<p style=\"text-align: justify\">Pour une quatri\u00e8me ann\u00e9e cons\u00e9cutive, le D\u00e9partement des sciences de l&rsquo;\u00e9ducation f\u00e9licite les r\u00e9cipiendaires du premier prix du concours <strong><em>La Rel\u00e8ve<\/em><\/strong> de l&rsquo;Association\u00a0pour l&rsquo;enseignement de la science et de la technologie au Qu\u00e9bec\u00a0(APSQ). M\u00e9lanie Gaudreault, Joanie McLean et Rachel Tremblay, toutes trois finissantes au baccalaur\u00e9at en \u00e9ducation pr\u00e9scolaire et en enseignement primaire, se sont en effet d\u00e9marqu\u00e9es \u00e0 l\u2019occasion de ce concours dans la cat\u00e9gorie primaire. Le mat\u00e9riel soumis au concours a \u00e9t\u00e9 construit dans le cadre du cours de didactique de la science et de la technologie au primaire, sous la responsabilit\u00e9 de\u00a0Christine Couture, professeure.<\/p>\n<p style=\"text-align: justify\">Le concours <strong><em>La Rel\u00e8ve<\/em><\/strong> s&rsquo;adresse \u00e0 tous les futurs professionnels susceptibles de travailler \u00e0 la conception et \u00e0 la r\u00e9alisation de situations d&rsquo;enseignement et d&rsquo;apprentissage en sciences et technologies au primaire et au secondaire. Dans le cadre de ce concours, les \u00e9tudiantes de l\u2019UQAC ont produit un mat\u00e9riel novateur concernant un projet de conception technologique d&rsquo;un module de jeu.\u00a0Les \u00e9tudiantes pr\u00e9senteront leur mat\u00e9riel au congr\u00e8s annuel de l&rsquo;APSQ qui se tiendra les 1<sup>er<\/sup>, 2 et 3 novembre prochain \u00e0 Saint-Hyacinthe.\u00a0Une publication suivra par la suite dans la revue SPECTRE, publi\u00e9e par l&rsquo;APSQ.<\/p>\n<p align=\"left\">Toutes nos f\u00e9licitations \u00e0 M\u00e9lanie, Joanie et Rachel!<\/p>\n<p align=\"left\">\n<p align=\"left\"><strong>Sources\u00a0:<\/strong><\/p>\n<p align=\"left\">Christine Couture, directrice du doctorat en \u00e9ducation<br \/>\nD\u00e9partement des sciences de l&rsquo;\u00e9ducation<br \/>\nUniversit\u00e9 du Qu\u00e9bec \u00e0 Chicoutimi<br \/>\n418 545-5011, poste\u00a02529\u00a0\u00a0\u25aa\u00a0 <span style=\"color: #5a7411\"><a href=\"mailto:christine_couture@uqac.ca\"><span style=\"color: #5a7411\">christine_couture@uqac.ca<\/span><\/a><\/span><\/p>\n<p align=\"left\">Bureau des affaires publiques<br \/>\nUniversit\u00e9 du Qu\u00e9bec \u00e0 Chicoutimi<br \/>\n418\u00a0545-5011, poste\u00a02350\u00a0\u00a0\u25aa\u00a0 <span style=\"color: #5a7411\"><a href=\"mailto:affaires_publiques@uqac.ca\"><span style=\"color: #5a7411\">affaires_publiques@uqac.ca<\/span><\/a><\/span><\/p>\n<p align=\"left\">\n<p style=\"text-align: justify\"><span style=\"color: #808080\">________________________________________________________________________________________<\/span><\/p>\n<p style=\"text-align: justify\" align=\"left\"><span style=\"color: #808080\"><strong>Sur la photo, dans l&rsquo;ordre habituel :<\/strong> M\u00e9lanie Gaudreault, Joanie McLean et Rachel Tremblay, finissantes au baccalaur\u00e9at en \u00e9ducation pr\u00e9scolaire et en enseignement primaire.<\/span><br \/>\n<span style=\"color: #808080\"><strong>Photographe\u00a0:<\/strong> Denis Blackburn, UQAC<\/span><br \/>\n<span style=\"color: #808080\">________________________________________________________________________________________<\/span><\/p>\n","protected":false},"excerpt":{"rendered":"<p>Pour une quatri\u00e8me ann\u00e9e cons\u00e9cutive, le D\u00e9partement des sciences de l&rsquo;\u00e9ducation f\u00e9licite les r\u00e9cipiendaires du premier prix du concours La Rel\u00e8ve de l&rsquo;Association\u00a0pour l&rsquo;enseignement de la science et de la technologie au Qu\u00e9bec\u00a0(APSQ). M\u00e9lanie Gaudreault, Joanie McLean et Rachel Tremblay, toutes trois finissantes au baccalaur\u00e9at en \u00e9ducation pr\u00e9scolaire et en enseignement primaire, se sont en [&hellip;]<\/p>\n","protected":false},"author":5,"featured_media":21384,"comment_status":"open","ping_status":"open","sticky":false,"template":"","format":"standard","meta":{"footnotes":""},"categories":[2,9],"tags":[67,2530,65],"yoast_head":"<!-- This site is optimized with the Yoast SEO plugin v24.2 - https:\/\/yoast.com\/wordpress\/plugins\/seo\/ -->\r\n<title>Trois \u00e9tudiantes de l&#039;UQAC remportent le premier prix au concours La Rel\u00e8ve de l&#039;APSQ - UQACtualit\u00e9s<\/title>\r\n<meta name=\"robots\" content=\"index, follow, max-snippet:-1, max-image-preview:large, max-video-preview:-1\" \/>\r\n<link rel=\"canonical\" href=\"https:\/\/www.uqac.ca\/uqactualites\/2012\/09\/26\/trois-etudiantes-de-luqac-remportent-le-premier-prix-au-concours-la-releve-de-lapsq\/\" \/>\r\n<meta property=\"og:locale\" content=\"fr_CA\" \/>\r\n<meta property=\"og:type\" content=\"article\" \/>\r\n<meta property=\"og:title\" content=\"Trois \u00e9tudiantes de l&#039;UQAC remportent le premier prix au concours La Rel\u00e8ve de l&#039;APSQ - UQACtualit\u00e9s\" \/>\r\n<meta property=\"og:description\" content=\"Pour une quatri\u00e8me ann\u00e9e cons\u00e9cutive, le D\u00e9partement des sciences de l&rsquo;\u00e9ducation f\u00e9licite les r\u00e9cipiendaires du premier prix du concours La Rel\u00e8ve de l&rsquo;Association\u00a0pour l&rsquo;enseignement de la science et de la technologie au Qu\u00e9bec\u00a0(APSQ). M\u00e9lanie Gaudreault, Joanie McLean et Rachel Tremblay, toutes trois finissantes au baccalaur\u00e9at en \u00e9ducation pr\u00e9scolaire et en enseignement primaire, se sont en [&hellip;]\" \/>\r\n<meta property=\"og:url\" content=\"https:\/\/www.uqac.ca\/uqactualites\/2012\/09\/26\/trois-etudiantes-de-luqac-remportent-le-premier-prix-au-concours-la-releve-de-lapsq\/\" \/>\r\n<meta property=\"og:site_name\" content=\"UQACtualit\u00e9s\" \/>\r\n<meta property=\"article:published_time\" content=\"2012-09-26T19:05:48+00:00\" \/>\r\n<meta property=\"og:image\" content=\"https:\/\/www.uqac.ca\/uqactualites\/wp-content\/uploads\/2012\/09\/Trois-\u00e9tudiantes-Web-\u00a9Denis-Blackburn.jpg\" \/>\r\n\t<meta property=\"og:image:width\" content=\"620\" \/>\r\n\t<meta property=\"og:image:height\" content=\"300\" \/>\r\n\t<meta property=\"og:image:type\" content=\"image\/jpeg\" \/>\r\n<meta name=\"author\" content=\"Service des communications et des relations publiques\" \/>\r\n<meta name=\"twitter:card\" content=\"summary_large_image\" \/>\r\n<meta name=\"twitter:label1\" content=\"\u00c9crit par\" \/>\n\t<meta name=\"twitter:data1\" content=\"Service des communications et des relations publiques\" \/>\n\t<meta name=\"twitter:label2\" content=\"Estimation du temps de lecture\" \/>\n\t<meta name=\"twitter:data2\" content=\"1 minute\" \/>\r\n<script type=\"application\/ld+json\" class=\"yoast-schema-graph\">{\"@context\":\"https:\/\/schema.org\",\"@graph\":[{\"@type\":\"WebPage\",\"@id\":\"https:\/\/www.uqac.ca\/uqactualites\/2012\/09\/26\/trois-etudiantes-de-luqac-remportent-le-premier-prix-au-concours-la-releve-de-lapsq\/\",\"url\":\"https:\/\/www.uqac.ca\/uqactualites\/2012\/09\/26\/trois-etudiantes-de-luqac-remportent-le-premier-prix-au-concours-la-releve-de-lapsq\/\",\"name\":\"Trois \u00e9tudiantes de l'UQAC remportent le premier prix au concours La Rel\u00e8ve de l'APSQ - UQACtualit\u00e9s\",\"isPartOf\":{\"@id\":\"https:\/\/www.uqac.ca\/uqactualites\/#website\"},\"primaryImageOfPage\":{\"@id\":\"https:\/\/www.uqac.ca\/uqactualites\/2012\/09\/26\/trois-etudiantes-de-luqac-remportent-le-premier-prix-au-concours-la-releve-de-lapsq\/#primaryimage\"},\"image\":{\"@id\":\"https:\/\/www.uqac.ca\/uqactualites\/2012\/09\/26\/trois-etudiantes-de-luqac-remportent-le-premier-prix-au-concours-la-releve-de-lapsq\/#primaryimage\"},\"thumbnailUrl\":\"https:\/\/www.uqac.ca\/uqactualites\/wp-content\/uploads\/2012\/09\/Trois-\u00e9tudiantes-Web-\u00a9Denis-Blackburn.jpg\",\"datePublished\":\"2012-09-26T19:05:48+00:00\",\"dateModified\":\"2012-09-26T19:05:48+00:00\",\"author\":{\"@id\":\"https:\/\/www.uqac.ca\/uqactualites\/#\/schema\/person\/366c45a0c4f0e677b41b4af5886e2018\"},\"breadcrumb\":{\"@id\":\"https:\/\/www.uqac.ca\/uqactualites\/2012\/09\/26\/trois-etudiantes-de-luqac-remportent-le-premier-prix-au-concours-la-releve-de-lapsq\/#breadcrumb\"},\"inLanguage\":\"fr-CA\",\"potentialAction\":[{\"@type\":\"ReadAction\",\"target\":[\"https:\/\/www.uqac.ca\/uqactualites\/2012\/09\/26\/trois-etudiantes-de-luqac-remportent-le-premier-prix-au-concours-la-releve-de-lapsq\/\"]}]},{\"@type\":\"ImageObject\",\"inLanguage\":\"fr-CA\",\"@id\":\"https:\/\/www.uqac.ca\/uqactualites\/2012\/09\/26\/trois-etudiantes-de-luqac-remportent-le-premier-prix-au-concours-la-releve-de-lapsq\/#primaryimage\",\"url\":\"https:\/\/www.uqac.ca\/uqactualites\/wp-content\/uploads\/2012\/09\/Trois-\u00e9tudiantes-Web-\u00a9Denis-Blackburn.jpg\",\"contentUrl\":\"https:\/\/www.uqac.ca\/uqactualites\/wp-content\/uploads\/2012\/09\/Trois-\u00e9tudiantes-Web-\u00a9Denis-Blackburn.jpg\",\"width\":620,\"height\":300},{\"@type\":\"BreadcrumbList\",\"@id\":\"https:\/\/www.uqac.ca\/uqactualites\/2012\/09\/26\/trois-etudiantes-de-luqac-remportent-le-premier-prix-au-concours-la-releve-de-lapsq\/#breadcrumb\",\"itemListElement\":[{\"@type\":\"ListItem\",\"position\":1,\"name\":\"Home\",\"item\":\"https:\/\/www.uqac.ca\/uqactualites\/\"},{\"@type\":\"ListItem\",\"position\":2,\"name\":\"Trois \u00e9tudiantes de l&rsquo;UQAC remportent le premier prix au concours La Rel\u00e8ve de l&rsquo;APSQ\"}]},{\"@type\":\"WebSite\",\"@id\":\"https:\/\/www.uqac.ca\/uqactualites\/#website\",\"url\":\"https:\/\/www.uqac.ca\/uqactualites\/\",\"name\":\"UQACtualit\u00e9s\",\"description\":\"Le portail des nouvelles de l&#039;UQAC\",\"potentialAction\":[{\"@type\":\"SearchAction\",\"target\":{\"@type\":\"EntryPoint\",\"urlTemplate\":\"https:\/\/www.uqac.ca\/uqactualites\/?s={search_term_string}\"},\"query-input\":{\"@type\":\"PropertyValueSpecification\",\"valueRequired\":true,\"valueName\":\"search_term_string\"}}],\"inLanguage\":\"fr-CA\"},{\"@type\":\"Person\",\"@id\":\"https:\/\/www.uqac.ca\/uqactualites\/#\/schema\/person\/366c45a0c4f0e677b41b4af5886e2018\",\"name\":\"Service des communications et des relations publiques\",\"image\":{\"@type\":\"ImageObject\",\"inLanguage\":\"fr-CA\",\"@id\":\"https:\/\/www.uqac.ca\/uqactualites\/#\/schema\/person\/image\/\",\"url\":\"https:\/\/secure.gravatar.com\/avatar\/20fbbda8a292f59f2d3461a5b999c00b?s=96&d=mm&r=g\",\"contentUrl\":\"https:\/\/secure.gravatar.com\/avatar\/20fbbda8a292f59f2d3461a5b999c00b?s=96&d=mm&r=g\",\"caption\":\"Service des communications et des relations publiques\"},\"url\":\"https:\/\/www.uqac.ca\/uqactualites\/author\/bap\/\"}]}<\/script>\r\n<!-- \/ Yoast SEO plugin. -->","yoast_head_json":{"title":"Trois \u00e9tudiantes de l'UQAC remportent le premier prix au concours La Rel\u00e8ve de l'APSQ - UQACtualit\u00e9s","robots":{"index":"index","follow":"follow","max-snippet":"max-snippet:-1","max-image-preview":"max-image-preview:large","max-video-preview":"max-video-preview:-1"},"canonical":"https:\/\/www.uqac.ca\/uqactualites\/2012\/09\/26\/trois-etudiantes-de-luqac-remportent-le-premier-prix-au-concours-la-releve-de-lapsq\/","og_locale":"fr_CA","og_type":"article","og_title":"Trois \u00e9tudiantes de l'UQAC remportent le premier prix au concours La Rel\u00e8ve de l'APSQ - UQACtualit\u00e9s","og_description":"Pour une quatri\u00e8me ann\u00e9e cons\u00e9cutive, le D\u00e9partement des sciences de l&rsquo;\u00e9ducation f\u00e9licite les r\u00e9cipiendaires du premier prix du concours La Rel\u00e8ve de l&rsquo;Association\u00a0pour l&rsquo;enseignement de la science et de la technologie au Qu\u00e9bec\u00a0(APSQ). M\u00e9lanie Gaudreault, Joanie McLean et Rachel Tremblay, toutes trois finissantes au baccalaur\u00e9at en \u00e9ducation pr\u00e9scolaire et en enseignement primaire, se sont en [&hellip;]","og_url":"https:\/\/www.uqac.ca\/uqactualites\/2012\/09\/26\/trois-etudiantes-de-luqac-remportent-le-premier-prix-au-concours-la-releve-de-lapsq\/","og_site_name":"UQACtualit\u00e9s","article_published_time":"2012-09-26T19:05:48+00:00","og_image":[{"width":620,"height":300,"url":"https:\/\/www.uqac.ca\/uqactualites\/wp-content\/uploads\/2012\/09\/Trois-\u00e9tudiantes-Web-\u00a9Denis-Blackburn.jpg","type":"image\/jpeg"}],"author":"Service des communications et des relations publiques","twitter_card":"summary_large_image","twitter_misc":{"\u00c9crit par":"Service des communications et des relations publiques","Estimation du temps de lecture":"1 minute"},"schema":{"@context":"https:\/\/schema.org","@graph":[{"@type":"WebPage","@id":"https:\/\/www.uqac.ca\/uqactualites\/2012\/09\/26\/trois-etudiantes-de-luqac-remportent-le-premier-prix-au-concours-la-releve-de-lapsq\/","url":"https:\/\/www.uqac.ca\/uqactualites\/2012\/09\/26\/trois-etudiantes-de-luqac-remportent-le-premier-prix-au-concours-la-releve-de-lapsq\/","name":"Trois \u00e9tudiantes de l'UQAC remportent le premier prix au concours La Rel\u00e8ve de l'APSQ - UQACtualit\u00e9s","isPartOf":{"@id":"https:\/\/www.uqac.ca\/uqactualites\/#website"},"primaryImageOfPage":{"@id":"https:\/\/www.uqac.ca\/uqactualites\/2012\/09\/26\/trois-etudiantes-de-luqac-remportent-le-premier-prix-au-concours-la-releve-de-lapsq\/#primaryimage"},"image":{"@id":"https:\/\/www.uqac.ca\/uqactualites\/2012\/09\/26\/trois-etudiantes-de-luqac-remportent-le-premier-prix-au-concours-la-releve-de-lapsq\/#primaryimage"},"thumbnailUrl":"https:\/\/www.uqac.ca\/uqactualites\/wp-content\/uploads\/2012\/09\/Trois-\u00e9tudiantes-Web-\u00a9Denis-Blackburn.jpg","datePublished":"2012-09-26T19:05:48+00:00","dateModified":"2012-09-26T19:05:48+00:00","author":{"@id":"https:\/\/www.uqac.ca\/uqactualites\/#\/schema\/person\/366c45a0c4f0e677b41b4af5886e2018"},"breadcrumb":{"@id":"https:\/\/www.uqac.ca\/uqactualites\/2012\/09\/26\/trois-etudiantes-de-luqac-remportent-le-premier-prix-au-concours-la-releve-de-lapsq\/#breadcrumb"},"inLanguage":"fr-CA","potentialAction":[{"@type":"ReadAction","target":["https:\/\/www.uqac.ca\/uqactualites\/2012\/09\/26\/trois-etudiantes-de-luqac-remportent-le-premier-prix-au-concours-la-releve-de-lapsq\/"]}]},{"@type":"ImageObject","inLanguage":"fr-CA","@id":"https:\/\/www.uqac.ca\/uqactualites\/2012\/09\/26\/trois-etudiantes-de-luqac-remportent-le-premier-prix-au-concours-la-releve-de-lapsq\/#primaryimage","url":"https:\/\/www.uqac.ca\/uqactualites\/wp-content\/uploads\/2012\/09\/Trois-\u00e9tudiantes-Web-\u00a9Denis-Blackburn.jpg","contentUrl":"https:\/\/www.uqac.ca\/uqactualites\/wp-content\/uploads\/2012\/09\/Trois-\u00e9tudiantes-Web-\u00a9Denis-Blackburn.jpg","width":620,"height":300},{"@type":"BreadcrumbList","@id":"https:\/\/www.uqac.ca\/uqactualites\/2012\/09\/26\/trois-etudiantes-de-luqac-remportent-le-premier-prix-au-concours-la-releve-de-lapsq\/#breadcrumb","itemListElement":[{"@type":"ListItem","position":1,"name":"Home","item":"https:\/\/www.uqac.ca\/uqactualites\/"},{"@type":"ListItem","position":2,"name":"Trois \u00e9tudiantes de l&rsquo;UQAC remportent le premier prix au concours La Rel\u00e8ve de l&rsquo;APSQ"}]},{"@type":"WebSite","@id":"https:\/\/www.uqac.ca\/uqactualites\/#website","url":"https:\/\/www.uqac.ca\/uqactualites\/","name":"UQACtualit\u00e9s","description":"Le portail des nouvelles de l&#039;UQAC","potentialAction":[{"@type":"SearchAction","target":{"@type":"EntryPoint","urlTemplate":"https:\/\/www.uqac.ca\/uqactualites\/?s={search_term_string}"},"query-input":{"@type":"PropertyValueSpecification","valueRequired":true,"valueName":"search_term_string"}}],"inLanguage":"fr-CA"},{"@type":"Person","@id":"https:\/\/www.uqac.ca\/uqactualites\/#\/schema\/person\/366c45a0c4f0e677b41b4af5886e2018","name":"Service des communications et des relations publiques","image":{"@type":"ImageObject","inLanguage":"fr-CA","@id":"https:\/\/www.uqac.ca\/uqactualites\/#\/schema\/person\/image\/","url":"https:\/\/secure.gravatar.com\/avatar\/20fbbda8a292f59f2d3461a5b999c00b?s=96&d=mm&r=g","contentUrl":"https:\/\/secure.gravatar.com\/avatar\/20fbbda8a292f59f2d3461a5b999c00b?s=96&d=mm&r=g","caption":"Service des communications et des relations publiques"},"url":"https:\/\/www.uqac.ca\/uqactualites\/author\/bap\/"}]}},"_links":{"self":[{"href":"https:\/\/www.uqac.ca\/uqactualites\/wp-json\/wp\/v2\/posts\/21383"}],"collection":[{"href":"https:\/\/www.uqac.ca\/uqactualites\/wp-json\/wp\/v2\/posts"}],"about":[{"href":"https:\/\/www.uqac.ca\/uqactualites\/wp-json\/wp\/v2\/types\/post"}],"author":[{"embeddable":true,"href":"https:\/\/www.uqac.ca\/uqactualites\/wp-json\/wp\/v2\/users\/5"}],"replies":[{"embeddable":true,"href":"https:\/\/www.uqac.ca\/uqactualites\/wp-json\/wp\/v2\/comments?post=21383"}],"version-history":[{"count":0,"href":"https:\/\/www.uqac.ca\/uqactualites\/wp-json\/wp\/v2\/posts\/21383\/revisions"}],"wp:featuredmedia":[{"embeddable":true,"href":"https:\/\/www.uqac.ca\/uqactualites\/wp-json\/wp\/v2\/media\/21384"}],"wp:attachment":[{"href":"https:\/\/www.uqac.ca\/uqactualites\/wp-json\/wp\/v2\/media?parent=21383"}],"wp:term":[{"taxonomy":"category","embeddable":true,"href":"https:\/\/www.uqac.ca\/uqactualites\/wp-json\/wp\/v2\/categories?post=21383"},{"taxonomy":"post_tag","embeddable":true,"href":"https:\/\/www.uqac.ca\/uqactualites\/wp-json\/wp\/v2\/tags?post=21383"}],"curies":[{"name":"wp","href":"https:\/\/api.w.org\/{rel}","templated":true}]}}