{"id":21410,"date":"2012-09-27T09:36:06","date_gmt":"2012-09-27T13:36:06","guid":{"rendered":"http:\/\/uqactualite.odev.ca\/?p=21410"},"modified":"2012-09-27T09:36:06","modified_gmt":"2012-09-27T13:36:06","slug":"le-grir-collabore-a-lexposition-avoir-sa-place-na-pas-dage-2","status":"publish","type":"post","link":"https:\/\/www.uqac.ca\/uqactualites\/2012\/09\/27\/le-grir-collabore-a-lexposition-avoir-sa-place-na-pas-dage-2\/","title":{"rendered":"Le GRIR collabore \u00e0 l\u2019exposition \u00ab Avoir sa place n\u2019a pas d\u2019\u00e2ge \u00bb"},"content":{"rendered":"<p style=\"text-align: justify\">Dans le cadre de sa campagne de sensibilisation <em>L\u2019\u00e2gisme, parlons-en<\/em>!, l\u2019Association qu\u00e9b\u00e9coise de g\u00e9rontologie (AQG), avec la pr\u00e9cieuse collaboration du Groupe de recherche et d\u2019intervention r\u00e9gionales (GRIR) de l\u2019UQAC et les biblioth\u00e8ques de Saguenay, est fi\u00e8re de pr\u00e9senter l\u2019exposition \u00ab\u00a0Avoir sa place n\u2019a pas d\u2019\u00e2ge\u00a0\u00bb.<\/p>\n<p style=\"text-align: justify\">Ce concept original de 7 affiches accompagn\u00e9es de 7 capsules audio est un projet interg\u00e9n\u00e9rationnel r\u00e9alis\u00e9 en partenariat avec les \u00e9tudiants du Coll\u00e8ge Andr\u00e9-Grasset de Montr\u00e9al.<\/p>\n<p style=\"text-align: justify\"><span style=\"color: #5a7411\"><a title=\"Lancement officiel de l'exposition\" href=\"http:\/\/www.uqac.ca\/wp-content\/uploads\/2012\/09\/Lancement-expo_Prendre-sa-place_02-10-2012.pdf\" target=\"_blank\" rel=\"noopener\"><span style=\"color: #5a7411\"><strong><span style=\"text-decoration: underline\">Le lancement officiel de l\u2019exposition<\/span><\/strong><\/span><\/a><\/span> se tiendra \u00e0 la <strong>Biblioth\u00e8que publique de Chicoutimi le <\/strong><strong>mardi 2 octobre 2012 \u00e0 11\u00a0h<\/strong>.\u00a0Un des membres de l\u2019\u00e9quipe de l\u2019AQG sera pr\u00e9sent pour discuter de ce projet innovateur et r\u00e9pondre aux questions du public sur le ph\u00e9nom\u00e8ne de l\u2019\u00e2gisme.<\/p>\n<p style=\"text-align: justify\">L\u2019exposition sera accessible simultan\u00e9ment du 2 octobre au 1<sup>er<\/sup> novembre 2012 dans les biblioth\u00e8ques suivantes\u00a0:<\/p>\n<ul>\n<li>Biblioth\u00e8que publique de Chicoutimi (155, rue Racine Est);<\/li>\n<li>Biblioth\u00e8que publique de Jonqui\u00e8re (3885, boulevard Harvey);<\/li>\n<li>Biblioth\u00e8que publique de La Baie (1911, 6<sup>e<\/sup> Avenue).<\/li>\n<\/ul>\n<p>Bienvenue \u00e0 tous et \u00e0 toutes!<strong><\/strong><\/p>\n<p>&nbsp;<\/p>\n<p><strong>Renseignements\u00a0: <\/strong><br \/>\nGabrielle Desbiens, agente de recherche \u00e0 l&rsquo;animation scientifique<br \/>\nGroupe de recherche et d&rsquo;intervention r\u00e9gionales (GRIR)<br \/>\nUniversit\u00e9 du Qu\u00e9bec \u00e0 Chicoutimi<br \/>\n418 545-5011, poste\u00a03814\u00a0\u00a0\u25aa\u00a0 <a href=\"mailto:grir@uqac.ca\">grir@uqac.ca<\/a><\/p>\n","protected":false},"excerpt":{"rendered":"<p>Dans le cadre de sa campagne de sensibilisation L\u2019\u00e2gisme, parlons-en!, l\u2019Association qu\u00e9b\u00e9coise de g\u00e9rontologie (AQG), avec la pr\u00e9cieuse collaboration du Groupe de recherche et d\u2019intervention r\u00e9gionales (GRIR) de l\u2019UQAC et les biblioth\u00e8ques de Saguenay, est fi\u00e8re de pr\u00e9senter l\u2019exposition \u00ab\u00a0Avoir sa place n\u2019a pas d\u2019\u00e2ge\u00a0\u00bb. Ce concept original de 7 affiches accompagn\u00e9es de 7 capsules [&hellip;]<\/p>\n","protected":false},"author":5,"featured_media":20989,"comment_status":"closed","ping_status":"open","sticky":false,"template":"","format":"standard","meta":{"footnotes":""},"categories":[2772],"tags":[2531,1960,276],"yoast_head":"<!-- This site is optimized with the Yoast SEO plugin v24.2 - https:\/\/yoast.com\/wordpress\/plugins\/seo\/ -->\r\n<title>Le GRIR collabore \u00e0 l\u2019exposition \u00ab Avoir sa place n\u2019a pas d\u2019\u00e2ge \u00bb - UQACtualit\u00e9s<\/title>\r\n<meta name=\"robots\" content=\"index, follow, max-snippet:-1, max-image-preview:large, max-video-preview:-1\" \/>\r\n<link rel=\"canonical\" href=\"https:\/\/www.uqac.ca\/uqactualites\/2012\/09\/27\/le-grir-collabore-a-lexposition-avoir-sa-place-na-pas-dage-2\/\" \/>\r\n<meta property=\"og:locale\" content=\"fr_CA\" \/>\r\n<meta property=\"og:type\" content=\"article\" \/>\r\n<meta property=\"og:title\" content=\"Le GRIR collabore \u00e0 l\u2019exposition \u00ab Avoir sa place n\u2019a pas d\u2019\u00e2ge \u00bb - UQACtualit\u00e9s\" \/>\r\n<meta property=\"og:description\" content=\"Dans le cadre de sa campagne de sensibilisation L\u2019\u00e2gisme, parlons-en!, l\u2019Association qu\u00e9b\u00e9coise de g\u00e9rontologie (AQG), avec la pr\u00e9cieuse collaboration du Groupe de recherche et d\u2019intervention r\u00e9gionales (GRIR) de l\u2019UQAC et les biblioth\u00e8ques de Saguenay, est fi\u00e8re de pr\u00e9senter l\u2019exposition \u00ab\u00a0Avoir sa place n\u2019a pas d\u2019\u00e2ge\u00a0\u00bb. Ce concept original de 7 affiches accompagn\u00e9es de 7 capsules [&hellip;]\" \/>\r\n<meta property=\"og:url\" content=\"https:\/\/www.uqac.ca\/uqactualites\/2012\/09\/27\/le-grir-collabore-a-lexposition-avoir-sa-place-na-pas-dage-2\/\" \/>\r\n<meta property=\"og:site_name\" content=\"UQACtualit\u00e9s\" \/>\r\n<meta property=\"article:published_time\" content=\"2012-09-27T13:36:06+00:00\" \/>\r\n<meta property=\"og:image\" content=\"https:\/\/www.uqac.ca\/uqactualites\/wp-content\/uploads\/2012\/05\/avis-laCommunaut-.jpg\" \/>\r\n\t<meta property=\"og:image:width\" content=\"620\" \/>\r\n\t<meta property=\"og:image:height\" content=\"300\" \/>\r\n\t<meta property=\"og:image:type\" content=\"image\/jpeg\" \/>\r\n<meta name=\"author\" content=\"Service des communications et des relations publiques\" \/>\r\n<meta name=\"twitter:card\" content=\"summary_large_image\" \/>\r\n<meta name=\"twitter:label1\" content=\"\u00c9crit par\" \/>\n\t<meta name=\"twitter:data1\" content=\"Service des communications et des relations publiques\" \/>\n\t<meta name=\"twitter:label2\" content=\"Estimation du temps de lecture\" \/>\n\t<meta name=\"twitter:data2\" content=\"1 minute\" \/>\r\n<script type=\"application\/ld+json\" class=\"yoast-schema-graph\">{\"@context\":\"https:\/\/schema.org\",\"@graph\":[{\"@type\":\"WebPage\",\"@id\":\"https:\/\/www.uqac.ca\/uqactualites\/2012\/09\/27\/le-grir-collabore-a-lexposition-avoir-sa-place-na-pas-dage-2\/\",\"url\":\"https:\/\/www.uqac.ca\/uqactualites\/2012\/09\/27\/le-grir-collabore-a-lexposition-avoir-sa-place-na-pas-dage-2\/\",\"name\":\"Le GRIR collabore \u00e0 l\u2019exposition \u00ab Avoir sa place n\u2019a pas d\u2019\u00e2ge \u00bb - UQACtualit\u00e9s\",\"isPartOf\":{\"@id\":\"https:\/\/www.uqac.ca\/uqactualites\/#website\"},\"primaryImageOfPage\":{\"@id\":\"https:\/\/www.uqac.ca\/uqactualites\/2012\/09\/27\/le-grir-collabore-a-lexposition-avoir-sa-place-na-pas-dage-2\/#primaryimage\"},\"image\":{\"@id\":\"https:\/\/www.uqac.ca\/uqactualites\/2012\/09\/27\/le-grir-collabore-a-lexposition-avoir-sa-place-na-pas-dage-2\/#primaryimage\"},\"thumbnailUrl\":\"https:\/\/www.uqac.ca\/uqactualites\/wp-content\/uploads\/2012\/05\/avis-laCommunaut-.jpg\",\"datePublished\":\"2012-09-27T13:36:06+00:00\",\"dateModified\":\"2012-09-27T13:36:06+00:00\",\"author\":{\"@id\":\"https:\/\/www.uqac.ca\/uqactualites\/#\/schema\/person\/366c45a0c4f0e677b41b4af5886e2018\"},\"breadcrumb\":{\"@id\":\"https:\/\/www.uqac.ca\/uqactualites\/2012\/09\/27\/le-grir-collabore-a-lexposition-avoir-sa-place-na-pas-dage-2\/#breadcrumb\"},\"inLanguage\":\"fr-CA\",\"potentialAction\":[{\"@type\":\"ReadAction\",\"target\":[\"https:\/\/www.uqac.ca\/uqactualites\/2012\/09\/27\/le-grir-collabore-a-lexposition-avoir-sa-place-na-pas-dage-2\/\"]}]},{\"@type\":\"ImageObject\",\"inLanguage\":\"fr-CA\",\"@id\":\"https:\/\/www.uqac.ca\/uqactualites\/2012\/09\/27\/le-grir-collabore-a-lexposition-avoir-sa-place-na-pas-dage-2\/#primaryimage\",\"url\":\"https:\/\/www.uqac.ca\/uqactualites\/wp-content\/uploads\/2012\/05\/avis-laCommunaut-.jpg\",\"contentUrl\":\"https:\/\/www.uqac.ca\/uqactualites\/wp-content\/uploads\/2012\/05\/avis-laCommunaut-.jpg\",\"width\":620,\"height\":300},{\"@type\":\"BreadcrumbList\",\"@id\":\"https:\/\/www.uqac.ca\/uqactualites\/2012\/09\/27\/le-grir-collabore-a-lexposition-avoir-sa-place-na-pas-dage-2\/#breadcrumb\",\"itemListElement\":[{\"@type\":\"ListItem\",\"position\":1,\"name\":\"Home\",\"item\":\"https:\/\/www.uqac.ca\/uqactualites\/\"},{\"@type\":\"ListItem\",\"position\":2,\"name\":\"Le GRIR collabore \u00e0 l\u2019exposition \u00ab Avoir sa place n\u2019a pas d\u2019\u00e2ge \u00bb\"}]},{\"@type\":\"WebSite\",\"@id\":\"https:\/\/www.uqac.ca\/uqactualites\/#website\",\"url\":\"https:\/\/www.uqac.ca\/uqactualites\/\",\"name\":\"UQACtualit\u00e9s\",\"description\":\"Le portail des nouvelles de l&#039;UQAC\",\"potentialAction\":[{\"@type\":\"SearchAction\",\"target\":{\"@type\":\"EntryPoint\",\"urlTemplate\":\"https:\/\/www.uqac.ca\/uqactualites\/?s={search_term_string}\"},\"query-input\":{\"@type\":\"PropertyValueSpecification\",\"valueRequired\":true,\"valueName\":\"search_term_string\"}}],\"inLanguage\":\"fr-CA\"},{\"@type\":\"Person\",\"@id\":\"https:\/\/www.uqac.ca\/uqactualites\/#\/schema\/person\/366c45a0c4f0e677b41b4af5886e2018\",\"name\":\"Service des communications et des relations publiques\",\"image\":{\"@type\":\"ImageObject\",\"inLanguage\":\"fr-CA\",\"@id\":\"https:\/\/www.uqac.ca\/uqactualites\/#\/schema\/person\/image\/\",\"url\":\"https:\/\/secure.gravatar.com\/avatar\/20fbbda8a292f59f2d3461a5b999c00b?s=96&d=mm&r=g\",\"contentUrl\":\"https:\/\/secure.gravatar.com\/avatar\/20fbbda8a292f59f2d3461a5b999c00b?s=96&d=mm&r=g\",\"caption\":\"Service des communications et des relations publiques\"},\"url\":\"https:\/\/www.uqac.ca\/uqactualites\/author\/bap\/\"}]}<\/script>\r\n<!-- \/ Yoast SEO plugin. -->","yoast_head_json":{"title":"Le GRIR collabore \u00e0 l\u2019exposition \u00ab Avoir sa place n\u2019a pas d\u2019\u00e2ge \u00bb - UQACtualit\u00e9s","robots":{"index":"index","follow":"follow","max-snippet":"max-snippet:-1","max-image-preview":"max-image-preview:large","max-video-preview":"max-video-preview:-1"},"canonical":"https:\/\/www.uqac.ca\/uqactualites\/2012\/09\/27\/le-grir-collabore-a-lexposition-avoir-sa-place-na-pas-dage-2\/","og_locale":"fr_CA","og_type":"article","og_title":"Le GRIR collabore \u00e0 l\u2019exposition \u00ab Avoir sa place n\u2019a pas d\u2019\u00e2ge \u00bb - UQACtualit\u00e9s","og_description":"Dans le cadre de sa campagne de sensibilisation L\u2019\u00e2gisme, parlons-en!, l\u2019Association qu\u00e9b\u00e9coise de g\u00e9rontologie (AQG), avec la pr\u00e9cieuse collaboration du Groupe de recherche et d\u2019intervention r\u00e9gionales (GRIR) de l\u2019UQAC et les biblioth\u00e8ques de Saguenay, est fi\u00e8re de pr\u00e9senter l\u2019exposition \u00ab\u00a0Avoir sa place n\u2019a pas d\u2019\u00e2ge\u00a0\u00bb. Ce concept original de 7 affiches accompagn\u00e9es de 7 capsules [&hellip;]","og_url":"https:\/\/www.uqac.ca\/uqactualites\/2012\/09\/27\/le-grir-collabore-a-lexposition-avoir-sa-place-na-pas-dage-2\/","og_site_name":"UQACtualit\u00e9s","article_published_time":"2012-09-27T13:36:06+00:00","og_image":[{"width":620,"height":300,"url":"https:\/\/www.uqac.ca\/uqactualites\/wp-content\/uploads\/2012\/05\/avis-laCommunaut-.jpg","type":"image\/jpeg"}],"author":"Service des communications et des relations publiques","twitter_card":"summary_large_image","twitter_misc":{"\u00c9crit par":"Service des communications et des relations publiques","Estimation du temps de lecture":"1 minute"},"schema":{"@context":"https:\/\/schema.org","@graph":[{"@type":"WebPage","@id":"https:\/\/www.uqac.ca\/uqactualites\/2012\/09\/27\/le-grir-collabore-a-lexposition-avoir-sa-place-na-pas-dage-2\/","url":"https:\/\/www.uqac.ca\/uqactualites\/2012\/09\/27\/le-grir-collabore-a-lexposition-avoir-sa-place-na-pas-dage-2\/","name":"Le GRIR collabore \u00e0 l\u2019exposition \u00ab Avoir sa place n\u2019a pas d\u2019\u00e2ge \u00bb - UQACtualit\u00e9s","isPartOf":{"@id":"https:\/\/www.uqac.ca\/uqactualites\/#website"},"primaryImageOfPage":{"@id":"https:\/\/www.uqac.ca\/uqactualites\/2012\/09\/27\/le-grir-collabore-a-lexposition-avoir-sa-place-na-pas-dage-2\/#primaryimage"},"image":{"@id":"https:\/\/www.uqac.ca\/uqactualites\/2012\/09\/27\/le-grir-collabore-a-lexposition-avoir-sa-place-na-pas-dage-2\/#primaryimage"},"thumbnailUrl":"https:\/\/www.uqac.ca\/uqactualites\/wp-content\/uploads\/2012\/05\/avis-laCommunaut-.jpg","datePublished":"2012-09-27T13:36:06+00:00","dateModified":"2012-09-27T13:36:06+00:00","author":{"@id":"https:\/\/www.uqac.ca\/uqactualites\/#\/schema\/person\/366c45a0c4f0e677b41b4af5886e2018"},"breadcrumb":{"@id":"https:\/\/www.uqac.ca\/uqactualites\/2012\/09\/27\/le-grir-collabore-a-lexposition-avoir-sa-place-na-pas-dage-2\/#breadcrumb"},"inLanguage":"fr-CA","potentialAction":[{"@type":"ReadAction","target":["https:\/\/www.uqac.ca\/uqactualites\/2012\/09\/27\/le-grir-collabore-a-lexposition-avoir-sa-place-na-pas-dage-2\/"]}]},{"@type":"ImageObject","inLanguage":"fr-CA","@id":"https:\/\/www.uqac.ca\/uqactualites\/2012\/09\/27\/le-grir-collabore-a-lexposition-avoir-sa-place-na-pas-dage-2\/#primaryimage","url":"https:\/\/www.uqac.ca\/uqactualites\/wp-content\/uploads\/2012\/05\/avis-laCommunaut-.jpg","contentUrl":"https:\/\/www.uqac.ca\/uqactualites\/wp-content\/uploads\/2012\/05\/avis-laCommunaut-.jpg","width":620,"height":300},{"@type":"BreadcrumbList","@id":"https:\/\/www.uqac.ca\/uqactualites\/2012\/09\/27\/le-grir-collabore-a-lexposition-avoir-sa-place-na-pas-dage-2\/#breadcrumb","itemListElement":[{"@type":"ListItem","position":1,"name":"Home","item":"https:\/\/www.uqac.ca\/uqactualites\/"},{"@type":"ListItem","position":2,"name":"Le GRIR collabore \u00e0 l\u2019exposition \u00ab Avoir sa place n\u2019a pas d\u2019\u00e2ge \u00bb"}]},{"@type":"WebSite","@id":"https:\/\/www.uqac.ca\/uqactualites\/#website","url":"https:\/\/www.uqac.ca\/uqactualites\/","name":"UQACtualit\u00e9s","description":"Le portail des nouvelles de l&#039;UQAC","potentialAction":[{"@type":"SearchAction","target":{"@type":"EntryPoint","urlTemplate":"https:\/\/www.uqac.ca\/uqactualites\/?s={search_term_string}"},"query-input":{"@type":"PropertyValueSpecification","valueRequired":true,"valueName":"search_term_string"}}],"inLanguage":"fr-CA"},{"@type":"Person","@id":"https:\/\/www.uqac.ca\/uqactualites\/#\/schema\/person\/366c45a0c4f0e677b41b4af5886e2018","name":"Service des communications et des relations publiques","image":{"@type":"ImageObject","inLanguage":"fr-CA","@id":"https:\/\/www.uqac.ca\/uqactualites\/#\/schema\/person\/image\/","url":"https:\/\/secure.gravatar.com\/avatar\/20fbbda8a292f59f2d3461a5b999c00b?s=96&d=mm&r=g","contentUrl":"https:\/\/secure.gravatar.com\/avatar\/20fbbda8a292f59f2d3461a5b999c00b?s=96&d=mm&r=g","caption":"Service des communications et des relations publiques"},"url":"https:\/\/www.uqac.ca\/uqactualites\/author\/bap\/"}]}},"_links":{"self":[{"href":"https:\/\/www.uqac.ca\/uqactualites\/wp-json\/wp\/v2\/posts\/21410"}],"collection":[{"href":"https:\/\/www.uqac.ca\/uqactualites\/wp-json\/wp\/v2\/posts"}],"about":[{"href":"https:\/\/www.uqac.ca\/uqactualites\/wp-json\/wp\/v2\/types\/post"}],"author":[{"embeddable":true,"href":"https:\/\/www.uqac.ca\/uqactualites\/wp-json\/wp\/v2\/users\/5"}],"replies":[{"embeddable":true,"href":"https:\/\/www.uqac.ca\/uqactualites\/wp-json\/wp\/v2\/comments?post=21410"}],"version-history":[{"count":0,"href":"https:\/\/www.uqac.ca\/uqactualites\/wp-json\/wp\/v2\/posts\/21410\/revisions"}],"wp:featuredmedia":[{"embeddable":true,"href":"https:\/\/www.uqac.ca\/uqactualites\/wp-json\/wp\/v2\/media\/20989"}],"wp:attachment":[{"href":"https:\/\/www.uqac.ca\/uqactualites\/wp-json\/wp\/v2\/media?parent=21410"}],"wp:term":[{"taxonomy":"category","embeddable":true,"href":"https:\/\/www.uqac.ca\/uqactualites\/wp-json\/wp\/v2\/categories?post=21410"},{"taxonomy":"post_tag","embeddable":true,"href":"https:\/\/www.uqac.ca\/uqactualites\/wp-json\/wp\/v2\/tags?post=21410"}],"curies":[{"name":"wp","href":"https:\/\/api.w.org\/{rel}","templated":true}]}}