{"id":21454,"date":"2012-10-02T14:41:33","date_gmt":"2012-10-02T18:41:33","guid":{"rendered":"http:\/\/uqactualite.odev.ca\/?p=21454"},"modified":"2012-10-02T14:41:33","modified_gmt":"2012-10-02T18:41:33","slug":"la-bibliotheque-peb-presente-professeur-norman-cornett","status":"publish","type":"post","link":"https:\/\/www.uqac.ca\/uqactualites\/2012\/10\/02\/la-bibliotheque-peb-presente-professeur-norman-cornett\/","title":{"rendered":"La biblioth\u00e8que PEB pr\u00e9sente Professeur Norman Cornett"},"content":{"rendered":"<p style=\"text-align: justify\">Cette semaine, la biblioth\u00e8que Paul-\u00c9mile-Boulet pr\u00e9sente <strong><em>Professeur Norman Cornett<\/em><\/strong>\u00a0:<\/p>\n<p style=\"text-align: center\" align=\"center\"><span style=\"color: #5a7411\"><strong>Jeudi 4 octobre \u00e0 12 h\u00a0 \u25aa\u00a0 Local P2-8220<br \/>\n<\/strong>80 minutes \u2013 Film documentaire de 2009<\/span><\/p>\n<p style=\"text-align: justify\">Long m\u00e9trage documentaire sur Norman Cornett, professeur \u00e0 l\u2019Universit\u00e9 McGill, qui s\u2019est acquis au fil des ans l\u2019affection et le respect de beaucoup d\u2019\u00e9tudiants avec ses m\u00e9thodes non conventionnelles.<\/p>\n<p style=\"text-align: justify\">Manifestant une rigueur intellectuelle incontestable, il aborde les sujets les plus vari\u00e9s\u00a0: soins palliatifs, improvisation en jazz, Premi\u00e8res nations, etc. Cong\u00e9di\u00e9 en 2007, il est le protagoniste d\u2019un hommage senti d\u2019Alanis Obomsawin, figure marquante du cin\u00e9ma autochtone que l\u2019\u00e9ducation et la jeunesse int\u00e9ressent depuis longtemps.<\/p>\n<p><span style=\"color: #5a7411\"><strong><a href=\"http:\/\/www.onf.ca\/film\/professeur_norman_cornett\/\"><span style=\"color: #5a7411\">http:\/\/www.onf.ca\/film\/professeur_norman_cornett\/<\/span><\/a><\/strong><\/span><\/p>\n<p>&nbsp;<\/p>\n<p><strong>Renseignements\u00a0:<\/strong><br \/>\nNadia Villeneuve, conseill\u00e8re en information documentaire<br \/>\nBiblioth\u00e8que Paul-\u00c9mile-Boulet<br \/>\nUniversit\u00e9 du Qu\u00e9bec \u00e0 Chicoutimi<br \/>\n418 545-5011, poste\u00a02305\u00a0 \u25aa\u00a0 <span style=\"color: #5a7411\"><a href=\"mailto:nadia1_villeneuve@uqac.ca\"><span style=\"color: #5a7411\">nadia1_villeneuve@uqac.ca<\/span><\/a><\/span><\/p>\n","protected":false},"excerpt":{"rendered":"<p>Cette semaine, la biblioth\u00e8que Paul-\u00c9mile-Boulet pr\u00e9sente Professeur Norman Cornett\u00a0: Jeudi 4 octobre \u00e0 12 h\u00a0 \u25aa\u00a0 Local P2-8220 80 minutes \u2013 Film documentaire de 2009 Long m\u00e9trage documentaire sur Norman Cornett, professeur \u00e0 l\u2019Universit\u00e9 McGill, qui s\u2019est acquis au fil des ans l\u2019affection et le respect de beaucoup d\u2019\u00e9tudiants avec ses m\u00e9thodes non conventionnelles. Manifestant [&hellip;]<\/p>\n","protected":false},"author":5,"featured_media":20989,"comment_status":"closed","ping_status":"open","sticky":false,"template":"","format":"standard","meta":{"footnotes":""},"categories":[2772],"tags":[245,2441,1171],"yoast_head":"<!-- This site is optimized with the Yoast SEO plugin v24.2 - https:\/\/yoast.com\/wordpress\/plugins\/seo\/ -->\r\n<title>La biblioth\u00e8que PEB pr\u00e9sente Professeur Norman Cornett - UQACtualit\u00e9s<\/title>\r\n<meta name=\"robots\" content=\"index, follow, max-snippet:-1, max-image-preview:large, max-video-preview:-1\" \/>\r\n<link rel=\"canonical\" href=\"https:\/\/www.uqac.ca\/uqactualites\/2012\/10\/02\/la-bibliotheque-peb-presente-professeur-norman-cornett\/\" \/>\r\n<meta property=\"og:locale\" content=\"fr_CA\" \/>\r\n<meta property=\"og:type\" content=\"article\" \/>\r\n<meta property=\"og:title\" content=\"La biblioth\u00e8que PEB pr\u00e9sente Professeur Norman Cornett - UQACtualit\u00e9s\" \/>\r\n<meta property=\"og:description\" content=\"Cette semaine, la biblioth\u00e8que Paul-\u00c9mile-Boulet pr\u00e9sente Professeur Norman Cornett\u00a0: Jeudi 4 octobre \u00e0 12 h\u00a0 \u25aa\u00a0 Local P2-8220 80 minutes \u2013 Film documentaire de 2009 Long m\u00e9trage documentaire sur Norman Cornett, professeur \u00e0 l\u2019Universit\u00e9 McGill, qui s\u2019est acquis au fil des ans l\u2019affection et le respect de beaucoup d\u2019\u00e9tudiants avec ses m\u00e9thodes non conventionnelles. Manifestant [&hellip;]\" \/>\r\n<meta property=\"og:url\" content=\"https:\/\/www.uqac.ca\/uqactualites\/2012\/10\/02\/la-bibliotheque-peb-presente-professeur-norman-cornett\/\" \/>\r\n<meta property=\"og:site_name\" content=\"UQACtualit\u00e9s\" \/>\r\n<meta property=\"article:published_time\" content=\"2012-10-02T18:41:33+00:00\" \/>\r\n<meta property=\"og:image\" content=\"https:\/\/www.uqac.ca\/uqactualites\/wp-content\/uploads\/2012\/05\/avis-laCommunaut-.jpg\" \/>\r\n\t<meta property=\"og:image:width\" content=\"620\" \/>\r\n\t<meta property=\"og:image:height\" content=\"300\" \/>\r\n\t<meta property=\"og:image:type\" content=\"image\/jpeg\" \/>\r\n<meta name=\"author\" content=\"Service des communications et des relations publiques\" \/>\r\n<meta name=\"twitter:card\" content=\"summary_large_image\" \/>\r\n<meta name=\"twitter:label1\" content=\"\u00c9crit par\" \/>\n\t<meta name=\"twitter:data1\" content=\"Service des communications et des relations publiques\" \/>\n\t<meta name=\"twitter:label2\" content=\"Estimation du temps de lecture\" \/>\n\t<meta name=\"twitter:data2\" content=\"1 minute\" \/>\r\n<script type=\"application\/ld+json\" class=\"yoast-schema-graph\">{\"@context\":\"https:\/\/schema.org\",\"@graph\":[{\"@type\":\"WebPage\",\"@id\":\"https:\/\/www.uqac.ca\/uqactualites\/2012\/10\/02\/la-bibliotheque-peb-presente-professeur-norman-cornett\/\",\"url\":\"https:\/\/www.uqac.ca\/uqactualites\/2012\/10\/02\/la-bibliotheque-peb-presente-professeur-norman-cornett\/\",\"name\":\"La biblioth\u00e8que PEB pr\u00e9sente Professeur Norman Cornett - UQACtualit\u00e9s\",\"isPartOf\":{\"@id\":\"https:\/\/www.uqac.ca\/uqactualites\/#website\"},\"primaryImageOfPage\":{\"@id\":\"https:\/\/www.uqac.ca\/uqactualites\/2012\/10\/02\/la-bibliotheque-peb-presente-professeur-norman-cornett\/#primaryimage\"},\"image\":{\"@id\":\"https:\/\/www.uqac.ca\/uqactualites\/2012\/10\/02\/la-bibliotheque-peb-presente-professeur-norman-cornett\/#primaryimage\"},\"thumbnailUrl\":\"https:\/\/www.uqac.ca\/uqactualites\/wp-content\/uploads\/2012\/05\/avis-laCommunaut-.jpg\",\"datePublished\":\"2012-10-02T18:41:33+00:00\",\"dateModified\":\"2012-10-02T18:41:33+00:00\",\"author\":{\"@id\":\"https:\/\/www.uqac.ca\/uqactualites\/#\/schema\/person\/366c45a0c4f0e677b41b4af5886e2018\"},\"breadcrumb\":{\"@id\":\"https:\/\/www.uqac.ca\/uqactualites\/2012\/10\/02\/la-bibliotheque-peb-presente-professeur-norman-cornett\/#breadcrumb\"},\"inLanguage\":\"fr-CA\",\"potentialAction\":[{\"@type\":\"ReadAction\",\"target\":[\"https:\/\/www.uqac.ca\/uqactualites\/2012\/10\/02\/la-bibliotheque-peb-presente-professeur-norman-cornett\/\"]}]},{\"@type\":\"ImageObject\",\"inLanguage\":\"fr-CA\",\"@id\":\"https:\/\/www.uqac.ca\/uqactualites\/2012\/10\/02\/la-bibliotheque-peb-presente-professeur-norman-cornett\/#primaryimage\",\"url\":\"https:\/\/www.uqac.ca\/uqactualites\/wp-content\/uploads\/2012\/05\/avis-laCommunaut-.jpg\",\"contentUrl\":\"https:\/\/www.uqac.ca\/uqactualites\/wp-content\/uploads\/2012\/05\/avis-laCommunaut-.jpg\",\"width\":620,\"height\":300},{\"@type\":\"BreadcrumbList\",\"@id\":\"https:\/\/www.uqac.ca\/uqactualites\/2012\/10\/02\/la-bibliotheque-peb-presente-professeur-norman-cornett\/#breadcrumb\",\"itemListElement\":[{\"@type\":\"ListItem\",\"position\":1,\"name\":\"Home\",\"item\":\"https:\/\/www.uqac.ca\/uqactualites\/\"},{\"@type\":\"ListItem\",\"position\":2,\"name\":\"La biblioth\u00e8que PEB pr\u00e9sente Professeur Norman Cornett\"}]},{\"@type\":\"WebSite\",\"@id\":\"https:\/\/www.uqac.ca\/uqactualites\/#website\",\"url\":\"https:\/\/www.uqac.ca\/uqactualites\/\",\"name\":\"UQACtualit\u00e9s\",\"description\":\"Le portail des nouvelles de l&#039;UQAC\",\"potentialAction\":[{\"@type\":\"SearchAction\",\"target\":{\"@type\":\"EntryPoint\",\"urlTemplate\":\"https:\/\/www.uqac.ca\/uqactualites\/?s={search_term_string}\"},\"query-input\":{\"@type\":\"PropertyValueSpecification\",\"valueRequired\":true,\"valueName\":\"search_term_string\"}}],\"inLanguage\":\"fr-CA\"},{\"@type\":\"Person\",\"@id\":\"https:\/\/www.uqac.ca\/uqactualites\/#\/schema\/person\/366c45a0c4f0e677b41b4af5886e2018\",\"name\":\"Service des communications et des relations publiques\",\"image\":{\"@type\":\"ImageObject\",\"inLanguage\":\"fr-CA\",\"@id\":\"https:\/\/www.uqac.ca\/uqactualites\/#\/schema\/person\/image\/\",\"url\":\"https:\/\/secure.gravatar.com\/avatar\/20fbbda8a292f59f2d3461a5b999c00b?s=96&d=mm&r=g\",\"contentUrl\":\"https:\/\/secure.gravatar.com\/avatar\/20fbbda8a292f59f2d3461a5b999c00b?s=96&d=mm&r=g\",\"caption\":\"Service des communications et des relations publiques\"},\"url\":\"https:\/\/www.uqac.ca\/uqactualites\/author\/bap\/\"}]}<\/script>\r\n<!-- \/ Yoast SEO plugin. -->","yoast_head_json":{"title":"La biblioth\u00e8que PEB pr\u00e9sente Professeur Norman Cornett - UQACtualit\u00e9s","robots":{"index":"index","follow":"follow","max-snippet":"max-snippet:-1","max-image-preview":"max-image-preview:large","max-video-preview":"max-video-preview:-1"},"canonical":"https:\/\/www.uqac.ca\/uqactualites\/2012\/10\/02\/la-bibliotheque-peb-presente-professeur-norman-cornett\/","og_locale":"fr_CA","og_type":"article","og_title":"La biblioth\u00e8que PEB pr\u00e9sente Professeur Norman Cornett - UQACtualit\u00e9s","og_description":"Cette semaine, la biblioth\u00e8que Paul-\u00c9mile-Boulet pr\u00e9sente Professeur Norman Cornett\u00a0: Jeudi 4 octobre \u00e0 12 h\u00a0 \u25aa\u00a0 Local P2-8220 80 minutes \u2013 Film documentaire de 2009 Long m\u00e9trage documentaire sur Norman Cornett, professeur \u00e0 l\u2019Universit\u00e9 McGill, qui s\u2019est acquis au fil des ans l\u2019affection et le respect de beaucoup d\u2019\u00e9tudiants avec ses m\u00e9thodes non conventionnelles. Manifestant [&hellip;]","og_url":"https:\/\/www.uqac.ca\/uqactualites\/2012\/10\/02\/la-bibliotheque-peb-presente-professeur-norman-cornett\/","og_site_name":"UQACtualit\u00e9s","article_published_time":"2012-10-02T18:41:33+00:00","og_image":[{"width":620,"height":300,"url":"https:\/\/www.uqac.ca\/uqactualites\/wp-content\/uploads\/2012\/05\/avis-laCommunaut-.jpg","type":"image\/jpeg"}],"author":"Service des communications et des relations publiques","twitter_card":"summary_large_image","twitter_misc":{"\u00c9crit par":"Service des communications et des relations publiques","Estimation du temps de lecture":"1 minute"},"schema":{"@context":"https:\/\/schema.org","@graph":[{"@type":"WebPage","@id":"https:\/\/www.uqac.ca\/uqactualites\/2012\/10\/02\/la-bibliotheque-peb-presente-professeur-norman-cornett\/","url":"https:\/\/www.uqac.ca\/uqactualites\/2012\/10\/02\/la-bibliotheque-peb-presente-professeur-norman-cornett\/","name":"La biblioth\u00e8que PEB pr\u00e9sente Professeur Norman Cornett - UQACtualit\u00e9s","isPartOf":{"@id":"https:\/\/www.uqac.ca\/uqactualites\/#website"},"primaryImageOfPage":{"@id":"https:\/\/www.uqac.ca\/uqactualites\/2012\/10\/02\/la-bibliotheque-peb-presente-professeur-norman-cornett\/#primaryimage"},"image":{"@id":"https:\/\/www.uqac.ca\/uqactualites\/2012\/10\/02\/la-bibliotheque-peb-presente-professeur-norman-cornett\/#primaryimage"},"thumbnailUrl":"https:\/\/www.uqac.ca\/uqactualites\/wp-content\/uploads\/2012\/05\/avis-laCommunaut-.jpg","datePublished":"2012-10-02T18:41:33+00:00","dateModified":"2012-10-02T18:41:33+00:00","author":{"@id":"https:\/\/www.uqac.ca\/uqactualites\/#\/schema\/person\/366c45a0c4f0e677b41b4af5886e2018"},"breadcrumb":{"@id":"https:\/\/www.uqac.ca\/uqactualites\/2012\/10\/02\/la-bibliotheque-peb-presente-professeur-norman-cornett\/#breadcrumb"},"inLanguage":"fr-CA","potentialAction":[{"@type":"ReadAction","target":["https:\/\/www.uqac.ca\/uqactualites\/2012\/10\/02\/la-bibliotheque-peb-presente-professeur-norman-cornett\/"]}]},{"@type":"ImageObject","inLanguage":"fr-CA","@id":"https:\/\/www.uqac.ca\/uqactualites\/2012\/10\/02\/la-bibliotheque-peb-presente-professeur-norman-cornett\/#primaryimage","url":"https:\/\/www.uqac.ca\/uqactualites\/wp-content\/uploads\/2012\/05\/avis-laCommunaut-.jpg","contentUrl":"https:\/\/www.uqac.ca\/uqactualites\/wp-content\/uploads\/2012\/05\/avis-laCommunaut-.jpg","width":620,"height":300},{"@type":"BreadcrumbList","@id":"https:\/\/www.uqac.ca\/uqactualites\/2012\/10\/02\/la-bibliotheque-peb-presente-professeur-norman-cornett\/#breadcrumb","itemListElement":[{"@type":"ListItem","position":1,"name":"Home","item":"https:\/\/www.uqac.ca\/uqactualites\/"},{"@type":"ListItem","position":2,"name":"La biblioth\u00e8que PEB pr\u00e9sente Professeur Norman Cornett"}]},{"@type":"WebSite","@id":"https:\/\/www.uqac.ca\/uqactualites\/#website","url":"https:\/\/www.uqac.ca\/uqactualites\/","name":"UQACtualit\u00e9s","description":"Le portail des nouvelles de l&#039;UQAC","potentialAction":[{"@type":"SearchAction","target":{"@type":"EntryPoint","urlTemplate":"https:\/\/www.uqac.ca\/uqactualites\/?s={search_term_string}"},"query-input":{"@type":"PropertyValueSpecification","valueRequired":true,"valueName":"search_term_string"}}],"inLanguage":"fr-CA"},{"@type":"Person","@id":"https:\/\/www.uqac.ca\/uqactualites\/#\/schema\/person\/366c45a0c4f0e677b41b4af5886e2018","name":"Service des communications et des relations publiques","image":{"@type":"ImageObject","inLanguage":"fr-CA","@id":"https:\/\/www.uqac.ca\/uqactualites\/#\/schema\/person\/image\/","url":"https:\/\/secure.gravatar.com\/avatar\/20fbbda8a292f59f2d3461a5b999c00b?s=96&d=mm&r=g","contentUrl":"https:\/\/secure.gravatar.com\/avatar\/20fbbda8a292f59f2d3461a5b999c00b?s=96&d=mm&r=g","caption":"Service des communications et des relations publiques"},"url":"https:\/\/www.uqac.ca\/uqactualites\/author\/bap\/"}]}},"_links":{"self":[{"href":"https:\/\/www.uqac.ca\/uqactualites\/wp-json\/wp\/v2\/posts\/21454"}],"collection":[{"href":"https:\/\/www.uqac.ca\/uqactualites\/wp-json\/wp\/v2\/posts"}],"about":[{"href":"https:\/\/www.uqac.ca\/uqactualites\/wp-json\/wp\/v2\/types\/post"}],"author":[{"embeddable":true,"href":"https:\/\/www.uqac.ca\/uqactualites\/wp-json\/wp\/v2\/users\/5"}],"replies":[{"embeddable":true,"href":"https:\/\/www.uqac.ca\/uqactualites\/wp-json\/wp\/v2\/comments?post=21454"}],"version-history":[{"count":0,"href":"https:\/\/www.uqac.ca\/uqactualites\/wp-json\/wp\/v2\/posts\/21454\/revisions"}],"wp:featuredmedia":[{"embeddable":true,"href":"https:\/\/www.uqac.ca\/uqactualites\/wp-json\/wp\/v2\/media\/20989"}],"wp:attachment":[{"href":"https:\/\/www.uqac.ca\/uqactualites\/wp-json\/wp\/v2\/media?parent=21454"}],"wp:term":[{"taxonomy":"category","embeddable":true,"href":"https:\/\/www.uqac.ca\/uqactualites\/wp-json\/wp\/v2\/categories?post=21454"},{"taxonomy":"post_tag","embeddable":true,"href":"https:\/\/www.uqac.ca\/uqactualites\/wp-json\/wp\/v2\/tags?post=21454"}],"curies":[{"name":"wp","href":"https:\/\/api.w.org\/{rel}","templated":true}]}}