{"id":21458,"date":"2012-10-03T14:40:33","date_gmt":"2012-10-03T18:40:33","guid":{"rendered":"http:\/\/uqactualite.odev.ca\/?p=21458"},"modified":"2012-10-03T14:40:33","modified_gmt":"2012-10-03T18:40:33","slug":"masoud-farzaneh-recompense-au-68e-gala-de-lacfas","status":"publish","type":"post","link":"https:\/\/www.uqac.ca\/uqactualites\/2012\/10\/03\/masoud-farzaneh-recompense-au-68e-gala-de-lacfas\/","title":{"rendered":"Le Dr Masoud Farzaneh r\u00e9compens\u00e9 au 68e Gala de l\u2019ACFAS"},"content":{"rendered":"<p style=\"text-align: justify\">C\u2019est lors du 68<sup>e<\/sup> Gala de l\u2019ACFAS que Masoud Farzaneh, professeur au D\u00e9partement des sciences appliqu\u00e9es de l\u2019UQAC, a re\u00e7u le prix AFCAS\u2212Urgel-Archambault 2012. Ce prix souligne les travaux en sciences physiques, math\u00e9matiques, informatique et g\u00e9nie. Il a \u00e9t\u00e9 remis au D<sup>r<\/sup> Farzaneh pour l\u2019ensemble de son \u0153uvre.<\/p>\n<p style=\"text-align: justify\">Dipl\u00f4m\u00e9 en g\u00e9nie \u00e9lectrique de l\u2019\u00c9cole polytechnique de T\u00e9h\u00e9ran en 1973, le D<sup>r<\/sup> Masoud Farzaneh a termin\u00e9 ses \u00e9tudes de ma\u00eetrise et de doctorat en 1980 \u00e0 l\u2019Institut national polytechnique et \u00e0 l\u2019Universit\u00e9 Paul Sabatier, en France. Ult\u00e9rieurement, en 1986, il a obtenu un doctorat d\u2019\u00c9tat \u00e8s sciences de l\u2019Universit\u00e9 Paul Sabatier. Il est directeur du Centre international de recherche sur le givrage et l\u2019ing\u00e9nierie des r\u00e9seaux \u00e9lectriques (CENGIVRE) qu\u2019il a fond\u00e9 en 2003, ainsi que titulaire de la Chaire industrielle CRSNG\/Hydro-Qu\u00e9bec\/UQAC sur le givrage atmosph\u00e9rique des \u00e9quipements des r\u00e9seaux \u00e9lectriques (CIGELE) et de la Chaire de recherche du Canada en ing\u00e9nierie du givrage des r\u00e9seaux \u00e9lectriques (INGIVRE) \u00e0 l\u2019Universit\u00e9 du Qu\u00e9bec \u00e0 Chicoutimi. Il a \u00e9galement \u00e9t\u00e9 directeur du programme de ma\u00eetrise en ressources et syst\u00e8mes, ma\u00eetre d&rsquo;\u0153uvre du programme de ma\u00eetrise en ing\u00e9nierie \u00e0 l&rsquo;UQAC ainsi que membre de divers comit\u00e9s d\u00e9cisionnels.<\/p>\n<p style=\"text-align: justify\">L\u2019\u00e9v\u00e9nement, qui se tenait le 2 octobre dernier au Centre des sciences de Montr\u00e9al, fut l&rsquo;occasion de c\u00e9l\u00e9brer l&rsquo;excellence de la recherche qu\u00e9b\u00e9coise, en mettant de l\u2019avant la carri\u00e8re des chercheurs.<\/p>\n<p style=\"text-align: justify\">\u00ab\u00a0Depuis pr\u00e8s de 30 ans, ce chercheur se penche sur la compr\u00e9hension des ph\u00e9nom\u00e8nes \u00e0 la source des effets du climat nordique sur les r\u00e9seaux a\u00e9riens de transport et distribution d\u2019\u00e9lectricit\u00e9\u2026 toute l\u2019approche sur ces questions \u2013 tant pour les scientifiques, les ing\u00e9nieurs, les consultants, voire m\u00eame les organismes de normalisation \u2013 s\u2019en est trouv\u00e9e profond\u00e9ment transform\u00e9e.\u00a0\u00bb<em><br \/>\nSource\u00a0: site Web de l\u2019ACFAS<\/em><a href=\"http:\/\/www.acfas.ca\/prix-concours\/prix-acfas\/2012\/prix-urgel-archambault\/masoud-farzaneh\"><em><br \/>\n<span style=\"color: #5a7411\">http:\/\/www.acfas.ca\/prix-concours\/prix-acfas\/2012\/prix-urgel-archambault\/masoud-farzaneh<\/span><\/em><\/a><\/p>\n<p>Toutes nos f\u00e9licitations au D<sup>r<\/sup> Farzaneh!<\/p>\n<p>&nbsp;<\/p>\n<p><span style=\"color: #808080\">________________________________________________________________________________________<\/span><\/p>\n<p align=\"left\"><span style=\"color: #808080\"><strong>Sur la photo :<\/strong> D<sup>r<\/sup> Masoud Farzaneh, lors de la remise officielle de son prix.<\/span><br \/>\n<span style=\"color: #808080\"><strong>Photographe\u00a0:<\/strong> Gunther Gamper<\/span><br \/>\n<span style=\"color: #808080\"> ________________________________________________________________________________________<\/span><\/p>\n","protected":false},"excerpt":{"rendered":"<p>C\u2019est lors du 68e Gala de l\u2019ACFAS que Masoud Farzaneh, professeur au D\u00e9partement des sciences appliqu\u00e9es de l\u2019UQAC, a re\u00e7u le prix AFCAS\u2212Urgel-Archambault 2012. Ce prix souligne les travaux en sciences physiques, math\u00e9matiques, informatique et g\u00e9nie. Il a \u00e9t\u00e9 remis au Dr Farzaneh pour l\u2019ensemble de son \u0153uvre. Dipl\u00f4m\u00e9 en g\u00e9nie \u00e9lectrique de l\u2019\u00c9cole polytechnique [&hellip;]<\/p>\n","protected":false},"author":5,"featured_media":21460,"comment_status":"open","ping_status":"open","sticky":false,"template":"","format":"standard","meta":{"footnotes":""},"categories":[2,9],"tags":[494,230,196,162,231,65],"yoast_head":"<!-- This site is optimized with the Yoast SEO plugin v24.2 - https:\/\/yoast.com\/wordpress\/plugins\/seo\/ -->\r\n<title>Le Dr Masoud Farzaneh r\u00e9compens\u00e9 au 68e Gala de l\u2019ACFAS - UQACtualit\u00e9s<\/title>\r\n<meta name=\"robots\" content=\"index, follow, max-snippet:-1, max-image-preview:large, max-video-preview:-1\" \/>\r\n<link rel=\"canonical\" href=\"https:\/\/www.uqac.ca\/uqactualites\/2012\/10\/03\/masoud-farzaneh-recompense-au-68e-gala-de-lacfas\/\" \/>\r\n<meta property=\"og:locale\" content=\"fr_CA\" \/>\r\n<meta property=\"og:type\" content=\"article\" \/>\r\n<meta property=\"og:title\" content=\"Le Dr Masoud Farzaneh r\u00e9compens\u00e9 au 68e Gala de l\u2019ACFAS - UQACtualit\u00e9s\" \/>\r\n<meta property=\"og:description\" content=\"C\u2019est lors du 68e Gala de l\u2019ACFAS que Masoud Farzaneh, professeur au D\u00e9partement des sciences appliqu\u00e9es de l\u2019UQAC, a re\u00e7u le prix AFCAS\u2212Urgel-Archambault 2012. Ce prix souligne les travaux en sciences physiques, math\u00e9matiques, informatique et g\u00e9nie. Il a \u00e9t\u00e9 remis au Dr Farzaneh pour l\u2019ensemble de son \u0153uvre. Dipl\u00f4m\u00e9 en g\u00e9nie \u00e9lectrique de l\u2019\u00c9cole polytechnique [&hellip;]\" \/>\r\n<meta property=\"og:url\" content=\"https:\/\/www.uqac.ca\/uqactualites\/2012\/10\/03\/masoud-farzaneh-recompense-au-68e-gala-de-lacfas\/\" \/>\r\n<meta property=\"og:site_name\" content=\"UQACtualit\u00e9s\" \/>\r\n<meta property=\"article:published_time\" content=\"2012-10-03T18:40:33+00:00\" \/>\r\n<meta property=\"og:image\" content=\"https:\/\/www.uqac.ca\/uqactualites\/wp-content\/uploads\/2012\/10\/Masoud-Farzaneh-Web-\u00a9Gunther-Gamper.jpg\" \/>\r\n\t<meta property=\"og:image:width\" content=\"620\" \/>\r\n\t<meta property=\"og:image:height\" content=\"300\" \/>\r\n\t<meta property=\"og:image:type\" content=\"image\/jpeg\" \/>\r\n<meta name=\"author\" content=\"Service des communications et des relations publiques\" \/>\r\n<meta name=\"twitter:card\" content=\"summary_large_image\" \/>\r\n<meta name=\"twitter:label1\" content=\"\u00c9crit par\" \/>\n\t<meta name=\"twitter:data1\" content=\"Service des communications et des relations publiques\" \/>\n\t<meta name=\"twitter:label2\" content=\"Estimation du temps de lecture\" \/>\n\t<meta name=\"twitter:data2\" content=\"2 minutes\" \/>\r\n<script type=\"application\/ld+json\" class=\"yoast-schema-graph\">{\"@context\":\"https:\/\/schema.org\",\"@graph\":[{\"@type\":\"WebPage\",\"@id\":\"https:\/\/www.uqac.ca\/uqactualites\/2012\/10\/03\/masoud-farzaneh-recompense-au-68e-gala-de-lacfas\/\",\"url\":\"https:\/\/www.uqac.ca\/uqactualites\/2012\/10\/03\/masoud-farzaneh-recompense-au-68e-gala-de-lacfas\/\",\"name\":\"Le Dr Masoud Farzaneh r\u00e9compens\u00e9 au 68e Gala de l\u2019ACFAS - UQACtualit\u00e9s\",\"isPartOf\":{\"@id\":\"https:\/\/www.uqac.ca\/uqactualites\/#website\"},\"primaryImageOfPage\":{\"@id\":\"https:\/\/www.uqac.ca\/uqactualites\/2012\/10\/03\/masoud-farzaneh-recompense-au-68e-gala-de-lacfas\/#primaryimage\"},\"image\":{\"@id\":\"https:\/\/www.uqac.ca\/uqactualites\/2012\/10\/03\/masoud-farzaneh-recompense-au-68e-gala-de-lacfas\/#primaryimage\"},\"thumbnailUrl\":\"https:\/\/www.uqac.ca\/uqactualites\/wp-content\/uploads\/2012\/10\/Masoud-Farzaneh-Web-\u00a9Gunther-Gamper.jpg\",\"datePublished\":\"2012-10-03T18:40:33+00:00\",\"dateModified\":\"2012-10-03T18:40:33+00:00\",\"author\":{\"@id\":\"https:\/\/www.uqac.ca\/uqactualites\/#\/schema\/person\/366c45a0c4f0e677b41b4af5886e2018\"},\"breadcrumb\":{\"@id\":\"https:\/\/www.uqac.ca\/uqactualites\/2012\/10\/03\/masoud-farzaneh-recompense-au-68e-gala-de-lacfas\/#breadcrumb\"},\"inLanguage\":\"fr-CA\",\"potentialAction\":[{\"@type\":\"ReadAction\",\"target\":[\"https:\/\/www.uqac.ca\/uqactualites\/2012\/10\/03\/masoud-farzaneh-recompense-au-68e-gala-de-lacfas\/\"]}]},{\"@type\":\"ImageObject\",\"inLanguage\":\"fr-CA\",\"@id\":\"https:\/\/www.uqac.ca\/uqactualites\/2012\/10\/03\/masoud-farzaneh-recompense-au-68e-gala-de-lacfas\/#primaryimage\",\"url\":\"https:\/\/www.uqac.ca\/uqactualites\/wp-content\/uploads\/2012\/10\/Masoud-Farzaneh-Web-\u00a9Gunther-Gamper.jpg\",\"contentUrl\":\"https:\/\/www.uqac.ca\/uqactualites\/wp-content\/uploads\/2012\/10\/Masoud-Farzaneh-Web-\u00a9Gunther-Gamper.jpg\",\"width\":620,\"height\":300},{\"@type\":\"BreadcrumbList\",\"@id\":\"https:\/\/www.uqac.ca\/uqactualites\/2012\/10\/03\/masoud-farzaneh-recompense-au-68e-gala-de-lacfas\/#breadcrumb\",\"itemListElement\":[{\"@type\":\"ListItem\",\"position\":1,\"name\":\"Home\",\"item\":\"https:\/\/www.uqac.ca\/uqactualites\/\"},{\"@type\":\"ListItem\",\"position\":2,\"name\":\"Le Dr Masoud Farzaneh r\u00e9compens\u00e9 au 68e Gala de l\u2019ACFAS\"}]},{\"@type\":\"WebSite\",\"@id\":\"https:\/\/www.uqac.ca\/uqactualites\/#website\",\"url\":\"https:\/\/www.uqac.ca\/uqactualites\/\",\"name\":\"UQACtualit\u00e9s\",\"description\":\"Le portail des nouvelles de l&#039;UQAC\",\"potentialAction\":[{\"@type\":\"SearchAction\",\"target\":{\"@type\":\"EntryPoint\",\"urlTemplate\":\"https:\/\/www.uqac.ca\/uqactualites\/?s={search_term_string}\"},\"query-input\":{\"@type\":\"PropertyValueSpecification\",\"valueRequired\":true,\"valueName\":\"search_term_string\"}}],\"inLanguage\":\"fr-CA\"},{\"@type\":\"Person\",\"@id\":\"https:\/\/www.uqac.ca\/uqactualites\/#\/schema\/person\/366c45a0c4f0e677b41b4af5886e2018\",\"name\":\"Service des communications et des relations publiques\",\"image\":{\"@type\":\"ImageObject\",\"inLanguage\":\"fr-CA\",\"@id\":\"https:\/\/www.uqac.ca\/uqactualites\/#\/schema\/person\/image\/\",\"url\":\"https:\/\/secure.gravatar.com\/avatar\/20fbbda8a292f59f2d3461a5b999c00b?s=96&d=mm&r=g\",\"contentUrl\":\"https:\/\/secure.gravatar.com\/avatar\/20fbbda8a292f59f2d3461a5b999c00b?s=96&d=mm&r=g\",\"caption\":\"Service des communications et des relations publiques\"},\"url\":\"https:\/\/www.uqac.ca\/uqactualites\/author\/bap\/\"}]}<\/script>\r\n<!-- \/ Yoast SEO plugin. -->","yoast_head_json":{"title":"Le Dr Masoud Farzaneh r\u00e9compens\u00e9 au 68e Gala de l\u2019ACFAS - UQACtualit\u00e9s","robots":{"index":"index","follow":"follow","max-snippet":"max-snippet:-1","max-image-preview":"max-image-preview:large","max-video-preview":"max-video-preview:-1"},"canonical":"https:\/\/www.uqac.ca\/uqactualites\/2012\/10\/03\/masoud-farzaneh-recompense-au-68e-gala-de-lacfas\/","og_locale":"fr_CA","og_type":"article","og_title":"Le Dr Masoud Farzaneh r\u00e9compens\u00e9 au 68e Gala de l\u2019ACFAS - UQACtualit\u00e9s","og_description":"C\u2019est lors du 68e Gala de l\u2019ACFAS que Masoud Farzaneh, professeur au D\u00e9partement des sciences appliqu\u00e9es de l\u2019UQAC, a re\u00e7u le prix AFCAS\u2212Urgel-Archambault 2012. Ce prix souligne les travaux en sciences physiques, math\u00e9matiques, informatique et g\u00e9nie. Il a \u00e9t\u00e9 remis au Dr Farzaneh pour l\u2019ensemble de son \u0153uvre. Dipl\u00f4m\u00e9 en g\u00e9nie \u00e9lectrique de l\u2019\u00c9cole polytechnique [&hellip;]","og_url":"https:\/\/www.uqac.ca\/uqactualites\/2012\/10\/03\/masoud-farzaneh-recompense-au-68e-gala-de-lacfas\/","og_site_name":"UQACtualit\u00e9s","article_published_time":"2012-10-03T18:40:33+00:00","og_image":[{"width":620,"height":300,"url":"https:\/\/www.uqac.ca\/uqactualites\/wp-content\/uploads\/2012\/10\/Masoud-Farzaneh-Web-\u00a9Gunther-Gamper.jpg","type":"image\/jpeg"}],"author":"Service des communications et des relations publiques","twitter_card":"summary_large_image","twitter_misc":{"\u00c9crit par":"Service des communications et des relations publiques","Estimation du temps de lecture":"2 minutes"},"schema":{"@context":"https:\/\/schema.org","@graph":[{"@type":"WebPage","@id":"https:\/\/www.uqac.ca\/uqactualites\/2012\/10\/03\/masoud-farzaneh-recompense-au-68e-gala-de-lacfas\/","url":"https:\/\/www.uqac.ca\/uqactualites\/2012\/10\/03\/masoud-farzaneh-recompense-au-68e-gala-de-lacfas\/","name":"Le Dr Masoud Farzaneh r\u00e9compens\u00e9 au 68e Gala de l\u2019ACFAS - UQACtualit\u00e9s","isPartOf":{"@id":"https:\/\/www.uqac.ca\/uqactualites\/#website"},"primaryImageOfPage":{"@id":"https:\/\/www.uqac.ca\/uqactualites\/2012\/10\/03\/masoud-farzaneh-recompense-au-68e-gala-de-lacfas\/#primaryimage"},"image":{"@id":"https:\/\/www.uqac.ca\/uqactualites\/2012\/10\/03\/masoud-farzaneh-recompense-au-68e-gala-de-lacfas\/#primaryimage"},"thumbnailUrl":"https:\/\/www.uqac.ca\/uqactualites\/wp-content\/uploads\/2012\/10\/Masoud-Farzaneh-Web-\u00a9Gunther-Gamper.jpg","datePublished":"2012-10-03T18:40:33+00:00","dateModified":"2012-10-03T18:40:33+00:00","author":{"@id":"https:\/\/www.uqac.ca\/uqactualites\/#\/schema\/person\/366c45a0c4f0e677b41b4af5886e2018"},"breadcrumb":{"@id":"https:\/\/www.uqac.ca\/uqactualites\/2012\/10\/03\/masoud-farzaneh-recompense-au-68e-gala-de-lacfas\/#breadcrumb"},"inLanguage":"fr-CA","potentialAction":[{"@type":"ReadAction","target":["https:\/\/www.uqac.ca\/uqactualites\/2012\/10\/03\/masoud-farzaneh-recompense-au-68e-gala-de-lacfas\/"]}]},{"@type":"ImageObject","inLanguage":"fr-CA","@id":"https:\/\/www.uqac.ca\/uqactualites\/2012\/10\/03\/masoud-farzaneh-recompense-au-68e-gala-de-lacfas\/#primaryimage","url":"https:\/\/www.uqac.ca\/uqactualites\/wp-content\/uploads\/2012\/10\/Masoud-Farzaneh-Web-\u00a9Gunther-Gamper.jpg","contentUrl":"https:\/\/www.uqac.ca\/uqactualites\/wp-content\/uploads\/2012\/10\/Masoud-Farzaneh-Web-\u00a9Gunther-Gamper.jpg","width":620,"height":300},{"@type":"BreadcrumbList","@id":"https:\/\/www.uqac.ca\/uqactualites\/2012\/10\/03\/masoud-farzaneh-recompense-au-68e-gala-de-lacfas\/#breadcrumb","itemListElement":[{"@type":"ListItem","position":1,"name":"Home","item":"https:\/\/www.uqac.ca\/uqactualites\/"},{"@type":"ListItem","position":2,"name":"Le Dr Masoud Farzaneh r\u00e9compens\u00e9 au 68e Gala de l\u2019ACFAS"}]},{"@type":"WebSite","@id":"https:\/\/www.uqac.ca\/uqactualites\/#website","url":"https:\/\/www.uqac.ca\/uqactualites\/","name":"UQACtualit\u00e9s","description":"Le portail des nouvelles de l&#039;UQAC","potentialAction":[{"@type":"SearchAction","target":{"@type":"EntryPoint","urlTemplate":"https:\/\/www.uqac.ca\/uqactualites\/?s={search_term_string}"},"query-input":{"@type":"PropertyValueSpecification","valueRequired":true,"valueName":"search_term_string"}}],"inLanguage":"fr-CA"},{"@type":"Person","@id":"https:\/\/www.uqac.ca\/uqactualites\/#\/schema\/person\/366c45a0c4f0e677b41b4af5886e2018","name":"Service des communications et des relations publiques","image":{"@type":"ImageObject","inLanguage":"fr-CA","@id":"https:\/\/www.uqac.ca\/uqactualites\/#\/schema\/person\/image\/","url":"https:\/\/secure.gravatar.com\/avatar\/20fbbda8a292f59f2d3461a5b999c00b?s=96&d=mm&r=g","contentUrl":"https:\/\/secure.gravatar.com\/avatar\/20fbbda8a292f59f2d3461a5b999c00b?s=96&d=mm&r=g","caption":"Service des communications et des relations publiques"},"url":"https:\/\/www.uqac.ca\/uqactualites\/author\/bap\/"}]}},"_links":{"self":[{"href":"https:\/\/www.uqac.ca\/uqactualites\/wp-json\/wp\/v2\/posts\/21458"}],"collection":[{"href":"https:\/\/www.uqac.ca\/uqactualites\/wp-json\/wp\/v2\/posts"}],"about":[{"href":"https:\/\/www.uqac.ca\/uqactualites\/wp-json\/wp\/v2\/types\/post"}],"author":[{"embeddable":true,"href":"https:\/\/www.uqac.ca\/uqactualites\/wp-json\/wp\/v2\/users\/5"}],"replies":[{"embeddable":true,"href":"https:\/\/www.uqac.ca\/uqactualites\/wp-json\/wp\/v2\/comments?post=21458"}],"version-history":[{"count":0,"href":"https:\/\/www.uqac.ca\/uqactualites\/wp-json\/wp\/v2\/posts\/21458\/revisions"}],"wp:featuredmedia":[{"embeddable":true,"href":"https:\/\/www.uqac.ca\/uqactualites\/wp-json\/wp\/v2\/media\/21460"}],"wp:attachment":[{"href":"https:\/\/www.uqac.ca\/uqactualites\/wp-json\/wp\/v2\/media?parent=21458"}],"wp:term":[{"taxonomy":"category","embeddable":true,"href":"https:\/\/www.uqac.ca\/uqactualites\/wp-json\/wp\/v2\/categories?post=21458"},{"taxonomy":"post_tag","embeddable":true,"href":"https:\/\/www.uqac.ca\/uqactualites\/wp-json\/wp\/v2\/tags?post=21458"}],"curies":[{"name":"wp","href":"https:\/\/api.w.org\/{rel}","templated":true}]}}