{"id":21499,"date":"2012-10-09T08:46:24","date_gmt":"2012-10-09T12:46:24","guid":{"rendered":"http:\/\/uqactualite.odev.ca\/?p=21499"},"modified":"2012-10-09T08:46:24","modified_gmt":"2012-10-09T12:46:24","slug":"jean-thomas-henderson-laureat-2012-au-gala-forces-avenir","status":"publish","type":"post","link":"https:\/\/www.uqac.ca\/uqactualites\/2012\/10\/09\/jean-thomas-henderson-laureat-2012-au-gala-forces-avenir\/","title":{"rendered":"Jean-Thomas Henderson, laur\u00e9at 2012 au Gala Forces AVENIR"},"content":{"rendered":"<p style=\"text-align: justify\">C\u2019est lors du Gala Forces AVENIR universitaire, tenu le 2 octobre dernier au Th\u00e9\u00e2tre Capitole de Qu\u00e9bec, que Jean-Thomas Henderson, \u00e9tudiant \u00e0 la ma\u00eetrise en gestion des organisations \u00e0 l\u2019UQAC, a \u00e9t\u00e9 nomm\u00e9 laur\u00e9at\u00a02012 de la cat\u00e9gorie \u00ab\u00a0AVENIR Personnalit\u00e9 2<sup>e<\/sup> et 3<sup>e<\/sup> cycles\u00a0\u00bb. Cet \u00e9v\u00e9nement annuel est l\u2019occasion de c\u00e9l\u00e9brer l\u2019engagement et permet d\u2019honorer et de r\u00e9compenser les \u00e9tudiants des universit\u00e9s qu\u00e9b\u00e9coises.<\/p>\n<p style=\"text-align: justify\">Cofondateur de la Coop V.E.R.T.E. et impliqu\u00e9 activement dans le milieu des affaires, Jean-Thomas Henderson montre un leadership peu banal dans le d\u00e9veloppement coop\u00e9ratif r\u00e9gional. Il est \u00e9galement cofondateur et vice-pr\u00e9sident du Fonds d\u2019investissement jeunesse en immobilisation, administrateur du Centre d\u2019essaimage et d\u2019entrepreneuriat de l\u2019UQAC, membre du r\u00e9seau CLIC entrepreneurs, administrateur de la Coop\u00e9rative de d\u00e9veloppement r\u00e9gional Saguenay\u2013Lac-Saint-Jean et administrateur du regroupement Action Jeunesse 02 ainsi que de la Jeune chambre de commerce du Saguenay.<\/p>\n<p style=\"text-align: justify\">Celui qui a \u00e9galement \u00e9t\u00e9 nomm\u00e9 membre de l\u2019\u00c9quipe \u00e9toile entrepreneuriale du Saguenay\u2013Lac-Saint-Jean a plusieurs projets en t\u00eate\u00a0: pr\u00e9parer un documentaire sur le monde coop\u00e9ratif \u00e0 travers la plan\u00e8te, effectuer un stage en coop\u00e9ration internationale afin d\u2019offrir son expertise \u00e0 ceux qui souhaitent mettre en place un projet coop\u00e9ratif et pr\u00e9senter des conf\u00e9rences sur son parcours de jeune entrepreneur dans le monde coop\u00e9ratif.<\/p>\n<p align=\"left\">Consultez le profil de Jean-Thomas Henderson sur le site Web de Forces AVENIR au<br \/>\n<span style=\"color: #5a7411\"><a href=\"http:\/\/www.forcesavenir.qc.ca\/universitaire\/finaliste_view\/3416\"><span style=\"color: #5a7411\"><strong>http:\/\/www.forcesavenir.qc.ca\/universitaire\/finaliste_view\/3416<\/strong><\/span><\/a><\/span>.<\/p>\n<p align=\"left\">Bravo Jean-Thomas!<\/p>\n<p align=\"left\"><strong><br \/>\nSources\u00a0:<br \/>\n<\/strong>Site Web Forces AVENIR<br \/>\n<span style=\"color: #5a7411\"><a href=\"http:\/\/www.forcesavenir.qc.ca\"><span style=\"color: #5a7411\">www.forcesavenir.qc.ca<\/span><\/a><\/span><\/p>\n<p align=\"left\">Bureau des affaires publiques<br \/>\nUniversit\u00e9 du Qu\u00e9bec \u00e0 Chicoutimi<br \/>\n418\u00a0545-5011, poste 2350\u00a0\u00a0\u25aa\u00a0 <span style=\"color: #5a7411\"><a href=\"mailto:patricia_jean@uqac.ca\"><span style=\"color: #5a7411\">patricia_jean@uqac.ca<\/span><\/a><\/span><\/p>\n<p><span style=\"color: #808080\">________________________________________________________________________________________<\/span><\/p>\n<p align=\"left\"><span style=\"color: #808080\"><strong>Sur la photo :<\/strong> Jean-Thomas Henderson lors de la remise de son prix<strong><br \/>\n<\/strong><strong>Photographie\u00a0:<\/strong> Courtoisie Forces AVENIR<\/span><br \/>\n<span style=\"color: #808080\"> ________________________________________________________________________________________<\/span><\/p>\n","protected":false},"excerpt":{"rendered":"<p>C\u2019est lors du Gala Forces AVENIR universitaire, tenu le 2 octobre dernier au Th\u00e9\u00e2tre Capitole de Qu\u00e9bec, que Jean-Thomas Henderson, \u00e9tudiant \u00e0 la ma\u00eetrise en gestion des organisations \u00e0 l\u2019UQAC, a \u00e9t\u00e9 nomm\u00e9 laur\u00e9at\u00a02012 de la cat\u00e9gorie \u00ab\u00a0AVENIR Personnalit\u00e9 2e et 3e cycles\u00a0\u00bb. Cet \u00e9v\u00e9nement annuel est l\u2019occasion de c\u00e9l\u00e9brer l\u2019engagement et permet d\u2019honorer et [&hellip;]<\/p>\n","protected":false},"author":5,"featured_media":21500,"comment_status":"open","ping_status":"open","sticky":false,"template":"","format":"standard","meta":{"footnotes":""},"categories":[2,9],"tags":[2545,162,2414,65],"yoast_head":"<!-- This site is optimized with the Yoast SEO plugin v24.2 - https:\/\/yoast.com\/wordpress\/plugins\/seo\/ -->\r\n<title>Jean-Thomas Henderson, laur\u00e9at 2012 au Gala Forces AVENIR - UQACtualit\u00e9s<\/title>\r\n<meta name=\"robots\" content=\"index, follow, max-snippet:-1, max-image-preview:large, max-video-preview:-1\" \/>\r\n<link rel=\"canonical\" href=\"https:\/\/www.uqac.ca\/uqactualites\/2012\/10\/09\/jean-thomas-henderson-laureat-2012-au-gala-forces-avenir\/\" \/>\r\n<meta property=\"og:locale\" content=\"fr_CA\" \/>\r\n<meta property=\"og:type\" content=\"article\" \/>\r\n<meta property=\"og:title\" content=\"Jean-Thomas Henderson, laur\u00e9at 2012 au Gala Forces AVENIR - UQACtualit\u00e9s\" \/>\r\n<meta property=\"og:description\" content=\"C\u2019est lors du Gala Forces AVENIR universitaire, tenu le 2 octobre dernier au Th\u00e9\u00e2tre Capitole de Qu\u00e9bec, que Jean-Thomas Henderson, \u00e9tudiant \u00e0 la ma\u00eetrise en gestion des organisations \u00e0 l\u2019UQAC, a \u00e9t\u00e9 nomm\u00e9 laur\u00e9at\u00a02012 de la cat\u00e9gorie \u00ab\u00a0AVENIR Personnalit\u00e9 2e et 3e cycles\u00a0\u00bb. Cet \u00e9v\u00e9nement annuel est l\u2019occasion de c\u00e9l\u00e9brer l\u2019engagement et permet d\u2019honorer et [&hellip;]\" \/>\r\n<meta property=\"og:url\" content=\"https:\/\/www.uqac.ca\/uqactualites\/2012\/10\/09\/jean-thomas-henderson-laureat-2012-au-gala-forces-avenir\/\" \/>\r\n<meta property=\"og:site_name\" content=\"UQACtualit\u00e9s\" \/>\r\n<meta property=\"article:published_time\" content=\"2012-10-09T12:46:24+00:00\" \/>\r\n<meta property=\"og:image\" content=\"https:\/\/www.uqac.ca\/uqactualites\/wp-content\/uploads\/2012\/10\/Jean-Thomas-Henderson-Web-\u00a9Courtoisie-Forces-AVENIR.jpg\" \/>\r\n\t<meta property=\"og:image:width\" content=\"620\" \/>\r\n\t<meta property=\"og:image:height\" content=\"300\" \/>\r\n\t<meta property=\"og:image:type\" content=\"image\/jpeg\" \/>\r\n<meta name=\"author\" content=\"Service des communications et des relations publiques\" \/>\r\n<meta name=\"twitter:card\" content=\"summary_large_image\" \/>\r\n<meta name=\"twitter:label1\" content=\"\u00c9crit par\" \/>\n\t<meta name=\"twitter:data1\" content=\"Service des communications et des relations publiques\" \/>\n\t<meta name=\"twitter:label2\" content=\"Estimation du temps de lecture\" \/>\n\t<meta name=\"twitter:data2\" content=\"2 minutes\" \/>\r\n<script type=\"application\/ld+json\" class=\"yoast-schema-graph\">{\"@context\":\"https:\/\/schema.org\",\"@graph\":[{\"@type\":\"WebPage\",\"@id\":\"https:\/\/www.uqac.ca\/uqactualites\/2012\/10\/09\/jean-thomas-henderson-laureat-2012-au-gala-forces-avenir\/\",\"url\":\"https:\/\/www.uqac.ca\/uqactualites\/2012\/10\/09\/jean-thomas-henderson-laureat-2012-au-gala-forces-avenir\/\",\"name\":\"Jean-Thomas Henderson, laur\u00e9at 2012 au Gala Forces AVENIR - UQACtualit\u00e9s\",\"isPartOf\":{\"@id\":\"https:\/\/www.uqac.ca\/uqactualites\/#website\"},\"primaryImageOfPage\":{\"@id\":\"https:\/\/www.uqac.ca\/uqactualites\/2012\/10\/09\/jean-thomas-henderson-laureat-2012-au-gala-forces-avenir\/#primaryimage\"},\"image\":{\"@id\":\"https:\/\/www.uqac.ca\/uqactualites\/2012\/10\/09\/jean-thomas-henderson-laureat-2012-au-gala-forces-avenir\/#primaryimage\"},\"thumbnailUrl\":\"https:\/\/www.uqac.ca\/uqactualites\/wp-content\/uploads\/2012\/10\/Jean-Thomas-Henderson-Web-\u00a9Courtoisie-Forces-AVENIR.jpg\",\"datePublished\":\"2012-10-09T12:46:24+00:00\",\"dateModified\":\"2012-10-09T12:46:24+00:00\",\"author\":{\"@id\":\"https:\/\/www.uqac.ca\/uqactualites\/#\/schema\/person\/366c45a0c4f0e677b41b4af5886e2018\"},\"breadcrumb\":{\"@id\":\"https:\/\/www.uqac.ca\/uqactualites\/2012\/10\/09\/jean-thomas-henderson-laureat-2012-au-gala-forces-avenir\/#breadcrumb\"},\"inLanguage\":\"fr-CA\",\"potentialAction\":[{\"@type\":\"ReadAction\",\"target\":[\"https:\/\/www.uqac.ca\/uqactualites\/2012\/10\/09\/jean-thomas-henderson-laureat-2012-au-gala-forces-avenir\/\"]}]},{\"@type\":\"ImageObject\",\"inLanguage\":\"fr-CA\",\"@id\":\"https:\/\/www.uqac.ca\/uqactualites\/2012\/10\/09\/jean-thomas-henderson-laureat-2012-au-gala-forces-avenir\/#primaryimage\",\"url\":\"https:\/\/www.uqac.ca\/uqactualites\/wp-content\/uploads\/2012\/10\/Jean-Thomas-Henderson-Web-\u00a9Courtoisie-Forces-AVENIR.jpg\",\"contentUrl\":\"https:\/\/www.uqac.ca\/uqactualites\/wp-content\/uploads\/2012\/10\/Jean-Thomas-Henderson-Web-\u00a9Courtoisie-Forces-AVENIR.jpg\",\"width\":620,\"height\":300},{\"@type\":\"BreadcrumbList\",\"@id\":\"https:\/\/www.uqac.ca\/uqactualites\/2012\/10\/09\/jean-thomas-henderson-laureat-2012-au-gala-forces-avenir\/#breadcrumb\",\"itemListElement\":[{\"@type\":\"ListItem\",\"position\":1,\"name\":\"Home\",\"item\":\"https:\/\/www.uqac.ca\/uqactualites\/\"},{\"@type\":\"ListItem\",\"position\":2,\"name\":\"Jean-Thomas Henderson, laur\u00e9at 2012 au Gala Forces AVENIR\"}]},{\"@type\":\"WebSite\",\"@id\":\"https:\/\/www.uqac.ca\/uqactualites\/#website\",\"url\":\"https:\/\/www.uqac.ca\/uqactualites\/\",\"name\":\"UQACtualit\u00e9s\",\"description\":\"Le portail des nouvelles de l&#039;UQAC\",\"potentialAction\":[{\"@type\":\"SearchAction\",\"target\":{\"@type\":\"EntryPoint\",\"urlTemplate\":\"https:\/\/www.uqac.ca\/uqactualites\/?s={search_term_string}\"},\"query-input\":{\"@type\":\"PropertyValueSpecification\",\"valueRequired\":true,\"valueName\":\"search_term_string\"}}],\"inLanguage\":\"fr-CA\"},{\"@type\":\"Person\",\"@id\":\"https:\/\/www.uqac.ca\/uqactualites\/#\/schema\/person\/366c45a0c4f0e677b41b4af5886e2018\",\"name\":\"Service des communications et des relations publiques\",\"image\":{\"@type\":\"ImageObject\",\"inLanguage\":\"fr-CA\",\"@id\":\"https:\/\/www.uqac.ca\/uqactualites\/#\/schema\/person\/image\/\",\"url\":\"https:\/\/secure.gravatar.com\/avatar\/20fbbda8a292f59f2d3461a5b999c00b?s=96&d=mm&r=g\",\"contentUrl\":\"https:\/\/secure.gravatar.com\/avatar\/20fbbda8a292f59f2d3461a5b999c00b?s=96&d=mm&r=g\",\"caption\":\"Service des communications et des relations publiques\"},\"url\":\"https:\/\/www.uqac.ca\/uqactualites\/author\/bap\/\"}]}<\/script>\r\n<!-- \/ Yoast SEO plugin. -->","yoast_head_json":{"title":"Jean-Thomas Henderson, laur\u00e9at 2012 au Gala Forces AVENIR - UQACtualit\u00e9s","robots":{"index":"index","follow":"follow","max-snippet":"max-snippet:-1","max-image-preview":"max-image-preview:large","max-video-preview":"max-video-preview:-1"},"canonical":"https:\/\/www.uqac.ca\/uqactualites\/2012\/10\/09\/jean-thomas-henderson-laureat-2012-au-gala-forces-avenir\/","og_locale":"fr_CA","og_type":"article","og_title":"Jean-Thomas Henderson, laur\u00e9at 2012 au Gala Forces AVENIR - UQACtualit\u00e9s","og_description":"C\u2019est lors du Gala Forces AVENIR universitaire, tenu le 2 octobre dernier au Th\u00e9\u00e2tre Capitole de Qu\u00e9bec, que Jean-Thomas Henderson, \u00e9tudiant \u00e0 la ma\u00eetrise en gestion des organisations \u00e0 l\u2019UQAC, a \u00e9t\u00e9 nomm\u00e9 laur\u00e9at\u00a02012 de la cat\u00e9gorie \u00ab\u00a0AVENIR Personnalit\u00e9 2e et 3e cycles\u00a0\u00bb. Cet \u00e9v\u00e9nement annuel est l\u2019occasion de c\u00e9l\u00e9brer l\u2019engagement et permet d\u2019honorer et [&hellip;]","og_url":"https:\/\/www.uqac.ca\/uqactualites\/2012\/10\/09\/jean-thomas-henderson-laureat-2012-au-gala-forces-avenir\/","og_site_name":"UQACtualit\u00e9s","article_published_time":"2012-10-09T12:46:24+00:00","og_image":[{"width":620,"height":300,"url":"https:\/\/www.uqac.ca\/uqactualites\/wp-content\/uploads\/2012\/10\/Jean-Thomas-Henderson-Web-\u00a9Courtoisie-Forces-AVENIR.jpg","type":"image\/jpeg"}],"author":"Service des communications et des relations publiques","twitter_card":"summary_large_image","twitter_misc":{"\u00c9crit par":"Service des communications et des relations publiques","Estimation du temps de lecture":"2 minutes"},"schema":{"@context":"https:\/\/schema.org","@graph":[{"@type":"WebPage","@id":"https:\/\/www.uqac.ca\/uqactualites\/2012\/10\/09\/jean-thomas-henderson-laureat-2012-au-gala-forces-avenir\/","url":"https:\/\/www.uqac.ca\/uqactualites\/2012\/10\/09\/jean-thomas-henderson-laureat-2012-au-gala-forces-avenir\/","name":"Jean-Thomas Henderson, laur\u00e9at 2012 au Gala Forces AVENIR - UQACtualit\u00e9s","isPartOf":{"@id":"https:\/\/www.uqac.ca\/uqactualites\/#website"},"primaryImageOfPage":{"@id":"https:\/\/www.uqac.ca\/uqactualites\/2012\/10\/09\/jean-thomas-henderson-laureat-2012-au-gala-forces-avenir\/#primaryimage"},"image":{"@id":"https:\/\/www.uqac.ca\/uqactualites\/2012\/10\/09\/jean-thomas-henderson-laureat-2012-au-gala-forces-avenir\/#primaryimage"},"thumbnailUrl":"https:\/\/www.uqac.ca\/uqactualites\/wp-content\/uploads\/2012\/10\/Jean-Thomas-Henderson-Web-\u00a9Courtoisie-Forces-AVENIR.jpg","datePublished":"2012-10-09T12:46:24+00:00","dateModified":"2012-10-09T12:46:24+00:00","author":{"@id":"https:\/\/www.uqac.ca\/uqactualites\/#\/schema\/person\/366c45a0c4f0e677b41b4af5886e2018"},"breadcrumb":{"@id":"https:\/\/www.uqac.ca\/uqactualites\/2012\/10\/09\/jean-thomas-henderson-laureat-2012-au-gala-forces-avenir\/#breadcrumb"},"inLanguage":"fr-CA","potentialAction":[{"@type":"ReadAction","target":["https:\/\/www.uqac.ca\/uqactualites\/2012\/10\/09\/jean-thomas-henderson-laureat-2012-au-gala-forces-avenir\/"]}]},{"@type":"ImageObject","inLanguage":"fr-CA","@id":"https:\/\/www.uqac.ca\/uqactualites\/2012\/10\/09\/jean-thomas-henderson-laureat-2012-au-gala-forces-avenir\/#primaryimage","url":"https:\/\/www.uqac.ca\/uqactualites\/wp-content\/uploads\/2012\/10\/Jean-Thomas-Henderson-Web-\u00a9Courtoisie-Forces-AVENIR.jpg","contentUrl":"https:\/\/www.uqac.ca\/uqactualites\/wp-content\/uploads\/2012\/10\/Jean-Thomas-Henderson-Web-\u00a9Courtoisie-Forces-AVENIR.jpg","width":620,"height":300},{"@type":"BreadcrumbList","@id":"https:\/\/www.uqac.ca\/uqactualites\/2012\/10\/09\/jean-thomas-henderson-laureat-2012-au-gala-forces-avenir\/#breadcrumb","itemListElement":[{"@type":"ListItem","position":1,"name":"Home","item":"https:\/\/www.uqac.ca\/uqactualites\/"},{"@type":"ListItem","position":2,"name":"Jean-Thomas Henderson, laur\u00e9at 2012 au Gala Forces AVENIR"}]},{"@type":"WebSite","@id":"https:\/\/www.uqac.ca\/uqactualites\/#website","url":"https:\/\/www.uqac.ca\/uqactualites\/","name":"UQACtualit\u00e9s","description":"Le portail des nouvelles de l&#039;UQAC","potentialAction":[{"@type":"SearchAction","target":{"@type":"EntryPoint","urlTemplate":"https:\/\/www.uqac.ca\/uqactualites\/?s={search_term_string}"},"query-input":{"@type":"PropertyValueSpecification","valueRequired":true,"valueName":"search_term_string"}}],"inLanguage":"fr-CA"},{"@type":"Person","@id":"https:\/\/www.uqac.ca\/uqactualites\/#\/schema\/person\/366c45a0c4f0e677b41b4af5886e2018","name":"Service des communications et des relations publiques","image":{"@type":"ImageObject","inLanguage":"fr-CA","@id":"https:\/\/www.uqac.ca\/uqactualites\/#\/schema\/person\/image\/","url":"https:\/\/secure.gravatar.com\/avatar\/20fbbda8a292f59f2d3461a5b999c00b?s=96&d=mm&r=g","contentUrl":"https:\/\/secure.gravatar.com\/avatar\/20fbbda8a292f59f2d3461a5b999c00b?s=96&d=mm&r=g","caption":"Service des communications et des relations publiques"},"url":"https:\/\/www.uqac.ca\/uqactualites\/author\/bap\/"}]}},"_links":{"self":[{"href":"https:\/\/www.uqac.ca\/uqactualites\/wp-json\/wp\/v2\/posts\/21499"}],"collection":[{"href":"https:\/\/www.uqac.ca\/uqactualites\/wp-json\/wp\/v2\/posts"}],"about":[{"href":"https:\/\/www.uqac.ca\/uqactualites\/wp-json\/wp\/v2\/types\/post"}],"author":[{"embeddable":true,"href":"https:\/\/www.uqac.ca\/uqactualites\/wp-json\/wp\/v2\/users\/5"}],"replies":[{"embeddable":true,"href":"https:\/\/www.uqac.ca\/uqactualites\/wp-json\/wp\/v2\/comments?post=21499"}],"version-history":[{"count":0,"href":"https:\/\/www.uqac.ca\/uqactualites\/wp-json\/wp\/v2\/posts\/21499\/revisions"}],"wp:featuredmedia":[{"embeddable":true,"href":"https:\/\/www.uqac.ca\/uqactualites\/wp-json\/wp\/v2\/media\/21500"}],"wp:attachment":[{"href":"https:\/\/www.uqac.ca\/uqactualites\/wp-json\/wp\/v2\/media?parent=21499"}],"wp:term":[{"taxonomy":"category","embeddable":true,"href":"https:\/\/www.uqac.ca\/uqactualites\/wp-json\/wp\/v2\/categories?post=21499"},{"taxonomy":"post_tag","embeddable":true,"href":"https:\/\/www.uqac.ca\/uqactualites\/wp-json\/wp\/v2\/tags?post=21499"}],"curies":[{"name":"wp","href":"https:\/\/api.w.org\/{rel}","templated":true}]}}