{"id":21553,"date":"2012-10-12T08:30:45","date_gmt":"2012-10-12T12:30:45","guid":{"rendered":"http:\/\/uqactualite.odev.ca\/?p=21553"},"modified":"2012-10-12T08:30:45","modified_gmt":"2012-10-12T12:30:45","slug":"stages-internationaux-et-echanges-interculturels","status":"publish","type":"post","link":"https:\/\/www.uqac.ca\/uqactualites\/2012\/10\/12\/stages-internationaux-et-echanges-interculturels\/","title":{"rendered":"Stages internationaux et \u00e9changes interculturels au module d\u2019\u00e9ducation au pr\u00e9scolaire et d\u2019enseignement au primaire"},"content":{"rendered":"<p style=\"text-align: justify\">La communaut\u00e9 universitaire est invit\u00e9e \u00e0 assister aux pr\u00e9sentations des \u00e9tudiants du programme d\u2019\u00e9ducation au pr\u00e9scolaire et d\u2019enseignement au primaire qui ont effectu\u00e9 un \u00e9change interculturel, un stage au Canada anglais ou un stage en Europe au printemps dernier. Ceux-ci pr\u00e9senteront le fruit de leur exp\u00e9rience \u00e0 l\u2019aide d\u2019un diaporama et r\u00e9pondront aux questions de l\u2019auditoire.<\/p>\n<p align=\"center\"><span style=\"color: #5a7411\">\u00a0<strong>Mardi 16 octobre\u00a0 <\/strong><strong>\u25aa<\/strong><strong>\u00a0 11\u00a0h\u00a015<br \/>\nLocal H2-1080<\/strong><\/span><br \/>\nPr\u00e9sentations des \u00e9tudiants ayant effectu\u00e9 un <strong>\u00e9change interculturel<\/strong><br \/>\navec des \u00e9tudiants de la Haute \u00c9cole de Namur (antenne de Malone) en Belgique<strong><\/strong><\/p>\n<p align=\"center\"><span style=\"color: #5a7411\"><strong> Mercredi 17 octobre\u00a0 <\/strong><strong>\u25aa<\/strong><strong>\u00a0 11\u00a0h\u00a015<br \/>\nLocal H2-1080<\/strong><\/span><br \/>\nPr\u00e9sentations des \u00e9tudiants ayant effectu\u00e9 un<br \/>\n<strong>stage de 2 mois dans des \u00e9coles de Bruxelles et de Li\u00e8ge en Belgique<\/strong><br \/>\n<span style=\"color: #808080\"><em>Des \u00e9tudiants li\u00e9geois et bruxellois actuellement inscrits dans notre programme<br \/>\ndans le cadre d\u2019ententes bilat\u00e9rales seront \u00e9galement pr\u00e9sents et discuteront des<br \/>\ndiff\u00e9rences p\u00e9dagogiques et culturelles entre nos syst\u00e8mes scolaires respectifs.<\/em><\/span><strong><\/strong><\/p>\n<p align=\"center\"><span style=\"color: #5a7411\"><strong> Jeudi 18 octobre<\/strong>\u00a0 \u25aa\u00a0 <strong>11\u00a0h\u00a015<br \/>\nLocal H2-1180<\/strong><\/span><br \/>\nPr\u00e9sentations des \u00e9tudiants ayant effectu\u00e9 un <strong>stage de 2 mois en Alberta<\/strong><br \/>\ndans des \u00e9coles franco-albertaines<\/p>\n<p>Apportez votre d\u00eener!<strong><\/strong><\/p>\n<p>&nbsp;<\/p>\n<p><strong>Renseignements\u00a0:<\/strong><br \/>\nRoberto Gauthier, directeur<br \/>\nModule d\u2019\u00e9ducation au pr\u00e9scolaire et d\u2019enseignement au primaire<br \/>\nUniversit\u00e9 du Qu\u00e9bec \u00e0 Chicoutimi<br \/>\n418 545-5011, poste 5609\u00a0 \u25aa\u00a0 <span style=\"color: #5a7411\"><a href=\"mailto:roberto_gauthier@uqac.ca\"><span style=\"color: #5a7411\">roberto_gauthier@uqac.ca<\/span><\/a><\/span><\/p>\n","protected":false},"excerpt":{"rendered":"<p>La communaut\u00e9 universitaire est invit\u00e9e \u00e0 assister aux pr\u00e9sentations des \u00e9tudiants du programme d\u2019\u00e9ducation au pr\u00e9scolaire et d\u2019enseignement au primaire qui ont effectu\u00e9 un \u00e9change interculturel, un stage au Canada anglais ou un stage en Europe au printemps dernier. Ceux-ci pr\u00e9senteront le fruit de leur exp\u00e9rience \u00e0 l\u2019aide d\u2019un diaporama et r\u00e9pondront aux questions de [&hellip;]<\/p>\n","protected":false},"author":5,"featured_media":20989,"comment_status":"closed","ping_status":"open","sticky":false,"template":"","format":"standard","meta":{"footnotes":""},"categories":[2772],"tags":[1347,102,82,1373,2555,1374,50],"yoast_head":"<!-- This site is optimized with the Yoast SEO plugin v24.2 - https:\/\/yoast.com\/wordpress\/plugins\/seo\/ -->\r\n<title>Stages internationaux et \u00e9changes interculturels au module d\u2019\u00e9ducation au pr\u00e9scolaire et d\u2019enseignement au primaire - UQACtualit\u00e9s<\/title>\r\n<meta name=\"robots\" content=\"index, follow, max-snippet:-1, max-image-preview:large, max-video-preview:-1\" \/>\r\n<link rel=\"canonical\" href=\"https:\/\/www.uqac.ca\/uqactualites\/2012\/10\/12\/stages-internationaux-et-echanges-interculturels\/\" \/>\r\n<meta property=\"og:locale\" content=\"fr_CA\" \/>\r\n<meta property=\"og:type\" content=\"article\" \/>\r\n<meta property=\"og:title\" content=\"Stages internationaux et \u00e9changes interculturels au module d\u2019\u00e9ducation au pr\u00e9scolaire et d\u2019enseignement au primaire - UQACtualit\u00e9s\" \/>\r\n<meta property=\"og:description\" content=\"La communaut\u00e9 universitaire est invit\u00e9e \u00e0 assister aux pr\u00e9sentations des \u00e9tudiants du programme d\u2019\u00e9ducation au pr\u00e9scolaire et d\u2019enseignement au primaire qui ont effectu\u00e9 un \u00e9change interculturel, un stage au Canada anglais ou un stage en Europe au printemps dernier. Ceux-ci pr\u00e9senteront le fruit de leur exp\u00e9rience \u00e0 l\u2019aide d\u2019un diaporama et r\u00e9pondront aux questions de [&hellip;]\" \/>\r\n<meta property=\"og:url\" content=\"https:\/\/www.uqac.ca\/uqactualites\/2012\/10\/12\/stages-internationaux-et-echanges-interculturels\/\" \/>\r\n<meta property=\"og:site_name\" content=\"UQACtualit\u00e9s\" \/>\r\n<meta property=\"article:published_time\" content=\"2012-10-12T12:30:45+00:00\" \/>\r\n<meta property=\"og:image\" content=\"https:\/\/www.uqac.ca\/uqactualites\/wp-content\/uploads\/2012\/05\/avis-laCommunaut-.jpg\" \/>\r\n\t<meta property=\"og:image:width\" content=\"620\" \/>\r\n\t<meta property=\"og:image:height\" content=\"300\" \/>\r\n\t<meta property=\"og:image:type\" content=\"image\/jpeg\" \/>\r\n<meta name=\"author\" content=\"Service des communications et des relations publiques\" \/>\r\n<meta name=\"twitter:card\" content=\"summary_large_image\" \/>\r\n<meta name=\"twitter:label1\" content=\"\u00c9crit par\" \/>\n\t<meta name=\"twitter:data1\" content=\"Service des communications et des relations publiques\" \/>\n\t<meta name=\"twitter:label2\" content=\"Estimation du temps de lecture\" \/>\n\t<meta name=\"twitter:data2\" content=\"1 minute\" \/>\r\n<script type=\"application\/ld+json\" class=\"yoast-schema-graph\">{\"@context\":\"https:\/\/schema.org\",\"@graph\":[{\"@type\":\"WebPage\",\"@id\":\"https:\/\/www.uqac.ca\/uqactualites\/2012\/10\/12\/stages-internationaux-et-echanges-interculturels\/\",\"url\":\"https:\/\/www.uqac.ca\/uqactualites\/2012\/10\/12\/stages-internationaux-et-echanges-interculturels\/\",\"name\":\"Stages internationaux et \u00e9changes interculturels au module d\u2019\u00e9ducation au pr\u00e9scolaire et d\u2019enseignement au primaire - UQACtualit\u00e9s\",\"isPartOf\":{\"@id\":\"https:\/\/www.uqac.ca\/uqactualites\/#website\"},\"primaryImageOfPage\":{\"@id\":\"https:\/\/www.uqac.ca\/uqactualites\/2012\/10\/12\/stages-internationaux-et-echanges-interculturels\/#primaryimage\"},\"image\":{\"@id\":\"https:\/\/www.uqac.ca\/uqactualites\/2012\/10\/12\/stages-internationaux-et-echanges-interculturels\/#primaryimage\"},\"thumbnailUrl\":\"https:\/\/www.uqac.ca\/uqactualites\/wp-content\/uploads\/2012\/05\/avis-laCommunaut-.jpg\",\"datePublished\":\"2012-10-12T12:30:45+00:00\",\"dateModified\":\"2012-10-12T12:30:45+00:00\",\"author\":{\"@id\":\"https:\/\/www.uqac.ca\/uqactualites\/#\/schema\/person\/366c45a0c4f0e677b41b4af5886e2018\"},\"breadcrumb\":{\"@id\":\"https:\/\/www.uqac.ca\/uqactualites\/2012\/10\/12\/stages-internationaux-et-echanges-interculturels\/#breadcrumb\"},\"inLanguage\":\"fr-CA\",\"potentialAction\":[{\"@type\":\"ReadAction\",\"target\":[\"https:\/\/www.uqac.ca\/uqactualites\/2012\/10\/12\/stages-internationaux-et-echanges-interculturels\/\"]}]},{\"@type\":\"ImageObject\",\"inLanguage\":\"fr-CA\",\"@id\":\"https:\/\/www.uqac.ca\/uqactualites\/2012\/10\/12\/stages-internationaux-et-echanges-interculturels\/#primaryimage\",\"url\":\"https:\/\/www.uqac.ca\/uqactualites\/wp-content\/uploads\/2012\/05\/avis-laCommunaut-.jpg\",\"contentUrl\":\"https:\/\/www.uqac.ca\/uqactualites\/wp-content\/uploads\/2012\/05\/avis-laCommunaut-.jpg\",\"width\":620,\"height\":300},{\"@type\":\"BreadcrumbList\",\"@id\":\"https:\/\/www.uqac.ca\/uqactualites\/2012\/10\/12\/stages-internationaux-et-echanges-interculturels\/#breadcrumb\",\"itemListElement\":[{\"@type\":\"ListItem\",\"position\":1,\"name\":\"Home\",\"item\":\"https:\/\/www.uqac.ca\/uqactualites\/\"},{\"@type\":\"ListItem\",\"position\":2,\"name\":\"Stages internationaux et \u00e9changes interculturels au module d\u2019\u00e9ducation au pr\u00e9scolaire et d\u2019enseignement au primaire\"}]},{\"@type\":\"WebSite\",\"@id\":\"https:\/\/www.uqac.ca\/uqactualites\/#website\",\"url\":\"https:\/\/www.uqac.ca\/uqactualites\/\",\"name\":\"UQACtualit\u00e9s\",\"description\":\"Le portail des nouvelles de l&#039;UQAC\",\"potentialAction\":[{\"@type\":\"SearchAction\",\"target\":{\"@type\":\"EntryPoint\",\"urlTemplate\":\"https:\/\/www.uqac.ca\/uqactualites\/?s={search_term_string}\"},\"query-input\":{\"@type\":\"PropertyValueSpecification\",\"valueRequired\":true,\"valueName\":\"search_term_string\"}}],\"inLanguage\":\"fr-CA\"},{\"@type\":\"Person\",\"@id\":\"https:\/\/www.uqac.ca\/uqactualites\/#\/schema\/person\/366c45a0c4f0e677b41b4af5886e2018\",\"name\":\"Service des communications et des relations publiques\",\"image\":{\"@type\":\"ImageObject\",\"inLanguage\":\"fr-CA\",\"@id\":\"https:\/\/www.uqac.ca\/uqactualites\/#\/schema\/person\/image\/\",\"url\":\"https:\/\/secure.gravatar.com\/avatar\/20fbbda8a292f59f2d3461a5b999c00b?s=96&d=mm&r=g\",\"contentUrl\":\"https:\/\/secure.gravatar.com\/avatar\/20fbbda8a292f59f2d3461a5b999c00b?s=96&d=mm&r=g\",\"caption\":\"Service des communications et des relations publiques\"},\"url\":\"https:\/\/www.uqac.ca\/uqactualites\/author\/bap\/\"}]}<\/script>\r\n<!-- \/ Yoast SEO plugin. -->","yoast_head_json":{"title":"Stages internationaux et \u00e9changes interculturels au module d\u2019\u00e9ducation au pr\u00e9scolaire et d\u2019enseignement au primaire - UQACtualit\u00e9s","robots":{"index":"index","follow":"follow","max-snippet":"max-snippet:-1","max-image-preview":"max-image-preview:large","max-video-preview":"max-video-preview:-1"},"canonical":"https:\/\/www.uqac.ca\/uqactualites\/2012\/10\/12\/stages-internationaux-et-echanges-interculturels\/","og_locale":"fr_CA","og_type":"article","og_title":"Stages internationaux et \u00e9changes interculturels au module d\u2019\u00e9ducation au pr\u00e9scolaire et d\u2019enseignement au primaire - UQACtualit\u00e9s","og_description":"La communaut\u00e9 universitaire est invit\u00e9e \u00e0 assister aux pr\u00e9sentations des \u00e9tudiants du programme d\u2019\u00e9ducation au pr\u00e9scolaire et d\u2019enseignement au primaire qui ont effectu\u00e9 un \u00e9change interculturel, un stage au Canada anglais ou un stage en Europe au printemps dernier. Ceux-ci pr\u00e9senteront le fruit de leur exp\u00e9rience \u00e0 l\u2019aide d\u2019un diaporama et r\u00e9pondront aux questions de [&hellip;]","og_url":"https:\/\/www.uqac.ca\/uqactualites\/2012\/10\/12\/stages-internationaux-et-echanges-interculturels\/","og_site_name":"UQACtualit\u00e9s","article_published_time":"2012-10-12T12:30:45+00:00","og_image":[{"width":620,"height":300,"url":"https:\/\/www.uqac.ca\/uqactualites\/wp-content\/uploads\/2012\/05\/avis-laCommunaut-.jpg","type":"image\/jpeg"}],"author":"Service des communications et des relations publiques","twitter_card":"summary_large_image","twitter_misc":{"\u00c9crit par":"Service des communications et des relations publiques","Estimation du temps de lecture":"1 minute"},"schema":{"@context":"https:\/\/schema.org","@graph":[{"@type":"WebPage","@id":"https:\/\/www.uqac.ca\/uqactualites\/2012\/10\/12\/stages-internationaux-et-echanges-interculturels\/","url":"https:\/\/www.uqac.ca\/uqactualites\/2012\/10\/12\/stages-internationaux-et-echanges-interculturels\/","name":"Stages internationaux et \u00e9changes interculturels au module d\u2019\u00e9ducation au pr\u00e9scolaire et d\u2019enseignement au primaire - UQACtualit\u00e9s","isPartOf":{"@id":"https:\/\/www.uqac.ca\/uqactualites\/#website"},"primaryImageOfPage":{"@id":"https:\/\/www.uqac.ca\/uqactualites\/2012\/10\/12\/stages-internationaux-et-echanges-interculturels\/#primaryimage"},"image":{"@id":"https:\/\/www.uqac.ca\/uqactualites\/2012\/10\/12\/stages-internationaux-et-echanges-interculturels\/#primaryimage"},"thumbnailUrl":"https:\/\/www.uqac.ca\/uqactualites\/wp-content\/uploads\/2012\/05\/avis-laCommunaut-.jpg","datePublished":"2012-10-12T12:30:45+00:00","dateModified":"2012-10-12T12:30:45+00:00","author":{"@id":"https:\/\/www.uqac.ca\/uqactualites\/#\/schema\/person\/366c45a0c4f0e677b41b4af5886e2018"},"breadcrumb":{"@id":"https:\/\/www.uqac.ca\/uqactualites\/2012\/10\/12\/stages-internationaux-et-echanges-interculturels\/#breadcrumb"},"inLanguage":"fr-CA","potentialAction":[{"@type":"ReadAction","target":["https:\/\/www.uqac.ca\/uqactualites\/2012\/10\/12\/stages-internationaux-et-echanges-interculturels\/"]}]},{"@type":"ImageObject","inLanguage":"fr-CA","@id":"https:\/\/www.uqac.ca\/uqactualites\/2012\/10\/12\/stages-internationaux-et-echanges-interculturels\/#primaryimage","url":"https:\/\/www.uqac.ca\/uqactualites\/wp-content\/uploads\/2012\/05\/avis-laCommunaut-.jpg","contentUrl":"https:\/\/www.uqac.ca\/uqactualites\/wp-content\/uploads\/2012\/05\/avis-laCommunaut-.jpg","width":620,"height":300},{"@type":"BreadcrumbList","@id":"https:\/\/www.uqac.ca\/uqactualites\/2012\/10\/12\/stages-internationaux-et-echanges-interculturels\/#breadcrumb","itemListElement":[{"@type":"ListItem","position":1,"name":"Home","item":"https:\/\/www.uqac.ca\/uqactualites\/"},{"@type":"ListItem","position":2,"name":"Stages internationaux et \u00e9changes interculturels au module d\u2019\u00e9ducation au pr\u00e9scolaire et d\u2019enseignement au primaire"}]},{"@type":"WebSite","@id":"https:\/\/www.uqac.ca\/uqactualites\/#website","url":"https:\/\/www.uqac.ca\/uqactualites\/","name":"UQACtualit\u00e9s","description":"Le portail des nouvelles de l&#039;UQAC","potentialAction":[{"@type":"SearchAction","target":{"@type":"EntryPoint","urlTemplate":"https:\/\/www.uqac.ca\/uqactualites\/?s={search_term_string}"},"query-input":{"@type":"PropertyValueSpecification","valueRequired":true,"valueName":"search_term_string"}}],"inLanguage":"fr-CA"},{"@type":"Person","@id":"https:\/\/www.uqac.ca\/uqactualites\/#\/schema\/person\/366c45a0c4f0e677b41b4af5886e2018","name":"Service des communications et des relations publiques","image":{"@type":"ImageObject","inLanguage":"fr-CA","@id":"https:\/\/www.uqac.ca\/uqactualites\/#\/schema\/person\/image\/","url":"https:\/\/secure.gravatar.com\/avatar\/20fbbda8a292f59f2d3461a5b999c00b?s=96&d=mm&r=g","contentUrl":"https:\/\/secure.gravatar.com\/avatar\/20fbbda8a292f59f2d3461a5b999c00b?s=96&d=mm&r=g","caption":"Service des communications et des relations publiques"},"url":"https:\/\/www.uqac.ca\/uqactualites\/author\/bap\/"}]}},"_links":{"self":[{"href":"https:\/\/www.uqac.ca\/uqactualites\/wp-json\/wp\/v2\/posts\/21553"}],"collection":[{"href":"https:\/\/www.uqac.ca\/uqactualites\/wp-json\/wp\/v2\/posts"}],"about":[{"href":"https:\/\/www.uqac.ca\/uqactualites\/wp-json\/wp\/v2\/types\/post"}],"author":[{"embeddable":true,"href":"https:\/\/www.uqac.ca\/uqactualites\/wp-json\/wp\/v2\/users\/5"}],"replies":[{"embeddable":true,"href":"https:\/\/www.uqac.ca\/uqactualites\/wp-json\/wp\/v2\/comments?post=21553"}],"version-history":[{"count":0,"href":"https:\/\/www.uqac.ca\/uqactualites\/wp-json\/wp\/v2\/posts\/21553\/revisions"}],"wp:featuredmedia":[{"embeddable":true,"href":"https:\/\/www.uqac.ca\/uqactualites\/wp-json\/wp\/v2\/media\/20989"}],"wp:attachment":[{"href":"https:\/\/www.uqac.ca\/uqactualites\/wp-json\/wp\/v2\/media?parent=21553"}],"wp:term":[{"taxonomy":"category","embeddable":true,"href":"https:\/\/www.uqac.ca\/uqactualites\/wp-json\/wp\/v2\/categories?post=21553"},{"taxonomy":"post_tag","embeddable":true,"href":"https:\/\/www.uqac.ca\/uqactualites\/wp-json\/wp\/v2\/tags?post=21553"}],"curies":[{"name":"wp","href":"https:\/\/api.w.org\/{rel}","templated":true}]}}