{"id":21677,"date":"2012-10-22T15:26:02","date_gmt":"2012-10-22T19:26:02","guid":{"rendered":"http:\/\/uqactualite.odev.ca\/?p=21677"},"modified":"2012-10-22T15:26:02","modified_gmt":"2012-10-22T19:26:02","slug":"devoilement-de-la-formule-sae-2012","status":"publish","type":"post","link":"https:\/\/www.uqac.ca\/uqactualites\/2012\/10\/22\/devoilement-de-la-formule-sae-2012\/","title":{"rendered":"D\u00e9voilement de la Formule SAE 2012"},"content":{"rendered":"<p style=\"text-align: justify\">L\u2019\u00e9quipe du projet Formule SAE invite la communaut\u00e9 universitaire \u00e0 assister au grand d\u00e9voilement de la voiture\u00a02012\u00a0:<em><\/em><\/p>\n<p align=\"center\"><span style=\"color: #5a7411\"><strong>Mercredi 24 octobre 2012\u00a0 <\/strong><strong>\u25aa<\/strong><strong>\u00a0 17\u00a0h<\/strong><\/span><br \/>\n<span style=\"color: #5a7411\">Saguenay Paintball Karting<\/span><br \/>\n<span style=\"color: #5a7411\"><em>(2175 boulevard Saint-Paul, Chicoutimi)<\/em><\/span><\/p>\n<p style=\"text-align: justify\">Les \u00e9tudiants membres du projet se feront un plaisir de vous recevoir et de vous faire part des grandes r\u00e9alisations de la derni\u00e8re ann\u00e9e et des objectifs pour celle \u00e0 venir. Vous aurez m\u00eame l\u2019occasion de voir un essai routier de la voiture sur la piste de course.<\/p>\n<p style=\"text-align: justify\">Venez encourager l\u2019\u00e9quipe, rencontrer les commanditaires et d\u00e9couvrir un projet fascinant tout en passant une soir\u00e9e en bonne compagnie.<\/p>\n<p style=\"text-align: justify\">L\u2019entr\u00e9e est gratuite.<br \/>\nBienvenue \u00e0 toutes et \u00e0 tous!<strong><\/strong><\/p>\n<p>&nbsp;<\/p>\n<p><strong>Renseignements\u00a0: <\/strong><br \/>\nFabien Lebel, coordonnateur marketing<br \/>\nProjet Formule SAE<br \/>\nUniversit\u00e9 du Qu\u00e9bec \u00e0 Chicoutimi<br \/>\n418 545-5011, poste\u00a02076\u00a0\u00a0\u25aa\u00a0 <span style=\"color: #5a7411\"><a href=\"mailto:fsaeuqac@uqac.ca\"><span style=\"color: #5a7411\">fsaeuqac@uqac.ca<\/span><\/a><\/span><\/p>\n","protected":false},"excerpt":{"rendered":"<p>L\u2019\u00e9quipe du projet Formule SAE invite la communaut\u00e9 universitaire \u00e0 assister au grand d\u00e9voilement de la voiture\u00a02012\u00a0: Mercredi 24 octobre 2012\u00a0 \u25aa\u00a0 17\u00a0h Saguenay Paintball Karting (2175 boulevard Saint-Paul, Chicoutimi) Les \u00e9tudiants membres du projet se feront un plaisir de vous recevoir et de vous faire part des grandes r\u00e9alisations de la derni\u00e8re ann\u00e9e et [&hellip;]<\/p>\n","protected":false},"author":5,"featured_media":20989,"comment_status":"closed","ping_status":"open","sticky":false,"template":"","format":"standard","meta":{"footnotes":""},"categories":[2772],"tags":[1339,1340,1341,246,2574,958,1342],"yoast_head":"<!-- This site is optimized with the Yoast SEO plugin v24.2 - https:\/\/yoast.com\/wordpress\/plugins\/seo\/ -->\r\n<title>D\u00e9voilement de la Formule SAE 2012 - UQACtualit\u00e9s<\/title>\r\n<meta name=\"robots\" content=\"index, follow, max-snippet:-1, max-image-preview:large, max-video-preview:-1\" \/>\r\n<link rel=\"canonical\" href=\"https:\/\/www.uqac.ca\/uqactualites\/2012\/10\/22\/devoilement-de-la-formule-sae-2012\/\" \/>\r\n<meta property=\"og:locale\" content=\"fr_CA\" \/>\r\n<meta property=\"og:type\" content=\"article\" \/>\r\n<meta property=\"og:title\" content=\"D\u00e9voilement de la Formule SAE 2012 - UQACtualit\u00e9s\" \/>\r\n<meta property=\"og:description\" content=\"L\u2019\u00e9quipe du projet Formule SAE invite la communaut\u00e9 universitaire \u00e0 assister au grand d\u00e9voilement de la voiture\u00a02012\u00a0: Mercredi 24 octobre 2012\u00a0 \u25aa\u00a0 17\u00a0h Saguenay Paintball Karting (2175 boulevard Saint-Paul, Chicoutimi) Les \u00e9tudiants membres du projet se feront un plaisir de vous recevoir et de vous faire part des grandes r\u00e9alisations de la derni\u00e8re ann\u00e9e et [&hellip;]\" \/>\r\n<meta property=\"og:url\" content=\"https:\/\/www.uqac.ca\/uqactualites\/2012\/10\/22\/devoilement-de-la-formule-sae-2012\/\" \/>\r\n<meta property=\"og:site_name\" content=\"UQACtualit\u00e9s\" \/>\r\n<meta property=\"article:published_time\" content=\"2012-10-22T19:26:02+00:00\" \/>\r\n<meta property=\"og:image\" content=\"https:\/\/www.uqac.ca\/uqactualites\/wp-content\/uploads\/2012\/05\/avis-laCommunaut-.jpg\" \/>\r\n\t<meta property=\"og:image:width\" content=\"620\" \/>\r\n\t<meta property=\"og:image:height\" content=\"300\" \/>\r\n\t<meta property=\"og:image:type\" content=\"image\/jpeg\" \/>\r\n<meta name=\"author\" content=\"Service des communications et des relations publiques\" \/>\r\n<meta name=\"twitter:card\" content=\"summary_large_image\" \/>\r\n<meta name=\"twitter:label1\" content=\"\u00c9crit par\" \/>\n\t<meta name=\"twitter:data1\" content=\"Service des communications et des relations publiques\" \/>\n\t<meta name=\"twitter:label2\" content=\"Estimation du temps de lecture\" \/>\n\t<meta name=\"twitter:data2\" content=\"1 minute\" \/>\r\n<script type=\"application\/ld+json\" class=\"yoast-schema-graph\">{\"@context\":\"https:\/\/schema.org\",\"@graph\":[{\"@type\":\"WebPage\",\"@id\":\"https:\/\/www.uqac.ca\/uqactualites\/2012\/10\/22\/devoilement-de-la-formule-sae-2012\/\",\"url\":\"https:\/\/www.uqac.ca\/uqactualites\/2012\/10\/22\/devoilement-de-la-formule-sae-2012\/\",\"name\":\"D\u00e9voilement de la Formule SAE 2012 - UQACtualit\u00e9s\",\"isPartOf\":{\"@id\":\"https:\/\/www.uqac.ca\/uqactualites\/#website\"},\"primaryImageOfPage\":{\"@id\":\"https:\/\/www.uqac.ca\/uqactualites\/2012\/10\/22\/devoilement-de-la-formule-sae-2012\/#primaryimage\"},\"image\":{\"@id\":\"https:\/\/www.uqac.ca\/uqactualites\/2012\/10\/22\/devoilement-de-la-formule-sae-2012\/#primaryimage\"},\"thumbnailUrl\":\"https:\/\/www.uqac.ca\/uqactualites\/wp-content\/uploads\/2012\/05\/avis-laCommunaut-.jpg\",\"datePublished\":\"2012-10-22T19:26:02+00:00\",\"dateModified\":\"2012-10-22T19:26:02+00:00\",\"author\":{\"@id\":\"https:\/\/www.uqac.ca\/uqactualites\/#\/schema\/person\/366c45a0c4f0e677b41b4af5886e2018\"},\"breadcrumb\":{\"@id\":\"https:\/\/www.uqac.ca\/uqactualites\/2012\/10\/22\/devoilement-de-la-formule-sae-2012\/#breadcrumb\"},\"inLanguage\":\"fr-CA\",\"potentialAction\":[{\"@type\":\"ReadAction\",\"target\":[\"https:\/\/www.uqac.ca\/uqactualites\/2012\/10\/22\/devoilement-de-la-formule-sae-2012\/\"]}]},{\"@type\":\"ImageObject\",\"inLanguage\":\"fr-CA\",\"@id\":\"https:\/\/www.uqac.ca\/uqactualites\/2012\/10\/22\/devoilement-de-la-formule-sae-2012\/#primaryimage\",\"url\":\"https:\/\/www.uqac.ca\/uqactualites\/wp-content\/uploads\/2012\/05\/avis-laCommunaut-.jpg\",\"contentUrl\":\"https:\/\/www.uqac.ca\/uqactualites\/wp-content\/uploads\/2012\/05\/avis-laCommunaut-.jpg\",\"width\":620,\"height\":300},{\"@type\":\"BreadcrumbList\",\"@id\":\"https:\/\/www.uqac.ca\/uqactualites\/2012\/10\/22\/devoilement-de-la-formule-sae-2012\/#breadcrumb\",\"itemListElement\":[{\"@type\":\"ListItem\",\"position\":1,\"name\":\"Home\",\"item\":\"https:\/\/www.uqac.ca\/uqactualites\/\"},{\"@type\":\"ListItem\",\"position\":2,\"name\":\"D\u00e9voilement de la Formule SAE 2012\"}]},{\"@type\":\"WebSite\",\"@id\":\"https:\/\/www.uqac.ca\/uqactualites\/#website\",\"url\":\"https:\/\/www.uqac.ca\/uqactualites\/\",\"name\":\"UQACtualit\u00e9s\",\"description\":\"Le portail des nouvelles de l&#039;UQAC\",\"potentialAction\":[{\"@type\":\"SearchAction\",\"target\":{\"@type\":\"EntryPoint\",\"urlTemplate\":\"https:\/\/www.uqac.ca\/uqactualites\/?s={search_term_string}\"},\"query-input\":{\"@type\":\"PropertyValueSpecification\",\"valueRequired\":true,\"valueName\":\"search_term_string\"}}],\"inLanguage\":\"fr-CA\"},{\"@type\":\"Person\",\"@id\":\"https:\/\/www.uqac.ca\/uqactualites\/#\/schema\/person\/366c45a0c4f0e677b41b4af5886e2018\",\"name\":\"Service des communications et des relations publiques\",\"image\":{\"@type\":\"ImageObject\",\"inLanguage\":\"fr-CA\",\"@id\":\"https:\/\/www.uqac.ca\/uqactualites\/#\/schema\/person\/image\/\",\"url\":\"https:\/\/secure.gravatar.com\/avatar\/20fbbda8a292f59f2d3461a5b999c00b?s=96&d=mm&r=g\",\"contentUrl\":\"https:\/\/secure.gravatar.com\/avatar\/20fbbda8a292f59f2d3461a5b999c00b?s=96&d=mm&r=g\",\"caption\":\"Service des communications et des relations publiques\"},\"url\":\"https:\/\/www.uqac.ca\/uqactualites\/author\/bap\/\"}]}<\/script>\r\n<!-- \/ Yoast SEO plugin. -->","yoast_head_json":{"title":"D\u00e9voilement de la Formule SAE 2012 - UQACtualit\u00e9s","robots":{"index":"index","follow":"follow","max-snippet":"max-snippet:-1","max-image-preview":"max-image-preview:large","max-video-preview":"max-video-preview:-1"},"canonical":"https:\/\/www.uqac.ca\/uqactualites\/2012\/10\/22\/devoilement-de-la-formule-sae-2012\/","og_locale":"fr_CA","og_type":"article","og_title":"D\u00e9voilement de la Formule SAE 2012 - UQACtualit\u00e9s","og_description":"L\u2019\u00e9quipe du projet Formule SAE invite la communaut\u00e9 universitaire \u00e0 assister au grand d\u00e9voilement de la voiture\u00a02012\u00a0: Mercredi 24 octobre 2012\u00a0 \u25aa\u00a0 17\u00a0h Saguenay Paintball Karting (2175 boulevard Saint-Paul, Chicoutimi) Les \u00e9tudiants membres du projet se feront un plaisir de vous recevoir et de vous faire part des grandes r\u00e9alisations de la derni\u00e8re ann\u00e9e et [&hellip;]","og_url":"https:\/\/www.uqac.ca\/uqactualites\/2012\/10\/22\/devoilement-de-la-formule-sae-2012\/","og_site_name":"UQACtualit\u00e9s","article_published_time":"2012-10-22T19:26:02+00:00","og_image":[{"width":620,"height":300,"url":"https:\/\/www.uqac.ca\/uqactualites\/wp-content\/uploads\/2012\/05\/avis-laCommunaut-.jpg","type":"image\/jpeg"}],"author":"Service des communications et des relations publiques","twitter_card":"summary_large_image","twitter_misc":{"\u00c9crit par":"Service des communications et des relations publiques","Estimation du temps de lecture":"1 minute"},"schema":{"@context":"https:\/\/schema.org","@graph":[{"@type":"WebPage","@id":"https:\/\/www.uqac.ca\/uqactualites\/2012\/10\/22\/devoilement-de-la-formule-sae-2012\/","url":"https:\/\/www.uqac.ca\/uqactualites\/2012\/10\/22\/devoilement-de-la-formule-sae-2012\/","name":"D\u00e9voilement de la Formule SAE 2012 - UQACtualit\u00e9s","isPartOf":{"@id":"https:\/\/www.uqac.ca\/uqactualites\/#website"},"primaryImageOfPage":{"@id":"https:\/\/www.uqac.ca\/uqactualites\/2012\/10\/22\/devoilement-de-la-formule-sae-2012\/#primaryimage"},"image":{"@id":"https:\/\/www.uqac.ca\/uqactualites\/2012\/10\/22\/devoilement-de-la-formule-sae-2012\/#primaryimage"},"thumbnailUrl":"https:\/\/www.uqac.ca\/uqactualites\/wp-content\/uploads\/2012\/05\/avis-laCommunaut-.jpg","datePublished":"2012-10-22T19:26:02+00:00","dateModified":"2012-10-22T19:26:02+00:00","author":{"@id":"https:\/\/www.uqac.ca\/uqactualites\/#\/schema\/person\/366c45a0c4f0e677b41b4af5886e2018"},"breadcrumb":{"@id":"https:\/\/www.uqac.ca\/uqactualites\/2012\/10\/22\/devoilement-de-la-formule-sae-2012\/#breadcrumb"},"inLanguage":"fr-CA","potentialAction":[{"@type":"ReadAction","target":["https:\/\/www.uqac.ca\/uqactualites\/2012\/10\/22\/devoilement-de-la-formule-sae-2012\/"]}]},{"@type":"ImageObject","inLanguage":"fr-CA","@id":"https:\/\/www.uqac.ca\/uqactualites\/2012\/10\/22\/devoilement-de-la-formule-sae-2012\/#primaryimage","url":"https:\/\/www.uqac.ca\/uqactualites\/wp-content\/uploads\/2012\/05\/avis-laCommunaut-.jpg","contentUrl":"https:\/\/www.uqac.ca\/uqactualites\/wp-content\/uploads\/2012\/05\/avis-laCommunaut-.jpg","width":620,"height":300},{"@type":"BreadcrumbList","@id":"https:\/\/www.uqac.ca\/uqactualites\/2012\/10\/22\/devoilement-de-la-formule-sae-2012\/#breadcrumb","itemListElement":[{"@type":"ListItem","position":1,"name":"Home","item":"https:\/\/www.uqac.ca\/uqactualites\/"},{"@type":"ListItem","position":2,"name":"D\u00e9voilement de la Formule SAE 2012"}]},{"@type":"WebSite","@id":"https:\/\/www.uqac.ca\/uqactualites\/#website","url":"https:\/\/www.uqac.ca\/uqactualites\/","name":"UQACtualit\u00e9s","description":"Le portail des nouvelles de l&#039;UQAC","potentialAction":[{"@type":"SearchAction","target":{"@type":"EntryPoint","urlTemplate":"https:\/\/www.uqac.ca\/uqactualites\/?s={search_term_string}"},"query-input":{"@type":"PropertyValueSpecification","valueRequired":true,"valueName":"search_term_string"}}],"inLanguage":"fr-CA"},{"@type":"Person","@id":"https:\/\/www.uqac.ca\/uqactualites\/#\/schema\/person\/366c45a0c4f0e677b41b4af5886e2018","name":"Service des communications et des relations publiques","image":{"@type":"ImageObject","inLanguage":"fr-CA","@id":"https:\/\/www.uqac.ca\/uqactualites\/#\/schema\/person\/image\/","url":"https:\/\/secure.gravatar.com\/avatar\/20fbbda8a292f59f2d3461a5b999c00b?s=96&d=mm&r=g","contentUrl":"https:\/\/secure.gravatar.com\/avatar\/20fbbda8a292f59f2d3461a5b999c00b?s=96&d=mm&r=g","caption":"Service des communications et des relations publiques"},"url":"https:\/\/www.uqac.ca\/uqactualites\/author\/bap\/"}]}},"_links":{"self":[{"href":"https:\/\/www.uqac.ca\/uqactualites\/wp-json\/wp\/v2\/posts\/21677"}],"collection":[{"href":"https:\/\/www.uqac.ca\/uqactualites\/wp-json\/wp\/v2\/posts"}],"about":[{"href":"https:\/\/www.uqac.ca\/uqactualites\/wp-json\/wp\/v2\/types\/post"}],"author":[{"embeddable":true,"href":"https:\/\/www.uqac.ca\/uqactualites\/wp-json\/wp\/v2\/users\/5"}],"replies":[{"embeddable":true,"href":"https:\/\/www.uqac.ca\/uqactualites\/wp-json\/wp\/v2\/comments?post=21677"}],"version-history":[{"count":0,"href":"https:\/\/www.uqac.ca\/uqactualites\/wp-json\/wp\/v2\/posts\/21677\/revisions"}],"wp:featuredmedia":[{"embeddable":true,"href":"https:\/\/www.uqac.ca\/uqactualites\/wp-json\/wp\/v2\/media\/20989"}],"wp:attachment":[{"href":"https:\/\/www.uqac.ca\/uqactualites\/wp-json\/wp\/v2\/media?parent=21677"}],"wp:term":[{"taxonomy":"category","embeddable":true,"href":"https:\/\/www.uqac.ca\/uqactualites\/wp-json\/wp\/v2\/categories?post=21677"},{"taxonomy":"post_tag","embeddable":true,"href":"https:\/\/www.uqac.ca\/uqactualites\/wp-json\/wp\/v2\/tags?post=21677"}],"curies":[{"name":"wp","href":"https:\/\/api.w.org\/{rel}","templated":true}]}}