{"id":21682,"date":"2012-10-23T09:21:53","date_gmt":"2012-10-23T13:21:53","guid":{"rendered":"http:\/\/uqactualite.odev.ca\/?p=21682"},"modified":"2012-10-23T09:21:53","modified_gmt":"2012-10-23T13:21:53","slug":"la-bibliotheque-paul-emile-boulet-propose-latelier-sur-le-libre-acces","status":"publish","type":"post","link":"https:\/\/www.uqac.ca\/uqactualites\/2012\/10\/23\/la-bibliotheque-paul-emile-boulet-propose-latelier-sur-le-libre-acces\/","title":{"rendered":"La biblioth\u00e8que Paul-\u00c9mile-Boulet propose l\u2019atelier sur le libre acc\u00e8s"},"content":{"rendered":"<p style=\"text-align: justify\">L\u2019atelier sur le libre acc\u00e8s offert par la biblioth\u00e8que Paul-\u00c9mile-Boulet vous permettra de vous familiariser avec le libre acc\u00e8s (acc\u00e8s libre, acc\u00e8s ouvert, LA, Open Access, Free Access, OA), de mieux en comprendre le principe, de conna\u00eetre diverses initiatives qui sont entreprises \u00e0 travers le monde et de d\u00e9couvrir les diff\u00e9rents outils pour chercher les publications :<\/p>\n<p align=\"center\">\u00a0<span style=\"color: #5a7411\"><strong>Mercredi 24 octobre\u00a0 <\/strong><strong>\u25aa<\/strong><strong>\u00a0 11\u00a0h \u00e0 12\u00a0h<\/strong><\/span><br \/>\n<span style=\"color: #5a7411\">Local P2-8170<\/span><\/p>\n<p><strong>Sujets abord\u00e9s<\/strong><\/p>\n<ul>\n<li>D\u00e9finition et historique du ph\u00e9nom\u00e8ne<\/li>\n<li>Auteurs et utilisateurs<\/li>\n<li>Initiatives, moyens et outils de consultation<\/li>\n<\/ul>\n<p>Inscrivez-vous en ligne au <span style=\"color: #5a7411\"><a href=\"http:\/\/bibvir2.uqac.ca\/ateliers\/inscription.php?id=28\"><span style=\"color: #5a7411\"><strong>http:\/\/bibvir2.uqac.ca\/ateliers\/inscription.php?id=28<\/strong><\/span><\/a><\/span>.<strong><\/strong><\/p>\n<p>Si les heures ne vous conviennent pas, vous pouvez remplir la demande de rendez-vous.<\/p>\n<p>&nbsp;<\/p>\n<p><strong>Renseignements\u00a0:<\/strong><br \/>\nNadia Villeneuve, conseill\u00e8re en information documentaire<br \/>\nBiblioth\u00e8que Paul-\u00c9mile-Boulet<br \/>\nUniversit\u00e9 du Qu\u00e9bec \u00e0 Chicoutimi<br \/>\n418 545-5011, poste 2305\u00a0 \u25aa\u00a0 <span style=\"color: #5a7411\"><a href=\"mailto:nadia1_villeneuve@uqac.ca\"><span style=\"color: #5a7411\">nadia1_villeneuve@uqac.ca<\/span><\/a><\/span><\/p>\n","protected":false},"excerpt":{"rendered":"<p>L\u2019atelier sur le libre acc\u00e8s offert par la biblioth\u00e8que Paul-\u00c9mile-Boulet vous permettra de vous familiariser avec le libre acc\u00e8s (acc\u00e8s libre, acc\u00e8s ouvert, LA, Open Access, Free Access, OA), de mieux en comprendre le principe, de conna\u00eetre diverses initiatives qui sont entreprises \u00e0 travers le monde et de d\u00e9couvrir les diff\u00e9rents outils pour chercher les [&hellip;]<\/p>\n","protected":false},"author":5,"featured_media":20989,"comment_status":"closed","ping_status":"open","sticky":false,"template":"","format":"standard","meta":{"footnotes":""},"categories":[2772],"tags":[352,514,245,1780,1783,355,1442,764],"yoast_head":"<!-- This site is optimized with the Yoast SEO plugin v24.2 - https:\/\/yoast.com\/wordpress\/plugins\/seo\/ -->\r\n<title>La biblioth\u00e8que Paul-\u00c9mile-Boulet propose l\u2019atelier sur le libre acc\u00e8s - UQACtualit\u00e9s<\/title>\r\n<meta name=\"robots\" content=\"index, follow, max-snippet:-1, max-image-preview:large, max-video-preview:-1\" \/>\r\n<link rel=\"canonical\" href=\"https:\/\/www.uqac.ca\/uqactualites\/2012\/10\/23\/la-bibliotheque-paul-emile-boulet-propose-latelier-sur-le-libre-acces\/\" \/>\r\n<meta property=\"og:locale\" content=\"fr_CA\" \/>\r\n<meta property=\"og:type\" content=\"article\" \/>\r\n<meta property=\"og:title\" content=\"La biblioth\u00e8que Paul-\u00c9mile-Boulet propose l\u2019atelier sur le libre acc\u00e8s - UQACtualit\u00e9s\" \/>\r\n<meta property=\"og:description\" content=\"L\u2019atelier sur le libre acc\u00e8s offert par la biblioth\u00e8que Paul-\u00c9mile-Boulet vous permettra de vous familiariser avec le libre acc\u00e8s (acc\u00e8s libre, acc\u00e8s ouvert, LA, Open Access, Free Access, OA), de mieux en comprendre le principe, de conna\u00eetre diverses initiatives qui sont entreprises \u00e0 travers le monde et de d\u00e9couvrir les diff\u00e9rents outils pour chercher les [&hellip;]\" \/>\r\n<meta property=\"og:url\" content=\"https:\/\/www.uqac.ca\/uqactualites\/2012\/10\/23\/la-bibliotheque-paul-emile-boulet-propose-latelier-sur-le-libre-acces\/\" \/>\r\n<meta property=\"og:site_name\" content=\"UQACtualit\u00e9s\" \/>\r\n<meta property=\"article:published_time\" content=\"2012-10-23T13:21:53+00:00\" \/>\r\n<meta property=\"og:image\" content=\"https:\/\/www.uqac.ca\/uqactualites\/wp-content\/uploads\/2012\/05\/avis-laCommunaut-.jpg\" \/>\r\n\t<meta property=\"og:image:width\" content=\"620\" \/>\r\n\t<meta property=\"og:image:height\" content=\"300\" \/>\r\n\t<meta property=\"og:image:type\" content=\"image\/jpeg\" \/>\r\n<meta name=\"author\" content=\"Service des communications et des relations publiques\" \/>\r\n<meta name=\"twitter:card\" content=\"summary_large_image\" \/>\r\n<meta name=\"twitter:label1\" content=\"\u00c9crit par\" \/>\n\t<meta name=\"twitter:data1\" content=\"Service des communications et des relations publiques\" \/>\n\t<meta name=\"twitter:label2\" content=\"Estimation du temps de lecture\" \/>\n\t<meta name=\"twitter:data2\" content=\"1 minute\" \/>\r\n<script type=\"application\/ld+json\" class=\"yoast-schema-graph\">{\"@context\":\"https:\/\/schema.org\",\"@graph\":[{\"@type\":\"WebPage\",\"@id\":\"https:\/\/www.uqac.ca\/uqactualites\/2012\/10\/23\/la-bibliotheque-paul-emile-boulet-propose-latelier-sur-le-libre-acces\/\",\"url\":\"https:\/\/www.uqac.ca\/uqactualites\/2012\/10\/23\/la-bibliotheque-paul-emile-boulet-propose-latelier-sur-le-libre-acces\/\",\"name\":\"La biblioth\u00e8que Paul-\u00c9mile-Boulet propose l\u2019atelier sur le libre acc\u00e8s - UQACtualit\u00e9s\",\"isPartOf\":{\"@id\":\"https:\/\/www.uqac.ca\/uqactualites\/#website\"},\"primaryImageOfPage\":{\"@id\":\"https:\/\/www.uqac.ca\/uqactualites\/2012\/10\/23\/la-bibliotheque-paul-emile-boulet-propose-latelier-sur-le-libre-acces\/#primaryimage\"},\"image\":{\"@id\":\"https:\/\/www.uqac.ca\/uqactualites\/2012\/10\/23\/la-bibliotheque-paul-emile-boulet-propose-latelier-sur-le-libre-acces\/#primaryimage\"},\"thumbnailUrl\":\"https:\/\/www.uqac.ca\/uqactualites\/wp-content\/uploads\/2012\/05\/avis-laCommunaut-.jpg\",\"datePublished\":\"2012-10-23T13:21:53+00:00\",\"dateModified\":\"2012-10-23T13:21:53+00:00\",\"author\":{\"@id\":\"https:\/\/www.uqac.ca\/uqactualites\/#\/schema\/person\/366c45a0c4f0e677b41b4af5886e2018\"},\"breadcrumb\":{\"@id\":\"https:\/\/www.uqac.ca\/uqactualites\/2012\/10\/23\/la-bibliotheque-paul-emile-boulet-propose-latelier-sur-le-libre-acces\/#breadcrumb\"},\"inLanguage\":\"fr-CA\",\"potentialAction\":[{\"@type\":\"ReadAction\",\"target\":[\"https:\/\/www.uqac.ca\/uqactualites\/2012\/10\/23\/la-bibliotheque-paul-emile-boulet-propose-latelier-sur-le-libre-acces\/\"]}]},{\"@type\":\"ImageObject\",\"inLanguage\":\"fr-CA\",\"@id\":\"https:\/\/www.uqac.ca\/uqactualites\/2012\/10\/23\/la-bibliotheque-paul-emile-boulet-propose-latelier-sur-le-libre-acces\/#primaryimage\",\"url\":\"https:\/\/www.uqac.ca\/uqactualites\/wp-content\/uploads\/2012\/05\/avis-laCommunaut-.jpg\",\"contentUrl\":\"https:\/\/www.uqac.ca\/uqactualites\/wp-content\/uploads\/2012\/05\/avis-laCommunaut-.jpg\",\"width\":620,\"height\":300},{\"@type\":\"BreadcrumbList\",\"@id\":\"https:\/\/www.uqac.ca\/uqactualites\/2012\/10\/23\/la-bibliotheque-paul-emile-boulet-propose-latelier-sur-le-libre-acces\/#breadcrumb\",\"itemListElement\":[{\"@type\":\"ListItem\",\"position\":1,\"name\":\"Home\",\"item\":\"https:\/\/www.uqac.ca\/uqactualites\/\"},{\"@type\":\"ListItem\",\"position\":2,\"name\":\"La biblioth\u00e8que Paul-\u00c9mile-Boulet propose l\u2019atelier sur le libre acc\u00e8s\"}]},{\"@type\":\"WebSite\",\"@id\":\"https:\/\/www.uqac.ca\/uqactualites\/#website\",\"url\":\"https:\/\/www.uqac.ca\/uqactualites\/\",\"name\":\"UQACtualit\u00e9s\",\"description\":\"Le portail des nouvelles de l&#039;UQAC\",\"potentialAction\":[{\"@type\":\"SearchAction\",\"target\":{\"@type\":\"EntryPoint\",\"urlTemplate\":\"https:\/\/www.uqac.ca\/uqactualites\/?s={search_term_string}\"},\"query-input\":{\"@type\":\"PropertyValueSpecification\",\"valueRequired\":true,\"valueName\":\"search_term_string\"}}],\"inLanguage\":\"fr-CA\"},{\"@type\":\"Person\",\"@id\":\"https:\/\/www.uqac.ca\/uqactualites\/#\/schema\/person\/366c45a0c4f0e677b41b4af5886e2018\",\"name\":\"Service des communications et des relations publiques\",\"image\":{\"@type\":\"ImageObject\",\"inLanguage\":\"fr-CA\",\"@id\":\"https:\/\/www.uqac.ca\/uqactualites\/#\/schema\/person\/image\/\",\"url\":\"https:\/\/secure.gravatar.com\/avatar\/20fbbda8a292f59f2d3461a5b999c00b?s=96&d=mm&r=g\",\"contentUrl\":\"https:\/\/secure.gravatar.com\/avatar\/20fbbda8a292f59f2d3461a5b999c00b?s=96&d=mm&r=g\",\"caption\":\"Service des communications et des relations publiques\"},\"url\":\"https:\/\/www.uqac.ca\/uqactualites\/author\/bap\/\"}]}<\/script>\r\n<!-- \/ Yoast SEO plugin. -->","yoast_head_json":{"title":"La biblioth\u00e8que Paul-\u00c9mile-Boulet propose l\u2019atelier sur le libre acc\u00e8s - UQACtualit\u00e9s","robots":{"index":"index","follow":"follow","max-snippet":"max-snippet:-1","max-image-preview":"max-image-preview:large","max-video-preview":"max-video-preview:-1"},"canonical":"https:\/\/www.uqac.ca\/uqactualites\/2012\/10\/23\/la-bibliotheque-paul-emile-boulet-propose-latelier-sur-le-libre-acces\/","og_locale":"fr_CA","og_type":"article","og_title":"La biblioth\u00e8que Paul-\u00c9mile-Boulet propose l\u2019atelier sur le libre acc\u00e8s - UQACtualit\u00e9s","og_description":"L\u2019atelier sur le libre acc\u00e8s offert par la biblioth\u00e8que Paul-\u00c9mile-Boulet vous permettra de vous familiariser avec le libre acc\u00e8s (acc\u00e8s libre, acc\u00e8s ouvert, LA, Open Access, Free Access, OA), de mieux en comprendre le principe, de conna\u00eetre diverses initiatives qui sont entreprises \u00e0 travers le monde et de d\u00e9couvrir les diff\u00e9rents outils pour chercher les [&hellip;]","og_url":"https:\/\/www.uqac.ca\/uqactualites\/2012\/10\/23\/la-bibliotheque-paul-emile-boulet-propose-latelier-sur-le-libre-acces\/","og_site_name":"UQACtualit\u00e9s","article_published_time":"2012-10-23T13:21:53+00:00","og_image":[{"width":620,"height":300,"url":"https:\/\/www.uqac.ca\/uqactualites\/wp-content\/uploads\/2012\/05\/avis-laCommunaut-.jpg","type":"image\/jpeg"}],"author":"Service des communications et des relations publiques","twitter_card":"summary_large_image","twitter_misc":{"\u00c9crit par":"Service des communications et des relations publiques","Estimation du temps de lecture":"1 minute"},"schema":{"@context":"https:\/\/schema.org","@graph":[{"@type":"WebPage","@id":"https:\/\/www.uqac.ca\/uqactualites\/2012\/10\/23\/la-bibliotheque-paul-emile-boulet-propose-latelier-sur-le-libre-acces\/","url":"https:\/\/www.uqac.ca\/uqactualites\/2012\/10\/23\/la-bibliotheque-paul-emile-boulet-propose-latelier-sur-le-libre-acces\/","name":"La biblioth\u00e8que Paul-\u00c9mile-Boulet propose l\u2019atelier sur le libre acc\u00e8s - UQACtualit\u00e9s","isPartOf":{"@id":"https:\/\/www.uqac.ca\/uqactualites\/#website"},"primaryImageOfPage":{"@id":"https:\/\/www.uqac.ca\/uqactualites\/2012\/10\/23\/la-bibliotheque-paul-emile-boulet-propose-latelier-sur-le-libre-acces\/#primaryimage"},"image":{"@id":"https:\/\/www.uqac.ca\/uqactualites\/2012\/10\/23\/la-bibliotheque-paul-emile-boulet-propose-latelier-sur-le-libre-acces\/#primaryimage"},"thumbnailUrl":"https:\/\/www.uqac.ca\/uqactualites\/wp-content\/uploads\/2012\/05\/avis-laCommunaut-.jpg","datePublished":"2012-10-23T13:21:53+00:00","dateModified":"2012-10-23T13:21:53+00:00","author":{"@id":"https:\/\/www.uqac.ca\/uqactualites\/#\/schema\/person\/366c45a0c4f0e677b41b4af5886e2018"},"breadcrumb":{"@id":"https:\/\/www.uqac.ca\/uqactualites\/2012\/10\/23\/la-bibliotheque-paul-emile-boulet-propose-latelier-sur-le-libre-acces\/#breadcrumb"},"inLanguage":"fr-CA","potentialAction":[{"@type":"ReadAction","target":["https:\/\/www.uqac.ca\/uqactualites\/2012\/10\/23\/la-bibliotheque-paul-emile-boulet-propose-latelier-sur-le-libre-acces\/"]}]},{"@type":"ImageObject","inLanguage":"fr-CA","@id":"https:\/\/www.uqac.ca\/uqactualites\/2012\/10\/23\/la-bibliotheque-paul-emile-boulet-propose-latelier-sur-le-libre-acces\/#primaryimage","url":"https:\/\/www.uqac.ca\/uqactualites\/wp-content\/uploads\/2012\/05\/avis-laCommunaut-.jpg","contentUrl":"https:\/\/www.uqac.ca\/uqactualites\/wp-content\/uploads\/2012\/05\/avis-laCommunaut-.jpg","width":620,"height":300},{"@type":"BreadcrumbList","@id":"https:\/\/www.uqac.ca\/uqactualites\/2012\/10\/23\/la-bibliotheque-paul-emile-boulet-propose-latelier-sur-le-libre-acces\/#breadcrumb","itemListElement":[{"@type":"ListItem","position":1,"name":"Home","item":"https:\/\/www.uqac.ca\/uqactualites\/"},{"@type":"ListItem","position":2,"name":"La biblioth\u00e8que Paul-\u00c9mile-Boulet propose l\u2019atelier sur le libre acc\u00e8s"}]},{"@type":"WebSite","@id":"https:\/\/www.uqac.ca\/uqactualites\/#website","url":"https:\/\/www.uqac.ca\/uqactualites\/","name":"UQACtualit\u00e9s","description":"Le portail des nouvelles de l&#039;UQAC","potentialAction":[{"@type":"SearchAction","target":{"@type":"EntryPoint","urlTemplate":"https:\/\/www.uqac.ca\/uqactualites\/?s={search_term_string}"},"query-input":{"@type":"PropertyValueSpecification","valueRequired":true,"valueName":"search_term_string"}}],"inLanguage":"fr-CA"},{"@type":"Person","@id":"https:\/\/www.uqac.ca\/uqactualites\/#\/schema\/person\/366c45a0c4f0e677b41b4af5886e2018","name":"Service des communications et des relations publiques","image":{"@type":"ImageObject","inLanguage":"fr-CA","@id":"https:\/\/www.uqac.ca\/uqactualites\/#\/schema\/person\/image\/","url":"https:\/\/secure.gravatar.com\/avatar\/20fbbda8a292f59f2d3461a5b999c00b?s=96&d=mm&r=g","contentUrl":"https:\/\/secure.gravatar.com\/avatar\/20fbbda8a292f59f2d3461a5b999c00b?s=96&d=mm&r=g","caption":"Service des communications et des relations publiques"},"url":"https:\/\/www.uqac.ca\/uqactualites\/author\/bap\/"}]}},"_links":{"self":[{"href":"https:\/\/www.uqac.ca\/uqactualites\/wp-json\/wp\/v2\/posts\/21682"}],"collection":[{"href":"https:\/\/www.uqac.ca\/uqactualites\/wp-json\/wp\/v2\/posts"}],"about":[{"href":"https:\/\/www.uqac.ca\/uqactualites\/wp-json\/wp\/v2\/types\/post"}],"author":[{"embeddable":true,"href":"https:\/\/www.uqac.ca\/uqactualites\/wp-json\/wp\/v2\/users\/5"}],"replies":[{"embeddable":true,"href":"https:\/\/www.uqac.ca\/uqactualites\/wp-json\/wp\/v2\/comments?post=21682"}],"version-history":[{"count":0,"href":"https:\/\/www.uqac.ca\/uqactualites\/wp-json\/wp\/v2\/posts\/21682\/revisions"}],"wp:featuredmedia":[{"embeddable":true,"href":"https:\/\/www.uqac.ca\/uqactualites\/wp-json\/wp\/v2\/media\/20989"}],"wp:attachment":[{"href":"https:\/\/www.uqac.ca\/uqactualites\/wp-json\/wp\/v2\/media?parent=21682"}],"wp:term":[{"taxonomy":"category","embeddable":true,"href":"https:\/\/www.uqac.ca\/uqactualites\/wp-json\/wp\/v2\/categories?post=21682"},{"taxonomy":"post_tag","embeddable":true,"href":"https:\/\/www.uqac.ca\/uqactualites\/wp-json\/wp\/v2\/tags?post=21682"}],"curies":[{"name":"wp","href":"https:\/\/api.w.org\/{rel}","templated":true}]}}