{"id":21691,"date":"2012-10-23T14:02:24","date_gmt":"2012-10-23T18:02:24","guid":{"rendered":"http:\/\/uqactualite.odev.ca\/?p=21691"},"modified":"2012-10-23T14:02:24","modified_gmt":"2012-10-23T18:02:24","slug":"la-bibliotheque-paul-emile-boulet-presente-son-bulletin-uqac-libre-acces","status":"publish","type":"post","link":"https:\/\/www.uqac.ca\/uqactualites\/2012\/10\/23\/la-bibliotheque-paul-emile-boulet-presente-son-bulletin-uqac-libre-acces\/","title":{"rendered":"La biblioth\u00e8que Paul-\u00c9mile-Boulet pr\u00e9sente son bulletin UQAC-Libre Acc\u00e8s"},"content":{"rendered":"<p style=\"text-align: justify\">Dans le cadre de la <strong><span style=\"color: #5a7411\"><a title=\"Semaine internationale du libre acc\u00e8s\" href=\"http:\/\/www.uqac.ca\/wp-content\/uploads\/2012\/10\/GRAPH-SemainLibreAcc-A12-01.jpg\" target=\"_blank\" rel=\"noopener\"><span style=\"color: #5a7411\">semaine internationale du libre acc\u00e8s<\/span><\/a><\/span><\/strong>, du 22 au 28 octobre 2012, la biblioth\u00e8que Paul-\u00c9mile-Boulet pr\u00e9sente son <span style=\"color: #5a7411\"><strong><a title=\"Bulletin UQAC-Libre Acc\u00e8s\" href=\"http:\/\/www.uqac.ca\/wp-content\/uploads\/2012\/10\/BulletinUQAC_LibreAcces_2012_10.pdf\" target=\"_blank\" rel=\"noopener\"><span style=\"color: #5a7411\">bulletin UQAC-Libre Acc\u00e8s<\/span><\/a><\/strong><\/span>, que vous pouvez consulter en ligne.<\/p>\n<p style=\"text-align: justify\">La Semaine du libre acc\u00e8s est un \u00e9v\u00e9nement international qui vise \u00e0 sensibiliser les acteurs universitaires (dirigeants, auteurs, chercheurs et \u00e9tudiants) aux avantages de rendre les r\u00e9sultats de leurs recherches disponibles gratuitement au plus grand nombre.<strong><\/strong><\/p>\n<p style=\"text-align: justify\"><strong><\/strong>Participez!<\/p>\n<p>&nbsp;<\/p>\n<p><strong>Renseignements\u00a0:<\/strong><br \/>\nNadia Villeneuve, conseill\u00e8re en information documentaire<br \/>\nBiblioth\u00e8que Paul-\u00c9mile-Boulet<br \/>\nUniversit\u00e9 du Qu\u00e9bec \u00e0 Chicoutimi<br \/>\n418 545-5011, poste 2305\u00a0 \u25aa\u00a0 <span style=\"color: #5a7411\"><a href=\"mailto:nadia1_villeneuve@uqac.ca\"><span style=\"color: #5a7411\">nadia1_villeneuve@uqac.ca<\/span><\/a><\/span><\/p>\n","protected":false},"excerpt":{"rendered":"<p>Dans le cadre de la semaine internationale du libre acc\u00e8s, du 22 au 28 octobre 2012, la biblioth\u00e8que Paul-\u00c9mile-Boulet pr\u00e9sente son bulletin UQAC-Libre Acc\u00e8s, que vous pouvez consulter en ligne. La Semaine du libre acc\u00e8s est un \u00e9v\u00e9nement international qui vise \u00e0 sensibiliser les acteurs universitaires (dirigeants, auteurs, chercheurs et \u00e9tudiants) aux avantages de rendre [&hellip;]<\/p>\n","protected":false},"author":5,"featured_media":20989,"comment_status":"closed","ping_status":"open","sticky":false,"template":"","format":"standard","meta":{"footnotes":""},"categories":[2772],"tags":[352,245,2575,355,16,2576],"yoast_head":"<!-- This site is optimized with the Yoast SEO plugin v24.2 - https:\/\/yoast.com\/wordpress\/plugins\/seo\/ -->\r\n<title>La biblioth\u00e8que Paul-\u00c9mile-Boulet pr\u00e9sente son bulletin UQAC-Libre Acc\u00e8s - UQACtualit\u00e9s<\/title>\r\n<meta name=\"robots\" content=\"index, follow, max-snippet:-1, max-image-preview:large, max-video-preview:-1\" \/>\r\n<link rel=\"canonical\" href=\"https:\/\/www.uqac.ca\/uqactualites\/2012\/10\/23\/la-bibliotheque-paul-emile-boulet-presente-son-bulletin-uqac-libre-acces\/\" \/>\r\n<meta property=\"og:locale\" content=\"fr_CA\" \/>\r\n<meta property=\"og:type\" content=\"article\" \/>\r\n<meta property=\"og:title\" content=\"La biblioth\u00e8que Paul-\u00c9mile-Boulet pr\u00e9sente son bulletin UQAC-Libre Acc\u00e8s - UQACtualit\u00e9s\" \/>\r\n<meta property=\"og:description\" content=\"Dans le cadre de la semaine internationale du libre acc\u00e8s, du 22 au 28 octobre 2012, la biblioth\u00e8que Paul-\u00c9mile-Boulet pr\u00e9sente son bulletin UQAC-Libre Acc\u00e8s, que vous pouvez consulter en ligne. La Semaine du libre acc\u00e8s est un \u00e9v\u00e9nement international qui vise \u00e0 sensibiliser les acteurs universitaires (dirigeants, auteurs, chercheurs et \u00e9tudiants) aux avantages de rendre [&hellip;]\" \/>\r\n<meta property=\"og:url\" content=\"https:\/\/www.uqac.ca\/uqactualites\/2012\/10\/23\/la-bibliotheque-paul-emile-boulet-presente-son-bulletin-uqac-libre-acces\/\" \/>\r\n<meta property=\"og:site_name\" content=\"UQACtualit\u00e9s\" \/>\r\n<meta property=\"article:published_time\" content=\"2012-10-23T18:02:24+00:00\" \/>\r\n<meta property=\"og:image\" content=\"https:\/\/www.uqac.ca\/uqactualites\/wp-content\/uploads\/2012\/05\/avis-laCommunaut-.jpg\" \/>\r\n\t<meta property=\"og:image:width\" content=\"620\" \/>\r\n\t<meta property=\"og:image:height\" content=\"300\" \/>\r\n\t<meta property=\"og:image:type\" content=\"image\/jpeg\" \/>\r\n<meta name=\"author\" content=\"Service des communications et des relations publiques\" \/>\r\n<meta name=\"twitter:card\" content=\"summary_large_image\" \/>\r\n<meta name=\"twitter:label1\" content=\"\u00c9crit par\" \/>\n\t<meta name=\"twitter:data1\" content=\"Service des communications et des relations publiques\" \/>\r\n<script type=\"application\/ld+json\" class=\"yoast-schema-graph\">{\"@context\":\"https:\/\/schema.org\",\"@graph\":[{\"@type\":\"WebPage\",\"@id\":\"https:\/\/www.uqac.ca\/uqactualites\/2012\/10\/23\/la-bibliotheque-paul-emile-boulet-presente-son-bulletin-uqac-libre-acces\/\",\"url\":\"https:\/\/www.uqac.ca\/uqactualites\/2012\/10\/23\/la-bibliotheque-paul-emile-boulet-presente-son-bulletin-uqac-libre-acces\/\",\"name\":\"La biblioth\u00e8que Paul-\u00c9mile-Boulet pr\u00e9sente son bulletin UQAC-Libre Acc\u00e8s - UQACtualit\u00e9s\",\"isPartOf\":{\"@id\":\"https:\/\/www.uqac.ca\/uqactualites\/#website\"},\"primaryImageOfPage\":{\"@id\":\"https:\/\/www.uqac.ca\/uqactualites\/2012\/10\/23\/la-bibliotheque-paul-emile-boulet-presente-son-bulletin-uqac-libre-acces\/#primaryimage\"},\"image\":{\"@id\":\"https:\/\/www.uqac.ca\/uqactualites\/2012\/10\/23\/la-bibliotheque-paul-emile-boulet-presente-son-bulletin-uqac-libre-acces\/#primaryimage\"},\"thumbnailUrl\":\"https:\/\/www.uqac.ca\/uqactualites\/wp-content\/uploads\/2012\/05\/avis-laCommunaut-.jpg\",\"datePublished\":\"2012-10-23T18:02:24+00:00\",\"dateModified\":\"2012-10-23T18:02:24+00:00\",\"author\":{\"@id\":\"https:\/\/www.uqac.ca\/uqactualites\/#\/schema\/person\/366c45a0c4f0e677b41b4af5886e2018\"},\"breadcrumb\":{\"@id\":\"https:\/\/www.uqac.ca\/uqactualites\/2012\/10\/23\/la-bibliotheque-paul-emile-boulet-presente-son-bulletin-uqac-libre-acces\/#breadcrumb\"},\"inLanguage\":\"fr-CA\",\"potentialAction\":[{\"@type\":\"ReadAction\",\"target\":[\"https:\/\/www.uqac.ca\/uqactualites\/2012\/10\/23\/la-bibliotheque-paul-emile-boulet-presente-son-bulletin-uqac-libre-acces\/\"]}]},{\"@type\":\"ImageObject\",\"inLanguage\":\"fr-CA\",\"@id\":\"https:\/\/www.uqac.ca\/uqactualites\/2012\/10\/23\/la-bibliotheque-paul-emile-boulet-presente-son-bulletin-uqac-libre-acces\/#primaryimage\",\"url\":\"https:\/\/www.uqac.ca\/uqactualites\/wp-content\/uploads\/2012\/05\/avis-laCommunaut-.jpg\",\"contentUrl\":\"https:\/\/www.uqac.ca\/uqactualites\/wp-content\/uploads\/2012\/05\/avis-laCommunaut-.jpg\",\"width\":620,\"height\":300},{\"@type\":\"BreadcrumbList\",\"@id\":\"https:\/\/www.uqac.ca\/uqactualites\/2012\/10\/23\/la-bibliotheque-paul-emile-boulet-presente-son-bulletin-uqac-libre-acces\/#breadcrumb\",\"itemListElement\":[{\"@type\":\"ListItem\",\"position\":1,\"name\":\"Home\",\"item\":\"https:\/\/www.uqac.ca\/uqactualites\/\"},{\"@type\":\"ListItem\",\"position\":2,\"name\":\"La biblioth\u00e8que Paul-\u00c9mile-Boulet pr\u00e9sente son bulletin UQAC-Libre Acc\u00e8s\"}]},{\"@type\":\"WebSite\",\"@id\":\"https:\/\/www.uqac.ca\/uqactualites\/#website\",\"url\":\"https:\/\/www.uqac.ca\/uqactualites\/\",\"name\":\"UQACtualit\u00e9s\",\"description\":\"Le portail des nouvelles de l&#039;UQAC\",\"potentialAction\":[{\"@type\":\"SearchAction\",\"target\":{\"@type\":\"EntryPoint\",\"urlTemplate\":\"https:\/\/www.uqac.ca\/uqactualites\/?s={search_term_string}\"},\"query-input\":{\"@type\":\"PropertyValueSpecification\",\"valueRequired\":true,\"valueName\":\"search_term_string\"}}],\"inLanguage\":\"fr-CA\"},{\"@type\":\"Person\",\"@id\":\"https:\/\/www.uqac.ca\/uqactualites\/#\/schema\/person\/366c45a0c4f0e677b41b4af5886e2018\",\"name\":\"Service des communications et des relations publiques\",\"image\":{\"@type\":\"ImageObject\",\"inLanguage\":\"fr-CA\",\"@id\":\"https:\/\/www.uqac.ca\/uqactualites\/#\/schema\/person\/image\/\",\"url\":\"https:\/\/secure.gravatar.com\/avatar\/20fbbda8a292f59f2d3461a5b999c00b?s=96&d=mm&r=g\",\"contentUrl\":\"https:\/\/secure.gravatar.com\/avatar\/20fbbda8a292f59f2d3461a5b999c00b?s=96&d=mm&r=g\",\"caption\":\"Service des communications et des relations publiques\"},\"url\":\"https:\/\/www.uqac.ca\/uqactualites\/author\/bap\/\"}]}<\/script>\r\n<!-- \/ Yoast SEO plugin. -->","yoast_head_json":{"title":"La biblioth\u00e8que Paul-\u00c9mile-Boulet pr\u00e9sente son bulletin UQAC-Libre Acc\u00e8s - UQACtualit\u00e9s","robots":{"index":"index","follow":"follow","max-snippet":"max-snippet:-1","max-image-preview":"max-image-preview:large","max-video-preview":"max-video-preview:-1"},"canonical":"https:\/\/www.uqac.ca\/uqactualites\/2012\/10\/23\/la-bibliotheque-paul-emile-boulet-presente-son-bulletin-uqac-libre-acces\/","og_locale":"fr_CA","og_type":"article","og_title":"La biblioth\u00e8que Paul-\u00c9mile-Boulet pr\u00e9sente son bulletin UQAC-Libre Acc\u00e8s - UQACtualit\u00e9s","og_description":"Dans le cadre de la semaine internationale du libre acc\u00e8s, du 22 au 28 octobre 2012, la biblioth\u00e8que Paul-\u00c9mile-Boulet pr\u00e9sente son bulletin UQAC-Libre Acc\u00e8s, que vous pouvez consulter en ligne. La Semaine du libre acc\u00e8s est un \u00e9v\u00e9nement international qui vise \u00e0 sensibiliser les acteurs universitaires (dirigeants, auteurs, chercheurs et \u00e9tudiants) aux avantages de rendre [&hellip;]","og_url":"https:\/\/www.uqac.ca\/uqactualites\/2012\/10\/23\/la-bibliotheque-paul-emile-boulet-presente-son-bulletin-uqac-libre-acces\/","og_site_name":"UQACtualit\u00e9s","article_published_time":"2012-10-23T18:02:24+00:00","og_image":[{"width":620,"height":300,"url":"https:\/\/www.uqac.ca\/uqactualites\/wp-content\/uploads\/2012\/05\/avis-laCommunaut-.jpg","type":"image\/jpeg"}],"author":"Service des communications et des relations publiques","twitter_card":"summary_large_image","twitter_misc":{"\u00c9crit par":"Service des communications et des relations publiques"},"schema":{"@context":"https:\/\/schema.org","@graph":[{"@type":"WebPage","@id":"https:\/\/www.uqac.ca\/uqactualites\/2012\/10\/23\/la-bibliotheque-paul-emile-boulet-presente-son-bulletin-uqac-libre-acces\/","url":"https:\/\/www.uqac.ca\/uqactualites\/2012\/10\/23\/la-bibliotheque-paul-emile-boulet-presente-son-bulletin-uqac-libre-acces\/","name":"La biblioth\u00e8que Paul-\u00c9mile-Boulet pr\u00e9sente son bulletin UQAC-Libre Acc\u00e8s - UQACtualit\u00e9s","isPartOf":{"@id":"https:\/\/www.uqac.ca\/uqactualites\/#website"},"primaryImageOfPage":{"@id":"https:\/\/www.uqac.ca\/uqactualites\/2012\/10\/23\/la-bibliotheque-paul-emile-boulet-presente-son-bulletin-uqac-libre-acces\/#primaryimage"},"image":{"@id":"https:\/\/www.uqac.ca\/uqactualites\/2012\/10\/23\/la-bibliotheque-paul-emile-boulet-presente-son-bulletin-uqac-libre-acces\/#primaryimage"},"thumbnailUrl":"https:\/\/www.uqac.ca\/uqactualites\/wp-content\/uploads\/2012\/05\/avis-laCommunaut-.jpg","datePublished":"2012-10-23T18:02:24+00:00","dateModified":"2012-10-23T18:02:24+00:00","author":{"@id":"https:\/\/www.uqac.ca\/uqactualites\/#\/schema\/person\/366c45a0c4f0e677b41b4af5886e2018"},"breadcrumb":{"@id":"https:\/\/www.uqac.ca\/uqactualites\/2012\/10\/23\/la-bibliotheque-paul-emile-boulet-presente-son-bulletin-uqac-libre-acces\/#breadcrumb"},"inLanguage":"fr-CA","potentialAction":[{"@type":"ReadAction","target":["https:\/\/www.uqac.ca\/uqactualites\/2012\/10\/23\/la-bibliotheque-paul-emile-boulet-presente-son-bulletin-uqac-libre-acces\/"]}]},{"@type":"ImageObject","inLanguage":"fr-CA","@id":"https:\/\/www.uqac.ca\/uqactualites\/2012\/10\/23\/la-bibliotheque-paul-emile-boulet-presente-son-bulletin-uqac-libre-acces\/#primaryimage","url":"https:\/\/www.uqac.ca\/uqactualites\/wp-content\/uploads\/2012\/05\/avis-laCommunaut-.jpg","contentUrl":"https:\/\/www.uqac.ca\/uqactualites\/wp-content\/uploads\/2012\/05\/avis-laCommunaut-.jpg","width":620,"height":300},{"@type":"BreadcrumbList","@id":"https:\/\/www.uqac.ca\/uqactualites\/2012\/10\/23\/la-bibliotheque-paul-emile-boulet-presente-son-bulletin-uqac-libre-acces\/#breadcrumb","itemListElement":[{"@type":"ListItem","position":1,"name":"Home","item":"https:\/\/www.uqac.ca\/uqactualites\/"},{"@type":"ListItem","position":2,"name":"La biblioth\u00e8que Paul-\u00c9mile-Boulet pr\u00e9sente son bulletin UQAC-Libre Acc\u00e8s"}]},{"@type":"WebSite","@id":"https:\/\/www.uqac.ca\/uqactualites\/#website","url":"https:\/\/www.uqac.ca\/uqactualites\/","name":"UQACtualit\u00e9s","description":"Le portail des nouvelles de l&#039;UQAC","potentialAction":[{"@type":"SearchAction","target":{"@type":"EntryPoint","urlTemplate":"https:\/\/www.uqac.ca\/uqactualites\/?s={search_term_string}"},"query-input":{"@type":"PropertyValueSpecification","valueRequired":true,"valueName":"search_term_string"}}],"inLanguage":"fr-CA"},{"@type":"Person","@id":"https:\/\/www.uqac.ca\/uqactualites\/#\/schema\/person\/366c45a0c4f0e677b41b4af5886e2018","name":"Service des communications et des relations publiques","image":{"@type":"ImageObject","inLanguage":"fr-CA","@id":"https:\/\/www.uqac.ca\/uqactualites\/#\/schema\/person\/image\/","url":"https:\/\/secure.gravatar.com\/avatar\/20fbbda8a292f59f2d3461a5b999c00b?s=96&d=mm&r=g","contentUrl":"https:\/\/secure.gravatar.com\/avatar\/20fbbda8a292f59f2d3461a5b999c00b?s=96&d=mm&r=g","caption":"Service des communications et des relations publiques"},"url":"https:\/\/www.uqac.ca\/uqactualites\/author\/bap\/"}]}},"_links":{"self":[{"href":"https:\/\/www.uqac.ca\/uqactualites\/wp-json\/wp\/v2\/posts\/21691"}],"collection":[{"href":"https:\/\/www.uqac.ca\/uqactualites\/wp-json\/wp\/v2\/posts"}],"about":[{"href":"https:\/\/www.uqac.ca\/uqactualites\/wp-json\/wp\/v2\/types\/post"}],"author":[{"embeddable":true,"href":"https:\/\/www.uqac.ca\/uqactualites\/wp-json\/wp\/v2\/users\/5"}],"replies":[{"embeddable":true,"href":"https:\/\/www.uqac.ca\/uqactualites\/wp-json\/wp\/v2\/comments?post=21691"}],"version-history":[{"count":0,"href":"https:\/\/www.uqac.ca\/uqactualites\/wp-json\/wp\/v2\/posts\/21691\/revisions"}],"wp:featuredmedia":[{"embeddable":true,"href":"https:\/\/www.uqac.ca\/uqactualites\/wp-json\/wp\/v2\/media\/20989"}],"wp:attachment":[{"href":"https:\/\/www.uqac.ca\/uqactualites\/wp-json\/wp\/v2\/media?parent=21691"}],"wp:term":[{"taxonomy":"category","embeddable":true,"href":"https:\/\/www.uqac.ca\/uqactualites\/wp-json\/wp\/v2\/categories?post=21691"},{"taxonomy":"post_tag","embeddable":true,"href":"https:\/\/www.uqac.ca\/uqactualites\/wp-json\/wp\/v2\/tags?post=21691"}],"curies":[{"name":"wp","href":"https:\/\/api.w.org\/{rel}","templated":true}]}}