{"id":21772,"date":"2012-10-26T11:46:31","date_gmt":"2012-10-26T15:46:31","guid":{"rendered":"http:\/\/uqactualite.odev.ca\/?p=21772"},"modified":"2012-10-26T11:46:31","modified_gmt":"2012-10-26T15:46:31","slug":"le-merite-scientifique-de-luqac-celebre-au-29e-gala-du-msr","status":"publish","type":"post","link":"https:\/\/www.uqac.ca\/uqactualites\/2012\/10\/26\/le-merite-scientifique-de-luqac-celebre-au-29e-gala-du-msr\/","title":{"rendered":"Le m\u00e9rite scientifique de l&rsquo;UQAC c\u00e9l\u00e9br\u00e9 au 29e Gala du MSR"},"content":{"rendered":"<p style=\"text-align: justify\">C\u2019est le 24 octobre dernier qu\u2019\u00e9tait pr\u00e9sent\u00e9e la 29<sup>e<\/sup> \u00e9dition du <em>M\u00e9rite scientifique r\u00e9gional<\/em> (MSR) \u00e0 l\u2019H\u00f4tel Universel d\u2019Alma, alors qu\u2019on c\u00e9l\u00e9brait les laur\u00e9ats s\u2019\u00e9tant distingu\u00e9s par leur contribution au d\u00e9veloppement technologique et scientifique r\u00e9gional. Les quelque 200 convives invit\u00e9s lors de cette soir\u00e9e ont ainsi \u00e9t\u00e9 t\u00e9moins des hommages rendus \u00e0 plusieurs scientifiques de l\u2019UQAC.<\/p>\n<p style=\"text-align: justify\">Le <strong>prix Alphonse-Huard<\/strong>, un m\u00e9ritas en promotion de la science et de la technologie pr\u00e9sent\u00e9 par la Fondation de l\u2019UQAC, a \u00e9t\u00e9 d\u00e9cern\u00e9 \u00e0 <strong>Paul B\u00e9dard<\/strong> pour avoir entre autres, en tant qu\u2019auteur d\u2019un ouvrage de vulgarisateur scientifique, rendu accessible la min\u00e9ralogie au grand public. Il est \u00e9galement fondateur du <em>Club de min\u00e9ralogie du Saguenay\u2013Lac-Saint-Jean<\/em> et du <em>Petit Mus\u00e9e Min\u00e9ralogique<\/em> de l\u2019UQAC.<\/p>\n<p style=\"text-align: justify\"><a href=\"http:\/\/www.uqac.ca\/wp-content\/uploads\/2012\/10\/Paul-B\u00e9dard-Web.jpg\"><img loading=\"lazy\" decoding=\"async\" class=\"alignnone  wp-image-21773\" title=\"Paul B\u00e9dard (Web)\" src=\"http:\/\/www.uqac.ca\/wp-content\/uploads\/2012\/10\/Paul-B\u00e9dard-Web.jpg\" alt=\"\" width=\"368\" height=\"178\" srcset=\"https:\/\/www.uqac.ca\/uqactualites\/wp-content\/uploads\/2012\/10\/Paul-B\u00e9dard-Web.jpg 620w, https:\/\/www.uqac.ca\/uqactualites\/wp-content\/uploads\/2012\/10\/Paul-B\u00e9dard-Web-300x145.jpg 300w\" sizes=\"(max-width: 368px) 100vw, 368px\" \/><\/a><\/p>\n<p style=\"text-align: justify\">Le <strong>prix Pierre-Paul-Asselin<\/strong>, un m\u00e9ritas en \u00e9ducation, a \u00e9t\u00e9 d\u00e9cern\u00e9 \u00e0 <strong>Nicole Tremblay, Catherine Dumoulin et Mathieu Gagnon<\/strong> pour leur contribution au projet de d\u00e9veloppement d\u2019un outil de formation universitaire. Cet outil favorise les interventions \u00e9ducatives et la r\u00e9ussite des \u00e9l\u00e8ves \u00e9voluant dans les \u00e9coles de milieux \u00e0 risque.<\/p>\n<p style=\"text-align: justify\"><a href=\"http:\/\/www.uqac.ca\/wp-content\/uploads\/2012\/10\/Mathieu-Gagnon-Web.jpg\"><img loading=\"lazy\" decoding=\"async\" class=\"alignnone  wp-image-21774\" title=\"Mathieu Gagnon (Web)\" src=\"http:\/\/www.uqac.ca\/wp-content\/uploads\/2012\/10\/Mathieu-Gagnon-Web.jpg\" alt=\"\" width=\"368\" height=\"178\" srcset=\"https:\/\/www.uqac.ca\/uqactualites\/wp-content\/uploads\/2012\/10\/Mathieu-Gagnon-Web.jpg 620w, https:\/\/www.uqac.ca\/uqactualites\/wp-content\/uploads\/2012\/10\/Mathieu-Gagnon-Web-300x145.jpg 300w\" sizes=\"(max-width: 368px) 100vw, 368px\" \/><\/a><\/p>\n<p style=\"text-align: justify\">Le <strong>prix Plourde-Gaudreault<\/strong>, un m\u00e9ritas en sant\u00e9 et services sociaux, a \u00e9t\u00e9 d\u00e9cern\u00e9 au <strong>Comit\u00e9 de gestion acad\u00e9mique du programme de formation m\u00e9dicale \u00e0 Saguenay<\/strong> pour l\u2019implication des m\u00e9decins du CSSS de Chicoutimi dans ce programme. Ils sont devenus des acteurs importants du rehaussement qualitatif de la pratique des dipl\u00f4m\u00e9s dans notre r\u00e9gion.<\/p>\n<p style=\"text-align: justify\"><a href=\"http:\/\/www.uqac.ca\/wp-content\/uploads\/2012\/10\/Mauril-Gaudreault-Web.jpg\"><img loading=\"lazy\" decoding=\"async\" class=\"alignnone  wp-image-21775\" title=\"Mauril Gaudreault (Web)\" src=\"http:\/\/www.uqac.ca\/wp-content\/uploads\/2012\/10\/Mauril-Gaudreault-Web.jpg\" alt=\"\" width=\"368\" height=\"178\" srcset=\"https:\/\/www.uqac.ca\/uqactualites\/wp-content\/uploads\/2012\/10\/Mauril-Gaudreault-Web.jpg 620w, https:\/\/www.uqac.ca\/uqactualites\/wp-content\/uploads\/2012\/10\/Mauril-Gaudreault-Web-300x145.jpg 300w\" sizes=\"(max-width: 368px) 100vw, 368px\" \/><\/a><\/p>\n<p style=\"text-align: justify\">Le<strong> <\/strong><strong>prix J.-E.-A.-Dubuc<\/strong>,<strong> <\/strong>un m\u00e9ritas en innovation technologique pr\u00e9sent\u00e9 par CGI, a \u00e9t\u00e9 d\u00e9cern\u00e9 \u00e0 <strong>Bruno Bouchard et Abdenour Bouzouane <\/strong>pour leur contribution au d\u00e9veloppement d\u2019innovations dans le domaine des technologies d\u2019assistance, plus particuli\u00e8rement pour la mise sur pied d\u2019un laboratoire de recherche pour le maintien \u00e0 domicile des patients souffrant d\u2019Alzheimer.<\/p>\n<p style=\"text-align: justify\"><a href=\"http:\/\/www.uqac.ca\/wp-content\/uploads\/2012\/10\/Bruno-Bouchard-et-Abdenour-Bouzouane-Web.jpg\"><img loading=\"lazy\" decoding=\"async\" class=\"alignnone  wp-image-21776\" title=\"Bruno Bouchard et Abdenour Bouzouane (Web)\" src=\"http:\/\/www.uqac.ca\/wp-content\/uploads\/2012\/10\/Bruno-Bouchard-et-Abdenour-Bouzouane-Web.jpg\" alt=\"\" width=\"368\" height=\"178\" srcset=\"https:\/\/www.uqac.ca\/uqactualites\/wp-content\/uploads\/2012\/10\/Bruno-Bouchard-et-Abdenour-Bouzouane-Web.jpg 620w, https:\/\/www.uqac.ca\/uqactualites\/wp-content\/uploads\/2012\/10\/Bruno-Bouchard-et-Abdenour-Bouzouane-Web-300x145.jpg 300w\" sizes=\"(max-width: 368px) 100vw, 368px\" \/><\/a><\/p>\n<p style=\"text-align: justify\" align=\"left\">Le <strong>prix Laure-Gaudreault<\/strong>, un m\u00e9ritas en sciences humaines, a \u00e9t\u00e9 d\u00e9cern\u00e9 \u00e0 <strong>Marielle Tremblay, Pierre-Andr\u00e9 Tremblay et Suzanne Tremblay<\/strong> pour la r\u00e9alisation d\u2019un important programme de recherche sur les organismes communautaires. Il sert notamment \u00e0 mieux comprendre les d\u00e9fis auxquels ces groupes font face et \u00e0 mettre en valeur leur d\u00e9termination pour contribuer au mieux-\u00eatre collectif.<\/p>\n<p style=\"text-align: justify\" align=\"left\"><a href=\"http:\/\/www.uqac.ca\/wp-content\/uploads\/2012\/10\/Pierre-Andr\u00e9-Tremblay-et-Suzanne-Tremblay-Web.jpg\"><img loading=\"lazy\" decoding=\"async\" class=\"alignnone  wp-image-21777\" title=\"Pierre-Andr\u00e9 Tremblay et Suzanne Tremblay (Web)\" src=\"http:\/\/www.uqac.ca\/wp-content\/uploads\/2012\/10\/Pierre-Andr\u00e9-Tremblay-et-Suzanne-Tremblay-Web.jpg\" alt=\"\" width=\"368\" height=\"178\" srcset=\"https:\/\/www.uqac.ca\/uqactualites\/wp-content\/uploads\/2012\/10\/Pierre-Andr\u00e9-Tremblay-et-Suzanne-Tremblay-Web.jpg 620w, https:\/\/www.uqac.ca\/uqactualites\/wp-content\/uploads\/2012\/10\/Pierre-Andr\u00e9-Tremblay-et-Suzanne-Tremblay-Web-300x145.jpg 300w\" sizes=\"(max-width: 368px) 100vw, 368px\" \/><\/a><\/p>\n<p style=\"text-align: justify\" align=\"left\">Ces cinq m\u00e9ritas du MSR \u00e9taient accompagn\u00e9s d\u2019une bourse de 500\u00a0$, d\u2019un certificat, d\u2019une \u00e9pinglette en or du MSR et d\u2019un troph\u00e9e \u00e0 l\u2019effigie d\u2019une oie, symbole de la diffusion de la recherche scientifique.<\/p>\n<p style=\"text-align: justify\" align=\"left\"><strong>Pour plus de d\u00e9tails sur les prix remis, consultez le <\/strong><span style=\"color: #5a7411\"><a href=\"http:\/\/www.clssaglac.com\/msr2012\"><span style=\"color: #5a7411\"><strong>www.clssaglac.com\/msr2012<\/strong><\/span><\/a><\/span>.<\/p>\n<p style=\"text-align: justify\" align=\"left\"><strong>Des vid\u00e9os des gagnants sont \u00e9galement en ligne au <\/strong><span style=\"color: #5a7411\"><a href=\"http:\/\/www.coulissesdelascience.tv\/categories\/26\/%EF%BF%BDdition-2012\"><span style=\"color: #5a7411\"><strong>www.coulissesdelascience.tv<\/strong><\/span><\/a><\/span>.<\/p>\n<p style=\"text-align: justify\" align=\"left\">Bravo \u00e0 tous!<\/p>\n<p style=\"text-align: justify\" align=\"left\"><strong><br \/>\nSources\u00a0:<\/strong><\/p>\n<p style=\"text-align: justify\" align=\"left\">Am\u00e9lie Creignou, agente de communication<br \/>\nCLS du Saguenay\u2013Lac-Saint-Jean<br \/>\n418 668-4792 poste 602<\/p>\n<p style=\"text-align: justify\" align=\"left\">Bureau des affaires publiques<br \/>\nUniversit\u00e9 du Qu\u00e9bec \u00e0 Chicoutimi<br \/>\n418\u00a0545-5011, poste 2350\u00a0\u00a0\u25aa\u00a0 <span style=\"color: #5a7411\"><a href=\"mailto:affaires_publiques@uqac.ca\"><span style=\"color: #5a7411\">affaires_publiques@uqac.ca<\/span><\/a><\/span><\/p>\n<p><span style=\"color: #808080\">________________________________________________________________________________________<\/span><\/p>\n<p style=\"text-align: justify\"><span style=\"color: #808080\"><strong>Sur la photo en une :\u00a0<\/strong>Paul B\u00e9dard, professeur et responsable des programmes de 1<sup>er<\/sup> cycle au D\u00e9partement des sciences appliqu\u00e9es de l\u2019UQAC<strong><\/strong><\/span><\/p>\n<p style=\"text-align: justify\"><span style=\"color: #808080\"><strong>Sur la seconde photo :<\/strong> Mathieu Gagnon, professeur au D\u00e9partement des sciences de l&rsquo;\u00e9ducation (Nicole Tremblay et Catherine Dumoulin, professeures au D\u00e9partement des sciences de l&rsquo;\u00e9ducation, sont absentes de la photo)<\/span><\/p>\n<p style=\"text-align: justify\"><span style=\"color: #808080\"><strong>Sur la troisi\u00e8me photo :<\/strong> Comit\u00e9 de gestion acad\u00e9mique du programme de formation m\u00e9dicale \u00e0 Saguenay, repr\u00e9sent\u00e9 par Mauril Gaudreault, directeur du programme de formation m\u00e9dicale \u00e0 Saguenay<\/span><\/p>\n<p style=\"text-align: justify\"><span style=\"color: #808080\"><strong>Sur la quatri\u00e8me photo, dans l&rsquo;ordre habituel :<\/strong> Bruno Bouchard et Abdenour Bouzouane, professeurs au D\u00e9partement d&rsquo;informatique et de math\u00e9matique<\/span><\/p>\n<p style=\"text-align: justify\"><span style=\"color: #808080\"><strong>Sur la cinqui\u00e8me photo, dans l&rsquo;ordre habituel :<\/strong> Suzanne Tremblay, professeure au D\u00e9partement des sciences humaines, et Pierre-Andr\u00e9 Tremblay, professeur au D\u00e9partement des sciences humaines et directeur du doctorat en d\u00e9veloppement r\u00e9gional (Marielle Tremblay, professeure au D\u00e9partement des sciences humaines, est absente de la photo)<\/span><\/p>\n<p style=\"color: #808080\" align=\"left\"><span style=\"color: #808080\"><strong>Photographe :<\/strong> <\/span>Ren\u00e9 Bouchard, CLS<br \/>\n<span style=\"color: #808080\"> ________________________________________________________________________________________<\/span><\/p>\n","protected":false},"excerpt":{"rendered":"<p>C\u2019est le 24 octobre dernier qu\u2019\u00e9tait pr\u00e9sent\u00e9e la 29e \u00e9dition du M\u00e9rite scientifique r\u00e9gional (MSR) \u00e0 l\u2019H\u00f4tel Universel d\u2019Alma, alors qu\u2019on c\u00e9l\u00e9brait les laur\u00e9ats s\u2019\u00e9tant distingu\u00e9s par leur contribution au d\u00e9veloppement technologique et scientifique r\u00e9gional. Les quelque 200 convives invit\u00e9s lors de cette soir\u00e9e ont ainsi \u00e9t\u00e9 t\u00e9moins des hommages rendus \u00e0 plusieurs scientifiques de [&hellip;]<\/p>\n","protected":false},"author":5,"featured_media":21773,"comment_status":"open","ping_status":"open","sticky":false,"template":"","format":"standard","meta":{"footnotes":""},"categories":[2,61,9],"tags":[2071,2382,2383,16,1089,387,501,2042],"yoast_head":"<!-- This site is optimized with the Yoast SEO plugin v24.2 - https:\/\/yoast.com\/wordpress\/plugins\/seo\/ -->\r\n<title>Le m\u00e9rite scientifique de l&#039;UQAC c\u00e9l\u00e9br\u00e9 au 29e Gala du MSR - UQACtualit\u00e9s<\/title>\r\n<meta name=\"robots\" content=\"index, follow, max-snippet:-1, max-image-preview:large, max-video-preview:-1\" \/>\r\n<link rel=\"canonical\" href=\"https:\/\/www.uqac.ca\/uqactualites\/2012\/10\/26\/le-merite-scientifique-de-luqac-celebre-au-29e-gala-du-msr\/\" \/>\r\n<meta property=\"og:locale\" content=\"fr_CA\" \/>\r\n<meta property=\"og:type\" content=\"article\" \/>\r\n<meta property=\"og:title\" content=\"Le m\u00e9rite scientifique de l&#039;UQAC c\u00e9l\u00e9br\u00e9 au 29e Gala du MSR - UQACtualit\u00e9s\" \/>\r\n<meta property=\"og:description\" content=\"C\u2019est le 24 octobre dernier qu\u2019\u00e9tait pr\u00e9sent\u00e9e la 29e \u00e9dition du M\u00e9rite scientifique r\u00e9gional (MSR) \u00e0 l\u2019H\u00f4tel Universel d\u2019Alma, alors qu\u2019on c\u00e9l\u00e9brait les laur\u00e9ats s\u2019\u00e9tant distingu\u00e9s par leur contribution au d\u00e9veloppement technologique et scientifique r\u00e9gional. Les quelque 200 convives invit\u00e9s lors de cette soir\u00e9e ont ainsi \u00e9t\u00e9 t\u00e9moins des hommages rendus \u00e0 plusieurs scientifiques de [&hellip;]\" \/>\r\n<meta property=\"og:url\" content=\"https:\/\/www.uqac.ca\/uqactualites\/2012\/10\/26\/le-merite-scientifique-de-luqac-celebre-au-29e-gala-du-msr\/\" \/>\r\n<meta property=\"og:site_name\" content=\"UQACtualit\u00e9s\" \/>\r\n<meta property=\"article:published_time\" content=\"2012-10-26T15:46:31+00:00\" \/>\r\n<meta property=\"og:image\" content=\"https:\/\/www.uqac.ca\/uqactualites\/wp-content\/uploads\/2012\/10\/Paul-B\u00e9dard-Web.jpg\" \/>\r\n\t<meta property=\"og:image:width\" content=\"620\" \/>\r\n\t<meta property=\"og:image:height\" content=\"300\" \/>\r\n\t<meta property=\"og:image:type\" content=\"image\/jpeg\" \/>\r\n<meta name=\"author\" content=\"Service des communications et des relations publiques\" \/>\r\n<meta name=\"twitter:card\" content=\"summary_large_image\" \/>\r\n<meta name=\"twitter:label1\" content=\"\u00c9crit par\" \/>\n\t<meta name=\"twitter:data1\" content=\"Service des communications et des relations publiques\" \/>\n\t<meta name=\"twitter:label2\" content=\"Estimation du temps de lecture\" \/>\n\t<meta name=\"twitter:data2\" content=\"3 minutes\" \/>\r\n<script type=\"application\/ld+json\" class=\"yoast-schema-graph\">{\"@context\":\"https:\/\/schema.org\",\"@graph\":[{\"@type\":\"WebPage\",\"@id\":\"https:\/\/www.uqac.ca\/uqactualites\/2012\/10\/26\/le-merite-scientifique-de-luqac-celebre-au-29e-gala-du-msr\/\",\"url\":\"https:\/\/www.uqac.ca\/uqactualites\/2012\/10\/26\/le-merite-scientifique-de-luqac-celebre-au-29e-gala-du-msr\/\",\"name\":\"Le m\u00e9rite scientifique de l'UQAC c\u00e9l\u00e9br\u00e9 au 29e Gala du MSR - UQACtualit\u00e9s\",\"isPartOf\":{\"@id\":\"https:\/\/www.uqac.ca\/uqactualites\/#website\"},\"primaryImageOfPage\":{\"@id\":\"https:\/\/www.uqac.ca\/uqactualites\/2012\/10\/26\/le-merite-scientifique-de-luqac-celebre-au-29e-gala-du-msr\/#primaryimage\"},\"image\":{\"@id\":\"https:\/\/www.uqac.ca\/uqactualites\/2012\/10\/26\/le-merite-scientifique-de-luqac-celebre-au-29e-gala-du-msr\/#primaryimage\"},\"thumbnailUrl\":\"https:\/\/www.uqac.ca\/uqactualites\/wp-content\/uploads\/2012\/10\/Paul-B\u00e9dard-Web.jpg\",\"datePublished\":\"2012-10-26T15:46:31+00:00\",\"dateModified\":\"2012-10-26T15:46:31+00:00\",\"author\":{\"@id\":\"https:\/\/www.uqac.ca\/uqactualites\/#\/schema\/person\/366c45a0c4f0e677b41b4af5886e2018\"},\"breadcrumb\":{\"@id\":\"https:\/\/www.uqac.ca\/uqactualites\/2012\/10\/26\/le-merite-scientifique-de-luqac-celebre-au-29e-gala-du-msr\/#breadcrumb\"},\"inLanguage\":\"fr-CA\",\"potentialAction\":[{\"@type\":\"ReadAction\",\"target\":[\"https:\/\/www.uqac.ca\/uqactualites\/2012\/10\/26\/le-merite-scientifique-de-luqac-celebre-au-29e-gala-du-msr\/\"]}]},{\"@type\":\"ImageObject\",\"inLanguage\":\"fr-CA\",\"@id\":\"https:\/\/www.uqac.ca\/uqactualites\/2012\/10\/26\/le-merite-scientifique-de-luqac-celebre-au-29e-gala-du-msr\/#primaryimage\",\"url\":\"https:\/\/www.uqac.ca\/uqactualites\/wp-content\/uploads\/2012\/10\/Paul-B\u00e9dard-Web.jpg\",\"contentUrl\":\"https:\/\/www.uqac.ca\/uqactualites\/wp-content\/uploads\/2012\/10\/Paul-B\u00e9dard-Web.jpg\",\"width\":620,\"height\":300},{\"@type\":\"BreadcrumbList\",\"@id\":\"https:\/\/www.uqac.ca\/uqactualites\/2012\/10\/26\/le-merite-scientifique-de-luqac-celebre-au-29e-gala-du-msr\/#breadcrumb\",\"itemListElement\":[{\"@type\":\"ListItem\",\"position\":1,\"name\":\"Home\",\"item\":\"https:\/\/www.uqac.ca\/uqactualites\/\"},{\"@type\":\"ListItem\",\"position\":2,\"name\":\"Le m\u00e9rite scientifique de l&rsquo;UQAC c\u00e9l\u00e9br\u00e9 au 29e Gala du MSR\"}]},{\"@type\":\"WebSite\",\"@id\":\"https:\/\/www.uqac.ca\/uqactualites\/#website\",\"url\":\"https:\/\/www.uqac.ca\/uqactualites\/\",\"name\":\"UQACtualit\u00e9s\",\"description\":\"Le portail des nouvelles de l&#039;UQAC\",\"potentialAction\":[{\"@type\":\"SearchAction\",\"target\":{\"@type\":\"EntryPoint\",\"urlTemplate\":\"https:\/\/www.uqac.ca\/uqactualites\/?s={search_term_string}\"},\"query-input\":{\"@type\":\"PropertyValueSpecification\",\"valueRequired\":true,\"valueName\":\"search_term_string\"}}],\"inLanguage\":\"fr-CA\"},{\"@type\":\"Person\",\"@id\":\"https:\/\/www.uqac.ca\/uqactualites\/#\/schema\/person\/366c45a0c4f0e677b41b4af5886e2018\",\"name\":\"Service des communications et des relations publiques\",\"image\":{\"@type\":\"ImageObject\",\"inLanguage\":\"fr-CA\",\"@id\":\"https:\/\/www.uqac.ca\/uqactualites\/#\/schema\/person\/image\/\",\"url\":\"https:\/\/secure.gravatar.com\/avatar\/20fbbda8a292f59f2d3461a5b999c00b?s=96&d=mm&r=g\",\"contentUrl\":\"https:\/\/secure.gravatar.com\/avatar\/20fbbda8a292f59f2d3461a5b999c00b?s=96&d=mm&r=g\",\"caption\":\"Service des communications et des relations publiques\"},\"url\":\"https:\/\/www.uqac.ca\/uqactualites\/author\/bap\/\"}]}<\/script>\r\n<!-- \/ Yoast SEO plugin. -->","yoast_head_json":{"title":"Le m\u00e9rite scientifique de l'UQAC c\u00e9l\u00e9br\u00e9 au 29e Gala du MSR - UQACtualit\u00e9s","robots":{"index":"index","follow":"follow","max-snippet":"max-snippet:-1","max-image-preview":"max-image-preview:large","max-video-preview":"max-video-preview:-1"},"canonical":"https:\/\/www.uqac.ca\/uqactualites\/2012\/10\/26\/le-merite-scientifique-de-luqac-celebre-au-29e-gala-du-msr\/","og_locale":"fr_CA","og_type":"article","og_title":"Le m\u00e9rite scientifique de l'UQAC c\u00e9l\u00e9br\u00e9 au 29e Gala du MSR - UQACtualit\u00e9s","og_description":"C\u2019est le 24 octobre dernier qu\u2019\u00e9tait pr\u00e9sent\u00e9e la 29e \u00e9dition du M\u00e9rite scientifique r\u00e9gional (MSR) \u00e0 l\u2019H\u00f4tel Universel d\u2019Alma, alors qu\u2019on c\u00e9l\u00e9brait les laur\u00e9ats s\u2019\u00e9tant distingu\u00e9s par leur contribution au d\u00e9veloppement technologique et scientifique r\u00e9gional. Les quelque 200 convives invit\u00e9s lors de cette soir\u00e9e ont ainsi \u00e9t\u00e9 t\u00e9moins des hommages rendus \u00e0 plusieurs scientifiques de [&hellip;]","og_url":"https:\/\/www.uqac.ca\/uqactualites\/2012\/10\/26\/le-merite-scientifique-de-luqac-celebre-au-29e-gala-du-msr\/","og_site_name":"UQACtualit\u00e9s","article_published_time":"2012-10-26T15:46:31+00:00","og_image":[{"width":620,"height":300,"url":"https:\/\/www.uqac.ca\/uqactualites\/wp-content\/uploads\/2012\/10\/Paul-B\u00e9dard-Web.jpg","type":"image\/jpeg"}],"author":"Service des communications et des relations publiques","twitter_card":"summary_large_image","twitter_misc":{"\u00c9crit par":"Service des communications et des relations publiques","Estimation du temps de lecture":"3 minutes"},"schema":{"@context":"https:\/\/schema.org","@graph":[{"@type":"WebPage","@id":"https:\/\/www.uqac.ca\/uqactualites\/2012\/10\/26\/le-merite-scientifique-de-luqac-celebre-au-29e-gala-du-msr\/","url":"https:\/\/www.uqac.ca\/uqactualites\/2012\/10\/26\/le-merite-scientifique-de-luqac-celebre-au-29e-gala-du-msr\/","name":"Le m\u00e9rite scientifique de l'UQAC c\u00e9l\u00e9br\u00e9 au 29e Gala du MSR - UQACtualit\u00e9s","isPartOf":{"@id":"https:\/\/www.uqac.ca\/uqactualites\/#website"},"primaryImageOfPage":{"@id":"https:\/\/www.uqac.ca\/uqactualites\/2012\/10\/26\/le-merite-scientifique-de-luqac-celebre-au-29e-gala-du-msr\/#primaryimage"},"image":{"@id":"https:\/\/www.uqac.ca\/uqactualites\/2012\/10\/26\/le-merite-scientifique-de-luqac-celebre-au-29e-gala-du-msr\/#primaryimage"},"thumbnailUrl":"https:\/\/www.uqac.ca\/uqactualites\/wp-content\/uploads\/2012\/10\/Paul-B\u00e9dard-Web.jpg","datePublished":"2012-10-26T15:46:31+00:00","dateModified":"2012-10-26T15:46:31+00:00","author":{"@id":"https:\/\/www.uqac.ca\/uqactualites\/#\/schema\/person\/366c45a0c4f0e677b41b4af5886e2018"},"breadcrumb":{"@id":"https:\/\/www.uqac.ca\/uqactualites\/2012\/10\/26\/le-merite-scientifique-de-luqac-celebre-au-29e-gala-du-msr\/#breadcrumb"},"inLanguage":"fr-CA","potentialAction":[{"@type":"ReadAction","target":["https:\/\/www.uqac.ca\/uqactualites\/2012\/10\/26\/le-merite-scientifique-de-luqac-celebre-au-29e-gala-du-msr\/"]}]},{"@type":"ImageObject","inLanguage":"fr-CA","@id":"https:\/\/www.uqac.ca\/uqactualites\/2012\/10\/26\/le-merite-scientifique-de-luqac-celebre-au-29e-gala-du-msr\/#primaryimage","url":"https:\/\/www.uqac.ca\/uqactualites\/wp-content\/uploads\/2012\/10\/Paul-B\u00e9dard-Web.jpg","contentUrl":"https:\/\/www.uqac.ca\/uqactualites\/wp-content\/uploads\/2012\/10\/Paul-B\u00e9dard-Web.jpg","width":620,"height":300},{"@type":"BreadcrumbList","@id":"https:\/\/www.uqac.ca\/uqactualites\/2012\/10\/26\/le-merite-scientifique-de-luqac-celebre-au-29e-gala-du-msr\/#breadcrumb","itemListElement":[{"@type":"ListItem","position":1,"name":"Home","item":"https:\/\/www.uqac.ca\/uqactualites\/"},{"@type":"ListItem","position":2,"name":"Le m\u00e9rite scientifique de l&rsquo;UQAC c\u00e9l\u00e9br\u00e9 au 29e Gala du MSR"}]},{"@type":"WebSite","@id":"https:\/\/www.uqac.ca\/uqactualites\/#website","url":"https:\/\/www.uqac.ca\/uqactualites\/","name":"UQACtualit\u00e9s","description":"Le portail des nouvelles de l&#039;UQAC","potentialAction":[{"@type":"SearchAction","target":{"@type":"EntryPoint","urlTemplate":"https:\/\/www.uqac.ca\/uqactualites\/?s={search_term_string}"},"query-input":{"@type":"PropertyValueSpecification","valueRequired":true,"valueName":"search_term_string"}}],"inLanguage":"fr-CA"},{"@type":"Person","@id":"https:\/\/www.uqac.ca\/uqactualites\/#\/schema\/person\/366c45a0c4f0e677b41b4af5886e2018","name":"Service des communications et des relations publiques","image":{"@type":"ImageObject","inLanguage":"fr-CA","@id":"https:\/\/www.uqac.ca\/uqactualites\/#\/schema\/person\/image\/","url":"https:\/\/secure.gravatar.com\/avatar\/20fbbda8a292f59f2d3461a5b999c00b?s=96&d=mm&r=g","contentUrl":"https:\/\/secure.gravatar.com\/avatar\/20fbbda8a292f59f2d3461a5b999c00b?s=96&d=mm&r=g","caption":"Service des communications et des relations publiques"},"url":"https:\/\/www.uqac.ca\/uqactualites\/author\/bap\/"}]}},"_links":{"self":[{"href":"https:\/\/www.uqac.ca\/uqactualites\/wp-json\/wp\/v2\/posts\/21772"}],"collection":[{"href":"https:\/\/www.uqac.ca\/uqactualites\/wp-json\/wp\/v2\/posts"}],"about":[{"href":"https:\/\/www.uqac.ca\/uqactualites\/wp-json\/wp\/v2\/types\/post"}],"author":[{"embeddable":true,"href":"https:\/\/www.uqac.ca\/uqactualites\/wp-json\/wp\/v2\/users\/5"}],"replies":[{"embeddable":true,"href":"https:\/\/www.uqac.ca\/uqactualites\/wp-json\/wp\/v2\/comments?post=21772"}],"version-history":[{"count":0,"href":"https:\/\/www.uqac.ca\/uqactualites\/wp-json\/wp\/v2\/posts\/21772\/revisions"}],"wp:featuredmedia":[{"embeddable":true,"href":"https:\/\/www.uqac.ca\/uqactualites\/wp-json\/wp\/v2\/media\/21773"}],"wp:attachment":[{"href":"https:\/\/www.uqac.ca\/uqactualites\/wp-json\/wp\/v2\/media?parent=21772"}],"wp:term":[{"taxonomy":"category","embeddable":true,"href":"https:\/\/www.uqac.ca\/uqactualites\/wp-json\/wp\/v2\/categories?post=21772"},{"taxonomy":"post_tag","embeddable":true,"href":"https:\/\/www.uqac.ca\/uqactualites\/wp-json\/wp\/v2\/tags?post=21772"}],"curies":[{"name":"wp","href":"https:\/\/api.w.org\/{rel}","templated":true}]}}