{"id":21786,"date":"2012-10-26T13:43:34","date_gmt":"2012-10-26T17:43:34","guid":{"rendered":"http:\/\/uqactualite.odev.ca\/?p=21786"},"modified":"2012-10-26T13:43:34","modified_gmt":"2012-10-26T17:43:34","slug":"evaluation-des-enseignements","status":"publish","type":"post","link":"https:\/\/www.uqac.ca\/uqactualites\/2012\/10\/26\/evaluation-des-enseignements\/","title":{"rendered":"\u00c9valuation des enseignements"},"content":{"rendered":"<p style=\"text-align: justify\">La p\u00e9riode r\u00e9guli\u00e8re d\u2019\u00e9valuation en ligne des enseignements se tiendra du<strong> 19 novembre 2012 au 9 d\u00e9cembre 2012<\/strong>, soit de la 12<sup>e<\/sup> \u00e0 la 14<sup>e<\/sup> semaine inclusivement. Comme \u00e0 l\u2019habitude, tous les cours r\u00e9guliers offerts au premier cycle, sauf exception, seront \u00e9valu\u00e9s.<\/p>\n<p style=\"text-align: justify\">Il est important de prendre note que tous les cours offerts en horaire intensif sont \u00e9galement \u00e9valu\u00e9s tous les trimestres. Ceci dit, la p\u00e9riode d\u2019\u00e9valuation programm\u00e9e pour ces derniers peut diff\u00e9rer d\u2019un cours \u00e0 l\u2019autre, mais demeure toujours \u00e0 l\u2019int\u00e9rieur de la p\u00e9riode o\u00f9 se d\u00e9roule l\u2019activit\u00e9 d\u2019enseignement.<\/p>\n<p style=\"text-align: justify\">Nous sollicitons votre collaboration tous les trimestres pour inviter vos \u00e9tudiants \u00e0 participer \u00e0 cette \u00e9valuation en consid\u00e9rant l\u2019importance que vous accordez \u00e0 l\u2019opinion de ceux-ci en lien avec la qualit\u00e9 des enseignements.<\/p>\n<p style=\"text-align: justify\">Vos \u00e9tudiants pourront remplir les questionnaires d\u2019\u00e9valuation en ligne pour chacun des cours dans la section \u00ab\u00a0Cours actifs\u00a0\u00bb du dossier \u00e9tudiant sous la rubrique \u00ab\u00a0\u00c9valuation\u00a0\u00bb.<\/p>\n<p style=\"text-align: justify\">Pour plus de renseignements, visitez le site Web suivant\u00a0:<a href=\"http:\/\/www.uqac.ca\/direction_services\/depc\/qualite_enseignement\/\"><strong><br \/>\n<span style=\"color: #5a7411\">http:\/\/www.uqac.ca\/direction_services\/depc\/qualite_enseignement\/<\/span><\/strong><\/a>.<\/p>\n<p>Bonne fin de trimestre!<strong><\/strong><\/p>\n<p>&nbsp;<\/p>\n<p><strong>Renseignements\u00a0: <\/strong><br \/>\nMartin Larose, coordonnateur (assurance qualit\u00e9 des programmes)<br \/>\nD\u00e9canat des \u00e9tudes de premier cycle<br \/>\nUniversit\u00e9 du Qu\u00e9bec \u00e0 Chicoutimi<br \/>\n418 545-5011, poste\u00a04756\u00a0\u00a0\u25aa\u00a0 <span style=\"color: #5a7411\"><a href=\"mailto:martin1_larose@uqac.ca\"><span style=\"color: #5a7411\">martin1_larose@uqac.ca<\/span><\/a><\/span><\/p>\n","protected":false},"excerpt":{"rendered":"<p>La p\u00e9riode r\u00e9guli\u00e8re d\u2019\u00e9valuation en ligne des enseignements se tiendra du 19 novembre 2012 au 9 d\u00e9cembre 2012, soit de la 12e \u00e0 la 14e semaine inclusivement. Comme \u00e0 l\u2019habitude, tous les cours r\u00e9guliers offerts au premier cycle, sauf exception, seront \u00e9valu\u00e9s. Il est important de prendre note que tous les cours offerts en horaire [&hellip;]<\/p>\n","protected":false},"author":5,"featured_media":20989,"comment_status":"closed","ping_status":"open","sticky":false,"template":"","format":"standard","meta":{"footnotes":""},"categories":[2772],"tags":[1769,102,161,1731],"yoast_head":"<!-- This site is optimized with the Yoast SEO plugin v24.2 - https:\/\/yoast.com\/wordpress\/plugins\/seo\/ -->\r\n<title>\u00c9valuation des enseignements - UQACtualit\u00e9s<\/title>\r\n<meta name=\"robots\" content=\"index, follow, max-snippet:-1, max-image-preview:large, max-video-preview:-1\" \/>\r\n<link rel=\"canonical\" href=\"https:\/\/www.uqac.ca\/uqactualites\/2012\/10\/26\/evaluation-des-enseignements\/\" \/>\r\n<meta property=\"og:locale\" content=\"fr_CA\" \/>\r\n<meta property=\"og:type\" content=\"article\" \/>\r\n<meta property=\"og:title\" content=\"\u00c9valuation des enseignements - UQACtualit\u00e9s\" \/>\r\n<meta property=\"og:description\" content=\"La p\u00e9riode r\u00e9guli\u00e8re d\u2019\u00e9valuation en ligne des enseignements se tiendra du 19 novembre 2012 au 9 d\u00e9cembre 2012, soit de la 12e \u00e0 la 14e semaine inclusivement. Comme \u00e0 l\u2019habitude, tous les cours r\u00e9guliers offerts au premier cycle, sauf exception, seront \u00e9valu\u00e9s. Il est important de prendre note que tous les cours offerts en horaire [&hellip;]\" \/>\r\n<meta property=\"og:url\" content=\"https:\/\/www.uqac.ca\/uqactualites\/2012\/10\/26\/evaluation-des-enseignements\/\" \/>\r\n<meta property=\"og:site_name\" content=\"UQACtualit\u00e9s\" \/>\r\n<meta property=\"article:published_time\" content=\"2012-10-26T17:43:34+00:00\" \/>\r\n<meta property=\"og:image\" content=\"https:\/\/www.uqac.ca\/uqactualites\/wp-content\/uploads\/2012\/05\/avis-laCommunaut-.jpg\" \/>\r\n\t<meta property=\"og:image:width\" content=\"620\" \/>\r\n\t<meta property=\"og:image:height\" content=\"300\" \/>\r\n\t<meta property=\"og:image:type\" content=\"image\/jpeg\" \/>\r\n<meta name=\"author\" content=\"Service des communications et des relations publiques\" \/>\r\n<meta name=\"twitter:card\" content=\"summary_large_image\" \/>\r\n<meta name=\"twitter:label1\" content=\"\u00c9crit par\" \/>\n\t<meta name=\"twitter:data1\" content=\"Service des communications et des relations publiques\" \/>\n\t<meta name=\"twitter:label2\" content=\"Estimation du temps de lecture\" \/>\n\t<meta name=\"twitter:data2\" content=\"1 minute\" \/>\r\n<script type=\"application\/ld+json\" class=\"yoast-schema-graph\">{\"@context\":\"https:\/\/schema.org\",\"@graph\":[{\"@type\":\"WebPage\",\"@id\":\"https:\/\/www.uqac.ca\/uqactualites\/2012\/10\/26\/evaluation-des-enseignements\/\",\"url\":\"https:\/\/www.uqac.ca\/uqactualites\/2012\/10\/26\/evaluation-des-enseignements\/\",\"name\":\"\u00c9valuation des enseignements - UQACtualit\u00e9s\",\"isPartOf\":{\"@id\":\"https:\/\/www.uqac.ca\/uqactualites\/#website\"},\"primaryImageOfPage\":{\"@id\":\"https:\/\/www.uqac.ca\/uqactualites\/2012\/10\/26\/evaluation-des-enseignements\/#primaryimage\"},\"image\":{\"@id\":\"https:\/\/www.uqac.ca\/uqactualites\/2012\/10\/26\/evaluation-des-enseignements\/#primaryimage\"},\"thumbnailUrl\":\"https:\/\/www.uqac.ca\/uqactualites\/wp-content\/uploads\/2012\/05\/avis-laCommunaut-.jpg\",\"datePublished\":\"2012-10-26T17:43:34+00:00\",\"dateModified\":\"2012-10-26T17:43:34+00:00\",\"author\":{\"@id\":\"https:\/\/www.uqac.ca\/uqactualites\/#\/schema\/person\/366c45a0c4f0e677b41b4af5886e2018\"},\"breadcrumb\":{\"@id\":\"https:\/\/www.uqac.ca\/uqactualites\/2012\/10\/26\/evaluation-des-enseignements\/#breadcrumb\"},\"inLanguage\":\"fr-CA\",\"potentialAction\":[{\"@type\":\"ReadAction\",\"target\":[\"https:\/\/www.uqac.ca\/uqactualites\/2012\/10\/26\/evaluation-des-enseignements\/\"]}]},{\"@type\":\"ImageObject\",\"inLanguage\":\"fr-CA\",\"@id\":\"https:\/\/www.uqac.ca\/uqactualites\/2012\/10\/26\/evaluation-des-enseignements\/#primaryimage\",\"url\":\"https:\/\/www.uqac.ca\/uqactualites\/wp-content\/uploads\/2012\/05\/avis-laCommunaut-.jpg\",\"contentUrl\":\"https:\/\/www.uqac.ca\/uqactualites\/wp-content\/uploads\/2012\/05\/avis-laCommunaut-.jpg\",\"width\":620,\"height\":300},{\"@type\":\"BreadcrumbList\",\"@id\":\"https:\/\/www.uqac.ca\/uqactualites\/2012\/10\/26\/evaluation-des-enseignements\/#breadcrumb\",\"itemListElement\":[{\"@type\":\"ListItem\",\"position\":1,\"name\":\"Home\",\"item\":\"https:\/\/www.uqac.ca\/uqactualites\/\"},{\"@type\":\"ListItem\",\"position\":2,\"name\":\"\u00c9valuation des enseignements\"}]},{\"@type\":\"WebSite\",\"@id\":\"https:\/\/www.uqac.ca\/uqactualites\/#website\",\"url\":\"https:\/\/www.uqac.ca\/uqactualites\/\",\"name\":\"UQACtualit\u00e9s\",\"description\":\"Le portail des nouvelles de l&#039;UQAC\",\"potentialAction\":[{\"@type\":\"SearchAction\",\"target\":{\"@type\":\"EntryPoint\",\"urlTemplate\":\"https:\/\/www.uqac.ca\/uqactualites\/?s={search_term_string}\"},\"query-input\":{\"@type\":\"PropertyValueSpecification\",\"valueRequired\":true,\"valueName\":\"search_term_string\"}}],\"inLanguage\":\"fr-CA\"},{\"@type\":\"Person\",\"@id\":\"https:\/\/www.uqac.ca\/uqactualites\/#\/schema\/person\/366c45a0c4f0e677b41b4af5886e2018\",\"name\":\"Service des communications et des relations publiques\",\"image\":{\"@type\":\"ImageObject\",\"inLanguage\":\"fr-CA\",\"@id\":\"https:\/\/www.uqac.ca\/uqactualites\/#\/schema\/person\/image\/\",\"url\":\"https:\/\/secure.gravatar.com\/avatar\/20fbbda8a292f59f2d3461a5b999c00b?s=96&d=mm&r=g\",\"contentUrl\":\"https:\/\/secure.gravatar.com\/avatar\/20fbbda8a292f59f2d3461a5b999c00b?s=96&d=mm&r=g\",\"caption\":\"Service des communications et des relations publiques\"},\"url\":\"https:\/\/www.uqac.ca\/uqactualites\/author\/bap\/\"}]}<\/script>\r\n<!-- \/ Yoast SEO plugin. -->","yoast_head_json":{"title":"\u00c9valuation des enseignements - UQACtualit\u00e9s","robots":{"index":"index","follow":"follow","max-snippet":"max-snippet:-1","max-image-preview":"max-image-preview:large","max-video-preview":"max-video-preview:-1"},"canonical":"https:\/\/www.uqac.ca\/uqactualites\/2012\/10\/26\/evaluation-des-enseignements\/","og_locale":"fr_CA","og_type":"article","og_title":"\u00c9valuation des enseignements - UQACtualit\u00e9s","og_description":"La p\u00e9riode r\u00e9guli\u00e8re d\u2019\u00e9valuation en ligne des enseignements se tiendra du 19 novembre 2012 au 9 d\u00e9cembre 2012, soit de la 12e \u00e0 la 14e semaine inclusivement. Comme \u00e0 l\u2019habitude, tous les cours r\u00e9guliers offerts au premier cycle, sauf exception, seront \u00e9valu\u00e9s. Il est important de prendre note que tous les cours offerts en horaire [&hellip;]","og_url":"https:\/\/www.uqac.ca\/uqactualites\/2012\/10\/26\/evaluation-des-enseignements\/","og_site_name":"UQACtualit\u00e9s","article_published_time":"2012-10-26T17:43:34+00:00","og_image":[{"width":620,"height":300,"url":"https:\/\/www.uqac.ca\/uqactualites\/wp-content\/uploads\/2012\/05\/avis-laCommunaut-.jpg","type":"image\/jpeg"}],"author":"Service des communications et des relations publiques","twitter_card":"summary_large_image","twitter_misc":{"\u00c9crit par":"Service des communications et des relations publiques","Estimation du temps de lecture":"1 minute"},"schema":{"@context":"https:\/\/schema.org","@graph":[{"@type":"WebPage","@id":"https:\/\/www.uqac.ca\/uqactualites\/2012\/10\/26\/evaluation-des-enseignements\/","url":"https:\/\/www.uqac.ca\/uqactualites\/2012\/10\/26\/evaluation-des-enseignements\/","name":"\u00c9valuation des enseignements - UQACtualit\u00e9s","isPartOf":{"@id":"https:\/\/www.uqac.ca\/uqactualites\/#website"},"primaryImageOfPage":{"@id":"https:\/\/www.uqac.ca\/uqactualites\/2012\/10\/26\/evaluation-des-enseignements\/#primaryimage"},"image":{"@id":"https:\/\/www.uqac.ca\/uqactualites\/2012\/10\/26\/evaluation-des-enseignements\/#primaryimage"},"thumbnailUrl":"https:\/\/www.uqac.ca\/uqactualites\/wp-content\/uploads\/2012\/05\/avis-laCommunaut-.jpg","datePublished":"2012-10-26T17:43:34+00:00","dateModified":"2012-10-26T17:43:34+00:00","author":{"@id":"https:\/\/www.uqac.ca\/uqactualites\/#\/schema\/person\/366c45a0c4f0e677b41b4af5886e2018"},"breadcrumb":{"@id":"https:\/\/www.uqac.ca\/uqactualites\/2012\/10\/26\/evaluation-des-enseignements\/#breadcrumb"},"inLanguage":"fr-CA","potentialAction":[{"@type":"ReadAction","target":["https:\/\/www.uqac.ca\/uqactualites\/2012\/10\/26\/evaluation-des-enseignements\/"]}]},{"@type":"ImageObject","inLanguage":"fr-CA","@id":"https:\/\/www.uqac.ca\/uqactualites\/2012\/10\/26\/evaluation-des-enseignements\/#primaryimage","url":"https:\/\/www.uqac.ca\/uqactualites\/wp-content\/uploads\/2012\/05\/avis-laCommunaut-.jpg","contentUrl":"https:\/\/www.uqac.ca\/uqactualites\/wp-content\/uploads\/2012\/05\/avis-laCommunaut-.jpg","width":620,"height":300},{"@type":"BreadcrumbList","@id":"https:\/\/www.uqac.ca\/uqactualites\/2012\/10\/26\/evaluation-des-enseignements\/#breadcrumb","itemListElement":[{"@type":"ListItem","position":1,"name":"Home","item":"https:\/\/www.uqac.ca\/uqactualites\/"},{"@type":"ListItem","position":2,"name":"\u00c9valuation des enseignements"}]},{"@type":"WebSite","@id":"https:\/\/www.uqac.ca\/uqactualites\/#website","url":"https:\/\/www.uqac.ca\/uqactualites\/","name":"UQACtualit\u00e9s","description":"Le portail des nouvelles de l&#039;UQAC","potentialAction":[{"@type":"SearchAction","target":{"@type":"EntryPoint","urlTemplate":"https:\/\/www.uqac.ca\/uqactualites\/?s={search_term_string}"},"query-input":{"@type":"PropertyValueSpecification","valueRequired":true,"valueName":"search_term_string"}}],"inLanguage":"fr-CA"},{"@type":"Person","@id":"https:\/\/www.uqac.ca\/uqactualites\/#\/schema\/person\/366c45a0c4f0e677b41b4af5886e2018","name":"Service des communications et des relations publiques","image":{"@type":"ImageObject","inLanguage":"fr-CA","@id":"https:\/\/www.uqac.ca\/uqactualites\/#\/schema\/person\/image\/","url":"https:\/\/secure.gravatar.com\/avatar\/20fbbda8a292f59f2d3461a5b999c00b?s=96&d=mm&r=g","contentUrl":"https:\/\/secure.gravatar.com\/avatar\/20fbbda8a292f59f2d3461a5b999c00b?s=96&d=mm&r=g","caption":"Service des communications et des relations publiques"},"url":"https:\/\/www.uqac.ca\/uqactualites\/author\/bap\/"}]}},"_links":{"self":[{"href":"https:\/\/www.uqac.ca\/uqactualites\/wp-json\/wp\/v2\/posts\/21786"}],"collection":[{"href":"https:\/\/www.uqac.ca\/uqactualites\/wp-json\/wp\/v2\/posts"}],"about":[{"href":"https:\/\/www.uqac.ca\/uqactualites\/wp-json\/wp\/v2\/types\/post"}],"author":[{"embeddable":true,"href":"https:\/\/www.uqac.ca\/uqactualites\/wp-json\/wp\/v2\/users\/5"}],"replies":[{"embeddable":true,"href":"https:\/\/www.uqac.ca\/uqactualites\/wp-json\/wp\/v2\/comments?post=21786"}],"version-history":[{"count":0,"href":"https:\/\/www.uqac.ca\/uqactualites\/wp-json\/wp\/v2\/posts\/21786\/revisions"}],"wp:featuredmedia":[{"embeddable":true,"href":"https:\/\/www.uqac.ca\/uqactualites\/wp-json\/wp\/v2\/media\/20989"}],"wp:attachment":[{"href":"https:\/\/www.uqac.ca\/uqactualites\/wp-json\/wp\/v2\/media?parent=21786"}],"wp:term":[{"taxonomy":"category","embeddable":true,"href":"https:\/\/www.uqac.ca\/uqactualites\/wp-json\/wp\/v2\/categories?post=21786"},{"taxonomy":"post_tag","embeddable":true,"href":"https:\/\/www.uqac.ca\/uqactualites\/wp-json\/wp\/v2\/tags?post=21786"}],"curies":[{"name":"wp","href":"https:\/\/api.w.org\/{rel}","templated":true}]}}