{"id":21853,"date":"2012-10-31T14:12:30","date_gmt":"2012-10-31T18:12:30","guid":{"rendered":"http:\/\/uqactualite.odev.ca\/?p=21853"},"modified":"2012-10-31T14:12:30","modified_gmt":"2012-10-31T18:12:30","slug":"conference-du-grir-3","status":"publish","type":"post","link":"https:\/\/www.uqac.ca\/uqactualites\/2012\/10\/31\/conference-du-grir-3\/","title":{"rendered":"Conf\u00e9rence du GRIR"},"content":{"rendered":"<p style=\"text-align: justify\">Le Groupe de recherche et d\u2019intervention r\u00e9gionales (GRIR) invite la communaut\u00e9 universitaire \u00e0 assister \u00e0 la conf\u00e9rence\u00a0intitul\u00e9e <strong><em>Anthropologie, \u00e9conomie et droits territoriaux des Innus de la c\u00f4te est du Qu\u00e9bec<\/em><\/strong><strong> <\/strong>et pr\u00e9sent\u00e9e dans le cadre du cours <em>Anthropologie \u00e9conomique<\/em><em>\u00a0<\/em>:<\/p>\n<p align=\"center\"><span style=\"color: #5a7411\"><strong>Mardi 6 novembre 2012\u00a0 <\/strong><strong>\u25aa<\/strong><strong>\u00a0 16\u00a0h<br \/>\n<\/strong>Local P1-7070<\/span><\/p>\n<p><strong>Conf\u00e9rencier invit\u00e9<\/strong><br \/>\nJean-Pierre Garneau, M.A.<br \/>\nAnthropologue consultant<\/p>\n<p>La conf\u00e9rence est pr\u00e9sent\u00e9e en collaboration avec le Centre des Premi\u00e8res Nations Nikanite.<br \/>\nBienvenue \u00e0 toutes et \u00e0 tous!<strong><\/strong><\/p>\n<p>&nbsp;<\/p>\n<p><strong>Renseignements\u00a0: <\/strong><br \/>\nGabrielle Desbiens, agente de recherche \u00e0 l&rsquo;animation scientifique<br \/>\nGroupe de recherche et d&rsquo;intervention r\u00e9gionales (GRIR)<br \/>\nUniversit\u00e9 du Qu\u00e9bec \u00e0 Chicoutimi<br \/>\n418 545-5011, poste\u00a03814\u00a0\u00a0\u25aa\u00a0 <span style=\"color: #5a7411\"><a href=\"mailto:grir@uqac.ca\"><span style=\"color: #5a7411\">grir@uqac.ca<\/span><\/a><\/span><\/p>\n","protected":false},"excerpt":{"rendered":"<p>Le Groupe de recherche et d\u2019intervention r\u00e9gionales (GRIR) invite la communaut\u00e9 universitaire \u00e0 assister \u00e0 la conf\u00e9rence\u00a0intitul\u00e9e Anthropologie, \u00e9conomie et droits territoriaux des Innus de la c\u00f4te est du Qu\u00e9bec et pr\u00e9sent\u00e9e dans le cadre du cours Anthropologie \u00e9conomique\u00a0: Mardi 6 novembre 2012\u00a0 \u25aa\u00a0 16\u00a0h Local P1-7070 Conf\u00e9rencier invit\u00e9 Jean-Pierre Garneau, M.A. Anthropologue consultant La [&hellip;]<\/p>\n","protected":false},"author":5,"featured_media":20989,"comment_status":"closed","ping_status":"open","sticky":false,"template":"","format":"standard","meta":{"footnotes":""},"categories":[2772],"tags":[1973,223,2612,276,2613,1089],"yoast_head":"<!-- This site is optimized with the Yoast SEO plugin v24.2 - https:\/\/yoast.com\/wordpress\/plugins\/seo\/ -->\r\n<title>Conf\u00e9rence du GRIR - UQACtualit\u00e9s<\/title>\r\n<meta name=\"robots\" content=\"index, follow, max-snippet:-1, max-image-preview:large, max-video-preview:-1\" \/>\r\n<link rel=\"canonical\" href=\"https:\/\/www.uqac.ca\/uqactualites\/2012\/10\/31\/conference-du-grir-3\/\" \/>\r\n<meta property=\"og:locale\" content=\"fr_CA\" \/>\r\n<meta property=\"og:type\" content=\"article\" \/>\r\n<meta property=\"og:title\" content=\"Conf\u00e9rence du GRIR - UQACtualit\u00e9s\" \/>\r\n<meta property=\"og:description\" content=\"Le Groupe de recherche et d\u2019intervention r\u00e9gionales (GRIR) invite la communaut\u00e9 universitaire \u00e0 assister \u00e0 la conf\u00e9rence\u00a0intitul\u00e9e Anthropologie, \u00e9conomie et droits territoriaux des Innus de la c\u00f4te est du Qu\u00e9bec et pr\u00e9sent\u00e9e dans le cadre du cours Anthropologie \u00e9conomique\u00a0: Mardi 6 novembre 2012\u00a0 \u25aa\u00a0 16\u00a0h Local P1-7070 Conf\u00e9rencier invit\u00e9 Jean-Pierre Garneau, M.A. Anthropologue consultant La [&hellip;]\" \/>\r\n<meta property=\"og:url\" content=\"https:\/\/www.uqac.ca\/uqactualites\/2012\/10\/31\/conference-du-grir-3\/\" \/>\r\n<meta property=\"og:site_name\" content=\"UQACtualit\u00e9s\" \/>\r\n<meta property=\"article:published_time\" content=\"2012-10-31T18:12:30+00:00\" \/>\r\n<meta property=\"og:image\" content=\"https:\/\/www.uqac.ca\/uqactualites\/wp-content\/uploads\/2012\/05\/avis-laCommunaut-.jpg\" \/>\r\n\t<meta property=\"og:image:width\" content=\"620\" \/>\r\n\t<meta property=\"og:image:height\" content=\"300\" \/>\r\n\t<meta property=\"og:image:type\" content=\"image\/jpeg\" \/>\r\n<meta name=\"author\" content=\"Service des communications et des relations publiques\" \/>\r\n<meta name=\"twitter:card\" content=\"summary_large_image\" \/>\r\n<meta name=\"twitter:label1\" content=\"\u00c9crit par\" \/>\n\t<meta name=\"twitter:data1\" content=\"Service des communications et des relations publiques\" \/>\n\t<meta name=\"twitter:label2\" content=\"Estimation du temps de lecture\" \/>\n\t<meta name=\"twitter:data2\" content=\"1 minute\" \/>\r\n<script type=\"application\/ld+json\" class=\"yoast-schema-graph\">{\"@context\":\"https:\/\/schema.org\",\"@graph\":[{\"@type\":\"WebPage\",\"@id\":\"https:\/\/www.uqac.ca\/uqactualites\/2012\/10\/31\/conference-du-grir-3\/\",\"url\":\"https:\/\/www.uqac.ca\/uqactualites\/2012\/10\/31\/conference-du-grir-3\/\",\"name\":\"Conf\u00e9rence du GRIR - UQACtualit\u00e9s\",\"isPartOf\":{\"@id\":\"https:\/\/www.uqac.ca\/uqactualites\/#website\"},\"primaryImageOfPage\":{\"@id\":\"https:\/\/www.uqac.ca\/uqactualites\/2012\/10\/31\/conference-du-grir-3\/#primaryimage\"},\"image\":{\"@id\":\"https:\/\/www.uqac.ca\/uqactualites\/2012\/10\/31\/conference-du-grir-3\/#primaryimage\"},\"thumbnailUrl\":\"https:\/\/www.uqac.ca\/uqactualites\/wp-content\/uploads\/2012\/05\/avis-laCommunaut-.jpg\",\"datePublished\":\"2012-10-31T18:12:30+00:00\",\"dateModified\":\"2012-10-31T18:12:30+00:00\",\"author\":{\"@id\":\"https:\/\/www.uqac.ca\/uqactualites\/#\/schema\/person\/366c45a0c4f0e677b41b4af5886e2018\"},\"breadcrumb\":{\"@id\":\"https:\/\/www.uqac.ca\/uqactualites\/2012\/10\/31\/conference-du-grir-3\/#breadcrumb\"},\"inLanguage\":\"fr-CA\",\"potentialAction\":[{\"@type\":\"ReadAction\",\"target\":[\"https:\/\/www.uqac.ca\/uqactualites\/2012\/10\/31\/conference-du-grir-3\/\"]}]},{\"@type\":\"ImageObject\",\"inLanguage\":\"fr-CA\",\"@id\":\"https:\/\/www.uqac.ca\/uqactualites\/2012\/10\/31\/conference-du-grir-3\/#primaryimage\",\"url\":\"https:\/\/www.uqac.ca\/uqactualites\/wp-content\/uploads\/2012\/05\/avis-laCommunaut-.jpg\",\"contentUrl\":\"https:\/\/www.uqac.ca\/uqactualites\/wp-content\/uploads\/2012\/05\/avis-laCommunaut-.jpg\",\"width\":620,\"height\":300},{\"@type\":\"BreadcrumbList\",\"@id\":\"https:\/\/www.uqac.ca\/uqactualites\/2012\/10\/31\/conference-du-grir-3\/#breadcrumb\",\"itemListElement\":[{\"@type\":\"ListItem\",\"position\":1,\"name\":\"Home\",\"item\":\"https:\/\/www.uqac.ca\/uqactualites\/\"},{\"@type\":\"ListItem\",\"position\":2,\"name\":\"Conf\u00e9rence du GRIR\"}]},{\"@type\":\"WebSite\",\"@id\":\"https:\/\/www.uqac.ca\/uqactualites\/#website\",\"url\":\"https:\/\/www.uqac.ca\/uqactualites\/\",\"name\":\"UQACtualit\u00e9s\",\"description\":\"Le portail des nouvelles de l&#039;UQAC\",\"potentialAction\":[{\"@type\":\"SearchAction\",\"target\":{\"@type\":\"EntryPoint\",\"urlTemplate\":\"https:\/\/www.uqac.ca\/uqactualites\/?s={search_term_string}\"},\"query-input\":{\"@type\":\"PropertyValueSpecification\",\"valueRequired\":true,\"valueName\":\"search_term_string\"}}],\"inLanguage\":\"fr-CA\"},{\"@type\":\"Person\",\"@id\":\"https:\/\/www.uqac.ca\/uqactualites\/#\/schema\/person\/366c45a0c4f0e677b41b4af5886e2018\",\"name\":\"Service des communications et des relations publiques\",\"image\":{\"@type\":\"ImageObject\",\"inLanguage\":\"fr-CA\",\"@id\":\"https:\/\/www.uqac.ca\/uqactualites\/#\/schema\/person\/image\/\",\"url\":\"https:\/\/secure.gravatar.com\/avatar\/20fbbda8a292f59f2d3461a5b999c00b?s=96&d=mm&r=g\",\"contentUrl\":\"https:\/\/secure.gravatar.com\/avatar\/20fbbda8a292f59f2d3461a5b999c00b?s=96&d=mm&r=g\",\"caption\":\"Service des communications et des relations publiques\"},\"url\":\"https:\/\/www.uqac.ca\/uqactualites\/author\/bap\/\"}]}<\/script>\r\n<!-- \/ Yoast SEO plugin. -->","yoast_head_json":{"title":"Conf\u00e9rence du GRIR - UQACtualit\u00e9s","robots":{"index":"index","follow":"follow","max-snippet":"max-snippet:-1","max-image-preview":"max-image-preview:large","max-video-preview":"max-video-preview:-1"},"canonical":"https:\/\/www.uqac.ca\/uqactualites\/2012\/10\/31\/conference-du-grir-3\/","og_locale":"fr_CA","og_type":"article","og_title":"Conf\u00e9rence du GRIR - UQACtualit\u00e9s","og_description":"Le Groupe de recherche et d\u2019intervention r\u00e9gionales (GRIR) invite la communaut\u00e9 universitaire \u00e0 assister \u00e0 la conf\u00e9rence\u00a0intitul\u00e9e Anthropologie, \u00e9conomie et droits territoriaux des Innus de la c\u00f4te est du Qu\u00e9bec et pr\u00e9sent\u00e9e dans le cadre du cours Anthropologie \u00e9conomique\u00a0: Mardi 6 novembre 2012\u00a0 \u25aa\u00a0 16\u00a0h Local P1-7070 Conf\u00e9rencier invit\u00e9 Jean-Pierre Garneau, M.A. Anthropologue consultant La [&hellip;]","og_url":"https:\/\/www.uqac.ca\/uqactualites\/2012\/10\/31\/conference-du-grir-3\/","og_site_name":"UQACtualit\u00e9s","article_published_time":"2012-10-31T18:12:30+00:00","og_image":[{"width":620,"height":300,"url":"https:\/\/www.uqac.ca\/uqactualites\/wp-content\/uploads\/2012\/05\/avis-laCommunaut-.jpg","type":"image\/jpeg"}],"author":"Service des communications et des relations publiques","twitter_card":"summary_large_image","twitter_misc":{"\u00c9crit par":"Service des communications et des relations publiques","Estimation du temps de lecture":"1 minute"},"schema":{"@context":"https:\/\/schema.org","@graph":[{"@type":"WebPage","@id":"https:\/\/www.uqac.ca\/uqactualites\/2012\/10\/31\/conference-du-grir-3\/","url":"https:\/\/www.uqac.ca\/uqactualites\/2012\/10\/31\/conference-du-grir-3\/","name":"Conf\u00e9rence du GRIR - UQACtualit\u00e9s","isPartOf":{"@id":"https:\/\/www.uqac.ca\/uqactualites\/#website"},"primaryImageOfPage":{"@id":"https:\/\/www.uqac.ca\/uqactualites\/2012\/10\/31\/conference-du-grir-3\/#primaryimage"},"image":{"@id":"https:\/\/www.uqac.ca\/uqactualites\/2012\/10\/31\/conference-du-grir-3\/#primaryimage"},"thumbnailUrl":"https:\/\/www.uqac.ca\/uqactualites\/wp-content\/uploads\/2012\/05\/avis-laCommunaut-.jpg","datePublished":"2012-10-31T18:12:30+00:00","dateModified":"2012-10-31T18:12:30+00:00","author":{"@id":"https:\/\/www.uqac.ca\/uqactualites\/#\/schema\/person\/366c45a0c4f0e677b41b4af5886e2018"},"breadcrumb":{"@id":"https:\/\/www.uqac.ca\/uqactualites\/2012\/10\/31\/conference-du-grir-3\/#breadcrumb"},"inLanguage":"fr-CA","potentialAction":[{"@type":"ReadAction","target":["https:\/\/www.uqac.ca\/uqactualites\/2012\/10\/31\/conference-du-grir-3\/"]}]},{"@type":"ImageObject","inLanguage":"fr-CA","@id":"https:\/\/www.uqac.ca\/uqactualites\/2012\/10\/31\/conference-du-grir-3\/#primaryimage","url":"https:\/\/www.uqac.ca\/uqactualites\/wp-content\/uploads\/2012\/05\/avis-laCommunaut-.jpg","contentUrl":"https:\/\/www.uqac.ca\/uqactualites\/wp-content\/uploads\/2012\/05\/avis-laCommunaut-.jpg","width":620,"height":300},{"@type":"BreadcrumbList","@id":"https:\/\/www.uqac.ca\/uqactualites\/2012\/10\/31\/conference-du-grir-3\/#breadcrumb","itemListElement":[{"@type":"ListItem","position":1,"name":"Home","item":"https:\/\/www.uqac.ca\/uqactualites\/"},{"@type":"ListItem","position":2,"name":"Conf\u00e9rence du GRIR"}]},{"@type":"WebSite","@id":"https:\/\/www.uqac.ca\/uqactualites\/#website","url":"https:\/\/www.uqac.ca\/uqactualites\/","name":"UQACtualit\u00e9s","description":"Le portail des nouvelles de l&#039;UQAC","potentialAction":[{"@type":"SearchAction","target":{"@type":"EntryPoint","urlTemplate":"https:\/\/www.uqac.ca\/uqactualites\/?s={search_term_string}"},"query-input":{"@type":"PropertyValueSpecification","valueRequired":true,"valueName":"search_term_string"}}],"inLanguage":"fr-CA"},{"@type":"Person","@id":"https:\/\/www.uqac.ca\/uqactualites\/#\/schema\/person\/366c45a0c4f0e677b41b4af5886e2018","name":"Service des communications et des relations publiques","image":{"@type":"ImageObject","inLanguage":"fr-CA","@id":"https:\/\/www.uqac.ca\/uqactualites\/#\/schema\/person\/image\/","url":"https:\/\/secure.gravatar.com\/avatar\/20fbbda8a292f59f2d3461a5b999c00b?s=96&d=mm&r=g","contentUrl":"https:\/\/secure.gravatar.com\/avatar\/20fbbda8a292f59f2d3461a5b999c00b?s=96&d=mm&r=g","caption":"Service des communications et des relations publiques"},"url":"https:\/\/www.uqac.ca\/uqactualites\/author\/bap\/"}]}},"_links":{"self":[{"href":"https:\/\/www.uqac.ca\/uqactualites\/wp-json\/wp\/v2\/posts\/21853"}],"collection":[{"href":"https:\/\/www.uqac.ca\/uqactualites\/wp-json\/wp\/v2\/posts"}],"about":[{"href":"https:\/\/www.uqac.ca\/uqactualites\/wp-json\/wp\/v2\/types\/post"}],"author":[{"embeddable":true,"href":"https:\/\/www.uqac.ca\/uqactualites\/wp-json\/wp\/v2\/users\/5"}],"replies":[{"embeddable":true,"href":"https:\/\/www.uqac.ca\/uqactualites\/wp-json\/wp\/v2\/comments?post=21853"}],"version-history":[{"count":0,"href":"https:\/\/www.uqac.ca\/uqactualites\/wp-json\/wp\/v2\/posts\/21853\/revisions"}],"wp:featuredmedia":[{"embeddable":true,"href":"https:\/\/www.uqac.ca\/uqactualites\/wp-json\/wp\/v2\/media\/20989"}],"wp:attachment":[{"href":"https:\/\/www.uqac.ca\/uqactualites\/wp-json\/wp\/v2\/media?parent=21853"}],"wp:term":[{"taxonomy":"category","embeddable":true,"href":"https:\/\/www.uqac.ca\/uqactualites\/wp-json\/wp\/v2\/categories?post=21853"},{"taxonomy":"post_tag","embeddable":true,"href":"https:\/\/www.uqac.ca\/uqactualites\/wp-json\/wp\/v2\/tags?post=21853"}],"curies":[{"name":"wp","href":"https:\/\/api.w.org\/{rel}","templated":true}]}}