{"id":21903,"date":"2012-11-02T14:05:15","date_gmt":"2012-11-02T18:05:15","guid":{"rendered":"http:\/\/uqactualite.odev.ca\/?p=21903"},"modified":"2012-11-02T14:05:15","modified_gmt":"2012-11-02T18:05:15","slug":"atelier-dinformation-du-cee-uqac-4","status":"publish","type":"post","link":"https:\/\/www.uqac.ca\/uqactualites\/2012\/11\/02\/atelier-dinformation-du-cee-uqac-4\/","title":{"rendered":"Atelier d\u2019information du CEE-UQAC"},"content":{"rendered":"<p style=\"text-align: justify\">Vous \u00eates \u00e9tudiant \u00e0 l\u2019UQAC et l\u2019\u00e9tude de march\u00e9 vous int\u00e9resse? Assistez au prochain atelier d\u2019information du CEE-UQAC\u00a0:<\/p>\n<p align=\"center\"><span style=\"color: #5a7411\"><strong>\u00ab\u00a0L\u2019\u00e9tude de march\u00e9\u00a0: mode d\u2019emploi\u00a0\u00bb<br \/>\nVendredi 9 novembre 2012\u00a0 <\/strong><strong>\u25aa<\/strong><strong>\u00a0 9\u00a0h \u00e0 12\u00a0h<\/strong><\/span><br \/>\n<span style=\"color: #5a7411\">Local H0-1110 (Pavillon Alphonse-Desjardins)<\/span><\/p>\n<p style=\"text-align: justify\">Saviez-vous que l\u2019\u00e9tude de march\u00e9 est une \u00e9tape importante dans la vie d\u2019une entreprise ainsi que pour la prise de d\u00e9cision de tout gestionnaire? Que ce soit pour la cr\u00e9ation et le d\u00e9veloppement de produit, la demande de subvention ou le plan marketing, l\u2019\u00e9tude de march\u00e9 est essentielle. Elle ne s\u2019improvise pas et n\u00e9cessite une approche et des outils particuliers qui optimiseront les choix et les d\u00e9cisions strat\u00e9giques li\u00e9s au succ\u00e8s et \u00e0 la survie des organisations. Cet atelier vous permettra de conna\u00eetre les diff\u00e9rentes \u00e9tapes n\u00e9cessaires \u00e0 la r\u00e9alisation d\u2019une bonne \u00e9tude de march\u00e9.<\/p>\n<p style=\"text-align: justify\"><strong>Conf\u00e9rencier<\/strong><br \/>\nJulien Bousquet, professeur au D\u00e9partement des sciences \u00e9conomiques et administratives de l\u2019UQAC<strong><\/strong><\/p>\n<p style=\"text-align: justify\"><strong>Co\u00fbt<\/strong><br \/>\n\u2014 \u00c9tudiants\u00a0: GRATUIT<br \/>\n\u2014 Admission g\u00e9n\u00e9rale\u00a0: 40\u00a0$<\/p>\n<p style=\"text-align: justify\">Caf\u00e9 et muffins vous seront servis \u00e0 votre arriv\u00e9e.<\/p>\n<p><strong><br \/>\nRenseignements et inscription\u00a0:<\/strong><br \/>\nIsabelle Maltais, responsable des activit\u00e9s et des communications<br \/>\nCEE-UQAC<br \/>\nUniversit\u00e9 du Qu\u00e9bec \u00e0 Chicoutimi<br \/>\n418 545-5011, poste\u00a04653\u00a0 \u25aa\u00a0 <span style=\"color: #5a7411\"><a href=\"mailto:cee_activites@uqac.ca\"><span style=\"color: #5a7411\">cee_activites@uqac.ca<\/span><\/a><\/span><\/p>\n","protected":false},"excerpt":{"rendered":"<p>Vous \u00eates \u00e9tudiant \u00e0 l\u2019UQAC et l\u2019\u00e9tude de march\u00e9 vous int\u00e9resse? Assistez au prochain atelier d\u2019information du CEE-UQAC\u00a0: \u00ab\u00a0L\u2019\u00e9tude de march\u00e9\u00a0: mode d\u2019emploi\u00a0\u00bb Vendredi 9 novembre 2012\u00a0 \u25aa\u00a0 9\u00a0h \u00e0 12\u00a0h Local H0-1110 (Pavillon Alphonse-Desjardins) Saviez-vous que l\u2019\u00e9tude de march\u00e9 est une \u00e9tape importante dans la vie d\u2019une entreprise ainsi que pour la prise de [&hellip;]<\/p>\n","protected":false},"author":5,"featured_media":20989,"comment_status":"closed","ping_status":"open","sticky":false,"template":"","format":"standard","meta":{"footnotes":""},"categories":[2772],"tags":[514,426,1678,1067,1469,1125,1849],"yoast_head":"<!-- This site is optimized with the Yoast SEO plugin v24.2 - https:\/\/yoast.com\/wordpress\/plugins\/seo\/ -->\r\n<title>Atelier d\u2019information du CEE-UQAC - UQACtualit\u00e9s<\/title>\r\n<meta name=\"robots\" content=\"index, follow, max-snippet:-1, max-image-preview:large, max-video-preview:-1\" \/>\r\n<link rel=\"canonical\" href=\"https:\/\/www.uqac.ca\/uqactualites\/2012\/11\/02\/atelier-dinformation-du-cee-uqac-4\/\" \/>\r\n<meta property=\"og:locale\" content=\"fr_CA\" \/>\r\n<meta property=\"og:type\" content=\"article\" \/>\r\n<meta property=\"og:title\" content=\"Atelier d\u2019information du CEE-UQAC - UQACtualit\u00e9s\" \/>\r\n<meta property=\"og:description\" content=\"Vous \u00eates \u00e9tudiant \u00e0 l\u2019UQAC et l\u2019\u00e9tude de march\u00e9 vous int\u00e9resse? Assistez au prochain atelier d\u2019information du CEE-UQAC\u00a0: \u00ab\u00a0L\u2019\u00e9tude de march\u00e9\u00a0: mode d\u2019emploi\u00a0\u00bb Vendredi 9 novembre 2012\u00a0 \u25aa\u00a0 9\u00a0h \u00e0 12\u00a0h Local H0-1110 (Pavillon Alphonse-Desjardins) Saviez-vous que l\u2019\u00e9tude de march\u00e9 est une \u00e9tape importante dans la vie d\u2019une entreprise ainsi que pour la prise de [&hellip;]\" \/>\r\n<meta property=\"og:url\" content=\"https:\/\/www.uqac.ca\/uqactualites\/2012\/11\/02\/atelier-dinformation-du-cee-uqac-4\/\" \/>\r\n<meta property=\"og:site_name\" content=\"UQACtualit\u00e9s\" \/>\r\n<meta property=\"article:published_time\" content=\"2012-11-02T18:05:15+00:00\" \/>\r\n<meta property=\"og:image\" content=\"https:\/\/www.uqac.ca\/uqactualites\/wp-content\/uploads\/2012\/05\/avis-laCommunaut-.jpg\" \/>\r\n\t<meta property=\"og:image:width\" content=\"620\" \/>\r\n\t<meta property=\"og:image:height\" content=\"300\" \/>\r\n\t<meta property=\"og:image:type\" content=\"image\/jpeg\" \/>\r\n<meta name=\"author\" content=\"Service des communications et des relations publiques\" \/>\r\n<meta name=\"twitter:card\" content=\"summary_large_image\" \/>\r\n<meta name=\"twitter:label1\" content=\"\u00c9crit par\" \/>\n\t<meta name=\"twitter:data1\" content=\"Service des communications et des relations publiques\" \/>\n\t<meta name=\"twitter:label2\" content=\"Estimation du temps de lecture\" \/>\n\t<meta name=\"twitter:data2\" content=\"1 minute\" \/>\r\n<script type=\"application\/ld+json\" class=\"yoast-schema-graph\">{\"@context\":\"https:\/\/schema.org\",\"@graph\":[{\"@type\":\"WebPage\",\"@id\":\"https:\/\/www.uqac.ca\/uqactualites\/2012\/11\/02\/atelier-dinformation-du-cee-uqac-4\/\",\"url\":\"https:\/\/www.uqac.ca\/uqactualites\/2012\/11\/02\/atelier-dinformation-du-cee-uqac-4\/\",\"name\":\"Atelier d\u2019information du CEE-UQAC - UQACtualit\u00e9s\",\"isPartOf\":{\"@id\":\"https:\/\/www.uqac.ca\/uqactualites\/#website\"},\"primaryImageOfPage\":{\"@id\":\"https:\/\/www.uqac.ca\/uqactualites\/2012\/11\/02\/atelier-dinformation-du-cee-uqac-4\/#primaryimage\"},\"image\":{\"@id\":\"https:\/\/www.uqac.ca\/uqactualites\/2012\/11\/02\/atelier-dinformation-du-cee-uqac-4\/#primaryimage\"},\"thumbnailUrl\":\"https:\/\/www.uqac.ca\/uqactualites\/wp-content\/uploads\/2012\/05\/avis-laCommunaut-.jpg\",\"datePublished\":\"2012-11-02T18:05:15+00:00\",\"dateModified\":\"2012-11-02T18:05:15+00:00\",\"author\":{\"@id\":\"https:\/\/www.uqac.ca\/uqactualites\/#\/schema\/person\/366c45a0c4f0e677b41b4af5886e2018\"},\"breadcrumb\":{\"@id\":\"https:\/\/www.uqac.ca\/uqactualites\/2012\/11\/02\/atelier-dinformation-du-cee-uqac-4\/#breadcrumb\"},\"inLanguage\":\"fr-CA\",\"potentialAction\":[{\"@type\":\"ReadAction\",\"target\":[\"https:\/\/www.uqac.ca\/uqactualites\/2012\/11\/02\/atelier-dinformation-du-cee-uqac-4\/\"]}]},{\"@type\":\"ImageObject\",\"inLanguage\":\"fr-CA\",\"@id\":\"https:\/\/www.uqac.ca\/uqactualites\/2012\/11\/02\/atelier-dinformation-du-cee-uqac-4\/#primaryimage\",\"url\":\"https:\/\/www.uqac.ca\/uqactualites\/wp-content\/uploads\/2012\/05\/avis-laCommunaut-.jpg\",\"contentUrl\":\"https:\/\/www.uqac.ca\/uqactualites\/wp-content\/uploads\/2012\/05\/avis-laCommunaut-.jpg\",\"width\":620,\"height\":300},{\"@type\":\"BreadcrumbList\",\"@id\":\"https:\/\/www.uqac.ca\/uqactualites\/2012\/11\/02\/atelier-dinformation-du-cee-uqac-4\/#breadcrumb\",\"itemListElement\":[{\"@type\":\"ListItem\",\"position\":1,\"name\":\"Home\",\"item\":\"https:\/\/www.uqac.ca\/uqactualites\/\"},{\"@type\":\"ListItem\",\"position\":2,\"name\":\"Atelier d\u2019information du CEE-UQAC\"}]},{\"@type\":\"WebSite\",\"@id\":\"https:\/\/www.uqac.ca\/uqactualites\/#website\",\"url\":\"https:\/\/www.uqac.ca\/uqactualites\/\",\"name\":\"UQACtualit\u00e9s\",\"description\":\"Le portail des nouvelles de l&#039;UQAC\",\"potentialAction\":[{\"@type\":\"SearchAction\",\"target\":{\"@type\":\"EntryPoint\",\"urlTemplate\":\"https:\/\/www.uqac.ca\/uqactualites\/?s={search_term_string}\"},\"query-input\":{\"@type\":\"PropertyValueSpecification\",\"valueRequired\":true,\"valueName\":\"search_term_string\"}}],\"inLanguage\":\"fr-CA\"},{\"@type\":\"Person\",\"@id\":\"https:\/\/www.uqac.ca\/uqactualites\/#\/schema\/person\/366c45a0c4f0e677b41b4af5886e2018\",\"name\":\"Service des communications et des relations publiques\",\"image\":{\"@type\":\"ImageObject\",\"inLanguage\":\"fr-CA\",\"@id\":\"https:\/\/www.uqac.ca\/uqactualites\/#\/schema\/person\/image\/\",\"url\":\"https:\/\/secure.gravatar.com\/avatar\/20fbbda8a292f59f2d3461a5b999c00b?s=96&d=mm&r=g\",\"contentUrl\":\"https:\/\/secure.gravatar.com\/avatar\/20fbbda8a292f59f2d3461a5b999c00b?s=96&d=mm&r=g\",\"caption\":\"Service des communications et des relations publiques\"},\"url\":\"https:\/\/www.uqac.ca\/uqactualites\/author\/bap\/\"}]}<\/script>\r\n<!-- \/ Yoast SEO plugin. -->","yoast_head_json":{"title":"Atelier d\u2019information du CEE-UQAC - UQACtualit\u00e9s","robots":{"index":"index","follow":"follow","max-snippet":"max-snippet:-1","max-image-preview":"max-image-preview:large","max-video-preview":"max-video-preview:-1"},"canonical":"https:\/\/www.uqac.ca\/uqactualites\/2012\/11\/02\/atelier-dinformation-du-cee-uqac-4\/","og_locale":"fr_CA","og_type":"article","og_title":"Atelier d\u2019information du CEE-UQAC - UQACtualit\u00e9s","og_description":"Vous \u00eates \u00e9tudiant \u00e0 l\u2019UQAC et l\u2019\u00e9tude de march\u00e9 vous int\u00e9resse? Assistez au prochain atelier d\u2019information du CEE-UQAC\u00a0: \u00ab\u00a0L\u2019\u00e9tude de march\u00e9\u00a0: mode d\u2019emploi\u00a0\u00bb Vendredi 9 novembre 2012\u00a0 \u25aa\u00a0 9\u00a0h \u00e0 12\u00a0h Local H0-1110 (Pavillon Alphonse-Desjardins) Saviez-vous que l\u2019\u00e9tude de march\u00e9 est une \u00e9tape importante dans la vie d\u2019une entreprise ainsi que pour la prise de [&hellip;]","og_url":"https:\/\/www.uqac.ca\/uqactualites\/2012\/11\/02\/atelier-dinformation-du-cee-uqac-4\/","og_site_name":"UQACtualit\u00e9s","article_published_time":"2012-11-02T18:05:15+00:00","og_image":[{"width":620,"height":300,"url":"https:\/\/www.uqac.ca\/uqactualites\/wp-content\/uploads\/2012\/05\/avis-laCommunaut-.jpg","type":"image\/jpeg"}],"author":"Service des communications et des relations publiques","twitter_card":"summary_large_image","twitter_misc":{"\u00c9crit par":"Service des communications et des relations publiques","Estimation du temps de lecture":"1 minute"},"schema":{"@context":"https:\/\/schema.org","@graph":[{"@type":"WebPage","@id":"https:\/\/www.uqac.ca\/uqactualites\/2012\/11\/02\/atelier-dinformation-du-cee-uqac-4\/","url":"https:\/\/www.uqac.ca\/uqactualites\/2012\/11\/02\/atelier-dinformation-du-cee-uqac-4\/","name":"Atelier d\u2019information du CEE-UQAC - UQACtualit\u00e9s","isPartOf":{"@id":"https:\/\/www.uqac.ca\/uqactualites\/#website"},"primaryImageOfPage":{"@id":"https:\/\/www.uqac.ca\/uqactualites\/2012\/11\/02\/atelier-dinformation-du-cee-uqac-4\/#primaryimage"},"image":{"@id":"https:\/\/www.uqac.ca\/uqactualites\/2012\/11\/02\/atelier-dinformation-du-cee-uqac-4\/#primaryimage"},"thumbnailUrl":"https:\/\/www.uqac.ca\/uqactualites\/wp-content\/uploads\/2012\/05\/avis-laCommunaut-.jpg","datePublished":"2012-11-02T18:05:15+00:00","dateModified":"2012-11-02T18:05:15+00:00","author":{"@id":"https:\/\/www.uqac.ca\/uqactualites\/#\/schema\/person\/366c45a0c4f0e677b41b4af5886e2018"},"breadcrumb":{"@id":"https:\/\/www.uqac.ca\/uqactualites\/2012\/11\/02\/atelier-dinformation-du-cee-uqac-4\/#breadcrumb"},"inLanguage":"fr-CA","potentialAction":[{"@type":"ReadAction","target":["https:\/\/www.uqac.ca\/uqactualites\/2012\/11\/02\/atelier-dinformation-du-cee-uqac-4\/"]}]},{"@type":"ImageObject","inLanguage":"fr-CA","@id":"https:\/\/www.uqac.ca\/uqactualites\/2012\/11\/02\/atelier-dinformation-du-cee-uqac-4\/#primaryimage","url":"https:\/\/www.uqac.ca\/uqactualites\/wp-content\/uploads\/2012\/05\/avis-laCommunaut-.jpg","contentUrl":"https:\/\/www.uqac.ca\/uqactualites\/wp-content\/uploads\/2012\/05\/avis-laCommunaut-.jpg","width":620,"height":300},{"@type":"BreadcrumbList","@id":"https:\/\/www.uqac.ca\/uqactualites\/2012\/11\/02\/atelier-dinformation-du-cee-uqac-4\/#breadcrumb","itemListElement":[{"@type":"ListItem","position":1,"name":"Home","item":"https:\/\/www.uqac.ca\/uqactualites\/"},{"@type":"ListItem","position":2,"name":"Atelier d\u2019information du CEE-UQAC"}]},{"@type":"WebSite","@id":"https:\/\/www.uqac.ca\/uqactualites\/#website","url":"https:\/\/www.uqac.ca\/uqactualites\/","name":"UQACtualit\u00e9s","description":"Le portail des nouvelles de l&#039;UQAC","potentialAction":[{"@type":"SearchAction","target":{"@type":"EntryPoint","urlTemplate":"https:\/\/www.uqac.ca\/uqactualites\/?s={search_term_string}"},"query-input":{"@type":"PropertyValueSpecification","valueRequired":true,"valueName":"search_term_string"}}],"inLanguage":"fr-CA"},{"@type":"Person","@id":"https:\/\/www.uqac.ca\/uqactualites\/#\/schema\/person\/366c45a0c4f0e677b41b4af5886e2018","name":"Service des communications et des relations publiques","image":{"@type":"ImageObject","inLanguage":"fr-CA","@id":"https:\/\/www.uqac.ca\/uqactualites\/#\/schema\/person\/image\/","url":"https:\/\/secure.gravatar.com\/avatar\/20fbbda8a292f59f2d3461a5b999c00b?s=96&d=mm&r=g","contentUrl":"https:\/\/secure.gravatar.com\/avatar\/20fbbda8a292f59f2d3461a5b999c00b?s=96&d=mm&r=g","caption":"Service des communications et des relations publiques"},"url":"https:\/\/www.uqac.ca\/uqactualites\/author\/bap\/"}]}},"_links":{"self":[{"href":"https:\/\/www.uqac.ca\/uqactualites\/wp-json\/wp\/v2\/posts\/21903"}],"collection":[{"href":"https:\/\/www.uqac.ca\/uqactualites\/wp-json\/wp\/v2\/posts"}],"about":[{"href":"https:\/\/www.uqac.ca\/uqactualites\/wp-json\/wp\/v2\/types\/post"}],"author":[{"embeddable":true,"href":"https:\/\/www.uqac.ca\/uqactualites\/wp-json\/wp\/v2\/users\/5"}],"replies":[{"embeddable":true,"href":"https:\/\/www.uqac.ca\/uqactualites\/wp-json\/wp\/v2\/comments?post=21903"}],"version-history":[{"count":0,"href":"https:\/\/www.uqac.ca\/uqactualites\/wp-json\/wp\/v2\/posts\/21903\/revisions"}],"wp:featuredmedia":[{"embeddable":true,"href":"https:\/\/www.uqac.ca\/uqactualites\/wp-json\/wp\/v2\/media\/20989"}],"wp:attachment":[{"href":"https:\/\/www.uqac.ca\/uqactualites\/wp-json\/wp\/v2\/media?parent=21903"}],"wp:term":[{"taxonomy":"category","embeddable":true,"href":"https:\/\/www.uqac.ca\/uqactualites\/wp-json\/wp\/v2\/categories?post=21903"},{"taxonomy":"post_tag","embeddable":true,"href":"https:\/\/www.uqac.ca\/uqactualites\/wp-json\/wp\/v2\/tags?post=21903"}],"curies":[{"name":"wp","href":"https:\/\/api.w.org\/{rel}","templated":true}]}}