{"id":21974,"date":"2012-11-08T09:51:06","date_gmt":"2012-11-08T14:51:06","guid":{"rendered":"http:\/\/uqactualite.odev.ca\/?p=21974"},"modified":"2012-11-08T09:51:06","modified_gmt":"2012-11-08T14:51:06","slug":"invitation-a-la-troisieme-edition-de-lencan-des-arts","status":"publish","type":"post","link":"https:\/\/www.uqac.ca\/uqactualites\/2012\/11\/08\/invitation-a-la-troisieme-edition-de-lencan-des-arts\/","title":{"rendered":"Invitation \u00e0 la troisi\u00e8me \u00e9dition de l&rsquo;Encan des arts"},"content":{"rendered":"<p style=\"text-align: justify\">L\u2019Association des \u00e9tudiants en arts de l\u2019UQAC (AssoArt) est fi\u00e8re d\u2019inviter la communaut\u00e9 universitaire ainsi que toute la population du Saguenay \u00e0 la troisi\u00e8me \u00e9dition de son <strong><em>Encan des arts<\/em><\/strong>\u00a0:<\/p>\n<p align=\"center\"><span style=\"color: #5a7411\">\u00a0<strong>Lundi 12 novembre 2012\u00a0 <\/strong><strong>\u25aa<\/strong><strong>\u00a0 18\u00a0h<\/strong><\/span><br \/>\n<span style=\"color: #5a7411\">Centre social<\/span><\/p>\n<p style=\"text-align: justify\">L\u2019<strong><em>Encan des arts<\/em><\/strong> a pour mission de promouvoir le talent des membres de l\u2019AssoArt et de financer l\u2019organisation en orchestrant une vente aux ench\u00e8res dans laquelle se retrouvent plusieurs \u0153uvres cr\u00e9\u00e9es par les \u00e9tudiants. Peintures, sculptures, photographies, \u0153uvres cin\u00e9matographiques et m\u00eame num\u00e9riques\u00a0: tout bon collectionneur y trouvera son coup de c\u0153ur!<\/p>\n<p style=\"text-align: justify\">Il est sugg\u00e9r\u00e9 que le public ait en main de l\u2019argent comptant ou des ch\u00e8ques pour les transactions \u00e0 effectuer.<\/p>\n<p style=\"text-align: justify\">C\u2019est un rendez-vous!<strong><\/strong><\/p>\n<p>&nbsp;<\/p>\n<p><strong>Renseignements\u00a0:<\/strong><br \/>\nAssociation des \u00e9tudiants en arts de l\u2019UQAC<br \/>\nUniversit\u00e9 du Qu\u00e9bec \u00e0 Chicoutimi<br \/>\n(418) 545-5011, poste\u00a02036\u00a0 \u25aa \u00a0<span style=\"color: #5a7411\"><a href=\"mailto:jaimelesencans@uqac.ca\"><span style=\"color: #5a7411\">jaimelesencans@uqac.ca<\/span><\/a><\/span><\/p>\n","protected":false},"excerpt":{"rendered":"<p>L\u2019Association des \u00e9tudiants en arts de l\u2019UQAC (AssoArt) est fi\u00e8re d\u2019inviter la communaut\u00e9 universitaire ainsi que toute la population du Saguenay \u00e0 la troisi\u00e8me \u00e9dition de son Encan des arts\u00a0: \u00a0Lundi 12 novembre 2012\u00a0 \u25aa\u00a0 18\u00a0h Centre social L\u2019Encan des arts a pour mission de promouvoir le talent des membres de l\u2019AssoArt et de financer [&hellip;]<\/p>\n","protected":false},"author":5,"featured_media":20989,"comment_status":"closed","ping_status":"open","sticky":false,"template":"","format":"standard","meta":{"footnotes":""},"categories":[2772],"tags":[509,2644,82,2547,1430],"yoast_head":"<!-- This site is optimized with the Yoast SEO plugin v24.2 - https:\/\/yoast.com\/wordpress\/plugins\/seo\/ -->\r\n<title>Invitation \u00e0 la troisi\u00e8me \u00e9dition de l&#039;Encan des arts - UQACtualit\u00e9s<\/title>\r\n<meta name=\"robots\" content=\"index, follow, max-snippet:-1, max-image-preview:large, max-video-preview:-1\" \/>\r\n<link rel=\"canonical\" href=\"https:\/\/www.uqac.ca\/uqactualites\/2012\/11\/08\/invitation-a-la-troisieme-edition-de-lencan-des-arts\/\" \/>\r\n<meta property=\"og:locale\" content=\"fr_CA\" \/>\r\n<meta property=\"og:type\" content=\"article\" \/>\r\n<meta property=\"og:title\" content=\"Invitation \u00e0 la troisi\u00e8me \u00e9dition de l&#039;Encan des arts - UQACtualit\u00e9s\" \/>\r\n<meta property=\"og:description\" content=\"L\u2019Association des \u00e9tudiants en arts de l\u2019UQAC (AssoArt) est fi\u00e8re d\u2019inviter la communaut\u00e9 universitaire ainsi que toute la population du Saguenay \u00e0 la troisi\u00e8me \u00e9dition de son Encan des arts\u00a0: \u00a0Lundi 12 novembre 2012\u00a0 \u25aa\u00a0 18\u00a0h Centre social L\u2019Encan des arts a pour mission de promouvoir le talent des membres de l\u2019AssoArt et de financer [&hellip;]\" \/>\r\n<meta property=\"og:url\" content=\"https:\/\/www.uqac.ca\/uqactualites\/2012\/11\/08\/invitation-a-la-troisieme-edition-de-lencan-des-arts\/\" \/>\r\n<meta property=\"og:site_name\" content=\"UQACtualit\u00e9s\" \/>\r\n<meta property=\"article:published_time\" content=\"2012-11-08T14:51:06+00:00\" \/>\r\n<meta property=\"og:image\" content=\"https:\/\/www.uqac.ca\/uqactualites\/wp-content\/uploads\/2012\/05\/avis-laCommunaut-.jpg\" \/>\r\n\t<meta property=\"og:image:width\" content=\"620\" \/>\r\n\t<meta property=\"og:image:height\" content=\"300\" \/>\r\n\t<meta property=\"og:image:type\" content=\"image\/jpeg\" \/>\r\n<meta name=\"author\" content=\"Service des communications et des relations publiques\" \/>\r\n<meta name=\"twitter:card\" content=\"summary_large_image\" \/>\r\n<meta name=\"twitter:label1\" content=\"\u00c9crit par\" \/>\n\t<meta name=\"twitter:data1\" content=\"Service des communications et des relations publiques\" \/>\n\t<meta name=\"twitter:label2\" content=\"Estimation du temps de lecture\" \/>\n\t<meta name=\"twitter:data2\" content=\"1 minute\" \/>\r\n<script type=\"application\/ld+json\" class=\"yoast-schema-graph\">{\"@context\":\"https:\/\/schema.org\",\"@graph\":[{\"@type\":\"WebPage\",\"@id\":\"https:\/\/www.uqac.ca\/uqactualites\/2012\/11\/08\/invitation-a-la-troisieme-edition-de-lencan-des-arts\/\",\"url\":\"https:\/\/www.uqac.ca\/uqactualites\/2012\/11\/08\/invitation-a-la-troisieme-edition-de-lencan-des-arts\/\",\"name\":\"Invitation \u00e0 la troisi\u00e8me \u00e9dition de l'Encan des arts - UQACtualit\u00e9s\",\"isPartOf\":{\"@id\":\"https:\/\/www.uqac.ca\/uqactualites\/#website\"},\"primaryImageOfPage\":{\"@id\":\"https:\/\/www.uqac.ca\/uqactualites\/2012\/11\/08\/invitation-a-la-troisieme-edition-de-lencan-des-arts\/#primaryimage\"},\"image\":{\"@id\":\"https:\/\/www.uqac.ca\/uqactualites\/2012\/11\/08\/invitation-a-la-troisieme-edition-de-lencan-des-arts\/#primaryimage\"},\"thumbnailUrl\":\"https:\/\/www.uqac.ca\/uqactualites\/wp-content\/uploads\/2012\/05\/avis-laCommunaut-.jpg\",\"datePublished\":\"2012-11-08T14:51:06+00:00\",\"dateModified\":\"2012-11-08T14:51:06+00:00\",\"author\":{\"@id\":\"https:\/\/www.uqac.ca\/uqactualites\/#\/schema\/person\/366c45a0c4f0e677b41b4af5886e2018\"},\"breadcrumb\":{\"@id\":\"https:\/\/www.uqac.ca\/uqactualites\/2012\/11\/08\/invitation-a-la-troisieme-edition-de-lencan-des-arts\/#breadcrumb\"},\"inLanguage\":\"fr-CA\",\"potentialAction\":[{\"@type\":\"ReadAction\",\"target\":[\"https:\/\/www.uqac.ca\/uqactualites\/2012\/11\/08\/invitation-a-la-troisieme-edition-de-lencan-des-arts\/\"]}]},{\"@type\":\"ImageObject\",\"inLanguage\":\"fr-CA\",\"@id\":\"https:\/\/www.uqac.ca\/uqactualites\/2012\/11\/08\/invitation-a-la-troisieme-edition-de-lencan-des-arts\/#primaryimage\",\"url\":\"https:\/\/www.uqac.ca\/uqactualites\/wp-content\/uploads\/2012\/05\/avis-laCommunaut-.jpg\",\"contentUrl\":\"https:\/\/www.uqac.ca\/uqactualites\/wp-content\/uploads\/2012\/05\/avis-laCommunaut-.jpg\",\"width\":620,\"height\":300},{\"@type\":\"BreadcrumbList\",\"@id\":\"https:\/\/www.uqac.ca\/uqactualites\/2012\/11\/08\/invitation-a-la-troisieme-edition-de-lencan-des-arts\/#breadcrumb\",\"itemListElement\":[{\"@type\":\"ListItem\",\"position\":1,\"name\":\"Home\",\"item\":\"https:\/\/www.uqac.ca\/uqactualites\/\"},{\"@type\":\"ListItem\",\"position\":2,\"name\":\"Invitation \u00e0 la troisi\u00e8me \u00e9dition de l&rsquo;Encan des arts\"}]},{\"@type\":\"WebSite\",\"@id\":\"https:\/\/www.uqac.ca\/uqactualites\/#website\",\"url\":\"https:\/\/www.uqac.ca\/uqactualites\/\",\"name\":\"UQACtualit\u00e9s\",\"description\":\"Le portail des nouvelles de l&#039;UQAC\",\"potentialAction\":[{\"@type\":\"SearchAction\",\"target\":{\"@type\":\"EntryPoint\",\"urlTemplate\":\"https:\/\/www.uqac.ca\/uqactualites\/?s={search_term_string}\"},\"query-input\":{\"@type\":\"PropertyValueSpecification\",\"valueRequired\":true,\"valueName\":\"search_term_string\"}}],\"inLanguage\":\"fr-CA\"},{\"@type\":\"Person\",\"@id\":\"https:\/\/www.uqac.ca\/uqactualites\/#\/schema\/person\/366c45a0c4f0e677b41b4af5886e2018\",\"name\":\"Service des communications et des relations publiques\",\"image\":{\"@type\":\"ImageObject\",\"inLanguage\":\"fr-CA\",\"@id\":\"https:\/\/www.uqac.ca\/uqactualites\/#\/schema\/person\/image\/\",\"url\":\"https:\/\/secure.gravatar.com\/avatar\/20fbbda8a292f59f2d3461a5b999c00b?s=96&d=mm&r=g\",\"contentUrl\":\"https:\/\/secure.gravatar.com\/avatar\/20fbbda8a292f59f2d3461a5b999c00b?s=96&d=mm&r=g\",\"caption\":\"Service des communications et des relations publiques\"},\"url\":\"https:\/\/www.uqac.ca\/uqactualites\/author\/bap\/\"}]}<\/script>\r\n<!-- \/ Yoast SEO plugin. -->","yoast_head_json":{"title":"Invitation \u00e0 la troisi\u00e8me \u00e9dition de l'Encan des arts - UQACtualit\u00e9s","robots":{"index":"index","follow":"follow","max-snippet":"max-snippet:-1","max-image-preview":"max-image-preview:large","max-video-preview":"max-video-preview:-1"},"canonical":"https:\/\/www.uqac.ca\/uqactualites\/2012\/11\/08\/invitation-a-la-troisieme-edition-de-lencan-des-arts\/","og_locale":"fr_CA","og_type":"article","og_title":"Invitation \u00e0 la troisi\u00e8me \u00e9dition de l'Encan des arts - UQACtualit\u00e9s","og_description":"L\u2019Association des \u00e9tudiants en arts de l\u2019UQAC (AssoArt) est fi\u00e8re d\u2019inviter la communaut\u00e9 universitaire ainsi que toute la population du Saguenay \u00e0 la troisi\u00e8me \u00e9dition de son Encan des arts\u00a0: \u00a0Lundi 12 novembre 2012\u00a0 \u25aa\u00a0 18\u00a0h Centre social L\u2019Encan des arts a pour mission de promouvoir le talent des membres de l\u2019AssoArt et de financer [&hellip;]","og_url":"https:\/\/www.uqac.ca\/uqactualites\/2012\/11\/08\/invitation-a-la-troisieme-edition-de-lencan-des-arts\/","og_site_name":"UQACtualit\u00e9s","article_published_time":"2012-11-08T14:51:06+00:00","og_image":[{"width":620,"height":300,"url":"https:\/\/www.uqac.ca\/uqactualites\/wp-content\/uploads\/2012\/05\/avis-laCommunaut-.jpg","type":"image\/jpeg"}],"author":"Service des communications et des relations publiques","twitter_card":"summary_large_image","twitter_misc":{"\u00c9crit par":"Service des communications et des relations publiques","Estimation du temps de lecture":"1 minute"},"schema":{"@context":"https:\/\/schema.org","@graph":[{"@type":"WebPage","@id":"https:\/\/www.uqac.ca\/uqactualites\/2012\/11\/08\/invitation-a-la-troisieme-edition-de-lencan-des-arts\/","url":"https:\/\/www.uqac.ca\/uqactualites\/2012\/11\/08\/invitation-a-la-troisieme-edition-de-lencan-des-arts\/","name":"Invitation \u00e0 la troisi\u00e8me \u00e9dition de l'Encan des arts - UQACtualit\u00e9s","isPartOf":{"@id":"https:\/\/www.uqac.ca\/uqactualites\/#website"},"primaryImageOfPage":{"@id":"https:\/\/www.uqac.ca\/uqactualites\/2012\/11\/08\/invitation-a-la-troisieme-edition-de-lencan-des-arts\/#primaryimage"},"image":{"@id":"https:\/\/www.uqac.ca\/uqactualites\/2012\/11\/08\/invitation-a-la-troisieme-edition-de-lencan-des-arts\/#primaryimage"},"thumbnailUrl":"https:\/\/www.uqac.ca\/uqactualites\/wp-content\/uploads\/2012\/05\/avis-laCommunaut-.jpg","datePublished":"2012-11-08T14:51:06+00:00","dateModified":"2012-11-08T14:51:06+00:00","author":{"@id":"https:\/\/www.uqac.ca\/uqactualites\/#\/schema\/person\/366c45a0c4f0e677b41b4af5886e2018"},"breadcrumb":{"@id":"https:\/\/www.uqac.ca\/uqactualites\/2012\/11\/08\/invitation-a-la-troisieme-edition-de-lencan-des-arts\/#breadcrumb"},"inLanguage":"fr-CA","potentialAction":[{"@type":"ReadAction","target":["https:\/\/www.uqac.ca\/uqactualites\/2012\/11\/08\/invitation-a-la-troisieme-edition-de-lencan-des-arts\/"]}]},{"@type":"ImageObject","inLanguage":"fr-CA","@id":"https:\/\/www.uqac.ca\/uqactualites\/2012\/11\/08\/invitation-a-la-troisieme-edition-de-lencan-des-arts\/#primaryimage","url":"https:\/\/www.uqac.ca\/uqactualites\/wp-content\/uploads\/2012\/05\/avis-laCommunaut-.jpg","contentUrl":"https:\/\/www.uqac.ca\/uqactualites\/wp-content\/uploads\/2012\/05\/avis-laCommunaut-.jpg","width":620,"height":300},{"@type":"BreadcrumbList","@id":"https:\/\/www.uqac.ca\/uqactualites\/2012\/11\/08\/invitation-a-la-troisieme-edition-de-lencan-des-arts\/#breadcrumb","itemListElement":[{"@type":"ListItem","position":1,"name":"Home","item":"https:\/\/www.uqac.ca\/uqactualites\/"},{"@type":"ListItem","position":2,"name":"Invitation \u00e0 la troisi\u00e8me \u00e9dition de l&rsquo;Encan des arts"}]},{"@type":"WebSite","@id":"https:\/\/www.uqac.ca\/uqactualites\/#website","url":"https:\/\/www.uqac.ca\/uqactualites\/","name":"UQACtualit\u00e9s","description":"Le portail des nouvelles de l&#039;UQAC","potentialAction":[{"@type":"SearchAction","target":{"@type":"EntryPoint","urlTemplate":"https:\/\/www.uqac.ca\/uqactualites\/?s={search_term_string}"},"query-input":{"@type":"PropertyValueSpecification","valueRequired":true,"valueName":"search_term_string"}}],"inLanguage":"fr-CA"},{"@type":"Person","@id":"https:\/\/www.uqac.ca\/uqactualites\/#\/schema\/person\/366c45a0c4f0e677b41b4af5886e2018","name":"Service des communications et des relations publiques","image":{"@type":"ImageObject","inLanguage":"fr-CA","@id":"https:\/\/www.uqac.ca\/uqactualites\/#\/schema\/person\/image\/","url":"https:\/\/secure.gravatar.com\/avatar\/20fbbda8a292f59f2d3461a5b999c00b?s=96&d=mm&r=g","contentUrl":"https:\/\/secure.gravatar.com\/avatar\/20fbbda8a292f59f2d3461a5b999c00b?s=96&d=mm&r=g","caption":"Service des communications et des relations publiques"},"url":"https:\/\/www.uqac.ca\/uqactualites\/author\/bap\/"}]}},"_links":{"self":[{"href":"https:\/\/www.uqac.ca\/uqactualites\/wp-json\/wp\/v2\/posts\/21974"}],"collection":[{"href":"https:\/\/www.uqac.ca\/uqactualites\/wp-json\/wp\/v2\/posts"}],"about":[{"href":"https:\/\/www.uqac.ca\/uqactualites\/wp-json\/wp\/v2\/types\/post"}],"author":[{"embeddable":true,"href":"https:\/\/www.uqac.ca\/uqactualites\/wp-json\/wp\/v2\/users\/5"}],"replies":[{"embeddable":true,"href":"https:\/\/www.uqac.ca\/uqactualites\/wp-json\/wp\/v2\/comments?post=21974"}],"version-history":[{"count":0,"href":"https:\/\/www.uqac.ca\/uqactualites\/wp-json\/wp\/v2\/posts\/21974\/revisions"}],"wp:featuredmedia":[{"embeddable":true,"href":"https:\/\/www.uqac.ca\/uqactualites\/wp-json\/wp\/v2\/media\/20989"}],"wp:attachment":[{"href":"https:\/\/www.uqac.ca\/uqactualites\/wp-json\/wp\/v2\/media?parent=21974"}],"wp:term":[{"taxonomy":"category","embeddable":true,"href":"https:\/\/www.uqac.ca\/uqactualites\/wp-json\/wp\/v2\/categories?post=21974"},{"taxonomy":"post_tag","embeddable":true,"href":"https:\/\/www.uqac.ca\/uqactualites\/wp-json\/wp\/v2\/tags?post=21974"}],"curies":[{"name":"wp","href":"https:\/\/api.w.org\/{rel}","templated":true}]}}