{"id":22110,"date":"2012-11-16T14:32:21","date_gmt":"2012-11-16T19:32:21","guid":{"rendered":"http:\/\/uqactualite.odev.ca\/?p=22110"},"modified":"2012-11-16T14:32:21","modified_gmt":"2012-11-16T19:32:21","slug":"la-bibliotheque-paul-emile-boulet-propose-une-formation-sur-google","status":"publish","type":"post","link":"https:\/\/www.uqac.ca\/uqactualites\/2012\/11\/16\/la-bibliotheque-paul-emile-boulet-propose-une-formation-sur-google\/","title":{"rendered":"La biblioth\u00e8que Paul-\u00c9mile-Boulet propose une formation sur Google"},"content":{"rendered":"<p style=\"text-align: justify\">Pour la derni\u00e8re formation du mercredi de l\u2019ann\u00e9e, la biblioth\u00e8que Paul-\u00c9mile-Boulet offre la formation \u00ab\u00a0Google, et apr\u00e8s?\u00a0\u00bb\u00a0:<\/p>\n<p align=\"center\"><span style=\"color: #5a7411\"><strong>Mercredi 21 novembre 2012\u00a0 <\/strong><strong>\u25aa<\/strong><strong>\u00a0 11\u00a0h \u00e0 12\u00a0h<\/strong><\/span><br \/>\n<span style=\"color: #5a7411\">P2-8170<\/span><\/p>\n<p style=\"text-align: justify\">Cette formation s\u2019adresse \u00e0 toute personne d\u00e9sireuse de r\u00e9aliser des recherches plus efficaces avec <em>Google<\/em> et de d\u00e9couvrir ses diff\u00e9rentes fonctionnalit\u00e9s (\u00e9tudiants au premier cycle, \u00e9tudiants aux cycles sup\u00e9rieurs, enseignants, chercheurs, etc.).<\/p>\n<p style=\"text-align: justify\"><strong>Sujets abord\u00e9s<\/strong><\/p>\n<ul style=\"text-align: justify\">\n<li>Qu&rsquo;est-ce que <em>Google<\/em>?<\/li>\n<li>Cr\u00e9ation d&rsquo;un compte <em>Google<\/em><\/li>\n<li>La recherche avanc\u00e9e et ses options<\/li>\n<li><em>Cloud Computing<\/em><\/li>\n<li><em>Google Scholar<\/em>, <em>Google<\/em> alertes et \u00e9valuation des sites Web<\/li>\n<\/ul>\n<p style=\"text-align: justify\">Inscrivez-vous en ligne au<a href=\"http:\/\/bibvir2.uqac.ca\/ateliers\/inscription.php?id=25\" target=\"_blank\" rel=\"noopener\"><strong> <\/strong><span style=\"color: #5a7411\"><span style=\"color: #5a7411\"><strong>http:\/\/bibvir2.uqac.ca\/ateliers\/inscription.php?id=25<\/strong><\/span><\/span><\/a>.<strong><\/strong><br \/>\nSi les heures ne vous conviennent pas, vous pouvez remplir la demande de rendez-vous.<strong><\/strong><\/p>\n<p>&nbsp;<\/p>\n<p><strong>Renseignements\u00a0:<\/strong><br \/>\nSandie Marier, secr\u00e9taire de direction<br \/>\nBiblioth\u00e8que Paul-\u00c9mile-Boulet<br \/>\nUniversit\u00e9 du Qu\u00e9bec \u00e0 Chicoutimi<br \/>\n418 545-5011, poste\u00a02204\u00a0 \u25aa\u00a0 <span style=\"color: #5a7411\"><a href=\"mailto:sandie1_marier@uqac.ca\"><span style=\"color: #5a7411\">sandie1_marier@uqac.ca<\/span><\/a><\/span><\/p>\n","protected":false},"excerpt":{"rendered":"<p>Pour la derni\u00e8re formation du mercredi de l\u2019ann\u00e9e, la biblioth\u00e8que Paul-\u00c9mile-Boulet offre la formation \u00ab\u00a0Google, et apr\u00e8s?\u00a0\u00bb\u00a0: Mercredi 21 novembre 2012\u00a0 \u25aa\u00a0 11\u00a0h \u00e0 12\u00a0h P2-8170 Cette formation s\u2019adresse \u00e0 toute personne d\u00e9sireuse de r\u00e9aliser des recherches plus efficaces avec Google et de d\u00e9couvrir ses diff\u00e9rentes fonctionnalit\u00e9s (\u00e9tudiants au premier cycle, \u00e9tudiants aux cycles sup\u00e9rieurs, [&hellip;]<\/p>\n","protected":false},"author":5,"featured_media":20989,"comment_status":"closed","ping_status":"open","sticky":false,"template":"","format":"standard","meta":{"footnotes":""},"categories":[2772],"tags":[514,245,339,1864,16,1357],"yoast_head":"<!-- This site is optimized with the Yoast SEO plugin v24.2 - https:\/\/yoast.com\/wordpress\/plugins\/seo\/ -->\r\n<title>La biblioth\u00e8que Paul-\u00c9mile-Boulet propose une formation sur Google - UQACtualit\u00e9s<\/title>\r\n<meta name=\"robots\" content=\"index, follow, max-snippet:-1, max-image-preview:large, max-video-preview:-1\" \/>\r\n<link rel=\"canonical\" href=\"https:\/\/www.uqac.ca\/uqactualites\/2012\/11\/16\/la-bibliotheque-paul-emile-boulet-propose-une-formation-sur-google\/\" \/>\r\n<meta property=\"og:locale\" content=\"fr_CA\" \/>\r\n<meta property=\"og:type\" content=\"article\" \/>\r\n<meta property=\"og:title\" content=\"La biblioth\u00e8que Paul-\u00c9mile-Boulet propose une formation sur Google - UQACtualit\u00e9s\" \/>\r\n<meta property=\"og:description\" content=\"Pour la derni\u00e8re formation du mercredi de l\u2019ann\u00e9e, la biblioth\u00e8que Paul-\u00c9mile-Boulet offre la formation \u00ab\u00a0Google, et apr\u00e8s?\u00a0\u00bb\u00a0: Mercredi 21 novembre 2012\u00a0 \u25aa\u00a0 11\u00a0h \u00e0 12\u00a0h P2-8170 Cette formation s\u2019adresse \u00e0 toute personne d\u00e9sireuse de r\u00e9aliser des recherches plus efficaces avec Google et de d\u00e9couvrir ses diff\u00e9rentes fonctionnalit\u00e9s (\u00e9tudiants au premier cycle, \u00e9tudiants aux cycles sup\u00e9rieurs, [&hellip;]\" \/>\r\n<meta property=\"og:url\" content=\"https:\/\/www.uqac.ca\/uqactualites\/2012\/11\/16\/la-bibliotheque-paul-emile-boulet-propose-une-formation-sur-google\/\" \/>\r\n<meta property=\"og:site_name\" content=\"UQACtualit\u00e9s\" \/>\r\n<meta property=\"article:published_time\" content=\"2012-11-16T19:32:21+00:00\" \/>\r\n<meta property=\"og:image\" content=\"https:\/\/www.uqac.ca\/uqactualites\/wp-content\/uploads\/2012\/05\/avis-laCommunaut-.jpg\" \/>\r\n\t<meta property=\"og:image:width\" content=\"620\" \/>\r\n\t<meta property=\"og:image:height\" content=\"300\" \/>\r\n\t<meta property=\"og:image:type\" content=\"image\/jpeg\" \/>\r\n<meta name=\"author\" content=\"Service des communications et des relations publiques\" \/>\r\n<meta name=\"twitter:card\" content=\"summary_large_image\" \/>\r\n<meta name=\"twitter:label1\" content=\"\u00c9crit par\" \/>\n\t<meta name=\"twitter:data1\" content=\"Service des communications et des relations publiques\" \/>\n\t<meta name=\"twitter:label2\" content=\"Estimation du temps de lecture\" \/>\n\t<meta name=\"twitter:data2\" content=\"1 minute\" \/>\r\n<script type=\"application\/ld+json\" class=\"yoast-schema-graph\">{\"@context\":\"https:\/\/schema.org\",\"@graph\":[{\"@type\":\"WebPage\",\"@id\":\"https:\/\/www.uqac.ca\/uqactualites\/2012\/11\/16\/la-bibliotheque-paul-emile-boulet-propose-une-formation-sur-google\/\",\"url\":\"https:\/\/www.uqac.ca\/uqactualites\/2012\/11\/16\/la-bibliotheque-paul-emile-boulet-propose-une-formation-sur-google\/\",\"name\":\"La biblioth\u00e8que Paul-\u00c9mile-Boulet propose une formation sur Google - UQACtualit\u00e9s\",\"isPartOf\":{\"@id\":\"https:\/\/www.uqac.ca\/uqactualites\/#website\"},\"primaryImageOfPage\":{\"@id\":\"https:\/\/www.uqac.ca\/uqactualites\/2012\/11\/16\/la-bibliotheque-paul-emile-boulet-propose-une-formation-sur-google\/#primaryimage\"},\"image\":{\"@id\":\"https:\/\/www.uqac.ca\/uqactualites\/2012\/11\/16\/la-bibliotheque-paul-emile-boulet-propose-une-formation-sur-google\/#primaryimage\"},\"thumbnailUrl\":\"https:\/\/www.uqac.ca\/uqactualites\/wp-content\/uploads\/2012\/05\/avis-laCommunaut-.jpg\",\"datePublished\":\"2012-11-16T19:32:21+00:00\",\"dateModified\":\"2012-11-16T19:32:21+00:00\",\"author\":{\"@id\":\"https:\/\/www.uqac.ca\/uqactualites\/#\/schema\/person\/366c45a0c4f0e677b41b4af5886e2018\"},\"breadcrumb\":{\"@id\":\"https:\/\/www.uqac.ca\/uqactualites\/2012\/11\/16\/la-bibliotheque-paul-emile-boulet-propose-une-formation-sur-google\/#breadcrumb\"},\"inLanguage\":\"fr-CA\",\"potentialAction\":[{\"@type\":\"ReadAction\",\"target\":[\"https:\/\/www.uqac.ca\/uqactualites\/2012\/11\/16\/la-bibliotheque-paul-emile-boulet-propose-une-formation-sur-google\/\"]}]},{\"@type\":\"ImageObject\",\"inLanguage\":\"fr-CA\",\"@id\":\"https:\/\/www.uqac.ca\/uqactualites\/2012\/11\/16\/la-bibliotheque-paul-emile-boulet-propose-une-formation-sur-google\/#primaryimage\",\"url\":\"https:\/\/www.uqac.ca\/uqactualites\/wp-content\/uploads\/2012\/05\/avis-laCommunaut-.jpg\",\"contentUrl\":\"https:\/\/www.uqac.ca\/uqactualites\/wp-content\/uploads\/2012\/05\/avis-laCommunaut-.jpg\",\"width\":620,\"height\":300},{\"@type\":\"BreadcrumbList\",\"@id\":\"https:\/\/www.uqac.ca\/uqactualites\/2012\/11\/16\/la-bibliotheque-paul-emile-boulet-propose-une-formation-sur-google\/#breadcrumb\",\"itemListElement\":[{\"@type\":\"ListItem\",\"position\":1,\"name\":\"Home\",\"item\":\"https:\/\/www.uqac.ca\/uqactualites\/\"},{\"@type\":\"ListItem\",\"position\":2,\"name\":\"La biblioth\u00e8que Paul-\u00c9mile-Boulet propose une formation sur Google\"}]},{\"@type\":\"WebSite\",\"@id\":\"https:\/\/www.uqac.ca\/uqactualites\/#website\",\"url\":\"https:\/\/www.uqac.ca\/uqactualites\/\",\"name\":\"UQACtualit\u00e9s\",\"description\":\"Le portail des nouvelles de l&#039;UQAC\",\"potentialAction\":[{\"@type\":\"SearchAction\",\"target\":{\"@type\":\"EntryPoint\",\"urlTemplate\":\"https:\/\/www.uqac.ca\/uqactualites\/?s={search_term_string}\"},\"query-input\":{\"@type\":\"PropertyValueSpecification\",\"valueRequired\":true,\"valueName\":\"search_term_string\"}}],\"inLanguage\":\"fr-CA\"},{\"@type\":\"Person\",\"@id\":\"https:\/\/www.uqac.ca\/uqactualites\/#\/schema\/person\/366c45a0c4f0e677b41b4af5886e2018\",\"name\":\"Service des communications et des relations publiques\",\"image\":{\"@type\":\"ImageObject\",\"inLanguage\":\"fr-CA\",\"@id\":\"https:\/\/www.uqac.ca\/uqactualites\/#\/schema\/person\/image\/\",\"url\":\"https:\/\/secure.gravatar.com\/avatar\/20fbbda8a292f59f2d3461a5b999c00b?s=96&d=mm&r=g\",\"contentUrl\":\"https:\/\/secure.gravatar.com\/avatar\/20fbbda8a292f59f2d3461a5b999c00b?s=96&d=mm&r=g\",\"caption\":\"Service des communications et des relations publiques\"},\"url\":\"https:\/\/www.uqac.ca\/uqactualites\/author\/bap\/\"}]}<\/script>\r\n<!-- \/ Yoast SEO plugin. -->","yoast_head_json":{"title":"La biblioth\u00e8que Paul-\u00c9mile-Boulet propose une formation sur Google - UQACtualit\u00e9s","robots":{"index":"index","follow":"follow","max-snippet":"max-snippet:-1","max-image-preview":"max-image-preview:large","max-video-preview":"max-video-preview:-1"},"canonical":"https:\/\/www.uqac.ca\/uqactualites\/2012\/11\/16\/la-bibliotheque-paul-emile-boulet-propose-une-formation-sur-google\/","og_locale":"fr_CA","og_type":"article","og_title":"La biblioth\u00e8que Paul-\u00c9mile-Boulet propose une formation sur Google - UQACtualit\u00e9s","og_description":"Pour la derni\u00e8re formation du mercredi de l\u2019ann\u00e9e, la biblioth\u00e8que Paul-\u00c9mile-Boulet offre la formation \u00ab\u00a0Google, et apr\u00e8s?\u00a0\u00bb\u00a0: Mercredi 21 novembre 2012\u00a0 \u25aa\u00a0 11\u00a0h \u00e0 12\u00a0h P2-8170 Cette formation s\u2019adresse \u00e0 toute personne d\u00e9sireuse de r\u00e9aliser des recherches plus efficaces avec Google et de d\u00e9couvrir ses diff\u00e9rentes fonctionnalit\u00e9s (\u00e9tudiants au premier cycle, \u00e9tudiants aux cycles sup\u00e9rieurs, [&hellip;]","og_url":"https:\/\/www.uqac.ca\/uqactualites\/2012\/11\/16\/la-bibliotheque-paul-emile-boulet-propose-une-formation-sur-google\/","og_site_name":"UQACtualit\u00e9s","article_published_time":"2012-11-16T19:32:21+00:00","og_image":[{"width":620,"height":300,"url":"https:\/\/www.uqac.ca\/uqactualites\/wp-content\/uploads\/2012\/05\/avis-laCommunaut-.jpg","type":"image\/jpeg"}],"author":"Service des communications et des relations publiques","twitter_card":"summary_large_image","twitter_misc":{"\u00c9crit par":"Service des communications et des relations publiques","Estimation du temps de lecture":"1 minute"},"schema":{"@context":"https:\/\/schema.org","@graph":[{"@type":"WebPage","@id":"https:\/\/www.uqac.ca\/uqactualites\/2012\/11\/16\/la-bibliotheque-paul-emile-boulet-propose-une-formation-sur-google\/","url":"https:\/\/www.uqac.ca\/uqactualites\/2012\/11\/16\/la-bibliotheque-paul-emile-boulet-propose-une-formation-sur-google\/","name":"La biblioth\u00e8que Paul-\u00c9mile-Boulet propose une formation sur Google - UQACtualit\u00e9s","isPartOf":{"@id":"https:\/\/www.uqac.ca\/uqactualites\/#website"},"primaryImageOfPage":{"@id":"https:\/\/www.uqac.ca\/uqactualites\/2012\/11\/16\/la-bibliotheque-paul-emile-boulet-propose-une-formation-sur-google\/#primaryimage"},"image":{"@id":"https:\/\/www.uqac.ca\/uqactualites\/2012\/11\/16\/la-bibliotheque-paul-emile-boulet-propose-une-formation-sur-google\/#primaryimage"},"thumbnailUrl":"https:\/\/www.uqac.ca\/uqactualites\/wp-content\/uploads\/2012\/05\/avis-laCommunaut-.jpg","datePublished":"2012-11-16T19:32:21+00:00","dateModified":"2012-11-16T19:32:21+00:00","author":{"@id":"https:\/\/www.uqac.ca\/uqactualites\/#\/schema\/person\/366c45a0c4f0e677b41b4af5886e2018"},"breadcrumb":{"@id":"https:\/\/www.uqac.ca\/uqactualites\/2012\/11\/16\/la-bibliotheque-paul-emile-boulet-propose-une-formation-sur-google\/#breadcrumb"},"inLanguage":"fr-CA","potentialAction":[{"@type":"ReadAction","target":["https:\/\/www.uqac.ca\/uqactualites\/2012\/11\/16\/la-bibliotheque-paul-emile-boulet-propose-une-formation-sur-google\/"]}]},{"@type":"ImageObject","inLanguage":"fr-CA","@id":"https:\/\/www.uqac.ca\/uqactualites\/2012\/11\/16\/la-bibliotheque-paul-emile-boulet-propose-une-formation-sur-google\/#primaryimage","url":"https:\/\/www.uqac.ca\/uqactualites\/wp-content\/uploads\/2012\/05\/avis-laCommunaut-.jpg","contentUrl":"https:\/\/www.uqac.ca\/uqactualites\/wp-content\/uploads\/2012\/05\/avis-laCommunaut-.jpg","width":620,"height":300},{"@type":"BreadcrumbList","@id":"https:\/\/www.uqac.ca\/uqactualites\/2012\/11\/16\/la-bibliotheque-paul-emile-boulet-propose-une-formation-sur-google\/#breadcrumb","itemListElement":[{"@type":"ListItem","position":1,"name":"Home","item":"https:\/\/www.uqac.ca\/uqactualites\/"},{"@type":"ListItem","position":2,"name":"La biblioth\u00e8que Paul-\u00c9mile-Boulet propose une formation sur Google"}]},{"@type":"WebSite","@id":"https:\/\/www.uqac.ca\/uqactualites\/#website","url":"https:\/\/www.uqac.ca\/uqactualites\/","name":"UQACtualit\u00e9s","description":"Le portail des nouvelles de l&#039;UQAC","potentialAction":[{"@type":"SearchAction","target":{"@type":"EntryPoint","urlTemplate":"https:\/\/www.uqac.ca\/uqactualites\/?s={search_term_string}"},"query-input":{"@type":"PropertyValueSpecification","valueRequired":true,"valueName":"search_term_string"}}],"inLanguage":"fr-CA"},{"@type":"Person","@id":"https:\/\/www.uqac.ca\/uqactualites\/#\/schema\/person\/366c45a0c4f0e677b41b4af5886e2018","name":"Service des communications et des relations publiques","image":{"@type":"ImageObject","inLanguage":"fr-CA","@id":"https:\/\/www.uqac.ca\/uqactualites\/#\/schema\/person\/image\/","url":"https:\/\/secure.gravatar.com\/avatar\/20fbbda8a292f59f2d3461a5b999c00b?s=96&d=mm&r=g","contentUrl":"https:\/\/secure.gravatar.com\/avatar\/20fbbda8a292f59f2d3461a5b999c00b?s=96&d=mm&r=g","caption":"Service des communications et des relations publiques"},"url":"https:\/\/www.uqac.ca\/uqactualites\/author\/bap\/"}]}},"_links":{"self":[{"href":"https:\/\/www.uqac.ca\/uqactualites\/wp-json\/wp\/v2\/posts\/22110"}],"collection":[{"href":"https:\/\/www.uqac.ca\/uqactualites\/wp-json\/wp\/v2\/posts"}],"about":[{"href":"https:\/\/www.uqac.ca\/uqactualites\/wp-json\/wp\/v2\/types\/post"}],"author":[{"embeddable":true,"href":"https:\/\/www.uqac.ca\/uqactualites\/wp-json\/wp\/v2\/users\/5"}],"replies":[{"embeddable":true,"href":"https:\/\/www.uqac.ca\/uqactualites\/wp-json\/wp\/v2\/comments?post=22110"}],"version-history":[{"count":0,"href":"https:\/\/www.uqac.ca\/uqactualites\/wp-json\/wp\/v2\/posts\/22110\/revisions"}],"wp:featuredmedia":[{"embeddable":true,"href":"https:\/\/www.uqac.ca\/uqactualites\/wp-json\/wp\/v2\/media\/20989"}],"wp:attachment":[{"href":"https:\/\/www.uqac.ca\/uqactualites\/wp-json\/wp\/v2\/media?parent=22110"}],"wp:term":[{"taxonomy":"category","embeddable":true,"href":"https:\/\/www.uqac.ca\/uqactualites\/wp-json\/wp\/v2\/categories?post=22110"},{"taxonomy":"post_tag","embeddable":true,"href":"https:\/\/www.uqac.ca\/uqactualites\/wp-json\/wp\/v2\/tags?post=22110"}],"curies":[{"name":"wp","href":"https:\/\/api.w.org\/{rel}","templated":true}]}}