{"id":22164,"date":"2012-11-21T09:03:02","date_gmt":"2012-11-21T14:03:02","guid":{"rendered":"http:\/\/uqactualite.odev.ca\/?p=22164"},"modified":"2012-11-21T09:03:02","modified_gmt":"2012-11-21T14:03:02","slug":"journee-de-promotion-de-la-sante","status":"publish","type":"post","link":"https:\/\/www.uqac.ca\/uqactualites\/2012\/11\/21\/journee-de-promotion-de-la-sante\/","title":{"rendered":"Journ\u00e9e de promotion de la sant\u00e9"},"content":{"rendered":"<p style=\"text-align: justify\">Dans le cadre du cours <strong><em>\u00c9ducation \u00e0 la sant\u00e9 et approche interculturelle<\/em><\/strong>, et en collaboration avec M\u00e9lanie Bolduc, infirmi\u00e8re clinicienne au Service sant\u00e9 de l\u2019UQAC, les \u00e9tudiants au baccalaur\u00e9at en sciences infirmi\u00e8res (volet int\u00e9gr\u00e9) invitent la communaut\u00e9 universitaire \u00e0 une journ\u00e9e de promotion de la sant\u00e9\u00a0:<\/p>\n<p align=\"center\"><span style=\"color: #5a7411\"><a href=\"http:\/\/www.uqac.ca\/wp-content\/uploads\/2012\/11\/Affiche-Journ\u00e9e-de-promotion-de-la-sant\u00e9.jpg\"><span style=\"color: #5a7411\"><strong>Mercredi 28 novembre 2012\u00a0 <\/strong><strong>\u25aa<\/strong><strong>\u00a0 11 h \u00e0 14 h<\/strong><\/span><\/a><\/span><br \/>\n<span style=\"color: #5a7411\">Centre social<\/span><\/p>\n<p style=\"text-align: justify\"><strong>Sujets propos\u00e9s par les diff\u00e9rents kiosques<\/strong><\/p>\n<ul style=\"text-align: justify\">\n<li>Contraception<\/li>\n<li>Stress<\/li>\n<li>Boissons \u00e9nergisantes<\/li>\n<li>Grossesse<\/li>\n<li>Mesures de s\u00e9curit\u00e9 \u00e0 la maison pour les enfants<\/li>\n<li>Bronzage en cabine<\/li>\n<li>Ob\u00e9sit\u00e9<\/li>\n<li>Alcool<\/li>\n<li>Culte du corps parfait<\/li>\n<li>Cigarette<\/li>\n<li>Drogues de performance<\/li>\n<\/ul>\n<p style=\"text-align: justify\">Le tirage d\u2019un prix de participation aura lieu en fin de journ\u00e9e parmi tous ceux qui auront visit\u00e9 les kiosques.<\/p>\n<p style=\"text-align: justify\">C\u2019est un rendez-vous!<strong><\/strong><\/p>\n<p style=\"text-align: justify\"><strong><br \/>\nRenseignements\u00a0:<\/strong><\/p>\n<p style=\"text-align: justify\">C\u00e9line Nepton, professeure<br \/>\nD\u00e9partement des sciences de la sant\u00e9<br \/>\nUniversit\u00e9 du Qu\u00e9bec \u00e0 Chicoutimi<br \/>\n418\u00a0545-5011, poste\u00a05092\u00a0 \u25aa\u00a0 <span style=\"color: #5a7411\"><a href=\"mailto:celine_nepton@uqac.ca\"><span style=\"color: #5a7411\">celine_nepton@uqac.ca<\/span><\/a><\/span><\/p>\n<p>M\u00e9lanie Bolduc, infirmi\u00e8re clinicienne<br \/>\nServices aux \u00e9tudiants<br \/>\nUniversit\u00e9 du Qu\u00e9bec \u00e0 Chicoutimi<br \/>\n(418) 545-5011 poste 2018\u00a0\u00a0\u25aa\u00a0 <span style=\"color: #5a7411\"><a href=\"mailto:melanie_bolduc@uqac.ca\"><span style=\"color: #5a7411\">melanie_bolduc@uqac.ca<\/span><\/a><\/span><\/p>\n","protected":false},"excerpt":{"rendered":"<p>Dans le cadre du cours \u00c9ducation \u00e0 la sant\u00e9 et approche interculturelle, et en collaboration avec M\u00e9lanie Bolduc, infirmi\u00e8re clinicienne au Service sant\u00e9 de l\u2019UQAC, les \u00e9tudiants au baccalaur\u00e9at en sciences infirmi\u00e8res (volet int\u00e9gr\u00e9) invitent la communaut\u00e9 universitaire \u00e0 une journ\u00e9e de promotion de la sant\u00e9\u00a0: Mercredi 28 novembre 2012\u00a0 \u25aa\u00a0 11 h \u00e0 14 [&hellip;]<\/p>\n","protected":false},"author":5,"featured_media":20989,"comment_status":"closed","ping_status":"open","sticky":false,"template":"","format":"standard","meta":{"footnotes":""},"categories":[2772],"tags":[2679,1348,2659,2233,2680,359,2135,1006],"yoast_head":"<!-- This site is optimized with the Yoast SEO plugin v24.2 - https:\/\/yoast.com\/wordpress\/plugins\/seo\/ -->\r\n<title>Journ\u00e9e de promotion de la sant\u00e9 - UQACtualit\u00e9s<\/title>\r\n<meta name=\"robots\" content=\"index, follow, max-snippet:-1, max-image-preview:large, max-video-preview:-1\" \/>\r\n<link rel=\"canonical\" href=\"https:\/\/www.uqac.ca\/uqactualites\/2012\/11\/21\/journee-de-promotion-de-la-sante\/\" \/>\r\n<meta property=\"og:locale\" content=\"fr_CA\" \/>\r\n<meta property=\"og:type\" content=\"article\" \/>\r\n<meta property=\"og:title\" content=\"Journ\u00e9e de promotion de la sant\u00e9 - UQACtualit\u00e9s\" \/>\r\n<meta property=\"og:description\" content=\"Dans le cadre du cours \u00c9ducation \u00e0 la sant\u00e9 et approche interculturelle, et en collaboration avec M\u00e9lanie Bolduc, infirmi\u00e8re clinicienne au Service sant\u00e9 de l\u2019UQAC, les \u00e9tudiants au baccalaur\u00e9at en sciences infirmi\u00e8res (volet int\u00e9gr\u00e9) invitent la communaut\u00e9 universitaire \u00e0 une journ\u00e9e de promotion de la sant\u00e9\u00a0: Mercredi 28 novembre 2012\u00a0 \u25aa\u00a0 11 h \u00e0 14 [&hellip;]\" \/>\r\n<meta property=\"og:url\" content=\"https:\/\/www.uqac.ca\/uqactualites\/2012\/11\/21\/journee-de-promotion-de-la-sante\/\" \/>\r\n<meta property=\"og:site_name\" content=\"UQACtualit\u00e9s\" \/>\r\n<meta property=\"article:published_time\" content=\"2012-11-21T14:03:02+00:00\" \/>\r\n<meta property=\"og:image\" content=\"https:\/\/www.uqac.ca\/uqactualites\/wp-content\/uploads\/2012\/05\/avis-laCommunaut-.jpg\" \/>\r\n\t<meta property=\"og:image:width\" content=\"620\" \/>\r\n\t<meta property=\"og:image:height\" content=\"300\" \/>\r\n\t<meta property=\"og:image:type\" content=\"image\/jpeg\" \/>\r\n<meta name=\"author\" content=\"Service des communications et des relations publiques\" \/>\r\n<meta name=\"twitter:card\" content=\"summary_large_image\" \/>\r\n<meta name=\"twitter:label1\" content=\"\u00c9crit par\" \/>\n\t<meta name=\"twitter:data1\" content=\"Service des communications et des relations publiques\" \/>\n\t<meta name=\"twitter:label2\" content=\"Estimation du temps de lecture\" \/>\n\t<meta name=\"twitter:data2\" content=\"1 minute\" \/>\r\n<script type=\"application\/ld+json\" class=\"yoast-schema-graph\">{\"@context\":\"https:\/\/schema.org\",\"@graph\":[{\"@type\":\"WebPage\",\"@id\":\"https:\/\/www.uqac.ca\/uqactualites\/2012\/11\/21\/journee-de-promotion-de-la-sante\/\",\"url\":\"https:\/\/www.uqac.ca\/uqactualites\/2012\/11\/21\/journee-de-promotion-de-la-sante\/\",\"name\":\"Journ\u00e9e de promotion de la sant\u00e9 - UQACtualit\u00e9s\",\"isPartOf\":{\"@id\":\"https:\/\/www.uqac.ca\/uqactualites\/#website\"},\"primaryImageOfPage\":{\"@id\":\"https:\/\/www.uqac.ca\/uqactualites\/2012\/11\/21\/journee-de-promotion-de-la-sante\/#primaryimage\"},\"image\":{\"@id\":\"https:\/\/www.uqac.ca\/uqactualites\/2012\/11\/21\/journee-de-promotion-de-la-sante\/#primaryimage\"},\"thumbnailUrl\":\"https:\/\/www.uqac.ca\/uqactualites\/wp-content\/uploads\/2012\/05\/avis-laCommunaut-.jpg\",\"datePublished\":\"2012-11-21T14:03:02+00:00\",\"dateModified\":\"2012-11-21T14:03:02+00:00\",\"author\":{\"@id\":\"https:\/\/www.uqac.ca\/uqactualites\/#\/schema\/person\/366c45a0c4f0e677b41b4af5886e2018\"},\"breadcrumb\":{\"@id\":\"https:\/\/www.uqac.ca\/uqactualites\/2012\/11\/21\/journee-de-promotion-de-la-sante\/#breadcrumb\"},\"inLanguage\":\"fr-CA\",\"potentialAction\":[{\"@type\":\"ReadAction\",\"target\":[\"https:\/\/www.uqac.ca\/uqactualites\/2012\/11\/21\/journee-de-promotion-de-la-sante\/\"]}]},{\"@type\":\"ImageObject\",\"inLanguage\":\"fr-CA\",\"@id\":\"https:\/\/www.uqac.ca\/uqactualites\/2012\/11\/21\/journee-de-promotion-de-la-sante\/#primaryimage\",\"url\":\"https:\/\/www.uqac.ca\/uqactualites\/wp-content\/uploads\/2012\/05\/avis-laCommunaut-.jpg\",\"contentUrl\":\"https:\/\/www.uqac.ca\/uqactualites\/wp-content\/uploads\/2012\/05\/avis-laCommunaut-.jpg\",\"width\":620,\"height\":300},{\"@type\":\"BreadcrumbList\",\"@id\":\"https:\/\/www.uqac.ca\/uqactualites\/2012\/11\/21\/journee-de-promotion-de-la-sante\/#breadcrumb\",\"itemListElement\":[{\"@type\":\"ListItem\",\"position\":1,\"name\":\"Home\",\"item\":\"https:\/\/www.uqac.ca\/uqactualites\/\"},{\"@type\":\"ListItem\",\"position\":2,\"name\":\"Journ\u00e9e de promotion de la sant\u00e9\"}]},{\"@type\":\"WebSite\",\"@id\":\"https:\/\/www.uqac.ca\/uqactualites\/#website\",\"url\":\"https:\/\/www.uqac.ca\/uqactualites\/\",\"name\":\"UQACtualit\u00e9s\",\"description\":\"Le portail des nouvelles de l&#039;UQAC\",\"potentialAction\":[{\"@type\":\"SearchAction\",\"target\":{\"@type\":\"EntryPoint\",\"urlTemplate\":\"https:\/\/www.uqac.ca\/uqactualites\/?s={search_term_string}\"},\"query-input\":{\"@type\":\"PropertyValueSpecification\",\"valueRequired\":true,\"valueName\":\"search_term_string\"}}],\"inLanguage\":\"fr-CA\"},{\"@type\":\"Person\",\"@id\":\"https:\/\/www.uqac.ca\/uqactualites\/#\/schema\/person\/366c45a0c4f0e677b41b4af5886e2018\",\"name\":\"Service des communications et des relations publiques\",\"image\":{\"@type\":\"ImageObject\",\"inLanguage\":\"fr-CA\",\"@id\":\"https:\/\/www.uqac.ca\/uqactualites\/#\/schema\/person\/image\/\",\"url\":\"https:\/\/secure.gravatar.com\/avatar\/20fbbda8a292f59f2d3461a5b999c00b?s=96&d=mm&r=g\",\"contentUrl\":\"https:\/\/secure.gravatar.com\/avatar\/20fbbda8a292f59f2d3461a5b999c00b?s=96&d=mm&r=g\",\"caption\":\"Service des communications et des relations publiques\"},\"url\":\"https:\/\/www.uqac.ca\/uqactualites\/author\/bap\/\"}]}<\/script>\r\n<!-- \/ Yoast SEO plugin. -->","yoast_head_json":{"title":"Journ\u00e9e de promotion de la sant\u00e9 - UQACtualit\u00e9s","robots":{"index":"index","follow":"follow","max-snippet":"max-snippet:-1","max-image-preview":"max-image-preview:large","max-video-preview":"max-video-preview:-1"},"canonical":"https:\/\/www.uqac.ca\/uqactualites\/2012\/11\/21\/journee-de-promotion-de-la-sante\/","og_locale":"fr_CA","og_type":"article","og_title":"Journ\u00e9e de promotion de la sant\u00e9 - UQACtualit\u00e9s","og_description":"Dans le cadre du cours \u00c9ducation \u00e0 la sant\u00e9 et approche interculturelle, et en collaboration avec M\u00e9lanie Bolduc, infirmi\u00e8re clinicienne au Service sant\u00e9 de l\u2019UQAC, les \u00e9tudiants au baccalaur\u00e9at en sciences infirmi\u00e8res (volet int\u00e9gr\u00e9) invitent la communaut\u00e9 universitaire \u00e0 une journ\u00e9e de promotion de la sant\u00e9\u00a0: Mercredi 28 novembre 2012\u00a0 \u25aa\u00a0 11 h \u00e0 14 [&hellip;]","og_url":"https:\/\/www.uqac.ca\/uqactualites\/2012\/11\/21\/journee-de-promotion-de-la-sante\/","og_site_name":"UQACtualit\u00e9s","article_published_time":"2012-11-21T14:03:02+00:00","og_image":[{"width":620,"height":300,"url":"https:\/\/www.uqac.ca\/uqactualites\/wp-content\/uploads\/2012\/05\/avis-laCommunaut-.jpg","type":"image\/jpeg"}],"author":"Service des communications et des relations publiques","twitter_card":"summary_large_image","twitter_misc":{"\u00c9crit par":"Service des communications et des relations publiques","Estimation du temps de lecture":"1 minute"},"schema":{"@context":"https:\/\/schema.org","@graph":[{"@type":"WebPage","@id":"https:\/\/www.uqac.ca\/uqactualites\/2012\/11\/21\/journee-de-promotion-de-la-sante\/","url":"https:\/\/www.uqac.ca\/uqactualites\/2012\/11\/21\/journee-de-promotion-de-la-sante\/","name":"Journ\u00e9e de promotion de la sant\u00e9 - UQACtualit\u00e9s","isPartOf":{"@id":"https:\/\/www.uqac.ca\/uqactualites\/#website"},"primaryImageOfPage":{"@id":"https:\/\/www.uqac.ca\/uqactualites\/2012\/11\/21\/journee-de-promotion-de-la-sante\/#primaryimage"},"image":{"@id":"https:\/\/www.uqac.ca\/uqactualites\/2012\/11\/21\/journee-de-promotion-de-la-sante\/#primaryimage"},"thumbnailUrl":"https:\/\/www.uqac.ca\/uqactualites\/wp-content\/uploads\/2012\/05\/avis-laCommunaut-.jpg","datePublished":"2012-11-21T14:03:02+00:00","dateModified":"2012-11-21T14:03:02+00:00","author":{"@id":"https:\/\/www.uqac.ca\/uqactualites\/#\/schema\/person\/366c45a0c4f0e677b41b4af5886e2018"},"breadcrumb":{"@id":"https:\/\/www.uqac.ca\/uqactualites\/2012\/11\/21\/journee-de-promotion-de-la-sante\/#breadcrumb"},"inLanguage":"fr-CA","potentialAction":[{"@type":"ReadAction","target":["https:\/\/www.uqac.ca\/uqactualites\/2012\/11\/21\/journee-de-promotion-de-la-sante\/"]}]},{"@type":"ImageObject","inLanguage":"fr-CA","@id":"https:\/\/www.uqac.ca\/uqactualites\/2012\/11\/21\/journee-de-promotion-de-la-sante\/#primaryimage","url":"https:\/\/www.uqac.ca\/uqactualites\/wp-content\/uploads\/2012\/05\/avis-laCommunaut-.jpg","contentUrl":"https:\/\/www.uqac.ca\/uqactualites\/wp-content\/uploads\/2012\/05\/avis-laCommunaut-.jpg","width":620,"height":300},{"@type":"BreadcrumbList","@id":"https:\/\/www.uqac.ca\/uqactualites\/2012\/11\/21\/journee-de-promotion-de-la-sante\/#breadcrumb","itemListElement":[{"@type":"ListItem","position":1,"name":"Home","item":"https:\/\/www.uqac.ca\/uqactualites\/"},{"@type":"ListItem","position":2,"name":"Journ\u00e9e de promotion de la sant\u00e9"}]},{"@type":"WebSite","@id":"https:\/\/www.uqac.ca\/uqactualites\/#website","url":"https:\/\/www.uqac.ca\/uqactualites\/","name":"UQACtualit\u00e9s","description":"Le portail des nouvelles de l&#039;UQAC","potentialAction":[{"@type":"SearchAction","target":{"@type":"EntryPoint","urlTemplate":"https:\/\/www.uqac.ca\/uqactualites\/?s={search_term_string}"},"query-input":{"@type":"PropertyValueSpecification","valueRequired":true,"valueName":"search_term_string"}}],"inLanguage":"fr-CA"},{"@type":"Person","@id":"https:\/\/www.uqac.ca\/uqactualites\/#\/schema\/person\/366c45a0c4f0e677b41b4af5886e2018","name":"Service des communications et des relations publiques","image":{"@type":"ImageObject","inLanguage":"fr-CA","@id":"https:\/\/www.uqac.ca\/uqactualites\/#\/schema\/person\/image\/","url":"https:\/\/secure.gravatar.com\/avatar\/20fbbda8a292f59f2d3461a5b999c00b?s=96&d=mm&r=g","contentUrl":"https:\/\/secure.gravatar.com\/avatar\/20fbbda8a292f59f2d3461a5b999c00b?s=96&d=mm&r=g","caption":"Service des communications et des relations publiques"},"url":"https:\/\/www.uqac.ca\/uqactualites\/author\/bap\/"}]}},"_links":{"self":[{"href":"https:\/\/www.uqac.ca\/uqactualites\/wp-json\/wp\/v2\/posts\/22164"}],"collection":[{"href":"https:\/\/www.uqac.ca\/uqactualites\/wp-json\/wp\/v2\/posts"}],"about":[{"href":"https:\/\/www.uqac.ca\/uqactualites\/wp-json\/wp\/v2\/types\/post"}],"author":[{"embeddable":true,"href":"https:\/\/www.uqac.ca\/uqactualites\/wp-json\/wp\/v2\/users\/5"}],"replies":[{"embeddable":true,"href":"https:\/\/www.uqac.ca\/uqactualites\/wp-json\/wp\/v2\/comments?post=22164"}],"version-history":[{"count":0,"href":"https:\/\/www.uqac.ca\/uqactualites\/wp-json\/wp\/v2\/posts\/22164\/revisions"}],"wp:featuredmedia":[{"embeddable":true,"href":"https:\/\/www.uqac.ca\/uqactualites\/wp-json\/wp\/v2\/media\/20989"}],"wp:attachment":[{"href":"https:\/\/www.uqac.ca\/uqactualites\/wp-json\/wp\/v2\/media?parent=22164"}],"wp:term":[{"taxonomy":"category","embeddable":true,"href":"https:\/\/www.uqac.ca\/uqactualites\/wp-json\/wp\/v2\/categories?post=22164"},{"taxonomy":"post_tag","embeddable":true,"href":"https:\/\/www.uqac.ca\/uqactualites\/wp-json\/wp\/v2\/tags?post=22164"}],"curies":[{"name":"wp","href":"https:\/\/api.w.org\/{rel}","templated":true}]}}