{"id":22190,"date":"2012-11-22T14:52:59","date_gmt":"2012-11-22T19:52:59","guid":{"rendered":"http:\/\/uqactualite.odev.ca\/?p=22190"},"modified":"2012-11-22T14:52:59","modified_gmt":"2012-11-22T19:52:59","slug":"laiesec-uqac-recoit-la-visite-de-dominic-tremblay","status":"publish","type":"post","link":"https:\/\/www.uqac.ca\/uqactualites\/2012\/11\/22\/laiesec-uqac-recoit-la-visite-de-dominic-tremblay\/","title":{"rendered":"L\u2019AIESEC UQAC re\u00e7oit la visite de Dominic Tremblay"},"content":{"rendered":"<p style=\"text-align: justify\">L\u2019Association internationale des \u00e9tudiants en sciences \u00e9conomiques et commerciales de l\u2019UQAC (AIESEC UQAC) a re\u00e7u, en octobre dernier, la visite de Dominic Tremblay. Vice-pr\u00e9sident de l\u2019AIESEC Canada, ce dernier profitait de son passage \u00e0 Chicoutimi pour accompagner les membres de l\u2019organisation locale dans la mise en place de nouvelles strat\u00e9gies d\u2019action et de d\u00e9veloppement.<\/p>\n<p style=\"text-align: justify\" align=\"left\">Originaire d\u2019Alma, Dominic Tremblay a toutefois grandi au Canada anglais. D\u00e8s son entr\u00e9e \u00e0 la <strong><em>University of Saskatchewan<\/em><\/strong>, l\u2019\u00e9tudiant en administration des affaires a occup\u00e9 pendant un an le poste de pr\u00e9sident de l\u2019AIESEC Saskatoon. Occupant d\u00e9sormais le poste de vice-pr\u00e9sident de l\u2019AIESEC Canada \u00e0 Toronto, il peut mettre \u00e0 profit son exp\u00e9rience et sa d\u00e9termination aupr\u00e8s des diverses organisations qu\u2019il chapeaute. C\u2019est ainsi qu\u2019il a pu aider, lors de son passage dans la r\u00e9gion, les membres de l\u2019\u00e9quipe de l\u2019AIESEC UQAC dans leurs diff\u00e9rentes r\u00e9alisations.<\/p>\n<p style=\"text-align: justify\" align=\"left\"><strong>Quelques mots sur l\u2019AIESEC<\/strong><br \/>\nL\u2019AIESEC est une association \u00e9tudiante internationale qui \u0153uvre partout dans le monde. Elle a \u00e9t\u00e9 cr\u00e9\u00e9e apr\u00e8s la Seconde Guerre mondiale afin de rapprocher les gens de partout dans le monde et de minimiser les conflits caus\u00e9s par l&rsquo;ignorance. Pr\u00e9sente dans 110 pays et territoires et comptant 60\u00a0000 membres, l\u2019AIESEC est la plus grande organisation g\u00e9r\u00e9e par des \u00e9tudiants au monde. Elle offre une plateforme pour le d\u00e9veloppement du <em>leadership<\/em> chez les jeunes et leur donne l\u2019occasion d\u2019\u00eatre des citoyens internationaux, de changer le monde et d\u2019accumuler l\u2019exp\u00e9rience et les habilet\u00e9s qui sont importantes aujourd\u2019hui.<\/p>\n<p style=\"text-align: justify\" align=\"left\">Pour plus de d\u00e9tails, consultez le site Web de l\u2019AIESEC au <span style=\"color: #5a7411\"><a href=\"http:\/\/aiesec.ca\/fr\" target=\"_blank\" rel=\"noopener\"><span style=\"color: #5a7411\"><strong>aiesec.ca\/fr<\/strong><\/span><\/a><\/span>.<\/p>\n<p style=\"text-align: justify\" align=\"left\"><strong><br \/>\nSources\u00a0:<\/strong><\/p>\n<p style=\"text-align: justify\" align=\"left\">St\u00e9fanie B\u00e9rub\u00e9, pr\u00e9sidente<br \/>\nClaudia Lavoie, vice-pr\u00e9sidente aux communications<br \/>\nAIESEC UQAC<br \/>\nUniversit\u00e9 du Qu\u00e9bec \u00e0 Chicoutimi<br \/>\n418\u00a0545-5011, poste\u00a02025\u00a0 \u25aa\u00a0 <span style=\"color: #5a7411\"><a href=\"mailto:aiesec@uqac.ca\"><span style=\"color: #5a7411\">aiesec@uqac.ca<\/span><\/a><\/span><\/p>\n<p style=\"text-align: justify\" align=\"left\">AIESEC<br \/>\n<span style=\"color: #5a7411\"><a href=\"http:\/\/aiesec.ca\/fr\"><span style=\"color: #5a7411\">aiesec.ca\/fr<\/span><\/a><\/span><\/p>\n<p style=\"text-align: justify\" align=\"left\">Bureau des affaires publiques<br \/>\nUniversit\u00e9 du Qu\u00e9bec \u00e0 Chicoutimi<br \/>\n418\u00a0545-5011, poste\u00a02350\u00a0 \u25aa\u00a0 <span style=\"color: #5a7411\"><a href=\"mailto:affaires_publiques@uqac.ca\"><span style=\"color: #5a7411\">affaires_publiques@uqac.ca<\/span><\/a><\/span><\/p>\n<p style=\"text-align: justify\" align=\"left\"><span style=\"color: #808080\">________________________________________________________________________________________<\/span><\/p>\n<p style=\"text-align: justify\" align=\"left\"><span style=\"color: #808080\"><strong>Sur la photo, dans l\u2019ordre habituel\u00a0: <\/strong>St\u00e9fanie B\u00e9rub\u00e9, pr\u00e9sidente de l\u2019AIESEC UQAC, et Dominic Tremblay, vice-pr\u00e9sident de l\u2019AIESEC Canada<\/span><br \/>\n<span style=\"color: #808080\"><strong>Photographe\u00a0: <\/strong>Denis Blackburn, UQAC<\/span><br \/>\n<span style=\"color: #808080\"> ________________________________________________________________________________________<\/span><\/p>\n","protected":false},"excerpt":{"rendered":"<p>L\u2019Association internationale des \u00e9tudiants en sciences \u00e9conomiques et commerciales de l\u2019UQAC (AIESEC UQAC) a re\u00e7u, en octobre dernier, la visite de Dominic Tremblay. Vice-pr\u00e9sident de l\u2019AIESEC Canada, ce dernier profitait de son passage \u00e0 Chicoutimi pour accompagner les membres de l\u2019organisation locale dans la mise en place de nouvelles strat\u00e9gies d\u2019action et de d\u00e9veloppement. Originaire [&hellip;]<\/p>\n","protected":false},"author":5,"featured_media":22191,"comment_status":"open","ping_status":"open","sticky":false,"template":"","format":"standard","meta":{"footnotes":""},"categories":[2],"tags":[1677,2695,1737,1827,1331,163],"yoast_head":"<!-- This site is optimized with the Yoast SEO plugin v24.2 - https:\/\/yoast.com\/wordpress\/plugins\/seo\/ -->\r\n<title>L\u2019AIESEC UQAC re\u00e7oit la visite de Dominic Tremblay - UQACtualit\u00e9s<\/title>\r\n<meta name=\"robots\" content=\"index, follow, max-snippet:-1, max-image-preview:large, max-video-preview:-1\" \/>\r\n<link rel=\"canonical\" href=\"https:\/\/www.uqac.ca\/uqactualites\/2012\/11\/22\/laiesec-uqac-recoit-la-visite-de-dominic-tremblay\/\" \/>\r\n<meta property=\"og:locale\" content=\"fr_CA\" \/>\r\n<meta property=\"og:type\" content=\"article\" \/>\r\n<meta property=\"og:title\" content=\"L\u2019AIESEC UQAC re\u00e7oit la visite de Dominic Tremblay - UQACtualit\u00e9s\" \/>\r\n<meta property=\"og:description\" content=\"L\u2019Association internationale des \u00e9tudiants en sciences \u00e9conomiques et commerciales de l\u2019UQAC (AIESEC UQAC) a re\u00e7u, en octobre dernier, la visite de Dominic Tremblay. Vice-pr\u00e9sident de l\u2019AIESEC Canada, ce dernier profitait de son passage \u00e0 Chicoutimi pour accompagner les membres de l\u2019organisation locale dans la mise en place de nouvelles strat\u00e9gies d\u2019action et de d\u00e9veloppement. Originaire [&hellip;]\" \/>\r\n<meta property=\"og:url\" content=\"https:\/\/www.uqac.ca\/uqactualites\/2012\/11\/22\/laiesec-uqac-recoit-la-visite-de-dominic-tremblay\/\" \/>\r\n<meta property=\"og:site_name\" content=\"UQACtualit\u00e9s\" \/>\r\n<meta property=\"article:published_time\" content=\"2012-11-22T19:52:59+00:00\" \/>\r\n<meta property=\"og:image\" content=\"https:\/\/www.uqac.ca\/uqactualites\/wp-content\/uploads\/2012\/11\/Visite-Dominic-Tremblay-AIESEC-Web-\u00a9Denis-Blackburn.jpg\" \/>\r\n\t<meta property=\"og:image:width\" content=\"620\" \/>\r\n\t<meta property=\"og:image:height\" content=\"300\" \/>\r\n\t<meta property=\"og:image:type\" content=\"image\/jpeg\" \/>\r\n<meta name=\"author\" content=\"Service des communications et des relations publiques\" \/>\r\n<meta name=\"twitter:card\" content=\"summary_large_image\" \/>\r\n<meta name=\"twitter:label1\" content=\"\u00c9crit par\" \/>\n\t<meta name=\"twitter:data1\" content=\"Service des communications et des relations publiques\" \/>\n\t<meta name=\"twitter:label2\" content=\"Estimation du temps de lecture\" \/>\n\t<meta name=\"twitter:data2\" content=\"2 minutes\" \/>\r\n<script type=\"application\/ld+json\" class=\"yoast-schema-graph\">{\"@context\":\"https:\/\/schema.org\",\"@graph\":[{\"@type\":\"WebPage\",\"@id\":\"https:\/\/www.uqac.ca\/uqactualites\/2012\/11\/22\/laiesec-uqac-recoit-la-visite-de-dominic-tremblay\/\",\"url\":\"https:\/\/www.uqac.ca\/uqactualites\/2012\/11\/22\/laiesec-uqac-recoit-la-visite-de-dominic-tremblay\/\",\"name\":\"L\u2019AIESEC UQAC re\u00e7oit la visite de Dominic Tremblay - UQACtualit\u00e9s\",\"isPartOf\":{\"@id\":\"https:\/\/www.uqac.ca\/uqactualites\/#website\"},\"primaryImageOfPage\":{\"@id\":\"https:\/\/www.uqac.ca\/uqactualites\/2012\/11\/22\/laiesec-uqac-recoit-la-visite-de-dominic-tremblay\/#primaryimage\"},\"image\":{\"@id\":\"https:\/\/www.uqac.ca\/uqactualites\/2012\/11\/22\/laiesec-uqac-recoit-la-visite-de-dominic-tremblay\/#primaryimage\"},\"thumbnailUrl\":\"https:\/\/www.uqac.ca\/uqactualites\/wp-content\/uploads\/2012\/11\/Visite-Dominic-Tremblay-AIESEC-Web-\u00a9Denis-Blackburn.jpg\",\"datePublished\":\"2012-11-22T19:52:59+00:00\",\"dateModified\":\"2012-11-22T19:52:59+00:00\",\"author\":{\"@id\":\"https:\/\/www.uqac.ca\/uqactualites\/#\/schema\/person\/366c45a0c4f0e677b41b4af5886e2018\"},\"breadcrumb\":{\"@id\":\"https:\/\/www.uqac.ca\/uqactualites\/2012\/11\/22\/laiesec-uqac-recoit-la-visite-de-dominic-tremblay\/#breadcrumb\"},\"inLanguage\":\"fr-CA\",\"potentialAction\":[{\"@type\":\"ReadAction\",\"target\":[\"https:\/\/www.uqac.ca\/uqactualites\/2012\/11\/22\/laiesec-uqac-recoit-la-visite-de-dominic-tremblay\/\"]}]},{\"@type\":\"ImageObject\",\"inLanguage\":\"fr-CA\",\"@id\":\"https:\/\/www.uqac.ca\/uqactualites\/2012\/11\/22\/laiesec-uqac-recoit-la-visite-de-dominic-tremblay\/#primaryimage\",\"url\":\"https:\/\/www.uqac.ca\/uqactualites\/wp-content\/uploads\/2012\/11\/Visite-Dominic-Tremblay-AIESEC-Web-\u00a9Denis-Blackburn.jpg\",\"contentUrl\":\"https:\/\/www.uqac.ca\/uqactualites\/wp-content\/uploads\/2012\/11\/Visite-Dominic-Tremblay-AIESEC-Web-\u00a9Denis-Blackburn.jpg\",\"width\":620,\"height\":300},{\"@type\":\"BreadcrumbList\",\"@id\":\"https:\/\/www.uqac.ca\/uqactualites\/2012\/11\/22\/laiesec-uqac-recoit-la-visite-de-dominic-tremblay\/#breadcrumb\",\"itemListElement\":[{\"@type\":\"ListItem\",\"position\":1,\"name\":\"Home\",\"item\":\"https:\/\/www.uqac.ca\/uqactualites\/\"},{\"@type\":\"ListItem\",\"position\":2,\"name\":\"L\u2019AIESEC UQAC re\u00e7oit la visite de Dominic Tremblay\"}]},{\"@type\":\"WebSite\",\"@id\":\"https:\/\/www.uqac.ca\/uqactualites\/#website\",\"url\":\"https:\/\/www.uqac.ca\/uqactualites\/\",\"name\":\"UQACtualit\u00e9s\",\"description\":\"Le portail des nouvelles de l&#039;UQAC\",\"potentialAction\":[{\"@type\":\"SearchAction\",\"target\":{\"@type\":\"EntryPoint\",\"urlTemplate\":\"https:\/\/www.uqac.ca\/uqactualites\/?s={search_term_string}\"},\"query-input\":{\"@type\":\"PropertyValueSpecification\",\"valueRequired\":true,\"valueName\":\"search_term_string\"}}],\"inLanguage\":\"fr-CA\"},{\"@type\":\"Person\",\"@id\":\"https:\/\/www.uqac.ca\/uqactualites\/#\/schema\/person\/366c45a0c4f0e677b41b4af5886e2018\",\"name\":\"Service des communications et des relations publiques\",\"image\":{\"@type\":\"ImageObject\",\"inLanguage\":\"fr-CA\",\"@id\":\"https:\/\/www.uqac.ca\/uqactualites\/#\/schema\/person\/image\/\",\"url\":\"https:\/\/secure.gravatar.com\/avatar\/20fbbda8a292f59f2d3461a5b999c00b?s=96&d=mm&r=g\",\"contentUrl\":\"https:\/\/secure.gravatar.com\/avatar\/20fbbda8a292f59f2d3461a5b999c00b?s=96&d=mm&r=g\",\"caption\":\"Service des communications et des relations publiques\"},\"url\":\"https:\/\/www.uqac.ca\/uqactualites\/author\/bap\/\"}]}<\/script>\r\n<!-- \/ Yoast SEO plugin. -->","yoast_head_json":{"title":"L\u2019AIESEC UQAC re\u00e7oit la visite de Dominic Tremblay - UQACtualit\u00e9s","robots":{"index":"index","follow":"follow","max-snippet":"max-snippet:-1","max-image-preview":"max-image-preview:large","max-video-preview":"max-video-preview:-1"},"canonical":"https:\/\/www.uqac.ca\/uqactualites\/2012\/11\/22\/laiesec-uqac-recoit-la-visite-de-dominic-tremblay\/","og_locale":"fr_CA","og_type":"article","og_title":"L\u2019AIESEC UQAC re\u00e7oit la visite de Dominic Tremblay - UQACtualit\u00e9s","og_description":"L\u2019Association internationale des \u00e9tudiants en sciences \u00e9conomiques et commerciales de l\u2019UQAC (AIESEC UQAC) a re\u00e7u, en octobre dernier, la visite de Dominic Tremblay. Vice-pr\u00e9sident de l\u2019AIESEC Canada, ce dernier profitait de son passage \u00e0 Chicoutimi pour accompagner les membres de l\u2019organisation locale dans la mise en place de nouvelles strat\u00e9gies d\u2019action et de d\u00e9veloppement. Originaire [&hellip;]","og_url":"https:\/\/www.uqac.ca\/uqactualites\/2012\/11\/22\/laiesec-uqac-recoit-la-visite-de-dominic-tremblay\/","og_site_name":"UQACtualit\u00e9s","article_published_time":"2012-11-22T19:52:59+00:00","og_image":[{"width":620,"height":300,"url":"https:\/\/www.uqac.ca\/uqactualites\/wp-content\/uploads\/2012\/11\/Visite-Dominic-Tremblay-AIESEC-Web-\u00a9Denis-Blackburn.jpg","type":"image\/jpeg"}],"author":"Service des communications et des relations publiques","twitter_card":"summary_large_image","twitter_misc":{"\u00c9crit par":"Service des communications et des relations publiques","Estimation du temps de lecture":"2 minutes"},"schema":{"@context":"https:\/\/schema.org","@graph":[{"@type":"WebPage","@id":"https:\/\/www.uqac.ca\/uqactualites\/2012\/11\/22\/laiesec-uqac-recoit-la-visite-de-dominic-tremblay\/","url":"https:\/\/www.uqac.ca\/uqactualites\/2012\/11\/22\/laiesec-uqac-recoit-la-visite-de-dominic-tremblay\/","name":"L\u2019AIESEC UQAC re\u00e7oit la visite de Dominic Tremblay - UQACtualit\u00e9s","isPartOf":{"@id":"https:\/\/www.uqac.ca\/uqactualites\/#website"},"primaryImageOfPage":{"@id":"https:\/\/www.uqac.ca\/uqactualites\/2012\/11\/22\/laiesec-uqac-recoit-la-visite-de-dominic-tremblay\/#primaryimage"},"image":{"@id":"https:\/\/www.uqac.ca\/uqactualites\/2012\/11\/22\/laiesec-uqac-recoit-la-visite-de-dominic-tremblay\/#primaryimage"},"thumbnailUrl":"https:\/\/www.uqac.ca\/uqactualites\/wp-content\/uploads\/2012\/11\/Visite-Dominic-Tremblay-AIESEC-Web-\u00a9Denis-Blackburn.jpg","datePublished":"2012-11-22T19:52:59+00:00","dateModified":"2012-11-22T19:52:59+00:00","author":{"@id":"https:\/\/www.uqac.ca\/uqactualites\/#\/schema\/person\/366c45a0c4f0e677b41b4af5886e2018"},"breadcrumb":{"@id":"https:\/\/www.uqac.ca\/uqactualites\/2012\/11\/22\/laiesec-uqac-recoit-la-visite-de-dominic-tremblay\/#breadcrumb"},"inLanguage":"fr-CA","potentialAction":[{"@type":"ReadAction","target":["https:\/\/www.uqac.ca\/uqactualites\/2012\/11\/22\/laiesec-uqac-recoit-la-visite-de-dominic-tremblay\/"]}]},{"@type":"ImageObject","inLanguage":"fr-CA","@id":"https:\/\/www.uqac.ca\/uqactualites\/2012\/11\/22\/laiesec-uqac-recoit-la-visite-de-dominic-tremblay\/#primaryimage","url":"https:\/\/www.uqac.ca\/uqactualites\/wp-content\/uploads\/2012\/11\/Visite-Dominic-Tremblay-AIESEC-Web-\u00a9Denis-Blackburn.jpg","contentUrl":"https:\/\/www.uqac.ca\/uqactualites\/wp-content\/uploads\/2012\/11\/Visite-Dominic-Tremblay-AIESEC-Web-\u00a9Denis-Blackburn.jpg","width":620,"height":300},{"@type":"BreadcrumbList","@id":"https:\/\/www.uqac.ca\/uqactualites\/2012\/11\/22\/laiesec-uqac-recoit-la-visite-de-dominic-tremblay\/#breadcrumb","itemListElement":[{"@type":"ListItem","position":1,"name":"Home","item":"https:\/\/www.uqac.ca\/uqactualites\/"},{"@type":"ListItem","position":2,"name":"L\u2019AIESEC UQAC re\u00e7oit la visite de Dominic Tremblay"}]},{"@type":"WebSite","@id":"https:\/\/www.uqac.ca\/uqactualites\/#website","url":"https:\/\/www.uqac.ca\/uqactualites\/","name":"UQACtualit\u00e9s","description":"Le portail des nouvelles de l&#039;UQAC","potentialAction":[{"@type":"SearchAction","target":{"@type":"EntryPoint","urlTemplate":"https:\/\/www.uqac.ca\/uqactualites\/?s={search_term_string}"},"query-input":{"@type":"PropertyValueSpecification","valueRequired":true,"valueName":"search_term_string"}}],"inLanguage":"fr-CA"},{"@type":"Person","@id":"https:\/\/www.uqac.ca\/uqactualites\/#\/schema\/person\/366c45a0c4f0e677b41b4af5886e2018","name":"Service des communications et des relations publiques","image":{"@type":"ImageObject","inLanguage":"fr-CA","@id":"https:\/\/www.uqac.ca\/uqactualites\/#\/schema\/person\/image\/","url":"https:\/\/secure.gravatar.com\/avatar\/20fbbda8a292f59f2d3461a5b999c00b?s=96&d=mm&r=g","contentUrl":"https:\/\/secure.gravatar.com\/avatar\/20fbbda8a292f59f2d3461a5b999c00b?s=96&d=mm&r=g","caption":"Service des communications et des relations publiques"},"url":"https:\/\/www.uqac.ca\/uqactualites\/author\/bap\/"}]}},"_links":{"self":[{"href":"https:\/\/www.uqac.ca\/uqactualites\/wp-json\/wp\/v2\/posts\/22190"}],"collection":[{"href":"https:\/\/www.uqac.ca\/uqactualites\/wp-json\/wp\/v2\/posts"}],"about":[{"href":"https:\/\/www.uqac.ca\/uqactualites\/wp-json\/wp\/v2\/types\/post"}],"author":[{"embeddable":true,"href":"https:\/\/www.uqac.ca\/uqactualites\/wp-json\/wp\/v2\/users\/5"}],"replies":[{"embeddable":true,"href":"https:\/\/www.uqac.ca\/uqactualites\/wp-json\/wp\/v2\/comments?post=22190"}],"version-history":[{"count":0,"href":"https:\/\/www.uqac.ca\/uqactualites\/wp-json\/wp\/v2\/posts\/22190\/revisions"}],"wp:featuredmedia":[{"embeddable":true,"href":"https:\/\/www.uqac.ca\/uqactualites\/wp-json\/wp\/v2\/media\/22191"}],"wp:attachment":[{"href":"https:\/\/www.uqac.ca\/uqactualites\/wp-json\/wp\/v2\/media?parent=22190"}],"wp:term":[{"taxonomy":"category","embeddable":true,"href":"https:\/\/www.uqac.ca\/uqactualites\/wp-json\/wp\/v2\/categories?post=22190"},{"taxonomy":"post_tag","embeddable":true,"href":"https:\/\/www.uqac.ca\/uqactualites\/wp-json\/wp\/v2\/tags?post=22190"}],"curies":[{"name":"wp","href":"https:\/\/api.w.org\/{rel}","templated":true}]}}