{"id":22204,"date":"2012-11-23T08:53:39","date_gmt":"2012-11-23T13:53:39","guid":{"rendered":"http:\/\/uqactualite.odev.ca\/?p=22204"},"modified":"2012-11-23T08:53:39","modified_gmt":"2012-11-23T13:53:39","slug":"luqac-recoit-les-19-chefs-des-delegations-des-jeux-du-quebec-2013","status":"publish","type":"post","link":"https:\/\/www.uqac.ca\/uqactualites\/2012\/11\/23\/luqac-recoit-les-19-chefs-des-delegations-des-jeux-du-quebec-2013\/","title":{"rendered":"L\u2019UQAC re\u00e7oit les 19 chefs des d\u00e9l\u00e9gations des Jeux du Qu\u00e9bec 2013"},"content":{"rendered":"<p style=\"text-align: justify\">La 48<sup>e<\/sup> finale des Jeux du Qu\u00e9bec se d\u00e9roulera \u00e0 Saguenay \u00e0 l\u2019hiver\u00a02013. Comp\u00e9tition provinciale annuelle, cette finale regroupera les meilleurs athl\u00e8tes mineurs de toutes les r\u00e9gions du Qu\u00e9bec.<\/p>\n<p style=\"text-align: justify\">Ce mercredi 21 novembre, les chefs des 19 d\u00e9l\u00e9gations \u00e9taient invit\u00e9s \u00e0 visiter le Saguenay \u00e0 l\u2019occasion d\u2019une semaine de familiarisation avec l\u2019organisation et la logistique de l\u2019\u00e9v\u00e9nement. En tant que partenaire officiel de cette 48<sup>e<\/sup> \u00e9dition, l\u2019UQAC les a re\u00e7us pour une visite des lieux. Mario Ruel, directeur du Pavillon sportif et repr\u00e9sentant de l\u2019UQAC au comit\u00e9 organisateur de l\u2019\u00e9v\u00e9nement, a donc accompagn\u00e9 le groupe afin de lui faire d\u00e9couvrir le campus de l\u2019Institution et d\u2019\u00e9changer avec chacun des repr\u00e9sentants des r\u00e9gions.<\/p>\n<p style=\"text-align: justify\">L\u2019UQAC est fi\u00e8re de collaborer \u00e0 la r\u00e9alisation d\u2019un \u00e9v\u00e9nement\u00a0tel que la finale des Jeux du Qu\u00e9bec et d\u2019encourager, par la m\u00eame occasion, l\u2019esprit sportif et les saines habitudes de vie.<\/p>\n<p style=\"text-align: justify\" align=\"left\">Apprenez-en plus sur les Jeux du Qu\u00e9bec \u00e0 Saguenay <span style=\"color: #5a7411\"><a href=\"http:\/\/saguenay2013.jeuxduquebec.com\/index.php\" target=\"_blank\" rel=\"noopener\"><span style=\"color: #5a7411\"><strong>en consultant le site Web<\/strong><\/span><\/a><\/span>.<\/p>\n<p>&nbsp;<\/p>\n<p style=\"text-align: justify\" align=\"left\"><span style=\"color: #808080\">________________________________________________________________________________________<\/span><\/p>\n<p style=\"text-align: justify\" align=\"left\"><span style=\"color: #808080\"><strong>Sur la photo, dans l\u2019ordre habituel\u00a0: <\/strong>Mario Ruel, directeur du Pavillon sportif de l\u2019UQAC, entour\u00e9 des chefs des 19 d\u00e9l\u00e9gations de la 48<sup>e<\/sup> finale des Jeux du Qu\u00e9bec<\/span><br \/>\n<span style=\"color: #808080\"><strong>Photographe\u00a0: <\/strong>Denis Blackburn, UQAC<\/span><br \/>\n<span style=\"color: #808080\">________________________________________________________________________________________<\/span><\/p>\n","protected":false},"excerpt":{"rendered":"<p>La 48e finale des Jeux du Qu\u00e9bec se d\u00e9roulera \u00e0 Saguenay \u00e0 l\u2019hiver\u00a02013. Comp\u00e9tition provinciale annuelle, cette finale regroupera les meilleurs athl\u00e8tes mineurs de toutes les r\u00e9gions du Qu\u00e9bec. Ce mercredi 21 novembre, les chefs des 19 d\u00e9l\u00e9gations \u00e9taient invit\u00e9s \u00e0 visiter le Saguenay \u00e0 l\u2019occasion d\u2019une semaine de familiarisation avec l\u2019organisation et la logistique [&hellip;]<\/p>\n","protected":false},"author":5,"featured_media":22205,"comment_status":"open","ping_status":"open","sticky":false,"template":"","format":"standard","meta":{"footnotes":""},"categories":[2],"tags":[1912,1154,285,1098,1054,2698],"yoast_head":"<!-- This site is optimized with the Yoast SEO plugin v24.2 - https:\/\/yoast.com\/wordpress\/plugins\/seo\/ -->\r\n<title>L\u2019UQAC re\u00e7oit les 19 chefs des d\u00e9l\u00e9gations des Jeux du Qu\u00e9bec 2013 - UQACtualit\u00e9s<\/title>\r\n<meta name=\"robots\" content=\"index, follow, max-snippet:-1, max-image-preview:large, max-video-preview:-1\" \/>\r\n<link rel=\"canonical\" href=\"https:\/\/www.uqac.ca\/uqactualites\/2012\/11\/23\/luqac-recoit-les-19-chefs-des-delegations-des-jeux-du-quebec-2013\/\" \/>\r\n<meta property=\"og:locale\" content=\"fr_CA\" \/>\r\n<meta property=\"og:type\" content=\"article\" \/>\r\n<meta property=\"og:title\" content=\"L\u2019UQAC re\u00e7oit les 19 chefs des d\u00e9l\u00e9gations des Jeux du Qu\u00e9bec 2013 - UQACtualit\u00e9s\" \/>\r\n<meta property=\"og:description\" content=\"La 48e finale des Jeux du Qu\u00e9bec se d\u00e9roulera \u00e0 Saguenay \u00e0 l\u2019hiver\u00a02013. Comp\u00e9tition provinciale annuelle, cette finale regroupera les meilleurs athl\u00e8tes mineurs de toutes les r\u00e9gions du Qu\u00e9bec. Ce mercredi 21 novembre, les chefs des 19 d\u00e9l\u00e9gations \u00e9taient invit\u00e9s \u00e0 visiter le Saguenay \u00e0 l\u2019occasion d\u2019une semaine de familiarisation avec l\u2019organisation et la logistique [&hellip;]\" \/>\r\n<meta property=\"og:url\" content=\"https:\/\/www.uqac.ca\/uqactualites\/2012\/11\/23\/luqac-recoit-les-19-chefs-des-delegations-des-jeux-du-quebec-2013\/\" \/>\r\n<meta property=\"og:site_name\" content=\"UQACtualit\u00e9s\" \/>\r\n<meta property=\"article:published_time\" content=\"2012-11-23T13:53:39+00:00\" \/>\r\n<meta property=\"og:image\" content=\"https:\/\/www.uqac.ca\/uqactualites\/wp-content\/uploads\/2012\/11\/D\u00e9l\u00e9gations-JQ-Web-\u00a9Denis-Blackburn.jpg\" \/>\r\n\t<meta property=\"og:image:width\" content=\"620\" \/>\r\n\t<meta property=\"og:image:height\" content=\"300\" \/>\r\n\t<meta property=\"og:image:type\" content=\"image\/jpeg\" \/>\r\n<meta name=\"author\" content=\"Service des communications et des relations publiques\" \/>\r\n<meta name=\"twitter:card\" content=\"summary_large_image\" \/>\r\n<meta name=\"twitter:label1\" content=\"\u00c9crit par\" \/>\n\t<meta name=\"twitter:data1\" content=\"Service des communications et des relations publiques\" \/>\n\t<meta name=\"twitter:label2\" content=\"Estimation du temps de lecture\" \/>\n\t<meta name=\"twitter:data2\" content=\"1 minute\" \/>\r\n<script type=\"application\/ld+json\" class=\"yoast-schema-graph\">{\"@context\":\"https:\/\/schema.org\",\"@graph\":[{\"@type\":\"WebPage\",\"@id\":\"https:\/\/www.uqac.ca\/uqactualites\/2012\/11\/23\/luqac-recoit-les-19-chefs-des-delegations-des-jeux-du-quebec-2013\/\",\"url\":\"https:\/\/www.uqac.ca\/uqactualites\/2012\/11\/23\/luqac-recoit-les-19-chefs-des-delegations-des-jeux-du-quebec-2013\/\",\"name\":\"L\u2019UQAC re\u00e7oit les 19 chefs des d\u00e9l\u00e9gations des Jeux du Qu\u00e9bec 2013 - UQACtualit\u00e9s\",\"isPartOf\":{\"@id\":\"https:\/\/www.uqac.ca\/uqactualites\/#website\"},\"primaryImageOfPage\":{\"@id\":\"https:\/\/www.uqac.ca\/uqactualites\/2012\/11\/23\/luqac-recoit-les-19-chefs-des-delegations-des-jeux-du-quebec-2013\/#primaryimage\"},\"image\":{\"@id\":\"https:\/\/www.uqac.ca\/uqactualites\/2012\/11\/23\/luqac-recoit-les-19-chefs-des-delegations-des-jeux-du-quebec-2013\/#primaryimage\"},\"thumbnailUrl\":\"https:\/\/www.uqac.ca\/uqactualites\/wp-content\/uploads\/2012\/11\/D\u00e9l\u00e9gations-JQ-Web-\u00a9Denis-Blackburn.jpg\",\"datePublished\":\"2012-11-23T13:53:39+00:00\",\"dateModified\":\"2012-11-23T13:53:39+00:00\",\"author\":{\"@id\":\"https:\/\/www.uqac.ca\/uqactualites\/#\/schema\/person\/366c45a0c4f0e677b41b4af5886e2018\"},\"breadcrumb\":{\"@id\":\"https:\/\/www.uqac.ca\/uqactualites\/2012\/11\/23\/luqac-recoit-les-19-chefs-des-delegations-des-jeux-du-quebec-2013\/#breadcrumb\"},\"inLanguage\":\"fr-CA\",\"potentialAction\":[{\"@type\":\"ReadAction\",\"target\":[\"https:\/\/www.uqac.ca\/uqactualites\/2012\/11\/23\/luqac-recoit-les-19-chefs-des-delegations-des-jeux-du-quebec-2013\/\"]}]},{\"@type\":\"ImageObject\",\"inLanguage\":\"fr-CA\",\"@id\":\"https:\/\/www.uqac.ca\/uqactualites\/2012\/11\/23\/luqac-recoit-les-19-chefs-des-delegations-des-jeux-du-quebec-2013\/#primaryimage\",\"url\":\"https:\/\/www.uqac.ca\/uqactualites\/wp-content\/uploads\/2012\/11\/D\u00e9l\u00e9gations-JQ-Web-\u00a9Denis-Blackburn.jpg\",\"contentUrl\":\"https:\/\/www.uqac.ca\/uqactualites\/wp-content\/uploads\/2012\/11\/D\u00e9l\u00e9gations-JQ-Web-\u00a9Denis-Blackburn.jpg\",\"width\":620,\"height\":300},{\"@type\":\"BreadcrumbList\",\"@id\":\"https:\/\/www.uqac.ca\/uqactualites\/2012\/11\/23\/luqac-recoit-les-19-chefs-des-delegations-des-jeux-du-quebec-2013\/#breadcrumb\",\"itemListElement\":[{\"@type\":\"ListItem\",\"position\":1,\"name\":\"Home\",\"item\":\"https:\/\/www.uqac.ca\/uqactualites\/\"},{\"@type\":\"ListItem\",\"position\":2,\"name\":\"L\u2019UQAC re\u00e7oit les 19 chefs des d\u00e9l\u00e9gations des Jeux du Qu\u00e9bec 2013\"}]},{\"@type\":\"WebSite\",\"@id\":\"https:\/\/www.uqac.ca\/uqactualites\/#website\",\"url\":\"https:\/\/www.uqac.ca\/uqactualites\/\",\"name\":\"UQACtualit\u00e9s\",\"description\":\"Le portail des nouvelles de l&#039;UQAC\",\"potentialAction\":[{\"@type\":\"SearchAction\",\"target\":{\"@type\":\"EntryPoint\",\"urlTemplate\":\"https:\/\/www.uqac.ca\/uqactualites\/?s={search_term_string}\"},\"query-input\":{\"@type\":\"PropertyValueSpecification\",\"valueRequired\":true,\"valueName\":\"search_term_string\"}}],\"inLanguage\":\"fr-CA\"},{\"@type\":\"Person\",\"@id\":\"https:\/\/www.uqac.ca\/uqactualites\/#\/schema\/person\/366c45a0c4f0e677b41b4af5886e2018\",\"name\":\"Service des communications et des relations publiques\",\"image\":{\"@type\":\"ImageObject\",\"inLanguage\":\"fr-CA\",\"@id\":\"https:\/\/www.uqac.ca\/uqactualites\/#\/schema\/person\/image\/\",\"url\":\"https:\/\/secure.gravatar.com\/avatar\/20fbbda8a292f59f2d3461a5b999c00b?s=96&d=mm&r=g\",\"contentUrl\":\"https:\/\/secure.gravatar.com\/avatar\/20fbbda8a292f59f2d3461a5b999c00b?s=96&d=mm&r=g\",\"caption\":\"Service des communications et des relations publiques\"},\"url\":\"https:\/\/www.uqac.ca\/uqactualites\/author\/bap\/\"}]}<\/script>\r\n<!-- \/ Yoast SEO plugin. -->","yoast_head_json":{"title":"L\u2019UQAC re\u00e7oit les 19 chefs des d\u00e9l\u00e9gations des Jeux du Qu\u00e9bec 2013 - UQACtualit\u00e9s","robots":{"index":"index","follow":"follow","max-snippet":"max-snippet:-1","max-image-preview":"max-image-preview:large","max-video-preview":"max-video-preview:-1"},"canonical":"https:\/\/www.uqac.ca\/uqactualites\/2012\/11\/23\/luqac-recoit-les-19-chefs-des-delegations-des-jeux-du-quebec-2013\/","og_locale":"fr_CA","og_type":"article","og_title":"L\u2019UQAC re\u00e7oit les 19 chefs des d\u00e9l\u00e9gations des Jeux du Qu\u00e9bec 2013 - UQACtualit\u00e9s","og_description":"La 48e finale des Jeux du Qu\u00e9bec se d\u00e9roulera \u00e0 Saguenay \u00e0 l\u2019hiver\u00a02013. Comp\u00e9tition provinciale annuelle, cette finale regroupera les meilleurs athl\u00e8tes mineurs de toutes les r\u00e9gions du Qu\u00e9bec. Ce mercredi 21 novembre, les chefs des 19 d\u00e9l\u00e9gations \u00e9taient invit\u00e9s \u00e0 visiter le Saguenay \u00e0 l\u2019occasion d\u2019une semaine de familiarisation avec l\u2019organisation et la logistique [&hellip;]","og_url":"https:\/\/www.uqac.ca\/uqactualites\/2012\/11\/23\/luqac-recoit-les-19-chefs-des-delegations-des-jeux-du-quebec-2013\/","og_site_name":"UQACtualit\u00e9s","article_published_time":"2012-11-23T13:53:39+00:00","og_image":[{"width":620,"height":300,"url":"https:\/\/www.uqac.ca\/uqactualites\/wp-content\/uploads\/2012\/11\/D\u00e9l\u00e9gations-JQ-Web-\u00a9Denis-Blackburn.jpg","type":"image\/jpeg"}],"author":"Service des communications et des relations publiques","twitter_card":"summary_large_image","twitter_misc":{"\u00c9crit par":"Service des communications et des relations publiques","Estimation du temps de lecture":"1 minute"},"schema":{"@context":"https:\/\/schema.org","@graph":[{"@type":"WebPage","@id":"https:\/\/www.uqac.ca\/uqactualites\/2012\/11\/23\/luqac-recoit-les-19-chefs-des-delegations-des-jeux-du-quebec-2013\/","url":"https:\/\/www.uqac.ca\/uqactualites\/2012\/11\/23\/luqac-recoit-les-19-chefs-des-delegations-des-jeux-du-quebec-2013\/","name":"L\u2019UQAC re\u00e7oit les 19 chefs des d\u00e9l\u00e9gations des Jeux du Qu\u00e9bec 2013 - UQACtualit\u00e9s","isPartOf":{"@id":"https:\/\/www.uqac.ca\/uqactualites\/#website"},"primaryImageOfPage":{"@id":"https:\/\/www.uqac.ca\/uqactualites\/2012\/11\/23\/luqac-recoit-les-19-chefs-des-delegations-des-jeux-du-quebec-2013\/#primaryimage"},"image":{"@id":"https:\/\/www.uqac.ca\/uqactualites\/2012\/11\/23\/luqac-recoit-les-19-chefs-des-delegations-des-jeux-du-quebec-2013\/#primaryimage"},"thumbnailUrl":"https:\/\/www.uqac.ca\/uqactualites\/wp-content\/uploads\/2012\/11\/D\u00e9l\u00e9gations-JQ-Web-\u00a9Denis-Blackburn.jpg","datePublished":"2012-11-23T13:53:39+00:00","dateModified":"2012-11-23T13:53:39+00:00","author":{"@id":"https:\/\/www.uqac.ca\/uqactualites\/#\/schema\/person\/366c45a0c4f0e677b41b4af5886e2018"},"breadcrumb":{"@id":"https:\/\/www.uqac.ca\/uqactualites\/2012\/11\/23\/luqac-recoit-les-19-chefs-des-delegations-des-jeux-du-quebec-2013\/#breadcrumb"},"inLanguage":"fr-CA","potentialAction":[{"@type":"ReadAction","target":["https:\/\/www.uqac.ca\/uqactualites\/2012\/11\/23\/luqac-recoit-les-19-chefs-des-delegations-des-jeux-du-quebec-2013\/"]}]},{"@type":"ImageObject","inLanguage":"fr-CA","@id":"https:\/\/www.uqac.ca\/uqactualites\/2012\/11\/23\/luqac-recoit-les-19-chefs-des-delegations-des-jeux-du-quebec-2013\/#primaryimage","url":"https:\/\/www.uqac.ca\/uqactualites\/wp-content\/uploads\/2012\/11\/D\u00e9l\u00e9gations-JQ-Web-\u00a9Denis-Blackburn.jpg","contentUrl":"https:\/\/www.uqac.ca\/uqactualites\/wp-content\/uploads\/2012\/11\/D\u00e9l\u00e9gations-JQ-Web-\u00a9Denis-Blackburn.jpg","width":620,"height":300},{"@type":"BreadcrumbList","@id":"https:\/\/www.uqac.ca\/uqactualites\/2012\/11\/23\/luqac-recoit-les-19-chefs-des-delegations-des-jeux-du-quebec-2013\/#breadcrumb","itemListElement":[{"@type":"ListItem","position":1,"name":"Home","item":"https:\/\/www.uqac.ca\/uqactualites\/"},{"@type":"ListItem","position":2,"name":"L\u2019UQAC re\u00e7oit les 19 chefs des d\u00e9l\u00e9gations des Jeux du Qu\u00e9bec 2013"}]},{"@type":"WebSite","@id":"https:\/\/www.uqac.ca\/uqactualites\/#website","url":"https:\/\/www.uqac.ca\/uqactualites\/","name":"UQACtualit\u00e9s","description":"Le portail des nouvelles de l&#039;UQAC","potentialAction":[{"@type":"SearchAction","target":{"@type":"EntryPoint","urlTemplate":"https:\/\/www.uqac.ca\/uqactualites\/?s={search_term_string}"},"query-input":{"@type":"PropertyValueSpecification","valueRequired":true,"valueName":"search_term_string"}}],"inLanguage":"fr-CA"},{"@type":"Person","@id":"https:\/\/www.uqac.ca\/uqactualites\/#\/schema\/person\/366c45a0c4f0e677b41b4af5886e2018","name":"Service des communications et des relations publiques","image":{"@type":"ImageObject","inLanguage":"fr-CA","@id":"https:\/\/www.uqac.ca\/uqactualites\/#\/schema\/person\/image\/","url":"https:\/\/secure.gravatar.com\/avatar\/20fbbda8a292f59f2d3461a5b999c00b?s=96&d=mm&r=g","contentUrl":"https:\/\/secure.gravatar.com\/avatar\/20fbbda8a292f59f2d3461a5b999c00b?s=96&d=mm&r=g","caption":"Service des communications et des relations publiques"},"url":"https:\/\/www.uqac.ca\/uqactualites\/author\/bap\/"}]}},"_links":{"self":[{"href":"https:\/\/www.uqac.ca\/uqactualites\/wp-json\/wp\/v2\/posts\/22204"}],"collection":[{"href":"https:\/\/www.uqac.ca\/uqactualites\/wp-json\/wp\/v2\/posts"}],"about":[{"href":"https:\/\/www.uqac.ca\/uqactualites\/wp-json\/wp\/v2\/types\/post"}],"author":[{"embeddable":true,"href":"https:\/\/www.uqac.ca\/uqactualites\/wp-json\/wp\/v2\/users\/5"}],"replies":[{"embeddable":true,"href":"https:\/\/www.uqac.ca\/uqactualites\/wp-json\/wp\/v2\/comments?post=22204"}],"version-history":[{"count":0,"href":"https:\/\/www.uqac.ca\/uqactualites\/wp-json\/wp\/v2\/posts\/22204\/revisions"}],"wp:featuredmedia":[{"embeddable":true,"href":"https:\/\/www.uqac.ca\/uqactualites\/wp-json\/wp\/v2\/media\/22205"}],"wp:attachment":[{"href":"https:\/\/www.uqac.ca\/uqactualites\/wp-json\/wp\/v2\/media?parent=22204"}],"wp:term":[{"taxonomy":"category","embeddable":true,"href":"https:\/\/www.uqac.ca\/uqactualites\/wp-json\/wp\/v2\/categories?post=22204"},{"taxonomy":"post_tag","embeddable":true,"href":"https:\/\/www.uqac.ca\/uqactualites\/wp-json\/wp\/v2\/tags?post=22204"}],"curies":[{"name":"wp","href":"https:\/\/api.w.org\/{rel}","templated":true}]}}