{"id":22469,"date":"2012-12-18T11:26:04","date_gmt":"2012-12-18T16:26:04","guid":{"rendered":"http:\/\/uqactualite.odev.ca\/?p=22469"},"modified":"2012-12-18T11:26:04","modified_gmt":"2012-12-18T16:26:04","slug":"kevin-bouchard-remporte-un-prix-international","status":"publish","type":"post","link":"https:\/\/www.uqac.ca\/uqactualites\/2012\/12\/18\/kevin-bouchard-remporte-un-prix-international\/","title":{"rendered":"K\u00e9vin Bouchard remporte un prix international"},"content":{"rendered":"<p style=\"text-align: justify\">\u00c9tudiant au doctorat en sciences et technologies de l&rsquo;information\u00a0de l\u2019UQAC,\u00a0<strong>K\u00e9vin Bouchard <\/strong>vient de remporter le prix <strong><i>Best presentation<\/i><\/strong>dans le cadre de la conf\u00e9rence internationale <i>3rd IEEE International Conference on Networked Embedded Systems for Every Application<\/i> (IEEE-NESEA), qui a eu lieu en Angleterre les 13 et 14 d\u00e9cembre derniers. Cette conf\u00e9rence internationale de haut calibre est organis\u00e9e par l&rsquo;IEEE (<i>Institute of Electrical and Electronics Engineers<\/i>), la plus grande association mondiale professionnelle d\u00e9di\u00e9e \u00e0 l\u2019excellence en innovations technologiques au b\u00e9n\u00e9fice de l\u2019humanit\u00e9.<\/p>\n<p style=\"text-align: justify\">K\u00e9vin Bouchard y a pr\u00e9sent\u00e9\u00a0les\u00a0r\u00e9sultats d&rsquo;un\u00a0article scientifique d\u00e9crivant les travaux de recherche qui portent sur la reconnaissance d&rsquo;activit\u00e9s de patients Alzheimer dans un habitat intelligent \u00e0 partir d&rsquo;\u00e9tiquettes RFID passives. Ces travaux sont effectu\u00e9s au\u00a0 Laboratoire de recherche sur l&rsquo;intelligence ambiante pour la reconnaissance d&rsquo;activit\u00e9s (LIARA), dirig\u00e9 par Bruno Bouchard, professeur au D\u00e9partement d\u2019informatique et de math\u00e9matique de l\u2019UQAC. Ils visent le d\u00e9veloppement de technologies d&rsquo;assistance pour le maintien \u00e0 domicile de patients atteints de la maladie d\u2019Alzheimer. L&rsquo;article, intitul\u00e9 <i>Accurate Passive RFID Localization System for Smart Homes<\/i>,\u00a0a \u00e9t\u00e9 cor\u00e9dig\u00e9 par Dany Fortin-Simard, K\u00e9vin Bouchard, S\u00e9bastien Gaboury, Bruno Bouchard et Abdenour Bouzouane.<\/p>\n<p style=\"text-align: justify\">Le prix remport\u00e9 est une distinction internationale consid\u00e9rable pour un \u00e9tudiant dipl\u00f4m\u00e9, puisque l\u2019IEEE est la r\u00e9f\u00e9rence mondiale en ing\u00e9nierie. Titulaire d&rsquo;une bourse d\u2019excellence pour la poursuite de ses \u00e9tudes doctorales, K\u00e9vin Bouchard peut compter sur l\u2019appui de Bruno Bouchard et d\u2019Abdenour Bouzouane, qui sont respectivement directeur et codirecteur de sa th\u00e8se.<\/p>\n<p style=\"text-align: justify\">Toutes nos f\u00e9licitations!<\/p>\n<p style=\"text-align: justify\"><b><br \/>\nSources\u00a0:<\/b><\/p>\n<p style=\"text-align: justify\" align=\"left\">Bruno Bouchard, professeur<br \/>\nD\u00e9partement d\u2019informatique et de math\u00e9matique<br \/>\nUniversit\u00e9 du Qu\u00e9bec \u00e0 Chicoutimi<br \/>\n418\u00a0545-5011, poste 5604\u00a0 \u25aa\u00a0 <span style=\"color: #5a7411\"><a href=\"mailto:bruno_bouchard@uqac.ca\"><span style=\"color: #5a7411\">bruno_bouchard@uqac.ca<\/span><\/a><\/span><\/p>\n<p style=\"text-align: justify\">Bureau des affaires publiques<br \/>\nUniversit\u00e9 du Qu\u00e9bec \u00e0 Chicoutimi<br \/>\n418\u00a0545-5011, poste 2274\u00a0 \u25aa\u00a0 <span style=\"color: #5a7411\"><a href=\"mailto:affaires_publiques@uqac.ca\"><span style=\"color: #5a7411\">affaires_publiques@uqac.ca<\/span><\/a><\/span><\/p>\n<p style=\"text-align: justify\"><span style=\"color: #808080\">________________________________________________________________________________________<\/span><\/p>\n<p style=\"text-align: justify\" align=\"left\"><span style=\"color: #808080\"><b>Sur la photo\u00a0:<\/b> K\u00e9vin Bouchard, \u00e9tudiant au doctorat en sciences et technologies de l\u2019information de l\u2019UQAC<\/span><br \/>\n<span style=\"color: #808080\"><b>Photographe\u00a0:<\/b> Andr\u00e9anne Simard<\/span><br \/>\n<span style=\"color: #808080\">________________________________________________________________________________________<\/span><\/p>\n","protected":false},"excerpt":{"rendered":"<p>\u00c9tudiant au doctorat en sciences et technologies de l&rsquo;information\u00a0de l\u2019UQAC,\u00a0K\u00e9vin Bouchard vient de remporter le prix Best presentationdans le cadre de la conf\u00e9rence internationale 3rd IEEE International Conference on Networked Embedded Systems for Every Application (IEEE-NESEA), qui a eu lieu en Angleterre les 13 et 14 d\u00e9cembre derniers. Cette conf\u00e9rence internationale de haut calibre est [&hellip;]<\/p>\n","protected":false},"author":5,"featured_media":22470,"comment_status":"open","ping_status":"open","sticky":false,"template":"","format":"standard","meta":{"footnotes":""},"categories":[2,9],"tags":[1092,20,292,257,427,247,100,2244,116,65,501,523],"yoast_head":"<!-- This site is optimized with the Yoast SEO plugin v24.2 - https:\/\/yoast.com\/wordpress\/plugins\/seo\/ -->\r\n<title>K\u00e9vin Bouchard remporte un prix international - UQACtualit\u00e9s<\/title>\r\n<meta name=\"robots\" content=\"index, follow, max-snippet:-1, max-image-preview:large, max-video-preview:-1\" \/>\r\n<link rel=\"canonical\" href=\"https:\/\/www.uqac.ca\/uqactualites\/2012\/12\/18\/kevin-bouchard-remporte-un-prix-international\/\" \/>\r\n<meta property=\"og:locale\" content=\"fr_CA\" \/>\r\n<meta property=\"og:type\" content=\"article\" \/>\r\n<meta property=\"og:title\" content=\"K\u00e9vin Bouchard remporte un prix international - UQACtualit\u00e9s\" \/>\r\n<meta property=\"og:description\" content=\"\u00c9tudiant au doctorat en sciences et technologies de l&rsquo;information\u00a0de l\u2019UQAC,\u00a0K\u00e9vin Bouchard vient de remporter le prix Best presentationdans le cadre de la conf\u00e9rence internationale 3rd IEEE International Conference on Networked Embedded Systems for Every Application (IEEE-NESEA), qui a eu lieu en Angleterre les 13 et 14 d\u00e9cembre derniers. Cette conf\u00e9rence internationale de haut calibre est [&hellip;]\" \/>\r\n<meta property=\"og:url\" content=\"https:\/\/www.uqac.ca\/uqactualites\/2012\/12\/18\/kevin-bouchard-remporte-un-prix-international\/\" \/>\r\n<meta property=\"og:site_name\" content=\"UQACtualit\u00e9s\" \/>\r\n<meta property=\"article:published_time\" content=\"2012-12-18T16:26:04+00:00\" \/>\r\n<meta property=\"og:image\" content=\"https:\/\/www.uqac.ca\/uqactualites\/wp-content\/uploads\/2012\/12\/K\u00e9vin-Bouchard-Web.jpg\" \/>\r\n\t<meta property=\"og:image:width\" content=\"620\" \/>\r\n\t<meta property=\"og:image:height\" content=\"300\" \/>\r\n\t<meta property=\"og:image:type\" content=\"image\/jpeg\" \/>\r\n<meta name=\"author\" content=\"Service des communications et des relations publiques\" \/>\r\n<meta name=\"twitter:card\" content=\"summary_large_image\" \/>\r\n<meta name=\"twitter:label1\" content=\"\u00c9crit par\" \/>\n\t<meta name=\"twitter:data1\" content=\"Service des communications et des relations publiques\" \/>\n\t<meta name=\"twitter:label2\" content=\"Estimation du temps de lecture\" \/>\n\t<meta name=\"twitter:data2\" content=\"2 minutes\" \/>\r\n<script type=\"application\/ld+json\" class=\"yoast-schema-graph\">{\"@context\":\"https:\/\/schema.org\",\"@graph\":[{\"@type\":\"WebPage\",\"@id\":\"https:\/\/www.uqac.ca\/uqactualites\/2012\/12\/18\/kevin-bouchard-remporte-un-prix-international\/\",\"url\":\"https:\/\/www.uqac.ca\/uqactualites\/2012\/12\/18\/kevin-bouchard-remporte-un-prix-international\/\",\"name\":\"K\u00e9vin Bouchard remporte un prix international - UQACtualit\u00e9s\",\"isPartOf\":{\"@id\":\"https:\/\/www.uqac.ca\/uqactualites\/#website\"},\"primaryImageOfPage\":{\"@id\":\"https:\/\/www.uqac.ca\/uqactualites\/2012\/12\/18\/kevin-bouchard-remporte-un-prix-international\/#primaryimage\"},\"image\":{\"@id\":\"https:\/\/www.uqac.ca\/uqactualites\/2012\/12\/18\/kevin-bouchard-remporte-un-prix-international\/#primaryimage\"},\"thumbnailUrl\":\"https:\/\/www.uqac.ca\/uqactualites\/wp-content\/uploads\/2012\/12\/K\u00e9vin-Bouchard-Web.jpg\",\"datePublished\":\"2012-12-18T16:26:04+00:00\",\"dateModified\":\"2012-12-18T16:26:04+00:00\",\"author\":{\"@id\":\"https:\/\/www.uqac.ca\/uqactualites\/#\/schema\/person\/366c45a0c4f0e677b41b4af5886e2018\"},\"breadcrumb\":{\"@id\":\"https:\/\/www.uqac.ca\/uqactualites\/2012\/12\/18\/kevin-bouchard-remporte-un-prix-international\/#breadcrumb\"},\"inLanguage\":\"fr-CA\",\"potentialAction\":[{\"@type\":\"ReadAction\",\"target\":[\"https:\/\/www.uqac.ca\/uqactualites\/2012\/12\/18\/kevin-bouchard-remporte-un-prix-international\/\"]}]},{\"@type\":\"ImageObject\",\"inLanguage\":\"fr-CA\",\"@id\":\"https:\/\/www.uqac.ca\/uqactualites\/2012\/12\/18\/kevin-bouchard-remporte-un-prix-international\/#primaryimage\",\"url\":\"https:\/\/www.uqac.ca\/uqactualites\/wp-content\/uploads\/2012\/12\/K\u00e9vin-Bouchard-Web.jpg\",\"contentUrl\":\"https:\/\/www.uqac.ca\/uqactualites\/wp-content\/uploads\/2012\/12\/K\u00e9vin-Bouchard-Web.jpg\",\"width\":620,\"height\":300},{\"@type\":\"BreadcrumbList\",\"@id\":\"https:\/\/www.uqac.ca\/uqactualites\/2012\/12\/18\/kevin-bouchard-remporte-un-prix-international\/#breadcrumb\",\"itemListElement\":[{\"@type\":\"ListItem\",\"position\":1,\"name\":\"Home\",\"item\":\"https:\/\/www.uqac.ca\/uqactualites\/\"},{\"@type\":\"ListItem\",\"position\":2,\"name\":\"K\u00e9vin Bouchard remporte un prix international\"}]},{\"@type\":\"WebSite\",\"@id\":\"https:\/\/www.uqac.ca\/uqactualites\/#website\",\"url\":\"https:\/\/www.uqac.ca\/uqactualites\/\",\"name\":\"UQACtualit\u00e9s\",\"description\":\"Le portail des nouvelles de l&#039;UQAC\",\"potentialAction\":[{\"@type\":\"SearchAction\",\"target\":{\"@type\":\"EntryPoint\",\"urlTemplate\":\"https:\/\/www.uqac.ca\/uqactualites\/?s={search_term_string}\"},\"query-input\":{\"@type\":\"PropertyValueSpecification\",\"valueRequired\":true,\"valueName\":\"search_term_string\"}}],\"inLanguage\":\"fr-CA\"},{\"@type\":\"Person\",\"@id\":\"https:\/\/www.uqac.ca\/uqactualites\/#\/schema\/person\/366c45a0c4f0e677b41b4af5886e2018\",\"name\":\"Service des communications et des relations publiques\",\"image\":{\"@type\":\"ImageObject\",\"inLanguage\":\"fr-CA\",\"@id\":\"https:\/\/www.uqac.ca\/uqactualites\/#\/schema\/person\/image\/\",\"url\":\"https:\/\/secure.gravatar.com\/avatar\/20fbbda8a292f59f2d3461a5b999c00b?s=96&d=mm&r=g\",\"contentUrl\":\"https:\/\/secure.gravatar.com\/avatar\/20fbbda8a292f59f2d3461a5b999c00b?s=96&d=mm&r=g\",\"caption\":\"Service des communications et des relations publiques\"},\"url\":\"https:\/\/www.uqac.ca\/uqactualites\/author\/bap\/\"}]}<\/script>\r\n<!-- \/ Yoast SEO plugin. -->","yoast_head_json":{"title":"K\u00e9vin Bouchard remporte un prix international - UQACtualit\u00e9s","robots":{"index":"index","follow":"follow","max-snippet":"max-snippet:-1","max-image-preview":"max-image-preview:large","max-video-preview":"max-video-preview:-1"},"canonical":"https:\/\/www.uqac.ca\/uqactualites\/2012\/12\/18\/kevin-bouchard-remporte-un-prix-international\/","og_locale":"fr_CA","og_type":"article","og_title":"K\u00e9vin Bouchard remporte un prix international - UQACtualit\u00e9s","og_description":"\u00c9tudiant au doctorat en sciences et technologies de l&rsquo;information\u00a0de l\u2019UQAC,\u00a0K\u00e9vin Bouchard vient de remporter le prix Best presentationdans le cadre de la conf\u00e9rence internationale 3rd IEEE International Conference on Networked Embedded Systems for Every Application (IEEE-NESEA), qui a eu lieu en Angleterre les 13 et 14 d\u00e9cembre derniers. Cette conf\u00e9rence internationale de haut calibre est [&hellip;]","og_url":"https:\/\/www.uqac.ca\/uqactualites\/2012\/12\/18\/kevin-bouchard-remporte-un-prix-international\/","og_site_name":"UQACtualit\u00e9s","article_published_time":"2012-12-18T16:26:04+00:00","og_image":[{"width":620,"height":300,"url":"https:\/\/www.uqac.ca\/uqactualites\/wp-content\/uploads\/2012\/12\/K\u00e9vin-Bouchard-Web.jpg","type":"image\/jpeg"}],"author":"Service des communications et des relations publiques","twitter_card":"summary_large_image","twitter_misc":{"\u00c9crit par":"Service des communications et des relations publiques","Estimation du temps de lecture":"2 minutes"},"schema":{"@context":"https:\/\/schema.org","@graph":[{"@type":"WebPage","@id":"https:\/\/www.uqac.ca\/uqactualites\/2012\/12\/18\/kevin-bouchard-remporte-un-prix-international\/","url":"https:\/\/www.uqac.ca\/uqactualites\/2012\/12\/18\/kevin-bouchard-remporte-un-prix-international\/","name":"K\u00e9vin Bouchard remporte un prix international - UQACtualit\u00e9s","isPartOf":{"@id":"https:\/\/www.uqac.ca\/uqactualites\/#website"},"primaryImageOfPage":{"@id":"https:\/\/www.uqac.ca\/uqactualites\/2012\/12\/18\/kevin-bouchard-remporte-un-prix-international\/#primaryimage"},"image":{"@id":"https:\/\/www.uqac.ca\/uqactualites\/2012\/12\/18\/kevin-bouchard-remporte-un-prix-international\/#primaryimage"},"thumbnailUrl":"https:\/\/www.uqac.ca\/uqactualites\/wp-content\/uploads\/2012\/12\/K\u00e9vin-Bouchard-Web.jpg","datePublished":"2012-12-18T16:26:04+00:00","dateModified":"2012-12-18T16:26:04+00:00","author":{"@id":"https:\/\/www.uqac.ca\/uqactualites\/#\/schema\/person\/366c45a0c4f0e677b41b4af5886e2018"},"breadcrumb":{"@id":"https:\/\/www.uqac.ca\/uqactualites\/2012\/12\/18\/kevin-bouchard-remporte-un-prix-international\/#breadcrumb"},"inLanguage":"fr-CA","potentialAction":[{"@type":"ReadAction","target":["https:\/\/www.uqac.ca\/uqactualites\/2012\/12\/18\/kevin-bouchard-remporte-un-prix-international\/"]}]},{"@type":"ImageObject","inLanguage":"fr-CA","@id":"https:\/\/www.uqac.ca\/uqactualites\/2012\/12\/18\/kevin-bouchard-remporte-un-prix-international\/#primaryimage","url":"https:\/\/www.uqac.ca\/uqactualites\/wp-content\/uploads\/2012\/12\/K\u00e9vin-Bouchard-Web.jpg","contentUrl":"https:\/\/www.uqac.ca\/uqactualites\/wp-content\/uploads\/2012\/12\/K\u00e9vin-Bouchard-Web.jpg","width":620,"height":300},{"@type":"BreadcrumbList","@id":"https:\/\/www.uqac.ca\/uqactualites\/2012\/12\/18\/kevin-bouchard-remporte-un-prix-international\/#breadcrumb","itemListElement":[{"@type":"ListItem","position":1,"name":"Home","item":"https:\/\/www.uqac.ca\/uqactualites\/"},{"@type":"ListItem","position":2,"name":"K\u00e9vin Bouchard remporte un prix international"}]},{"@type":"WebSite","@id":"https:\/\/www.uqac.ca\/uqactualites\/#website","url":"https:\/\/www.uqac.ca\/uqactualites\/","name":"UQACtualit\u00e9s","description":"Le portail des nouvelles de l&#039;UQAC","potentialAction":[{"@type":"SearchAction","target":{"@type":"EntryPoint","urlTemplate":"https:\/\/www.uqac.ca\/uqactualites\/?s={search_term_string}"},"query-input":{"@type":"PropertyValueSpecification","valueRequired":true,"valueName":"search_term_string"}}],"inLanguage":"fr-CA"},{"@type":"Person","@id":"https:\/\/www.uqac.ca\/uqactualites\/#\/schema\/person\/366c45a0c4f0e677b41b4af5886e2018","name":"Service des communications et des relations publiques","image":{"@type":"ImageObject","inLanguage":"fr-CA","@id":"https:\/\/www.uqac.ca\/uqactualites\/#\/schema\/person\/image\/","url":"https:\/\/secure.gravatar.com\/avatar\/20fbbda8a292f59f2d3461a5b999c00b?s=96&d=mm&r=g","contentUrl":"https:\/\/secure.gravatar.com\/avatar\/20fbbda8a292f59f2d3461a5b999c00b?s=96&d=mm&r=g","caption":"Service des communications et des relations publiques"},"url":"https:\/\/www.uqac.ca\/uqactualites\/author\/bap\/"}]}},"_links":{"self":[{"href":"https:\/\/www.uqac.ca\/uqactualites\/wp-json\/wp\/v2\/posts\/22469"}],"collection":[{"href":"https:\/\/www.uqac.ca\/uqactualites\/wp-json\/wp\/v2\/posts"}],"about":[{"href":"https:\/\/www.uqac.ca\/uqactualites\/wp-json\/wp\/v2\/types\/post"}],"author":[{"embeddable":true,"href":"https:\/\/www.uqac.ca\/uqactualites\/wp-json\/wp\/v2\/users\/5"}],"replies":[{"embeddable":true,"href":"https:\/\/www.uqac.ca\/uqactualites\/wp-json\/wp\/v2\/comments?post=22469"}],"version-history":[{"count":0,"href":"https:\/\/www.uqac.ca\/uqactualites\/wp-json\/wp\/v2\/posts\/22469\/revisions"}],"wp:featuredmedia":[{"embeddable":true,"href":"https:\/\/www.uqac.ca\/uqactualites\/wp-json\/wp\/v2\/media\/22470"}],"wp:attachment":[{"href":"https:\/\/www.uqac.ca\/uqactualites\/wp-json\/wp\/v2\/media?parent=22469"}],"wp:term":[{"taxonomy":"category","embeddable":true,"href":"https:\/\/www.uqac.ca\/uqactualites\/wp-json\/wp\/v2\/categories?post=22469"},{"taxonomy":"post_tag","embeddable":true,"href":"https:\/\/www.uqac.ca\/uqactualites\/wp-json\/wp\/v2\/tags?post=22469"}],"curies":[{"name":"wp","href":"https:\/\/api.w.org\/{rel}","templated":true}]}}