{"id":22703,"date":"2013-01-18T14:50:12","date_gmt":"2013-01-18T19:50:12","guid":{"rendered":"http:\/\/uqactualite.odev.ca\/?p=22703"},"modified":"2013-01-18T14:50:12","modified_gmt":"2013-01-18T19:50:12","slug":"concours-chercheurs-auteurs-de-la-releve","status":"publish","type":"post","link":"https:\/\/www.uqac.ca\/uqactualites\/2013\/01\/18\/concours-chercheurs-auteurs-de-la-releve\/","title":{"rendered":"Concours \u00ab Chercheurs auteurs de la rel\u00e8ve \u00bb"},"content":{"rendered":"<p style=\"text-align: justify\">Le D\u00e9canat des \u00e9tudes de cycles sup\u00e9rieurs et de la recherche invite la communaut\u00e9 universitaire \u00e0 participer \u00e0 la 4<sup>e<\/sup> \u00e9dition du concours \u00ab\u00a0Chercheurs auteurs de la rel\u00e8ve\u00a0\u00bb.<\/p>\n<p style=\"text-align: justify\">Vous \u00eates un doctorant actuellement inscrit dans l\u2019une des institutions du r\u00e9seau de l\u2019Universit\u00e9 du Qu\u00e9bec?<\/p>\n<p style=\"text-align: justify\">Vous avez obtenu votre doctorat depuis janvier 2012 dans l\u2019une des institutions du r\u00e9seau de l\u2019Universit\u00e9 du Qu\u00e9bec?<\/p>\n<p style=\"text-align: justify\">Vous \u00eates pr\u00e9sentement professeur, charg\u00e9 de cours ou chercheur dans l\u2019une des institutions du r\u00e9seau de l\u2019Universit\u00e9 du Qu\u00e9bec et avez compl\u00e9t\u00e9 votre doctorat apr\u00e8s janvier 2007?<\/p>\n<p style=\"text-align: justify\"><strong>Inscrivez-vous avant 1<sup>er<\/sup> f\u00e9vrier 2013.<\/strong><\/p>\n<p style=\"text-align: justify\">Pour plus de d\u00e9tails, visitez le <span style=\"color: #5a7411\"><b><a href=\"http:\/\/www.puq.ca\/concours\" target=\"_blank\" rel=\"noopener\"><span style=\"color: #5a7411\">www.puq.ca\/concours<\/span><\/a><\/b><\/span>.<\/p>\n<p style=\"text-align: justify\"><b><br \/>\nRenseignements et inscription\u00a0:<\/b><br \/>\nCatherine-Ann Blackburn, agente de recherche<br \/>\nD\u00e9canat des \u00e9tudes de cycles sup\u00e9rieurs et de la recherche<br \/>\nUniversit\u00e9 du Qu\u00e9bec \u00e0 Chicoutimi<br \/>\n418 545-5011, poste\u00a02493\u00a0 \u25aa\u00a0 <span style=\"color: #5a7411\"><a href=\"mailto:catherine-ann_blackburn@uqac.ca\"><span style=\"color: #5a7411\">catherine-ann_blackburn@uqac.ca<\/span><\/a><\/span><\/p>\n","protected":false},"excerpt":{"rendered":"<p>Le D\u00e9canat des \u00e9tudes de cycles sup\u00e9rieurs et de la recherche invite la communaut\u00e9 universitaire \u00e0 participer \u00e0 la 4e \u00e9dition du concours \u00ab\u00a0Chercheurs auteurs de la rel\u00e8ve\u00a0\u00bb. Vous \u00eates un doctorant actuellement inscrit dans l\u2019une des institutions du r\u00e9seau de l\u2019Universit\u00e9 du Qu\u00e9bec? Vous avez obtenu votre doctorat depuis janvier 2012 dans l\u2019une des [&hellip;]<\/p>\n","protected":false},"author":5,"featured_media":20989,"comment_status":"closed","ping_status":"open","sticky":false,"template":"","format":"standard","meta":{"footnotes":""},"categories":[2772],"tags":[1386,1834,1835,1613,1054,1643,1146],"yoast_head":"<!-- This site is optimized with the Yoast SEO plugin v24.2 - https:\/\/yoast.com\/wordpress\/plugins\/seo\/ -->\r\n<title>Concours \u00ab Chercheurs auteurs de la rel\u00e8ve \u00bb - UQACtualit\u00e9s<\/title>\r\n<meta name=\"robots\" content=\"index, follow, max-snippet:-1, max-image-preview:large, max-video-preview:-1\" \/>\r\n<link rel=\"canonical\" href=\"https:\/\/www.uqac.ca\/uqactualites\/2013\/01\/18\/concours-chercheurs-auteurs-de-la-releve\/\" \/>\r\n<meta property=\"og:locale\" content=\"fr_CA\" \/>\r\n<meta property=\"og:type\" content=\"article\" \/>\r\n<meta property=\"og:title\" content=\"Concours \u00ab Chercheurs auteurs de la rel\u00e8ve \u00bb - UQACtualit\u00e9s\" \/>\r\n<meta property=\"og:description\" content=\"Le D\u00e9canat des \u00e9tudes de cycles sup\u00e9rieurs et de la recherche invite la communaut\u00e9 universitaire \u00e0 participer \u00e0 la 4e \u00e9dition du concours \u00ab\u00a0Chercheurs auteurs de la rel\u00e8ve\u00a0\u00bb. Vous \u00eates un doctorant actuellement inscrit dans l\u2019une des institutions du r\u00e9seau de l\u2019Universit\u00e9 du Qu\u00e9bec? Vous avez obtenu votre doctorat depuis janvier 2012 dans l\u2019une des [&hellip;]\" \/>\r\n<meta property=\"og:url\" content=\"https:\/\/www.uqac.ca\/uqactualites\/2013\/01\/18\/concours-chercheurs-auteurs-de-la-releve\/\" \/>\r\n<meta property=\"og:site_name\" content=\"UQACtualit\u00e9s\" \/>\r\n<meta property=\"article:published_time\" content=\"2013-01-18T19:50:12+00:00\" \/>\r\n<meta property=\"og:image\" content=\"https:\/\/www.uqac.ca\/uqactualites\/wp-content\/uploads\/2012\/05\/avis-laCommunaut-.jpg\" \/>\r\n\t<meta property=\"og:image:width\" content=\"620\" \/>\r\n\t<meta property=\"og:image:height\" content=\"300\" \/>\r\n\t<meta property=\"og:image:type\" content=\"image\/jpeg\" \/>\r\n<meta name=\"author\" content=\"Service des communications et des relations publiques\" \/>\r\n<meta name=\"twitter:card\" content=\"summary_large_image\" \/>\r\n<meta name=\"twitter:label1\" content=\"\u00c9crit par\" \/>\n\t<meta name=\"twitter:data1\" content=\"Service des communications et des relations publiques\" \/>\n\t<meta name=\"twitter:label2\" content=\"Estimation du temps de lecture\" \/>\n\t<meta name=\"twitter:data2\" content=\"1 minute\" \/>\r\n<script type=\"application\/ld+json\" class=\"yoast-schema-graph\">{\"@context\":\"https:\/\/schema.org\",\"@graph\":[{\"@type\":\"WebPage\",\"@id\":\"https:\/\/www.uqac.ca\/uqactualites\/2013\/01\/18\/concours-chercheurs-auteurs-de-la-releve\/\",\"url\":\"https:\/\/www.uqac.ca\/uqactualites\/2013\/01\/18\/concours-chercheurs-auteurs-de-la-releve\/\",\"name\":\"Concours \u00ab Chercheurs auteurs de la rel\u00e8ve \u00bb - UQACtualit\u00e9s\",\"isPartOf\":{\"@id\":\"https:\/\/www.uqac.ca\/uqactualites\/#website\"},\"primaryImageOfPage\":{\"@id\":\"https:\/\/www.uqac.ca\/uqactualites\/2013\/01\/18\/concours-chercheurs-auteurs-de-la-releve\/#primaryimage\"},\"image\":{\"@id\":\"https:\/\/www.uqac.ca\/uqactualites\/2013\/01\/18\/concours-chercheurs-auteurs-de-la-releve\/#primaryimage\"},\"thumbnailUrl\":\"https:\/\/www.uqac.ca\/uqactualites\/wp-content\/uploads\/2012\/05\/avis-laCommunaut-.jpg\",\"datePublished\":\"2013-01-18T19:50:12+00:00\",\"dateModified\":\"2013-01-18T19:50:12+00:00\",\"author\":{\"@id\":\"https:\/\/www.uqac.ca\/uqactualites\/#\/schema\/person\/366c45a0c4f0e677b41b4af5886e2018\"},\"breadcrumb\":{\"@id\":\"https:\/\/www.uqac.ca\/uqactualites\/2013\/01\/18\/concours-chercheurs-auteurs-de-la-releve\/#breadcrumb\"},\"inLanguage\":\"fr-CA\",\"potentialAction\":[{\"@type\":\"ReadAction\",\"target\":[\"https:\/\/www.uqac.ca\/uqactualites\/2013\/01\/18\/concours-chercheurs-auteurs-de-la-releve\/\"]}]},{\"@type\":\"ImageObject\",\"inLanguage\":\"fr-CA\",\"@id\":\"https:\/\/www.uqac.ca\/uqactualites\/2013\/01\/18\/concours-chercheurs-auteurs-de-la-releve\/#primaryimage\",\"url\":\"https:\/\/www.uqac.ca\/uqactualites\/wp-content\/uploads\/2012\/05\/avis-laCommunaut-.jpg\",\"contentUrl\":\"https:\/\/www.uqac.ca\/uqactualites\/wp-content\/uploads\/2012\/05\/avis-laCommunaut-.jpg\",\"width\":620,\"height\":300},{\"@type\":\"BreadcrumbList\",\"@id\":\"https:\/\/www.uqac.ca\/uqactualites\/2013\/01\/18\/concours-chercheurs-auteurs-de-la-releve\/#breadcrumb\",\"itemListElement\":[{\"@type\":\"ListItem\",\"position\":1,\"name\":\"Home\",\"item\":\"https:\/\/www.uqac.ca\/uqactualites\/\"},{\"@type\":\"ListItem\",\"position\":2,\"name\":\"Concours \u00ab Chercheurs auteurs de la rel\u00e8ve \u00bb\"}]},{\"@type\":\"WebSite\",\"@id\":\"https:\/\/www.uqac.ca\/uqactualites\/#website\",\"url\":\"https:\/\/www.uqac.ca\/uqactualites\/\",\"name\":\"UQACtualit\u00e9s\",\"description\":\"Le portail des nouvelles de l&#039;UQAC\",\"potentialAction\":[{\"@type\":\"SearchAction\",\"target\":{\"@type\":\"EntryPoint\",\"urlTemplate\":\"https:\/\/www.uqac.ca\/uqactualites\/?s={search_term_string}\"},\"query-input\":{\"@type\":\"PropertyValueSpecification\",\"valueRequired\":true,\"valueName\":\"search_term_string\"}}],\"inLanguage\":\"fr-CA\"},{\"@type\":\"Person\",\"@id\":\"https:\/\/www.uqac.ca\/uqactualites\/#\/schema\/person\/366c45a0c4f0e677b41b4af5886e2018\",\"name\":\"Service des communications et des relations publiques\",\"image\":{\"@type\":\"ImageObject\",\"inLanguage\":\"fr-CA\",\"@id\":\"https:\/\/www.uqac.ca\/uqactualites\/#\/schema\/person\/image\/\",\"url\":\"https:\/\/secure.gravatar.com\/avatar\/20fbbda8a292f59f2d3461a5b999c00b?s=96&d=mm&r=g\",\"contentUrl\":\"https:\/\/secure.gravatar.com\/avatar\/20fbbda8a292f59f2d3461a5b999c00b?s=96&d=mm&r=g\",\"caption\":\"Service des communications et des relations publiques\"},\"url\":\"https:\/\/www.uqac.ca\/uqactualites\/author\/bap\/\"}]}<\/script>\r\n<!-- \/ Yoast SEO plugin. -->","yoast_head_json":{"title":"Concours \u00ab Chercheurs auteurs de la rel\u00e8ve \u00bb - UQACtualit\u00e9s","robots":{"index":"index","follow":"follow","max-snippet":"max-snippet:-1","max-image-preview":"max-image-preview:large","max-video-preview":"max-video-preview:-1"},"canonical":"https:\/\/www.uqac.ca\/uqactualites\/2013\/01\/18\/concours-chercheurs-auteurs-de-la-releve\/","og_locale":"fr_CA","og_type":"article","og_title":"Concours \u00ab Chercheurs auteurs de la rel\u00e8ve \u00bb - UQACtualit\u00e9s","og_description":"Le D\u00e9canat des \u00e9tudes de cycles sup\u00e9rieurs et de la recherche invite la communaut\u00e9 universitaire \u00e0 participer \u00e0 la 4e \u00e9dition du concours \u00ab\u00a0Chercheurs auteurs de la rel\u00e8ve\u00a0\u00bb. Vous \u00eates un doctorant actuellement inscrit dans l\u2019une des institutions du r\u00e9seau de l\u2019Universit\u00e9 du Qu\u00e9bec? Vous avez obtenu votre doctorat depuis janvier 2012 dans l\u2019une des [&hellip;]","og_url":"https:\/\/www.uqac.ca\/uqactualites\/2013\/01\/18\/concours-chercheurs-auteurs-de-la-releve\/","og_site_name":"UQACtualit\u00e9s","article_published_time":"2013-01-18T19:50:12+00:00","og_image":[{"width":620,"height":300,"url":"https:\/\/www.uqac.ca\/uqactualites\/wp-content\/uploads\/2012\/05\/avis-laCommunaut-.jpg","type":"image\/jpeg"}],"author":"Service des communications et des relations publiques","twitter_card":"summary_large_image","twitter_misc":{"\u00c9crit par":"Service des communications et des relations publiques","Estimation du temps de lecture":"1 minute"},"schema":{"@context":"https:\/\/schema.org","@graph":[{"@type":"WebPage","@id":"https:\/\/www.uqac.ca\/uqactualites\/2013\/01\/18\/concours-chercheurs-auteurs-de-la-releve\/","url":"https:\/\/www.uqac.ca\/uqactualites\/2013\/01\/18\/concours-chercheurs-auteurs-de-la-releve\/","name":"Concours \u00ab Chercheurs auteurs de la rel\u00e8ve \u00bb - UQACtualit\u00e9s","isPartOf":{"@id":"https:\/\/www.uqac.ca\/uqactualites\/#website"},"primaryImageOfPage":{"@id":"https:\/\/www.uqac.ca\/uqactualites\/2013\/01\/18\/concours-chercheurs-auteurs-de-la-releve\/#primaryimage"},"image":{"@id":"https:\/\/www.uqac.ca\/uqactualites\/2013\/01\/18\/concours-chercheurs-auteurs-de-la-releve\/#primaryimage"},"thumbnailUrl":"https:\/\/www.uqac.ca\/uqactualites\/wp-content\/uploads\/2012\/05\/avis-laCommunaut-.jpg","datePublished":"2013-01-18T19:50:12+00:00","dateModified":"2013-01-18T19:50:12+00:00","author":{"@id":"https:\/\/www.uqac.ca\/uqactualites\/#\/schema\/person\/366c45a0c4f0e677b41b4af5886e2018"},"breadcrumb":{"@id":"https:\/\/www.uqac.ca\/uqactualites\/2013\/01\/18\/concours-chercheurs-auteurs-de-la-releve\/#breadcrumb"},"inLanguage":"fr-CA","potentialAction":[{"@type":"ReadAction","target":["https:\/\/www.uqac.ca\/uqactualites\/2013\/01\/18\/concours-chercheurs-auteurs-de-la-releve\/"]}]},{"@type":"ImageObject","inLanguage":"fr-CA","@id":"https:\/\/www.uqac.ca\/uqactualites\/2013\/01\/18\/concours-chercheurs-auteurs-de-la-releve\/#primaryimage","url":"https:\/\/www.uqac.ca\/uqactualites\/wp-content\/uploads\/2012\/05\/avis-laCommunaut-.jpg","contentUrl":"https:\/\/www.uqac.ca\/uqactualites\/wp-content\/uploads\/2012\/05\/avis-laCommunaut-.jpg","width":620,"height":300},{"@type":"BreadcrumbList","@id":"https:\/\/www.uqac.ca\/uqactualites\/2013\/01\/18\/concours-chercheurs-auteurs-de-la-releve\/#breadcrumb","itemListElement":[{"@type":"ListItem","position":1,"name":"Home","item":"https:\/\/www.uqac.ca\/uqactualites\/"},{"@type":"ListItem","position":2,"name":"Concours \u00ab Chercheurs auteurs de la rel\u00e8ve \u00bb"}]},{"@type":"WebSite","@id":"https:\/\/www.uqac.ca\/uqactualites\/#website","url":"https:\/\/www.uqac.ca\/uqactualites\/","name":"UQACtualit\u00e9s","description":"Le portail des nouvelles de l&#039;UQAC","potentialAction":[{"@type":"SearchAction","target":{"@type":"EntryPoint","urlTemplate":"https:\/\/www.uqac.ca\/uqactualites\/?s={search_term_string}"},"query-input":{"@type":"PropertyValueSpecification","valueRequired":true,"valueName":"search_term_string"}}],"inLanguage":"fr-CA"},{"@type":"Person","@id":"https:\/\/www.uqac.ca\/uqactualites\/#\/schema\/person\/366c45a0c4f0e677b41b4af5886e2018","name":"Service des communications et des relations publiques","image":{"@type":"ImageObject","inLanguage":"fr-CA","@id":"https:\/\/www.uqac.ca\/uqactualites\/#\/schema\/person\/image\/","url":"https:\/\/secure.gravatar.com\/avatar\/20fbbda8a292f59f2d3461a5b999c00b?s=96&d=mm&r=g","contentUrl":"https:\/\/secure.gravatar.com\/avatar\/20fbbda8a292f59f2d3461a5b999c00b?s=96&d=mm&r=g","caption":"Service des communications et des relations publiques"},"url":"https:\/\/www.uqac.ca\/uqactualites\/author\/bap\/"}]}},"_links":{"self":[{"href":"https:\/\/www.uqac.ca\/uqactualites\/wp-json\/wp\/v2\/posts\/22703"}],"collection":[{"href":"https:\/\/www.uqac.ca\/uqactualites\/wp-json\/wp\/v2\/posts"}],"about":[{"href":"https:\/\/www.uqac.ca\/uqactualites\/wp-json\/wp\/v2\/types\/post"}],"author":[{"embeddable":true,"href":"https:\/\/www.uqac.ca\/uqactualites\/wp-json\/wp\/v2\/users\/5"}],"replies":[{"embeddable":true,"href":"https:\/\/www.uqac.ca\/uqactualites\/wp-json\/wp\/v2\/comments?post=22703"}],"version-history":[{"count":0,"href":"https:\/\/www.uqac.ca\/uqactualites\/wp-json\/wp\/v2\/posts\/22703\/revisions"}],"wp:featuredmedia":[{"embeddable":true,"href":"https:\/\/www.uqac.ca\/uqactualites\/wp-json\/wp\/v2\/media\/20989"}],"wp:attachment":[{"href":"https:\/\/www.uqac.ca\/uqactualites\/wp-json\/wp\/v2\/media?parent=22703"}],"wp:term":[{"taxonomy":"category","embeddable":true,"href":"https:\/\/www.uqac.ca\/uqactualites\/wp-json\/wp\/v2\/categories?post=22703"},{"taxonomy":"post_tag","embeddable":true,"href":"https:\/\/www.uqac.ca\/uqactualites\/wp-json\/wp\/v2\/tags?post=22703"}],"curies":[{"name":"wp","href":"https:\/\/api.w.org\/{rel}","templated":true}]}}