{"id":22712,"date":"2013-01-18T16:04:12","date_gmt":"2013-01-18T21:04:12","guid":{"rendered":"http:\/\/uqactualite.odev.ca\/?p=22712"},"modified":"2013-01-18T16:04:12","modified_gmt":"2013-01-18T21:04:12","slug":"arret-electrique-majeur-sur-le-campus-de-luqac","status":"publish","type":"post","link":"https:\/\/www.uqac.ca\/uqactualites\/2013\/01\/18\/arret-electrique-majeur-sur-le-campus-de-luqac\/","title":{"rendered":"Arr\u00eat \u00e9lectrique majeur sur le campus de l\u2019UQAC"},"content":{"rendered":"<p style=\"text-align: justify\">Le Service des immeubles et \u00e9quipements avise la communaut\u00e9 universitaire qu\u2019il proc\u00e9dera \u00e0 un arr\u00eat \u00e9lectrique d\u2019envergure sur le campus de l\u2019UQAC le samedi 16 f\u00e9vrier prochain.<\/p>\n<p style=\"text-align: justify\"><b>Cet arr\u00eat se fera en deux phases.<\/b><\/p>\n<p style=\"text-align: justify\">1. Le d\u00e9but de l\u2019arr\u00eat \u00e9lectrique aura lieu le 16 f\u00e9vrier \u00e0 7\u00a0h pour tous les pavillons sauf\u00a0l\u2019ar\u00e9na, le CURAL, le Parc technologique, l\u2019entrep\u00f4t de la foresterie, le Pavillon de recherche sur le bois (Perdure) et le CTDA.<br \/>\nL\u2019arr\u00eat \u00e9lectrique sera d\u2019environ cinq heures et se terminera donc vers 12\u00a0h.<\/p>\n<p style=\"text-align: justify\">\u00a02. \u00c0 partir de 12\u00a0h, seul le Pavillon principal n\u2019aura toujours pas d\u2019\u00e9lectricit\u00e9, et ce, jusqu\u2019au lendemain main \u00e0 7\u00a0h (dimanche 17 f\u00e9vrier).<\/p>\n<p style=\"text-align: justify\">Si cet arr\u00eat vous cause des d\u00e9sagr\u00e9ments majeurs, veuillez nous en aviser rapidement afin que nous puissions r\u00e9pondre \u00e0 vos besoins.<\/p>\n<p style=\"text-align: justify\">Selon les r\u00e9ponses obtenues, nous confirmerons ult\u00e9rieurement si l\u2019arr\u00eat \u00e9lectrique aura bel et bien lieu le 16 f\u00e9vrier ou plut\u00f4t \u00e0 un autre moment. <b>N\u2019oubliez pas que la g\u00e9n\u00e9ratrice d\u2019urgence sera en fonction et qu\u2019elle fournira l\u2019\u00e9lectricit\u00e9 aux \u00e9quipements raccord\u00e9s au r\u00e9seau d\u2019urgence, et ce<i>, <\/i>pour tous les pavillons touch\u00e9s par cet arr\u00eat \u00e9lectrique.<\/b><\/p>\n<p style=\"text-align: justify\">\u00c9videmment, cette planification demeure variable et n\u2019est pas une certitude.<\/p>\n<p style=\"text-align: justify\">Pour plus de d\u00e9tails sur l\u2019arr\u00eat \u00e9lectrique, <span style=\"color: #5a7411\"><a href=\"http:\/\/www.uqac.ca\/wp-content\/uploads\/2013\/01\/Arr\u00eat-\u00e9lectrique-f\u00e9vrier-2013.pdf\" target=\"_blank\" rel=\"noopener\"><span style=\"color: #5a7411\"><b>consultez le tableau en ligne<\/b><\/span><\/a><\/span>.<\/p>\n<p style=\"text-align: justify\"><b><br \/>\nRenseignements\u00a0:<\/b><br \/>\nSylvain Gagnon, responsable du g\u00e9nie du b\u00e2timent<br \/>\nService des immeubles et \u00e9quipements<br \/>\nUniversit\u00e9 du Qu\u00e9bec \u00e0 Chicoutimi<br \/>\n418 545-5050, poste\u00a02109\u00a0 \u25aa\u00a0 <span style=\"color: #5a7411\"><a href=\"mailto:sylvain_gagnon@uqac.ca\"><span style=\"color: #5a7411\">sylvain_gagnon@uqac.ca<\/span><\/a><\/span><\/p>\n","protected":false},"excerpt":{"rendered":"<p>Le Service des immeubles et \u00e9quipements avise la communaut\u00e9 universitaire qu\u2019il proc\u00e9dera \u00e0 un arr\u00eat \u00e9lectrique d\u2019envergure sur le campus de l\u2019UQAC le samedi 16 f\u00e9vrier prochain. Cet arr\u00eat se fera en deux phases. 1. Le d\u00e9but de l\u2019arr\u00eat \u00e9lectrique aura lieu le 16 f\u00e9vrier \u00e0 7\u00a0h pour tous les pavillons sauf\u00a0l\u2019ar\u00e9na, le CURAL, le [&hellip;]<\/p>\n","protected":false},"author":5,"featured_media":20987,"comment_status":"open","ping_status":"open","sticky":false,"template":"","format":"standard","meta":{"footnotes":""},"categories":[2772],"tags":[1409,1034,1811,1812,1262,1038],"yoast_head":"<!-- This site is optimized with the Yoast SEO plugin v24.2 - https:\/\/yoast.com\/wordpress\/plugins\/seo\/ -->\r\n<title>Arr\u00eat \u00e9lectrique majeur sur le campus de l\u2019UQAC - UQACtualit\u00e9s<\/title>\r\n<meta name=\"robots\" content=\"index, follow, max-snippet:-1, max-image-preview:large, max-video-preview:-1\" \/>\r\n<link rel=\"canonical\" href=\"https:\/\/www.uqac.ca\/uqactualites\/2013\/01\/18\/arret-electrique-majeur-sur-le-campus-de-luqac\/\" \/>\r\n<meta property=\"og:locale\" content=\"fr_CA\" \/>\r\n<meta property=\"og:type\" content=\"article\" \/>\r\n<meta property=\"og:title\" content=\"Arr\u00eat \u00e9lectrique majeur sur le campus de l\u2019UQAC - UQACtualit\u00e9s\" \/>\r\n<meta property=\"og:description\" content=\"Le Service des immeubles et \u00e9quipements avise la communaut\u00e9 universitaire qu\u2019il proc\u00e9dera \u00e0 un arr\u00eat \u00e9lectrique d\u2019envergure sur le campus de l\u2019UQAC le samedi 16 f\u00e9vrier prochain. Cet arr\u00eat se fera en deux phases. 1. Le d\u00e9but de l\u2019arr\u00eat \u00e9lectrique aura lieu le 16 f\u00e9vrier \u00e0 7\u00a0h pour tous les pavillons sauf\u00a0l\u2019ar\u00e9na, le CURAL, le [&hellip;]\" \/>\r\n<meta property=\"og:url\" content=\"https:\/\/www.uqac.ca\/uqactualites\/2013\/01\/18\/arret-electrique-majeur-sur-le-campus-de-luqac\/\" \/>\r\n<meta property=\"og:site_name\" content=\"UQACtualit\u00e9s\" \/>\r\n<meta property=\"article:published_time\" content=\"2013-01-18T21:04:12+00:00\" \/>\r\n<meta property=\"og:image\" content=\"https:\/\/www.uqac.ca\/uqactualites\/wp-content\/uploads\/2012\/05\/avis-important.jpg\" \/>\r\n\t<meta property=\"og:image:width\" content=\"620\" \/>\r\n\t<meta property=\"og:image:height\" content=\"300\" \/>\r\n\t<meta property=\"og:image:type\" content=\"image\/jpeg\" \/>\r\n<meta name=\"author\" content=\"Service des communications et des relations publiques\" \/>\r\n<meta name=\"twitter:card\" content=\"summary_large_image\" \/>\r\n<meta name=\"twitter:label1\" content=\"\u00c9crit par\" \/>\n\t<meta name=\"twitter:data1\" content=\"Service des communications et des relations publiques\" \/>\n\t<meta name=\"twitter:label2\" content=\"Estimation du temps de lecture\" \/>\n\t<meta name=\"twitter:data2\" content=\"1 minute\" \/>\r\n<script type=\"application\/ld+json\" class=\"yoast-schema-graph\">{\"@context\":\"https:\/\/schema.org\",\"@graph\":[{\"@type\":\"WebPage\",\"@id\":\"https:\/\/www.uqac.ca\/uqactualites\/2013\/01\/18\/arret-electrique-majeur-sur-le-campus-de-luqac\/\",\"url\":\"https:\/\/www.uqac.ca\/uqactualites\/2013\/01\/18\/arret-electrique-majeur-sur-le-campus-de-luqac\/\",\"name\":\"Arr\u00eat \u00e9lectrique majeur sur le campus de l\u2019UQAC - UQACtualit\u00e9s\",\"isPartOf\":{\"@id\":\"https:\/\/www.uqac.ca\/uqactualites\/#website\"},\"primaryImageOfPage\":{\"@id\":\"https:\/\/www.uqac.ca\/uqactualites\/2013\/01\/18\/arret-electrique-majeur-sur-le-campus-de-luqac\/#primaryimage\"},\"image\":{\"@id\":\"https:\/\/www.uqac.ca\/uqactualites\/2013\/01\/18\/arret-electrique-majeur-sur-le-campus-de-luqac\/#primaryimage\"},\"thumbnailUrl\":\"https:\/\/www.uqac.ca\/uqactualites\/wp-content\/uploads\/2012\/05\/avis-important.jpg\",\"datePublished\":\"2013-01-18T21:04:12+00:00\",\"dateModified\":\"2013-01-18T21:04:12+00:00\",\"author\":{\"@id\":\"https:\/\/www.uqac.ca\/uqactualites\/#\/schema\/person\/366c45a0c4f0e677b41b4af5886e2018\"},\"breadcrumb\":{\"@id\":\"https:\/\/www.uqac.ca\/uqactualites\/2013\/01\/18\/arret-electrique-majeur-sur-le-campus-de-luqac\/#breadcrumb\"},\"inLanguage\":\"fr-CA\",\"potentialAction\":[{\"@type\":\"ReadAction\",\"target\":[\"https:\/\/www.uqac.ca\/uqactualites\/2013\/01\/18\/arret-electrique-majeur-sur-le-campus-de-luqac\/\"]}]},{\"@type\":\"ImageObject\",\"inLanguage\":\"fr-CA\",\"@id\":\"https:\/\/www.uqac.ca\/uqactualites\/2013\/01\/18\/arret-electrique-majeur-sur-le-campus-de-luqac\/#primaryimage\",\"url\":\"https:\/\/www.uqac.ca\/uqactualites\/wp-content\/uploads\/2012\/05\/avis-important.jpg\",\"contentUrl\":\"https:\/\/www.uqac.ca\/uqactualites\/wp-content\/uploads\/2012\/05\/avis-important.jpg\",\"width\":620,\"height\":300},{\"@type\":\"BreadcrumbList\",\"@id\":\"https:\/\/www.uqac.ca\/uqactualites\/2013\/01\/18\/arret-electrique-majeur-sur-le-campus-de-luqac\/#breadcrumb\",\"itemListElement\":[{\"@type\":\"ListItem\",\"position\":1,\"name\":\"Home\",\"item\":\"https:\/\/www.uqac.ca\/uqactualites\/\"},{\"@type\":\"ListItem\",\"position\":2,\"name\":\"Arr\u00eat \u00e9lectrique majeur sur le campus de l\u2019UQAC\"}]},{\"@type\":\"WebSite\",\"@id\":\"https:\/\/www.uqac.ca\/uqactualites\/#website\",\"url\":\"https:\/\/www.uqac.ca\/uqactualites\/\",\"name\":\"UQACtualit\u00e9s\",\"description\":\"Le portail des nouvelles de l&#039;UQAC\",\"potentialAction\":[{\"@type\":\"SearchAction\",\"target\":{\"@type\":\"EntryPoint\",\"urlTemplate\":\"https:\/\/www.uqac.ca\/uqactualites\/?s={search_term_string}\"},\"query-input\":{\"@type\":\"PropertyValueSpecification\",\"valueRequired\":true,\"valueName\":\"search_term_string\"}}],\"inLanguage\":\"fr-CA\"},{\"@type\":\"Person\",\"@id\":\"https:\/\/www.uqac.ca\/uqactualites\/#\/schema\/person\/366c45a0c4f0e677b41b4af5886e2018\",\"name\":\"Service des communications et des relations publiques\",\"image\":{\"@type\":\"ImageObject\",\"inLanguage\":\"fr-CA\",\"@id\":\"https:\/\/www.uqac.ca\/uqactualites\/#\/schema\/person\/image\/\",\"url\":\"https:\/\/secure.gravatar.com\/avatar\/20fbbda8a292f59f2d3461a5b999c00b?s=96&d=mm&r=g\",\"contentUrl\":\"https:\/\/secure.gravatar.com\/avatar\/20fbbda8a292f59f2d3461a5b999c00b?s=96&d=mm&r=g\",\"caption\":\"Service des communications et des relations publiques\"},\"url\":\"https:\/\/www.uqac.ca\/uqactualites\/author\/bap\/\"}]}<\/script>\r\n<!-- \/ Yoast SEO plugin. -->","yoast_head_json":{"title":"Arr\u00eat \u00e9lectrique majeur sur le campus de l\u2019UQAC - UQACtualit\u00e9s","robots":{"index":"index","follow":"follow","max-snippet":"max-snippet:-1","max-image-preview":"max-image-preview:large","max-video-preview":"max-video-preview:-1"},"canonical":"https:\/\/www.uqac.ca\/uqactualites\/2013\/01\/18\/arret-electrique-majeur-sur-le-campus-de-luqac\/","og_locale":"fr_CA","og_type":"article","og_title":"Arr\u00eat \u00e9lectrique majeur sur le campus de l\u2019UQAC - UQACtualit\u00e9s","og_description":"Le Service des immeubles et \u00e9quipements avise la communaut\u00e9 universitaire qu\u2019il proc\u00e9dera \u00e0 un arr\u00eat \u00e9lectrique d\u2019envergure sur le campus de l\u2019UQAC le samedi 16 f\u00e9vrier prochain. Cet arr\u00eat se fera en deux phases. 1. Le d\u00e9but de l\u2019arr\u00eat \u00e9lectrique aura lieu le 16 f\u00e9vrier \u00e0 7\u00a0h pour tous les pavillons sauf\u00a0l\u2019ar\u00e9na, le CURAL, le [&hellip;]","og_url":"https:\/\/www.uqac.ca\/uqactualites\/2013\/01\/18\/arret-electrique-majeur-sur-le-campus-de-luqac\/","og_site_name":"UQACtualit\u00e9s","article_published_time":"2013-01-18T21:04:12+00:00","og_image":[{"width":620,"height":300,"url":"https:\/\/www.uqac.ca\/uqactualites\/wp-content\/uploads\/2012\/05\/avis-important.jpg","type":"image\/jpeg"}],"author":"Service des communications et des relations publiques","twitter_card":"summary_large_image","twitter_misc":{"\u00c9crit par":"Service des communications et des relations publiques","Estimation du temps de lecture":"1 minute"},"schema":{"@context":"https:\/\/schema.org","@graph":[{"@type":"WebPage","@id":"https:\/\/www.uqac.ca\/uqactualites\/2013\/01\/18\/arret-electrique-majeur-sur-le-campus-de-luqac\/","url":"https:\/\/www.uqac.ca\/uqactualites\/2013\/01\/18\/arret-electrique-majeur-sur-le-campus-de-luqac\/","name":"Arr\u00eat \u00e9lectrique majeur sur le campus de l\u2019UQAC - UQACtualit\u00e9s","isPartOf":{"@id":"https:\/\/www.uqac.ca\/uqactualites\/#website"},"primaryImageOfPage":{"@id":"https:\/\/www.uqac.ca\/uqactualites\/2013\/01\/18\/arret-electrique-majeur-sur-le-campus-de-luqac\/#primaryimage"},"image":{"@id":"https:\/\/www.uqac.ca\/uqactualites\/2013\/01\/18\/arret-electrique-majeur-sur-le-campus-de-luqac\/#primaryimage"},"thumbnailUrl":"https:\/\/www.uqac.ca\/uqactualites\/wp-content\/uploads\/2012\/05\/avis-important.jpg","datePublished":"2013-01-18T21:04:12+00:00","dateModified":"2013-01-18T21:04:12+00:00","author":{"@id":"https:\/\/www.uqac.ca\/uqactualites\/#\/schema\/person\/366c45a0c4f0e677b41b4af5886e2018"},"breadcrumb":{"@id":"https:\/\/www.uqac.ca\/uqactualites\/2013\/01\/18\/arret-electrique-majeur-sur-le-campus-de-luqac\/#breadcrumb"},"inLanguage":"fr-CA","potentialAction":[{"@type":"ReadAction","target":["https:\/\/www.uqac.ca\/uqactualites\/2013\/01\/18\/arret-electrique-majeur-sur-le-campus-de-luqac\/"]}]},{"@type":"ImageObject","inLanguage":"fr-CA","@id":"https:\/\/www.uqac.ca\/uqactualites\/2013\/01\/18\/arret-electrique-majeur-sur-le-campus-de-luqac\/#primaryimage","url":"https:\/\/www.uqac.ca\/uqactualites\/wp-content\/uploads\/2012\/05\/avis-important.jpg","contentUrl":"https:\/\/www.uqac.ca\/uqactualites\/wp-content\/uploads\/2012\/05\/avis-important.jpg","width":620,"height":300},{"@type":"BreadcrumbList","@id":"https:\/\/www.uqac.ca\/uqactualites\/2013\/01\/18\/arret-electrique-majeur-sur-le-campus-de-luqac\/#breadcrumb","itemListElement":[{"@type":"ListItem","position":1,"name":"Home","item":"https:\/\/www.uqac.ca\/uqactualites\/"},{"@type":"ListItem","position":2,"name":"Arr\u00eat \u00e9lectrique majeur sur le campus de l\u2019UQAC"}]},{"@type":"WebSite","@id":"https:\/\/www.uqac.ca\/uqactualites\/#website","url":"https:\/\/www.uqac.ca\/uqactualites\/","name":"UQACtualit\u00e9s","description":"Le portail des nouvelles de l&#039;UQAC","potentialAction":[{"@type":"SearchAction","target":{"@type":"EntryPoint","urlTemplate":"https:\/\/www.uqac.ca\/uqactualites\/?s={search_term_string}"},"query-input":{"@type":"PropertyValueSpecification","valueRequired":true,"valueName":"search_term_string"}}],"inLanguage":"fr-CA"},{"@type":"Person","@id":"https:\/\/www.uqac.ca\/uqactualites\/#\/schema\/person\/366c45a0c4f0e677b41b4af5886e2018","name":"Service des communications et des relations publiques","image":{"@type":"ImageObject","inLanguage":"fr-CA","@id":"https:\/\/www.uqac.ca\/uqactualites\/#\/schema\/person\/image\/","url":"https:\/\/secure.gravatar.com\/avatar\/20fbbda8a292f59f2d3461a5b999c00b?s=96&d=mm&r=g","contentUrl":"https:\/\/secure.gravatar.com\/avatar\/20fbbda8a292f59f2d3461a5b999c00b?s=96&d=mm&r=g","caption":"Service des communications et des relations publiques"},"url":"https:\/\/www.uqac.ca\/uqactualites\/author\/bap\/"}]}},"_links":{"self":[{"href":"https:\/\/www.uqac.ca\/uqactualites\/wp-json\/wp\/v2\/posts\/22712"}],"collection":[{"href":"https:\/\/www.uqac.ca\/uqactualites\/wp-json\/wp\/v2\/posts"}],"about":[{"href":"https:\/\/www.uqac.ca\/uqactualites\/wp-json\/wp\/v2\/types\/post"}],"author":[{"embeddable":true,"href":"https:\/\/www.uqac.ca\/uqactualites\/wp-json\/wp\/v2\/users\/5"}],"replies":[{"embeddable":true,"href":"https:\/\/www.uqac.ca\/uqactualites\/wp-json\/wp\/v2\/comments?post=22712"}],"version-history":[{"count":0,"href":"https:\/\/www.uqac.ca\/uqactualites\/wp-json\/wp\/v2\/posts\/22712\/revisions"}],"wp:featuredmedia":[{"embeddable":true,"href":"https:\/\/www.uqac.ca\/uqactualites\/wp-json\/wp\/v2\/media\/20987"}],"wp:attachment":[{"href":"https:\/\/www.uqac.ca\/uqactualites\/wp-json\/wp\/v2\/media?parent=22712"}],"wp:term":[{"taxonomy":"category","embeddable":true,"href":"https:\/\/www.uqac.ca\/uqactualites\/wp-json\/wp\/v2\/categories?post=22712"},{"taxonomy":"post_tag","embeddable":true,"href":"https:\/\/www.uqac.ca\/uqactualites\/wp-json\/wp\/v2\/tags?post=22712"}],"curies":[{"name":"wp","href":"https:\/\/api.w.org\/{rel}","templated":true}]}}