{"id":22715,"date":"2013-01-21T10:16:16","date_gmt":"2013-01-21T15:16:16","guid":{"rendered":"http:\/\/uqactualite.odev.ca\/?p=22715"},"modified":"2013-01-21T10:16:16","modified_gmt":"2013-01-21T15:16:16","slug":"deux-expo-sciences-plutot-quune","status":"publish","type":"post","link":"https:\/\/www.uqac.ca\/uqactualites\/2013\/01\/21\/deux-expo-sciences-plutot-quune\/","title":{"rendered":"Deux Expo-sciences plut\u00f4t qu\u2019une!"},"content":{"rendered":"<p style=\"text-align: justify\">Robert Loiselle, responsable de laboratoire de biologie au D\u00e9partement des sciences fondamentales et \u00e9galement juge en chef \u00e0 l\u2019<i>Expo-sciences<\/i> Hydro-Qu\u00e9bec 2013, invite les professeurs et les \u00e9tudiants aux cycles sup\u00e9rieurs de l\u2019UQAC \u00e0 participer \u00e0 ces deux \u00e9v\u00e9nements.<\/p>\n<p style=\"text-align: justify\"><b><i><span style=\"text-decoration: underline\">Expo-sciences<\/span><\/i><\/b><b><span style=\"text-decoration: underline\"> Hydro-Qu\u00e9bec<\/span><\/b><br \/>\nLa 49<sup>e<\/sup> \u00e9dition de la finale r\u00e9gionale de l&rsquo;<i>Expo-sciences<\/i> Hydro-Qu\u00e9bec aura lieu \u00e0 la Cit\u00e9 \u00e9tudiante de Roberval du 21 au 23 mars 2013. Le jugement aura lieu le vendredi 22 mars en avant-midi.<\/p>\n<p style=\"text-align: justify\">Pour les juges r\u00e9sidant au Saguenay, un autobus partira t\u00f4t le matin du campus de l\u2019UQAC et passera par le stationnement du C\u00e9gep de Jonqui\u00e8re. Veuillez r\u00e9server une place en faisant parvenir un courriel au juge en chef (<span style=\"color: #5a7411\"><a href=\"mailto:robert_loiselle@uqac.ca\"><span style=\"color: #5a7411\">robert_loiselle@uqac.ca<\/span><\/a><\/span>).<\/p>\n<p style=\"text-align: justify\"><b><i><span style=\"text-decoration: underline\">Super Expo-sciences<\/span><\/i><\/b><b><span style=\"text-decoration: underline\"> Hydro-Qu\u00e9bec<\/span><\/b><br \/>\nCette ann\u00e9e, la <i>Super Expo-sciences<\/i> Hydro-Qu\u00e9bec, finale qu\u00e9b\u00e9coise, aura lieu du 18 au 21 avril 2013 au hangar de la Zone portuaire de Chicoutimi. Le jugement aura lieu le vendredi 19 avril en apr\u00e8s-midi. Il est \u00e0 noter qu\u2019il est n\u00e9cessaire de d\u00e9tenir au minimum un baccalaur\u00e9at afin de juger \u00e0 la <i>Super Expo-sciences<\/i> Hydro-Qu\u00e9bec.<\/p>\n<p style=\"text-align: justify\">Vous aimeriez \u00eatre juge et rencontrer de jeunes scientifiques dynamiques?<br \/>\n<b>Inscrivez-vous en ligne au <\/b><span style=\"color: #5a7411\"><a href=\"https:\/\/sgi.multispectra.ca\/juges\/\"><span style=\"color: #5a7411\"><b>https:\/\/sgi.multispectra.ca\/juges\/<\/b><\/span><\/a><\/span>.<\/p>\n<p style=\"text-align: justify\"><b><br \/>\nRenseignements\u00a0:<br \/>\n<\/b>Robert Loiselle, responsable de laboratoire de biologie et charg\u00e9 de cours<br \/>\nD\u00e9partement des sciences fondamentales<br \/>\nUniversit\u00e9 du Qu\u00e9bec \u00e0 Chicoutimi<br \/>\n418\u00a0545-5011, poste\u00a02461\u00a0 \u25aa\u00a0 <span style=\"color: #5a7411\"><a href=\"mailto:robert_loiselle@uqac.ca\"><span style=\"color: #5a7411\">robert_loiselle@uqac.ca<\/span><\/a><\/span><\/p>\n","protected":false},"excerpt":{"rendered":"<p>Robert Loiselle, responsable de laboratoire de biologie au D\u00e9partement des sciences fondamentales et \u00e9galement juge en chef \u00e0 l\u2019Expo-sciences Hydro-Qu\u00e9bec 2013, invite les professeurs et les \u00e9tudiants aux cycles sup\u00e9rieurs de l\u2019UQAC \u00e0 participer \u00e0 ces deux \u00e9v\u00e9nements. Expo-sciences Hydro-Qu\u00e9bec La 49e \u00e9dition de la finale r\u00e9gionale de l&rsquo;Expo-sciences Hydro-Qu\u00e9bec aura lieu \u00e0 la Cit\u00e9 [&hellip;]<\/p>\n","protected":false},"author":5,"featured_media":20989,"comment_status":"closed","ping_status":"open","sticky":false,"template":"","format":"standard","meta":{"footnotes":""},"categories":[2772],"tags":[1836,1036,501],"yoast_head":"<!-- This site is optimized with the Yoast SEO plugin v24.2 - https:\/\/yoast.com\/wordpress\/plugins\/seo\/ -->\r\n<title>Deux Expo-sciences plut\u00f4t qu\u2019une! - UQACtualit\u00e9s<\/title>\r\n<meta name=\"robots\" content=\"index, follow, max-snippet:-1, max-image-preview:large, max-video-preview:-1\" \/>\r\n<link rel=\"canonical\" href=\"https:\/\/www.uqac.ca\/uqactualites\/2013\/01\/21\/deux-expo-sciences-plutot-quune\/\" \/>\r\n<meta property=\"og:locale\" content=\"fr_CA\" \/>\r\n<meta property=\"og:type\" content=\"article\" \/>\r\n<meta property=\"og:title\" content=\"Deux Expo-sciences plut\u00f4t qu\u2019une! - UQACtualit\u00e9s\" \/>\r\n<meta property=\"og:description\" content=\"Robert Loiselle, responsable de laboratoire de biologie au D\u00e9partement des sciences fondamentales et \u00e9galement juge en chef \u00e0 l\u2019Expo-sciences Hydro-Qu\u00e9bec 2013, invite les professeurs et les \u00e9tudiants aux cycles sup\u00e9rieurs de l\u2019UQAC \u00e0 participer \u00e0 ces deux \u00e9v\u00e9nements. Expo-sciences Hydro-Qu\u00e9bec La 49e \u00e9dition de la finale r\u00e9gionale de l&rsquo;Expo-sciences Hydro-Qu\u00e9bec aura lieu \u00e0 la Cit\u00e9 [&hellip;]\" \/>\r\n<meta property=\"og:url\" content=\"https:\/\/www.uqac.ca\/uqactualites\/2013\/01\/21\/deux-expo-sciences-plutot-quune\/\" \/>\r\n<meta property=\"og:site_name\" content=\"UQACtualit\u00e9s\" \/>\r\n<meta property=\"article:published_time\" content=\"2013-01-21T15:16:16+00:00\" \/>\r\n<meta property=\"og:image\" content=\"https:\/\/www.uqac.ca\/uqactualites\/wp-content\/uploads\/2012\/05\/avis-laCommunaut-.jpg\" \/>\r\n\t<meta property=\"og:image:width\" content=\"620\" \/>\r\n\t<meta property=\"og:image:height\" content=\"300\" \/>\r\n\t<meta property=\"og:image:type\" content=\"image\/jpeg\" \/>\r\n<meta name=\"author\" content=\"Service des communications et des relations publiques\" \/>\r\n<meta name=\"twitter:card\" content=\"summary_large_image\" \/>\r\n<meta name=\"twitter:label1\" content=\"\u00c9crit par\" \/>\n\t<meta name=\"twitter:data1\" content=\"Service des communications et des relations publiques\" \/>\n\t<meta name=\"twitter:label2\" content=\"Estimation du temps de lecture\" \/>\n\t<meta name=\"twitter:data2\" content=\"1 minute\" \/>\r\n<script type=\"application\/ld+json\" class=\"yoast-schema-graph\">{\"@context\":\"https:\/\/schema.org\",\"@graph\":[{\"@type\":\"WebPage\",\"@id\":\"https:\/\/www.uqac.ca\/uqactualites\/2013\/01\/21\/deux-expo-sciences-plutot-quune\/\",\"url\":\"https:\/\/www.uqac.ca\/uqactualites\/2013\/01\/21\/deux-expo-sciences-plutot-quune\/\",\"name\":\"Deux Expo-sciences plut\u00f4t qu\u2019une! - UQACtualit\u00e9s\",\"isPartOf\":{\"@id\":\"https:\/\/www.uqac.ca\/uqactualites\/#website\"},\"primaryImageOfPage\":{\"@id\":\"https:\/\/www.uqac.ca\/uqactualites\/2013\/01\/21\/deux-expo-sciences-plutot-quune\/#primaryimage\"},\"image\":{\"@id\":\"https:\/\/www.uqac.ca\/uqactualites\/2013\/01\/21\/deux-expo-sciences-plutot-quune\/#primaryimage\"},\"thumbnailUrl\":\"https:\/\/www.uqac.ca\/uqactualites\/wp-content\/uploads\/2012\/05\/avis-laCommunaut-.jpg\",\"datePublished\":\"2013-01-21T15:16:16+00:00\",\"dateModified\":\"2013-01-21T15:16:16+00:00\",\"author\":{\"@id\":\"https:\/\/www.uqac.ca\/uqactualites\/#\/schema\/person\/366c45a0c4f0e677b41b4af5886e2018\"},\"breadcrumb\":{\"@id\":\"https:\/\/www.uqac.ca\/uqactualites\/2013\/01\/21\/deux-expo-sciences-plutot-quune\/#breadcrumb\"},\"inLanguage\":\"fr-CA\",\"potentialAction\":[{\"@type\":\"ReadAction\",\"target\":[\"https:\/\/www.uqac.ca\/uqactualites\/2013\/01\/21\/deux-expo-sciences-plutot-quune\/\"]}]},{\"@type\":\"ImageObject\",\"inLanguage\":\"fr-CA\",\"@id\":\"https:\/\/www.uqac.ca\/uqactualites\/2013\/01\/21\/deux-expo-sciences-plutot-quune\/#primaryimage\",\"url\":\"https:\/\/www.uqac.ca\/uqactualites\/wp-content\/uploads\/2012\/05\/avis-laCommunaut-.jpg\",\"contentUrl\":\"https:\/\/www.uqac.ca\/uqactualites\/wp-content\/uploads\/2012\/05\/avis-laCommunaut-.jpg\",\"width\":620,\"height\":300},{\"@type\":\"BreadcrumbList\",\"@id\":\"https:\/\/www.uqac.ca\/uqactualites\/2013\/01\/21\/deux-expo-sciences-plutot-quune\/#breadcrumb\",\"itemListElement\":[{\"@type\":\"ListItem\",\"position\":1,\"name\":\"Home\",\"item\":\"https:\/\/www.uqac.ca\/uqactualites\/\"},{\"@type\":\"ListItem\",\"position\":2,\"name\":\"Deux Expo-sciences plut\u00f4t qu\u2019une!\"}]},{\"@type\":\"WebSite\",\"@id\":\"https:\/\/www.uqac.ca\/uqactualites\/#website\",\"url\":\"https:\/\/www.uqac.ca\/uqactualites\/\",\"name\":\"UQACtualit\u00e9s\",\"description\":\"Le portail des nouvelles de l&#039;UQAC\",\"potentialAction\":[{\"@type\":\"SearchAction\",\"target\":{\"@type\":\"EntryPoint\",\"urlTemplate\":\"https:\/\/www.uqac.ca\/uqactualites\/?s={search_term_string}\"},\"query-input\":{\"@type\":\"PropertyValueSpecification\",\"valueRequired\":true,\"valueName\":\"search_term_string\"}}],\"inLanguage\":\"fr-CA\"},{\"@type\":\"Person\",\"@id\":\"https:\/\/www.uqac.ca\/uqactualites\/#\/schema\/person\/366c45a0c4f0e677b41b4af5886e2018\",\"name\":\"Service des communications et des relations publiques\",\"image\":{\"@type\":\"ImageObject\",\"inLanguage\":\"fr-CA\",\"@id\":\"https:\/\/www.uqac.ca\/uqactualites\/#\/schema\/person\/image\/\",\"url\":\"https:\/\/secure.gravatar.com\/avatar\/20fbbda8a292f59f2d3461a5b999c00b?s=96&d=mm&r=g\",\"contentUrl\":\"https:\/\/secure.gravatar.com\/avatar\/20fbbda8a292f59f2d3461a5b999c00b?s=96&d=mm&r=g\",\"caption\":\"Service des communications et des relations publiques\"},\"url\":\"https:\/\/www.uqac.ca\/uqactualites\/author\/bap\/\"}]}<\/script>\r\n<!-- \/ Yoast SEO plugin. -->","yoast_head_json":{"title":"Deux Expo-sciences plut\u00f4t qu\u2019une! - UQACtualit\u00e9s","robots":{"index":"index","follow":"follow","max-snippet":"max-snippet:-1","max-image-preview":"max-image-preview:large","max-video-preview":"max-video-preview:-1"},"canonical":"https:\/\/www.uqac.ca\/uqactualites\/2013\/01\/21\/deux-expo-sciences-plutot-quune\/","og_locale":"fr_CA","og_type":"article","og_title":"Deux Expo-sciences plut\u00f4t qu\u2019une! - UQACtualit\u00e9s","og_description":"Robert Loiselle, responsable de laboratoire de biologie au D\u00e9partement des sciences fondamentales et \u00e9galement juge en chef \u00e0 l\u2019Expo-sciences Hydro-Qu\u00e9bec 2013, invite les professeurs et les \u00e9tudiants aux cycles sup\u00e9rieurs de l\u2019UQAC \u00e0 participer \u00e0 ces deux \u00e9v\u00e9nements. Expo-sciences Hydro-Qu\u00e9bec La 49e \u00e9dition de la finale r\u00e9gionale de l&rsquo;Expo-sciences Hydro-Qu\u00e9bec aura lieu \u00e0 la Cit\u00e9 [&hellip;]","og_url":"https:\/\/www.uqac.ca\/uqactualites\/2013\/01\/21\/deux-expo-sciences-plutot-quune\/","og_site_name":"UQACtualit\u00e9s","article_published_time":"2013-01-21T15:16:16+00:00","og_image":[{"width":620,"height":300,"url":"https:\/\/www.uqac.ca\/uqactualites\/wp-content\/uploads\/2012\/05\/avis-laCommunaut-.jpg","type":"image\/jpeg"}],"author":"Service des communications et des relations publiques","twitter_card":"summary_large_image","twitter_misc":{"\u00c9crit par":"Service des communications et des relations publiques","Estimation du temps de lecture":"1 minute"},"schema":{"@context":"https:\/\/schema.org","@graph":[{"@type":"WebPage","@id":"https:\/\/www.uqac.ca\/uqactualites\/2013\/01\/21\/deux-expo-sciences-plutot-quune\/","url":"https:\/\/www.uqac.ca\/uqactualites\/2013\/01\/21\/deux-expo-sciences-plutot-quune\/","name":"Deux Expo-sciences plut\u00f4t qu\u2019une! - UQACtualit\u00e9s","isPartOf":{"@id":"https:\/\/www.uqac.ca\/uqactualites\/#website"},"primaryImageOfPage":{"@id":"https:\/\/www.uqac.ca\/uqactualites\/2013\/01\/21\/deux-expo-sciences-plutot-quune\/#primaryimage"},"image":{"@id":"https:\/\/www.uqac.ca\/uqactualites\/2013\/01\/21\/deux-expo-sciences-plutot-quune\/#primaryimage"},"thumbnailUrl":"https:\/\/www.uqac.ca\/uqactualites\/wp-content\/uploads\/2012\/05\/avis-laCommunaut-.jpg","datePublished":"2013-01-21T15:16:16+00:00","dateModified":"2013-01-21T15:16:16+00:00","author":{"@id":"https:\/\/www.uqac.ca\/uqactualites\/#\/schema\/person\/366c45a0c4f0e677b41b4af5886e2018"},"breadcrumb":{"@id":"https:\/\/www.uqac.ca\/uqactualites\/2013\/01\/21\/deux-expo-sciences-plutot-quune\/#breadcrumb"},"inLanguage":"fr-CA","potentialAction":[{"@type":"ReadAction","target":["https:\/\/www.uqac.ca\/uqactualites\/2013\/01\/21\/deux-expo-sciences-plutot-quune\/"]}]},{"@type":"ImageObject","inLanguage":"fr-CA","@id":"https:\/\/www.uqac.ca\/uqactualites\/2013\/01\/21\/deux-expo-sciences-plutot-quune\/#primaryimage","url":"https:\/\/www.uqac.ca\/uqactualites\/wp-content\/uploads\/2012\/05\/avis-laCommunaut-.jpg","contentUrl":"https:\/\/www.uqac.ca\/uqactualites\/wp-content\/uploads\/2012\/05\/avis-laCommunaut-.jpg","width":620,"height":300},{"@type":"BreadcrumbList","@id":"https:\/\/www.uqac.ca\/uqactualites\/2013\/01\/21\/deux-expo-sciences-plutot-quune\/#breadcrumb","itemListElement":[{"@type":"ListItem","position":1,"name":"Home","item":"https:\/\/www.uqac.ca\/uqactualites\/"},{"@type":"ListItem","position":2,"name":"Deux Expo-sciences plut\u00f4t qu\u2019une!"}]},{"@type":"WebSite","@id":"https:\/\/www.uqac.ca\/uqactualites\/#website","url":"https:\/\/www.uqac.ca\/uqactualites\/","name":"UQACtualit\u00e9s","description":"Le portail des nouvelles de l&#039;UQAC","potentialAction":[{"@type":"SearchAction","target":{"@type":"EntryPoint","urlTemplate":"https:\/\/www.uqac.ca\/uqactualites\/?s={search_term_string}"},"query-input":{"@type":"PropertyValueSpecification","valueRequired":true,"valueName":"search_term_string"}}],"inLanguage":"fr-CA"},{"@type":"Person","@id":"https:\/\/www.uqac.ca\/uqactualites\/#\/schema\/person\/366c45a0c4f0e677b41b4af5886e2018","name":"Service des communications et des relations publiques","image":{"@type":"ImageObject","inLanguage":"fr-CA","@id":"https:\/\/www.uqac.ca\/uqactualites\/#\/schema\/person\/image\/","url":"https:\/\/secure.gravatar.com\/avatar\/20fbbda8a292f59f2d3461a5b999c00b?s=96&d=mm&r=g","contentUrl":"https:\/\/secure.gravatar.com\/avatar\/20fbbda8a292f59f2d3461a5b999c00b?s=96&d=mm&r=g","caption":"Service des communications et des relations publiques"},"url":"https:\/\/www.uqac.ca\/uqactualites\/author\/bap\/"}]}},"_links":{"self":[{"href":"https:\/\/www.uqac.ca\/uqactualites\/wp-json\/wp\/v2\/posts\/22715"}],"collection":[{"href":"https:\/\/www.uqac.ca\/uqactualites\/wp-json\/wp\/v2\/posts"}],"about":[{"href":"https:\/\/www.uqac.ca\/uqactualites\/wp-json\/wp\/v2\/types\/post"}],"author":[{"embeddable":true,"href":"https:\/\/www.uqac.ca\/uqactualites\/wp-json\/wp\/v2\/users\/5"}],"replies":[{"embeddable":true,"href":"https:\/\/www.uqac.ca\/uqactualites\/wp-json\/wp\/v2\/comments?post=22715"}],"version-history":[{"count":0,"href":"https:\/\/www.uqac.ca\/uqactualites\/wp-json\/wp\/v2\/posts\/22715\/revisions"}],"wp:featuredmedia":[{"embeddable":true,"href":"https:\/\/www.uqac.ca\/uqactualites\/wp-json\/wp\/v2\/media\/20989"}],"wp:attachment":[{"href":"https:\/\/www.uqac.ca\/uqactualites\/wp-json\/wp\/v2\/media?parent=22715"}],"wp:term":[{"taxonomy":"category","embeddable":true,"href":"https:\/\/www.uqac.ca\/uqactualites\/wp-json\/wp\/v2\/categories?post=22715"},{"taxonomy":"post_tag","embeddable":true,"href":"https:\/\/www.uqac.ca\/uqactualites\/wp-json\/wp\/v2\/tags?post=22715"}],"curies":[{"name":"wp","href":"https:\/\/api.w.org\/{rel}","templated":true}]}}