{"id":22782,"date":"2013-01-28T08:35:12","date_gmt":"2013-01-28T13:35:12","guid":{"rendered":"http:\/\/uqactualite.odev.ca\/?p=22782"},"modified":"2013-01-28T08:35:12","modified_gmt":"2013-01-28T13:35:12","slug":"aller-plus-loin-avec-les-sciences-lieu-dechanges-scientifiques","status":"publish","type":"post","link":"https:\/\/www.uqac.ca\/uqactualites\/2013\/01\/28\/aller-plus-loin-avec-les-sciences-lieu-dechanges-scientifiques\/","title":{"rendered":"Aller plus loin avec les sciences \u2013 Lieu d\u2019\u00e9changes scientifiques"},"content":{"rendered":"<p>Le comit\u00e9 organisateur invite toute la communaut\u00e9 universitaire, et particuli\u00e8rement les \u00e9tudiants, \u00e0 participer \u00e0 l\u2019\u00e9v\u00e9nement \u00ab\u00a0Aller plus loin avec les sciences\u00a0\u00bb\u00a0:<\/p>\n<p>&nbsp;<\/p>\n<p align=\"center\"><b>Mercredi 30 janvier 2013<\/b><\/p>\n<p align=\"center\">Centre social<\/p>\n<p style=\"text-align: left\" align=\"center\"><b>Au programme<\/b><\/p>\n<ul>\n<li>Exposition des r\u00e9sultats de projets de recherche du D\u00e9partement des sciences fondamentales et du D\u00e9partement des sciences appliqu\u00e9es ainsi que des groupes de recherche des c\u00e9geps de la r\u00e9gion<\/li>\n<li>Visite des laboratoires de recherche du DSF\u00a0et du DSA<\/li>\n<li>Capsules scientifiques<\/li>\n<\/ul>\n<p>&nbsp;<\/p>\n<p>Pour conna\u00eetre le contenu d\u00e9taill\u00e9 du programme, visitez le <span style=\"color: #5a7411\"><a href=\"http:\/\/www.uqac.ca\/chimie\/colloque\"><span style=\"color: #5a7411\"><b>www.uqac.ca\/chimie\/colloque<\/b><\/span><\/a>.<\/span><\/p>\n<p>&nbsp;<\/p>\n<p>&nbsp;<\/p>\n<p><b>Renseignements\u00a0:<\/b><\/p>\n<address>Cornelia Krause, professeure et directrice du Module des sciences fondamentales<\/address>\n<address>D\u00e9partement des sciences fondamentales<\/address>\n<address>Universit\u00e9 du Qu\u00e9bec \u00e0 Chicoutimi<\/address>\n<address>418 545-5011, poste\u00a05295\u00a0 \u25aa\u00a0 <span style=\"color: #5a7411\"><a href=\"mailto:cornelia.krause@uqac.ca\"><span style=\"color: #5a7411\">cornelia.krause@uqac.ca<\/span><\/a><\/span><\/address>\n<address>\u00a0<\/address>\n<address>Paul B\u00e9dard, professeur et responsable des programmes de 1<sup>er<\/sup> cycle<\/address>\n<address>D\u00e9partement des sciences appliqu\u00e9es<\/address>\n<address>Universit\u00e9 du Qu\u00e9bec \u00e0 Chicoutimi<\/address>\n<address>418 545-5011, poste\u00a02276\u00a0 \u25aa\u00a0 <span style=\"color: #5a7411\"><a href=\"mailto:paul.bedard@uqac.ca\"><span style=\"color: #5a7411\">paul.bedard@uqac.ca<\/span><\/a><\/span><\/address>\n","protected":false},"excerpt":{"rendered":"<p>Le comit\u00e9 organisateur invite toute la communaut\u00e9 universitaire, et particuli\u00e8rement les \u00e9tudiants, \u00e0 participer \u00e0 l\u2019\u00e9v\u00e9nement \u00ab\u00a0Aller plus loin avec les sciences\u00a0\u00bb\u00a0: &nbsp; Mercredi 30 janvier 2013 Centre social Au programme Exposition des r\u00e9sultats de projets de recherche du D\u00e9partement des sciences fondamentales et du D\u00e9partement des sciences appliqu\u00e9es ainsi que des groupes de recherche [&hellip;]<\/p>\n","protected":false},"author":5,"featured_media":20989,"comment_status":"closed","ping_status":"open","sticky":false,"template":"","format":"standard","meta":{"footnotes":""},"categories":[2772],"tags":[975,101,297],"yoast_head":"<!-- This site is optimized with the Yoast SEO plugin v24.2 - https:\/\/yoast.com\/wordpress\/plugins\/seo\/ -->\r\n<title>Aller plus loin avec les sciences \u2013 Lieu d\u2019\u00e9changes scientifiques - UQACtualit\u00e9s<\/title>\r\n<meta name=\"robots\" content=\"index, follow, max-snippet:-1, max-image-preview:large, max-video-preview:-1\" \/>\r\n<link rel=\"canonical\" href=\"https:\/\/www.uqac.ca\/uqactualites\/2013\/01\/28\/aller-plus-loin-avec-les-sciences-lieu-dechanges-scientifiques\/\" \/>\r\n<meta property=\"og:locale\" content=\"fr_CA\" \/>\r\n<meta property=\"og:type\" content=\"article\" \/>\r\n<meta property=\"og:title\" content=\"Aller plus loin avec les sciences \u2013 Lieu d\u2019\u00e9changes scientifiques - UQACtualit\u00e9s\" \/>\r\n<meta property=\"og:description\" content=\"Le comit\u00e9 organisateur invite toute la communaut\u00e9 universitaire, et particuli\u00e8rement les \u00e9tudiants, \u00e0 participer \u00e0 l\u2019\u00e9v\u00e9nement \u00ab\u00a0Aller plus loin avec les sciences\u00a0\u00bb\u00a0: &nbsp; Mercredi 30 janvier 2013 Centre social Au programme Exposition des r\u00e9sultats de projets de recherche du D\u00e9partement des sciences fondamentales et du D\u00e9partement des sciences appliqu\u00e9es ainsi que des groupes de recherche [&hellip;]\" \/>\r\n<meta property=\"og:url\" content=\"https:\/\/www.uqac.ca\/uqactualites\/2013\/01\/28\/aller-plus-loin-avec-les-sciences-lieu-dechanges-scientifiques\/\" \/>\r\n<meta property=\"og:site_name\" content=\"UQACtualit\u00e9s\" \/>\r\n<meta property=\"article:published_time\" content=\"2013-01-28T13:35:12+00:00\" \/>\r\n<meta property=\"og:image\" content=\"https:\/\/www.uqac.ca\/uqactualites\/wp-content\/uploads\/2012\/05\/avis-laCommunaut-.jpg\" \/>\r\n\t<meta property=\"og:image:width\" content=\"620\" \/>\r\n\t<meta property=\"og:image:height\" content=\"300\" \/>\r\n\t<meta property=\"og:image:type\" content=\"image\/jpeg\" \/>\r\n<meta name=\"author\" content=\"Service des communications et des relations publiques\" \/>\r\n<meta name=\"twitter:card\" content=\"summary_large_image\" \/>\r\n<meta name=\"twitter:label1\" content=\"\u00c9crit par\" \/>\n\t<meta name=\"twitter:data1\" content=\"Service des communications et des relations publiques\" \/>\n\t<meta name=\"twitter:label2\" content=\"Estimation du temps de lecture\" \/>\n\t<meta name=\"twitter:data2\" content=\"1 minute\" \/>\r\n<script type=\"application\/ld+json\" class=\"yoast-schema-graph\">{\"@context\":\"https:\/\/schema.org\",\"@graph\":[{\"@type\":\"WebPage\",\"@id\":\"https:\/\/www.uqac.ca\/uqactualites\/2013\/01\/28\/aller-plus-loin-avec-les-sciences-lieu-dechanges-scientifiques\/\",\"url\":\"https:\/\/www.uqac.ca\/uqactualites\/2013\/01\/28\/aller-plus-loin-avec-les-sciences-lieu-dechanges-scientifiques\/\",\"name\":\"Aller plus loin avec les sciences \u2013 Lieu d\u2019\u00e9changes scientifiques - UQACtualit\u00e9s\",\"isPartOf\":{\"@id\":\"https:\/\/www.uqac.ca\/uqactualites\/#website\"},\"primaryImageOfPage\":{\"@id\":\"https:\/\/www.uqac.ca\/uqactualites\/2013\/01\/28\/aller-plus-loin-avec-les-sciences-lieu-dechanges-scientifiques\/#primaryimage\"},\"image\":{\"@id\":\"https:\/\/www.uqac.ca\/uqactualites\/2013\/01\/28\/aller-plus-loin-avec-les-sciences-lieu-dechanges-scientifiques\/#primaryimage\"},\"thumbnailUrl\":\"https:\/\/www.uqac.ca\/uqactualites\/wp-content\/uploads\/2012\/05\/avis-laCommunaut-.jpg\",\"datePublished\":\"2013-01-28T13:35:12+00:00\",\"dateModified\":\"2013-01-28T13:35:12+00:00\",\"author\":{\"@id\":\"https:\/\/www.uqac.ca\/uqactualites\/#\/schema\/person\/366c45a0c4f0e677b41b4af5886e2018\"},\"breadcrumb\":{\"@id\":\"https:\/\/www.uqac.ca\/uqactualites\/2013\/01\/28\/aller-plus-loin-avec-les-sciences-lieu-dechanges-scientifiques\/#breadcrumb\"},\"inLanguage\":\"fr-CA\",\"potentialAction\":[{\"@type\":\"ReadAction\",\"target\":[\"https:\/\/www.uqac.ca\/uqactualites\/2013\/01\/28\/aller-plus-loin-avec-les-sciences-lieu-dechanges-scientifiques\/\"]}]},{\"@type\":\"ImageObject\",\"inLanguage\":\"fr-CA\",\"@id\":\"https:\/\/www.uqac.ca\/uqactualites\/2013\/01\/28\/aller-plus-loin-avec-les-sciences-lieu-dechanges-scientifiques\/#primaryimage\",\"url\":\"https:\/\/www.uqac.ca\/uqactualites\/wp-content\/uploads\/2012\/05\/avis-laCommunaut-.jpg\",\"contentUrl\":\"https:\/\/www.uqac.ca\/uqactualites\/wp-content\/uploads\/2012\/05\/avis-laCommunaut-.jpg\",\"width\":620,\"height\":300},{\"@type\":\"BreadcrumbList\",\"@id\":\"https:\/\/www.uqac.ca\/uqactualites\/2013\/01\/28\/aller-plus-loin-avec-les-sciences-lieu-dechanges-scientifiques\/#breadcrumb\",\"itemListElement\":[{\"@type\":\"ListItem\",\"position\":1,\"name\":\"Home\",\"item\":\"https:\/\/www.uqac.ca\/uqactualites\/\"},{\"@type\":\"ListItem\",\"position\":2,\"name\":\"Aller plus loin avec les sciences \u2013 Lieu d\u2019\u00e9changes scientifiques\"}]},{\"@type\":\"WebSite\",\"@id\":\"https:\/\/www.uqac.ca\/uqactualites\/#website\",\"url\":\"https:\/\/www.uqac.ca\/uqactualites\/\",\"name\":\"UQACtualit\u00e9s\",\"description\":\"Le portail des nouvelles de l&#039;UQAC\",\"potentialAction\":[{\"@type\":\"SearchAction\",\"target\":{\"@type\":\"EntryPoint\",\"urlTemplate\":\"https:\/\/www.uqac.ca\/uqactualites\/?s={search_term_string}\"},\"query-input\":{\"@type\":\"PropertyValueSpecification\",\"valueRequired\":true,\"valueName\":\"search_term_string\"}}],\"inLanguage\":\"fr-CA\"},{\"@type\":\"Person\",\"@id\":\"https:\/\/www.uqac.ca\/uqactualites\/#\/schema\/person\/366c45a0c4f0e677b41b4af5886e2018\",\"name\":\"Service des communications et des relations publiques\",\"image\":{\"@type\":\"ImageObject\",\"inLanguage\":\"fr-CA\",\"@id\":\"https:\/\/www.uqac.ca\/uqactualites\/#\/schema\/person\/image\/\",\"url\":\"https:\/\/secure.gravatar.com\/avatar\/20fbbda8a292f59f2d3461a5b999c00b?s=96&d=mm&r=g\",\"contentUrl\":\"https:\/\/secure.gravatar.com\/avatar\/20fbbda8a292f59f2d3461a5b999c00b?s=96&d=mm&r=g\",\"caption\":\"Service des communications et des relations publiques\"},\"url\":\"https:\/\/www.uqac.ca\/uqactualites\/author\/bap\/\"}]}<\/script>\r\n<!-- \/ Yoast SEO plugin. -->","yoast_head_json":{"title":"Aller plus loin avec les sciences \u2013 Lieu d\u2019\u00e9changes scientifiques - UQACtualit\u00e9s","robots":{"index":"index","follow":"follow","max-snippet":"max-snippet:-1","max-image-preview":"max-image-preview:large","max-video-preview":"max-video-preview:-1"},"canonical":"https:\/\/www.uqac.ca\/uqactualites\/2013\/01\/28\/aller-plus-loin-avec-les-sciences-lieu-dechanges-scientifiques\/","og_locale":"fr_CA","og_type":"article","og_title":"Aller plus loin avec les sciences \u2013 Lieu d\u2019\u00e9changes scientifiques - UQACtualit\u00e9s","og_description":"Le comit\u00e9 organisateur invite toute la communaut\u00e9 universitaire, et particuli\u00e8rement les \u00e9tudiants, \u00e0 participer \u00e0 l\u2019\u00e9v\u00e9nement \u00ab\u00a0Aller plus loin avec les sciences\u00a0\u00bb\u00a0: &nbsp; Mercredi 30 janvier 2013 Centre social Au programme Exposition des r\u00e9sultats de projets de recherche du D\u00e9partement des sciences fondamentales et du D\u00e9partement des sciences appliqu\u00e9es ainsi que des groupes de recherche [&hellip;]","og_url":"https:\/\/www.uqac.ca\/uqactualites\/2013\/01\/28\/aller-plus-loin-avec-les-sciences-lieu-dechanges-scientifiques\/","og_site_name":"UQACtualit\u00e9s","article_published_time":"2013-01-28T13:35:12+00:00","og_image":[{"width":620,"height":300,"url":"https:\/\/www.uqac.ca\/uqactualites\/wp-content\/uploads\/2012\/05\/avis-laCommunaut-.jpg","type":"image\/jpeg"}],"author":"Service des communications et des relations publiques","twitter_card":"summary_large_image","twitter_misc":{"\u00c9crit par":"Service des communications et des relations publiques","Estimation du temps de lecture":"1 minute"},"schema":{"@context":"https:\/\/schema.org","@graph":[{"@type":"WebPage","@id":"https:\/\/www.uqac.ca\/uqactualites\/2013\/01\/28\/aller-plus-loin-avec-les-sciences-lieu-dechanges-scientifiques\/","url":"https:\/\/www.uqac.ca\/uqactualites\/2013\/01\/28\/aller-plus-loin-avec-les-sciences-lieu-dechanges-scientifiques\/","name":"Aller plus loin avec les sciences \u2013 Lieu d\u2019\u00e9changes scientifiques - UQACtualit\u00e9s","isPartOf":{"@id":"https:\/\/www.uqac.ca\/uqactualites\/#website"},"primaryImageOfPage":{"@id":"https:\/\/www.uqac.ca\/uqactualites\/2013\/01\/28\/aller-plus-loin-avec-les-sciences-lieu-dechanges-scientifiques\/#primaryimage"},"image":{"@id":"https:\/\/www.uqac.ca\/uqactualites\/2013\/01\/28\/aller-plus-loin-avec-les-sciences-lieu-dechanges-scientifiques\/#primaryimage"},"thumbnailUrl":"https:\/\/www.uqac.ca\/uqactualites\/wp-content\/uploads\/2012\/05\/avis-laCommunaut-.jpg","datePublished":"2013-01-28T13:35:12+00:00","dateModified":"2013-01-28T13:35:12+00:00","author":{"@id":"https:\/\/www.uqac.ca\/uqactualites\/#\/schema\/person\/366c45a0c4f0e677b41b4af5886e2018"},"breadcrumb":{"@id":"https:\/\/www.uqac.ca\/uqactualites\/2013\/01\/28\/aller-plus-loin-avec-les-sciences-lieu-dechanges-scientifiques\/#breadcrumb"},"inLanguage":"fr-CA","potentialAction":[{"@type":"ReadAction","target":["https:\/\/www.uqac.ca\/uqactualites\/2013\/01\/28\/aller-plus-loin-avec-les-sciences-lieu-dechanges-scientifiques\/"]}]},{"@type":"ImageObject","inLanguage":"fr-CA","@id":"https:\/\/www.uqac.ca\/uqactualites\/2013\/01\/28\/aller-plus-loin-avec-les-sciences-lieu-dechanges-scientifiques\/#primaryimage","url":"https:\/\/www.uqac.ca\/uqactualites\/wp-content\/uploads\/2012\/05\/avis-laCommunaut-.jpg","contentUrl":"https:\/\/www.uqac.ca\/uqactualites\/wp-content\/uploads\/2012\/05\/avis-laCommunaut-.jpg","width":620,"height":300},{"@type":"BreadcrumbList","@id":"https:\/\/www.uqac.ca\/uqactualites\/2013\/01\/28\/aller-plus-loin-avec-les-sciences-lieu-dechanges-scientifiques\/#breadcrumb","itemListElement":[{"@type":"ListItem","position":1,"name":"Home","item":"https:\/\/www.uqac.ca\/uqactualites\/"},{"@type":"ListItem","position":2,"name":"Aller plus loin avec les sciences \u2013 Lieu d\u2019\u00e9changes scientifiques"}]},{"@type":"WebSite","@id":"https:\/\/www.uqac.ca\/uqactualites\/#website","url":"https:\/\/www.uqac.ca\/uqactualites\/","name":"UQACtualit\u00e9s","description":"Le portail des nouvelles de l&#039;UQAC","potentialAction":[{"@type":"SearchAction","target":{"@type":"EntryPoint","urlTemplate":"https:\/\/www.uqac.ca\/uqactualites\/?s={search_term_string}"},"query-input":{"@type":"PropertyValueSpecification","valueRequired":true,"valueName":"search_term_string"}}],"inLanguage":"fr-CA"},{"@type":"Person","@id":"https:\/\/www.uqac.ca\/uqactualites\/#\/schema\/person\/366c45a0c4f0e677b41b4af5886e2018","name":"Service des communications et des relations publiques","image":{"@type":"ImageObject","inLanguage":"fr-CA","@id":"https:\/\/www.uqac.ca\/uqactualites\/#\/schema\/person\/image\/","url":"https:\/\/secure.gravatar.com\/avatar\/20fbbda8a292f59f2d3461a5b999c00b?s=96&d=mm&r=g","contentUrl":"https:\/\/secure.gravatar.com\/avatar\/20fbbda8a292f59f2d3461a5b999c00b?s=96&d=mm&r=g","caption":"Service des communications et des relations publiques"},"url":"https:\/\/www.uqac.ca\/uqactualites\/author\/bap\/"}]}},"_links":{"self":[{"href":"https:\/\/www.uqac.ca\/uqactualites\/wp-json\/wp\/v2\/posts\/22782"}],"collection":[{"href":"https:\/\/www.uqac.ca\/uqactualites\/wp-json\/wp\/v2\/posts"}],"about":[{"href":"https:\/\/www.uqac.ca\/uqactualites\/wp-json\/wp\/v2\/types\/post"}],"author":[{"embeddable":true,"href":"https:\/\/www.uqac.ca\/uqactualites\/wp-json\/wp\/v2\/users\/5"}],"replies":[{"embeddable":true,"href":"https:\/\/www.uqac.ca\/uqactualites\/wp-json\/wp\/v2\/comments?post=22782"}],"version-history":[{"count":0,"href":"https:\/\/www.uqac.ca\/uqactualites\/wp-json\/wp\/v2\/posts\/22782\/revisions"}],"wp:featuredmedia":[{"embeddable":true,"href":"https:\/\/www.uqac.ca\/uqactualites\/wp-json\/wp\/v2\/media\/20989"}],"wp:attachment":[{"href":"https:\/\/www.uqac.ca\/uqactualites\/wp-json\/wp\/v2\/media?parent=22782"}],"wp:term":[{"taxonomy":"category","embeddable":true,"href":"https:\/\/www.uqac.ca\/uqactualites\/wp-json\/wp\/v2\/categories?post=22782"},{"taxonomy":"post_tag","embeddable":true,"href":"https:\/\/www.uqac.ca\/uqactualites\/wp-json\/wp\/v2\/tags?post=22782"}],"curies":[{"name":"wp","href":"https:\/\/api.w.org\/{rel}","templated":true}]}}