{"id":22786,"date":"2013-01-28T09:09:38","date_gmt":"2013-01-28T14:09:38","guid":{"rendered":"http:\/\/uqactualite.odev.ca\/?p=22786"},"modified":"2013-01-28T09:09:38","modified_gmt":"2013-01-28T14:09:38","slug":"webinaire-integration-des-enjeux-du-developpement-durable-dans-la-formation-universitaire","status":"publish","type":"post","link":"https:\/\/www.uqac.ca\/uqactualites\/2013\/01\/28\/webinaire-integration-des-enjeux-du-developpement-durable-dans-la-formation-universitaire\/","title":{"rendered":"webinaire: Int\u00e9gration des enjeux du d\u00e9veloppement durable dans la formation universitaire"},"content":{"rendered":"<p style=\"text-align: justify\">Les webinaires SYNAPSE sont offerts par la Chaire en \u00e9co-conseil de l\u2019Universit\u00e9 du Qu\u00e9bec \u00e0 Chicoutimi (UQAC) afin de faciliter le transfert de connaissances entre les chercheurs et les professionnels de d\u00e9veloppement durable sur le terrain; une bonne fa\u00e7on de se tenir aux faits des nouvelles applications du DD tout en \u00e9vitant les d\u00e9placements.<\/p>\n<p style=\"text-align: left\">Le webinaire \u00ab <strong>Int\u00e9gration des enjeux du d\u00e9veloppement durable dans la formation universitaire, exemple de l\u2019Universit\u00e9 Laval <\/strong>\u00bb sera diffus\u00e9 en direct le 5 f\u00e9vrier 2013, de 13 heures \u00e0 14\u00a0h\u00a015.<\/p>\n<p style=\"text-align: justify\">Initier tous ses \u00e9tudiants de premier cycle aux enjeux reli\u00e9s au d\u00e9veloppement durable, voici le d\u00e9fi que s\u2019est lanc\u00e9 l\u2019Universit\u00e9 Laval. Diff\u00e9rentes approches ont \u00e9t\u00e9 retenues : incitatif financier, offre de cours, modification au r\u00e8glement des \u00e9tudes, mention au dipl\u00f4me\u2026 La pr\u00e9sentation exposera les bons coups (\u00e0 l\u2019int\u00e9rieur des cours ET par une approche-programme) ainsi que les d\u00e9fis entourant la mise en place d\u2019une structure souple qui respecte les d\u00e9sirs d\u2019engagement de l\u2019\u00e9tudiant et la structure des diff\u00e9rents programmes. Monsieur Daniel Forget, coordonnateur d\u2019op\u00e9rations \u00e0 l\u2019Universit\u00e9 Laval, sera le pr\u00e9sentateur de ce webinaire.<\/p>\n<p style=\"text-align: justify\">Pour plus d&rsquo;information et pour s&rsquo;inscrire: <span style=\"color: #5a7411\"><a href=\"http:\/\/synapse.uqac.ca\/2013\/webinaire-synapse-integration-des-enjeux-du-developpement-durable-dans-la-formation-universitaire-exemple-de-luniversite-laval\/\"><span style=\"color: #5a7411\">http:\/\/synapse.uqac.ca\/2013\/webinaire-synapse-integration-des-enjeux-du-developpement-durable-dans-la-formation-universitaire-exemple-de-luniversite-laval\/<\/span><\/a><\/span><\/p>\n<p style=\"text-align: left\">Pour consulter la programmation compl\u00e8te des webinaires SYNAPSE saison 2012-2013: <span style=\"color: #5a7411\"><a href=\"http:\/\/synapse.uqac.ca\/webinaires-synapse\/\"><span style=\"color: #5a7411\">http:\/\/synapse.uqac.ca\/webinaires-synapse\/<\/span><\/a><\/span><\/p>\n<p style=\"text-align: justify\">Si vous avez des questions, ou si vous souhaitez pr\u00e9senter un webinaire \u00e0 la communaut\u00e9 SYNAPSE, n\u2019h\u00e9sitez pas \u00e0 nous\u00a0joindre\u00a0au : <span style=\"color: #5a7411\"><a href=\"mailto:synapse@uqac.ca\"><span style=\"color: #5a7411\">synapse@uqac.ca<\/span><\/a><\/span><\/p>\n<p style=\"text-align: justify\">Bon webinaire\u00a0!<\/p>\n<p style=\"text-align: justify\">source:<\/p>\n<address>Jos\u00e9e Vermette<\/address>\n<address>Agent de recherche<\/address>\n<address>Chaire en \u00e9co-conseil, UQAC<\/address>\n<address>418-545-5011 poste 2574<\/address>\n<address><span style=\"color: #5a7411\"><a href=\"mailto:synapse@uqac.ca\"><span style=\"color: #5a7411\">synapse@uqac.ca<\/span><\/a><\/span><\/address>\n<address><span style=\"color: #5a7411\"><a href=\"mailto:josee.vermette@uqac.ca\"><span style=\"color: #5a7411\">josee.vermette@uqac.ca<\/span><\/a><\/span><\/address>\n","protected":false},"excerpt":{"rendered":"<p>Les webinaires SYNAPSE sont offerts par la Chaire en \u00e9co-conseil de l\u2019Universit\u00e9 du Qu\u00e9bec \u00e0 Chicoutimi (UQAC) afin de faciliter le transfert de connaissances entre les chercheurs et les professionnels de d\u00e9veloppement durable sur le terrain; une bonne fa\u00e7on de se tenir aux faits des nouvelles applications du DD tout en \u00e9vitant les d\u00e9placements. Le [&hellip;]<\/p>\n","protected":false},"author":5,"featured_media":20989,"comment_status":"closed","ping_status":"open","sticky":false,"template":"","format":"standard","meta":{"footnotes":""},"categories":[2772],"tags":[337,546,843],"yoast_head":"<!-- This site is optimized with the Yoast SEO plugin v24.2 - https:\/\/yoast.com\/wordpress\/plugins\/seo\/ -->\r\n<title>webinaire: Int\u00e9gration des enjeux du d\u00e9veloppement durable dans la formation universitaire - UQACtualit\u00e9s<\/title>\r\n<meta name=\"robots\" content=\"index, follow, max-snippet:-1, max-image-preview:large, max-video-preview:-1\" \/>\r\n<link rel=\"canonical\" href=\"https:\/\/www.uqac.ca\/uqactualites\/2013\/01\/28\/webinaire-integration-des-enjeux-du-developpement-durable-dans-la-formation-universitaire\/\" \/>\r\n<meta property=\"og:locale\" content=\"fr_CA\" \/>\r\n<meta property=\"og:type\" content=\"article\" \/>\r\n<meta property=\"og:title\" content=\"webinaire: Int\u00e9gration des enjeux du d\u00e9veloppement durable dans la formation universitaire - UQACtualit\u00e9s\" \/>\r\n<meta property=\"og:description\" content=\"Les webinaires SYNAPSE sont offerts par la Chaire en \u00e9co-conseil de l\u2019Universit\u00e9 du Qu\u00e9bec \u00e0 Chicoutimi (UQAC) afin de faciliter le transfert de connaissances entre les chercheurs et les professionnels de d\u00e9veloppement durable sur le terrain; une bonne fa\u00e7on de se tenir aux faits des nouvelles applications du DD tout en \u00e9vitant les d\u00e9placements. Le [&hellip;]\" \/>\r\n<meta property=\"og:url\" content=\"https:\/\/www.uqac.ca\/uqactualites\/2013\/01\/28\/webinaire-integration-des-enjeux-du-developpement-durable-dans-la-formation-universitaire\/\" \/>\r\n<meta property=\"og:site_name\" content=\"UQACtualit\u00e9s\" \/>\r\n<meta property=\"article:published_time\" content=\"2013-01-28T14:09:38+00:00\" \/>\r\n<meta property=\"og:image\" content=\"https:\/\/www.uqac.ca\/uqactualites\/wp-content\/uploads\/2012\/05\/avis-laCommunaut-.jpg\" \/>\r\n\t<meta property=\"og:image:width\" content=\"620\" \/>\r\n\t<meta property=\"og:image:height\" content=\"300\" \/>\r\n\t<meta property=\"og:image:type\" content=\"image\/jpeg\" \/>\r\n<meta name=\"author\" content=\"Service des communications et des relations publiques\" \/>\r\n<meta name=\"twitter:card\" content=\"summary_large_image\" \/>\r\n<meta name=\"twitter:label1\" content=\"\u00c9crit par\" \/>\n\t<meta name=\"twitter:data1\" content=\"Service des communications et des relations publiques\" \/>\n\t<meta name=\"twitter:label2\" content=\"Estimation du temps de lecture\" \/>\n\t<meta name=\"twitter:data2\" content=\"1 minute\" \/>\r\n<script type=\"application\/ld+json\" class=\"yoast-schema-graph\">{\"@context\":\"https:\/\/schema.org\",\"@graph\":[{\"@type\":\"WebPage\",\"@id\":\"https:\/\/www.uqac.ca\/uqactualites\/2013\/01\/28\/webinaire-integration-des-enjeux-du-developpement-durable-dans-la-formation-universitaire\/\",\"url\":\"https:\/\/www.uqac.ca\/uqactualites\/2013\/01\/28\/webinaire-integration-des-enjeux-du-developpement-durable-dans-la-formation-universitaire\/\",\"name\":\"webinaire: Int\u00e9gration des enjeux du d\u00e9veloppement durable dans la formation universitaire - UQACtualit\u00e9s\",\"isPartOf\":{\"@id\":\"https:\/\/www.uqac.ca\/uqactualites\/#website\"},\"primaryImageOfPage\":{\"@id\":\"https:\/\/www.uqac.ca\/uqactualites\/2013\/01\/28\/webinaire-integration-des-enjeux-du-developpement-durable-dans-la-formation-universitaire\/#primaryimage\"},\"image\":{\"@id\":\"https:\/\/www.uqac.ca\/uqactualites\/2013\/01\/28\/webinaire-integration-des-enjeux-du-developpement-durable-dans-la-formation-universitaire\/#primaryimage\"},\"thumbnailUrl\":\"https:\/\/www.uqac.ca\/uqactualites\/wp-content\/uploads\/2012\/05\/avis-laCommunaut-.jpg\",\"datePublished\":\"2013-01-28T14:09:38+00:00\",\"dateModified\":\"2013-01-28T14:09:38+00:00\",\"author\":{\"@id\":\"https:\/\/www.uqac.ca\/uqactualites\/#\/schema\/person\/366c45a0c4f0e677b41b4af5886e2018\"},\"breadcrumb\":{\"@id\":\"https:\/\/www.uqac.ca\/uqactualites\/2013\/01\/28\/webinaire-integration-des-enjeux-du-developpement-durable-dans-la-formation-universitaire\/#breadcrumb\"},\"inLanguage\":\"fr-CA\",\"potentialAction\":[{\"@type\":\"ReadAction\",\"target\":[\"https:\/\/www.uqac.ca\/uqactualites\/2013\/01\/28\/webinaire-integration-des-enjeux-du-developpement-durable-dans-la-formation-universitaire\/\"]}]},{\"@type\":\"ImageObject\",\"inLanguage\":\"fr-CA\",\"@id\":\"https:\/\/www.uqac.ca\/uqactualites\/2013\/01\/28\/webinaire-integration-des-enjeux-du-developpement-durable-dans-la-formation-universitaire\/#primaryimage\",\"url\":\"https:\/\/www.uqac.ca\/uqactualites\/wp-content\/uploads\/2012\/05\/avis-laCommunaut-.jpg\",\"contentUrl\":\"https:\/\/www.uqac.ca\/uqactualites\/wp-content\/uploads\/2012\/05\/avis-laCommunaut-.jpg\",\"width\":620,\"height\":300},{\"@type\":\"BreadcrumbList\",\"@id\":\"https:\/\/www.uqac.ca\/uqactualites\/2013\/01\/28\/webinaire-integration-des-enjeux-du-developpement-durable-dans-la-formation-universitaire\/#breadcrumb\",\"itemListElement\":[{\"@type\":\"ListItem\",\"position\":1,\"name\":\"Home\",\"item\":\"https:\/\/www.uqac.ca\/uqactualites\/\"},{\"@type\":\"ListItem\",\"position\":2,\"name\":\"webinaire: Int\u00e9gration des enjeux du d\u00e9veloppement durable dans la formation universitaire\"}]},{\"@type\":\"WebSite\",\"@id\":\"https:\/\/www.uqac.ca\/uqactualites\/#website\",\"url\":\"https:\/\/www.uqac.ca\/uqactualites\/\",\"name\":\"UQACtualit\u00e9s\",\"description\":\"Le portail des nouvelles de l&#039;UQAC\",\"potentialAction\":[{\"@type\":\"SearchAction\",\"target\":{\"@type\":\"EntryPoint\",\"urlTemplate\":\"https:\/\/www.uqac.ca\/uqactualites\/?s={search_term_string}\"},\"query-input\":{\"@type\":\"PropertyValueSpecification\",\"valueRequired\":true,\"valueName\":\"search_term_string\"}}],\"inLanguage\":\"fr-CA\"},{\"@type\":\"Person\",\"@id\":\"https:\/\/www.uqac.ca\/uqactualites\/#\/schema\/person\/366c45a0c4f0e677b41b4af5886e2018\",\"name\":\"Service des communications et des relations publiques\",\"image\":{\"@type\":\"ImageObject\",\"inLanguage\":\"fr-CA\",\"@id\":\"https:\/\/www.uqac.ca\/uqactualites\/#\/schema\/person\/image\/\",\"url\":\"https:\/\/secure.gravatar.com\/avatar\/20fbbda8a292f59f2d3461a5b999c00b?s=96&d=mm&r=g\",\"contentUrl\":\"https:\/\/secure.gravatar.com\/avatar\/20fbbda8a292f59f2d3461a5b999c00b?s=96&d=mm&r=g\",\"caption\":\"Service des communications et des relations publiques\"},\"url\":\"https:\/\/www.uqac.ca\/uqactualites\/author\/bap\/\"}]}<\/script>\r\n<!-- \/ Yoast SEO plugin. -->","yoast_head_json":{"title":"webinaire: Int\u00e9gration des enjeux du d\u00e9veloppement durable dans la formation universitaire - UQACtualit\u00e9s","robots":{"index":"index","follow":"follow","max-snippet":"max-snippet:-1","max-image-preview":"max-image-preview:large","max-video-preview":"max-video-preview:-1"},"canonical":"https:\/\/www.uqac.ca\/uqactualites\/2013\/01\/28\/webinaire-integration-des-enjeux-du-developpement-durable-dans-la-formation-universitaire\/","og_locale":"fr_CA","og_type":"article","og_title":"webinaire: Int\u00e9gration des enjeux du d\u00e9veloppement durable dans la formation universitaire - UQACtualit\u00e9s","og_description":"Les webinaires SYNAPSE sont offerts par la Chaire en \u00e9co-conseil de l\u2019Universit\u00e9 du Qu\u00e9bec \u00e0 Chicoutimi (UQAC) afin de faciliter le transfert de connaissances entre les chercheurs et les professionnels de d\u00e9veloppement durable sur le terrain; une bonne fa\u00e7on de se tenir aux faits des nouvelles applications du DD tout en \u00e9vitant les d\u00e9placements. Le [&hellip;]","og_url":"https:\/\/www.uqac.ca\/uqactualites\/2013\/01\/28\/webinaire-integration-des-enjeux-du-developpement-durable-dans-la-formation-universitaire\/","og_site_name":"UQACtualit\u00e9s","article_published_time":"2013-01-28T14:09:38+00:00","og_image":[{"width":620,"height":300,"url":"https:\/\/www.uqac.ca\/uqactualites\/wp-content\/uploads\/2012\/05\/avis-laCommunaut-.jpg","type":"image\/jpeg"}],"author":"Service des communications et des relations publiques","twitter_card":"summary_large_image","twitter_misc":{"\u00c9crit par":"Service des communications et des relations publiques","Estimation du temps de lecture":"1 minute"},"schema":{"@context":"https:\/\/schema.org","@graph":[{"@type":"WebPage","@id":"https:\/\/www.uqac.ca\/uqactualites\/2013\/01\/28\/webinaire-integration-des-enjeux-du-developpement-durable-dans-la-formation-universitaire\/","url":"https:\/\/www.uqac.ca\/uqactualites\/2013\/01\/28\/webinaire-integration-des-enjeux-du-developpement-durable-dans-la-formation-universitaire\/","name":"webinaire: Int\u00e9gration des enjeux du d\u00e9veloppement durable dans la formation universitaire - UQACtualit\u00e9s","isPartOf":{"@id":"https:\/\/www.uqac.ca\/uqactualites\/#website"},"primaryImageOfPage":{"@id":"https:\/\/www.uqac.ca\/uqactualites\/2013\/01\/28\/webinaire-integration-des-enjeux-du-developpement-durable-dans-la-formation-universitaire\/#primaryimage"},"image":{"@id":"https:\/\/www.uqac.ca\/uqactualites\/2013\/01\/28\/webinaire-integration-des-enjeux-du-developpement-durable-dans-la-formation-universitaire\/#primaryimage"},"thumbnailUrl":"https:\/\/www.uqac.ca\/uqactualites\/wp-content\/uploads\/2012\/05\/avis-laCommunaut-.jpg","datePublished":"2013-01-28T14:09:38+00:00","dateModified":"2013-01-28T14:09:38+00:00","author":{"@id":"https:\/\/www.uqac.ca\/uqactualites\/#\/schema\/person\/366c45a0c4f0e677b41b4af5886e2018"},"breadcrumb":{"@id":"https:\/\/www.uqac.ca\/uqactualites\/2013\/01\/28\/webinaire-integration-des-enjeux-du-developpement-durable-dans-la-formation-universitaire\/#breadcrumb"},"inLanguage":"fr-CA","potentialAction":[{"@type":"ReadAction","target":["https:\/\/www.uqac.ca\/uqactualites\/2013\/01\/28\/webinaire-integration-des-enjeux-du-developpement-durable-dans-la-formation-universitaire\/"]}]},{"@type":"ImageObject","inLanguage":"fr-CA","@id":"https:\/\/www.uqac.ca\/uqactualites\/2013\/01\/28\/webinaire-integration-des-enjeux-du-developpement-durable-dans-la-formation-universitaire\/#primaryimage","url":"https:\/\/www.uqac.ca\/uqactualites\/wp-content\/uploads\/2012\/05\/avis-laCommunaut-.jpg","contentUrl":"https:\/\/www.uqac.ca\/uqactualites\/wp-content\/uploads\/2012\/05\/avis-laCommunaut-.jpg","width":620,"height":300},{"@type":"BreadcrumbList","@id":"https:\/\/www.uqac.ca\/uqactualites\/2013\/01\/28\/webinaire-integration-des-enjeux-du-developpement-durable-dans-la-formation-universitaire\/#breadcrumb","itemListElement":[{"@type":"ListItem","position":1,"name":"Home","item":"https:\/\/www.uqac.ca\/uqactualites\/"},{"@type":"ListItem","position":2,"name":"webinaire: Int\u00e9gration des enjeux du d\u00e9veloppement durable dans la formation universitaire"}]},{"@type":"WebSite","@id":"https:\/\/www.uqac.ca\/uqactualites\/#website","url":"https:\/\/www.uqac.ca\/uqactualites\/","name":"UQACtualit\u00e9s","description":"Le portail des nouvelles de l&#039;UQAC","potentialAction":[{"@type":"SearchAction","target":{"@type":"EntryPoint","urlTemplate":"https:\/\/www.uqac.ca\/uqactualites\/?s={search_term_string}"},"query-input":{"@type":"PropertyValueSpecification","valueRequired":true,"valueName":"search_term_string"}}],"inLanguage":"fr-CA"},{"@type":"Person","@id":"https:\/\/www.uqac.ca\/uqactualites\/#\/schema\/person\/366c45a0c4f0e677b41b4af5886e2018","name":"Service des communications et des relations publiques","image":{"@type":"ImageObject","inLanguage":"fr-CA","@id":"https:\/\/www.uqac.ca\/uqactualites\/#\/schema\/person\/image\/","url":"https:\/\/secure.gravatar.com\/avatar\/20fbbda8a292f59f2d3461a5b999c00b?s=96&d=mm&r=g","contentUrl":"https:\/\/secure.gravatar.com\/avatar\/20fbbda8a292f59f2d3461a5b999c00b?s=96&d=mm&r=g","caption":"Service des communications et des relations publiques"},"url":"https:\/\/www.uqac.ca\/uqactualites\/author\/bap\/"}]}},"_links":{"self":[{"href":"https:\/\/www.uqac.ca\/uqactualites\/wp-json\/wp\/v2\/posts\/22786"}],"collection":[{"href":"https:\/\/www.uqac.ca\/uqactualites\/wp-json\/wp\/v2\/posts"}],"about":[{"href":"https:\/\/www.uqac.ca\/uqactualites\/wp-json\/wp\/v2\/types\/post"}],"author":[{"embeddable":true,"href":"https:\/\/www.uqac.ca\/uqactualites\/wp-json\/wp\/v2\/users\/5"}],"replies":[{"embeddable":true,"href":"https:\/\/www.uqac.ca\/uqactualites\/wp-json\/wp\/v2\/comments?post=22786"}],"version-history":[{"count":0,"href":"https:\/\/www.uqac.ca\/uqactualites\/wp-json\/wp\/v2\/posts\/22786\/revisions"}],"wp:featuredmedia":[{"embeddable":true,"href":"https:\/\/www.uqac.ca\/uqactualites\/wp-json\/wp\/v2\/media\/20989"}],"wp:attachment":[{"href":"https:\/\/www.uqac.ca\/uqactualites\/wp-json\/wp\/v2\/media?parent=22786"}],"wp:term":[{"taxonomy":"category","embeddable":true,"href":"https:\/\/www.uqac.ca\/uqactualites\/wp-json\/wp\/v2\/categories?post=22786"},{"taxonomy":"post_tag","embeddable":true,"href":"https:\/\/www.uqac.ca\/uqactualites\/wp-json\/wp\/v2\/tags?post=22786"}],"curies":[{"name":"wp","href":"https:\/\/api.w.org\/{rel}","templated":true}]}}