{"id":22897,"date":"2013-02-06T14:25:21","date_gmt":"2013-02-06T19:25:21","guid":{"rendered":"http:\/\/uqactualite.odev.ca\/?p=22897"},"modified":"2013-02-06T14:25:21","modified_gmt":"2013-02-06T19:25:21","slug":"le-conseil-dadministration-de-luqac-adopte-un-plan-de-retour-a-lequilibre-budgetaire","status":"publish","type":"post","link":"https:\/\/www.uqac.ca\/uqactualites\/2013\/02\/06\/le-conseil-dadministration-de-luqac-adopte-un-plan-de-retour-a-lequilibre-budgetaire\/","title":{"rendered":"Le conseil d\u2019administration de l\u2019UQAC adopte un plan de retour \u00e0 l\u2019\u00e9quilibre budg\u00e9taire"},"content":{"rendered":"<p style=\"text-align: justify\"><b>Saguenay, le 6 f\u00e9vrier 2013 <\/b>\u2013 Les membres du conseil d\u2019administration de l\u2019Universit\u00e9 du Qu\u00e9bec \u00e0 Chicoutimi ont adopt\u00e9 hier en s\u00e9ance r\u00e9guli\u00e8re le plan de retour \u00e0 l\u2019\u00e9quilibre budg\u00e9taire, qui s\u2019\u00e9chelonnera sur cinq ans, ainsi que la mise en place de mesures permettant de r\u00e9aliser les compressions impos\u00e9es par le ministre de l\u2019Enseignement sup\u00e9rieur, de la Recherche, de la Science et de la Technologie (MESRST).<\/p>\n<p style=\"text-align: justify\">Dans une communication envoy\u00e9e \u00e0 la communaut\u00e9 universitaire en d\u00e9but d\u2019ann\u00e9e, monsieur Martin Gauthier, recteur de l\u2019UQAC, mentionnait que la situation budg\u00e9taire de l\u2019Universit\u00e9 \u00e9tait inqui\u00e9tante et que maintenir le m\u00eame rythme de d\u00e9penses dans l\u2019\u00e9tat actuel des choses, tout en consid\u00e9rant les pr\u00e9visions de financement annonc\u00e9es par le gouvernement jusqu\u2019\u00e0 2017-2018, \u00e9quivaudrait \u00e0 atteindre \u00e0 terme un d\u00e9ficit annuel de 13\u00a0M$ et un d\u00e9ficit cumul\u00e9 de 60\u00a0M$.<\/p>\n<p style=\"text-align: justify\">Uniquement pour l\u2019ann\u00e9e financi\u00e8re qui se terminera le 30 avril prochain, l\u2019UQAC doit faire face \u00e0 un d\u00e9ficit budg\u00e9taire de 3,5\u00a0M$ auquel nous devons ajouter des compressions de 2,3\u00a0M$ impos\u00e9es par le ministre de l\u2019Enseignement sup\u00e9rieur, de la Recherche, de la Science et de la Technologie (MESRST).<\/p>\n<p style=\"text-align: justify\">Selon le recteur, cette situation n\u2019est facile pour personne. La haute direction se doit toutefois d\u2019agir en gestionnaire responsable, car ne rien faire pourrait mettre en p\u00e9ril le d\u00e9veloppement de l\u2019Universit\u00e9.<\/p>\n<p style=\"text-align: justify\">Un tel exercice ne peut toutefois se faire sans modifier nos mani\u00e8res de faire les choses. Tous les secteurs d\u2019activit\u00e9s, tant administratifs et p\u00e9dagogiques que scientifiques, ont \u00e9t\u00e9 \u00e9tudi\u00e9s et nous nous sommes assur\u00e9s de respecter les grands principes suivants\u00a0:<\/p>\n<ul style=\"text-align: justify\">\n<li>le respect de notre mission et de nos valeurs;<\/li>\n<li>le maintien de la qualit\u00e9 de l\u2019enseignement et de la recherche;<\/li>\n<li>le respect des contrats de travail avec les associations d\u2019employ\u00e9s;<\/li>\n<li>honorer nos engagements envers nos partenaires;<\/li>\n<li>consid\u00e9rer la d\u00e9marche qui est en cours de r\u00e9alisation du Sch\u00e9ma directeur 2013-2018;<\/li>\n<li>d\u00e9gager une marge de man\u0153uvre pour assurer un minimum de d\u00e9veloppement et faire face aux impr\u00e9vus.<\/li>\n<\/ul>\n<p style=\"text-align: justify\">Tous les efforts ont \u00e9t\u00e9 faits afin de minimiser les impacts sur les \u00e9tudiants et le personnel. La direction de l\u2019UQAC entend \u00e9galement poursuivre ses d\u00e9marches aupr\u00e8s du gouvernement pour lui d\u00e9montrer l\u2019urgence d\u2019investir dans les universit\u00e9s qu\u00e9b\u00e9coises afin que l\u2019UQAC puisse remplir ad\u00e9quatement sa mission et jouer pleinement son r\u00f4le dans le d\u00e9veloppement de la r\u00e9gion et du Qu\u00e9bec.<\/p>\n<p style=\"text-align: justify\">Nous sommes conscients que ce plan que nous pr\u00e9sentons n\u00e9cessite la collaboration de l\u2019ensemble de la communaut\u00e9 universitaire et il est tr\u00e8s important que tous partagent la m\u00eame ambition pour notre Universit\u00e9. Depuis plus de 40 ans, nous avons, ensemble, r\u00e9alis\u00e9 de grandes choses et gr\u00e2ce \u00e0 nos efforts collectifs, l\u2019excellence de notre travail rayonne maintenant au-del\u00e0 de nos fronti\u00e8res. Nous demeurons convaincus que le chemin que nous entreprenons tous aujourd\u2019hui nous m\u00e8nera vers des jours meilleurs et nous permettra de nous donner les moyens n\u00e9cessaires pour assurer l\u2019avenir de notre universit\u00e9.<\/p>\n<p style=\"text-align: center\" align=\"center\">\n&#8211; 30 &#8211;<\/p>\n<p style=\"text-align: justify\"><b><br \/>\nSource\u00a0:<br \/>\n<\/b>Jean Wauthier, directeur<br \/>\nBureau des affaires publiques<br \/>\nUniversit\u00e9 du Qu\u00e9bec \u00e0 Chicoutimi<br \/>\n418\u00a0545-5011, poste\u00a05006\u00a0 \u25aa\u00a0 <span style=\"color: #5a7411\"><a href=\"mailto:jean.wauthier@uqac.ca\"><span style=\"color: #5a7411\">jean.wauthier@uqac.ca<\/span><\/a><\/span><\/p>\n","protected":false},"excerpt":{"rendered":"<p>Saguenay, le 6 f\u00e9vrier 2013 \u2013 Les membres du conseil d\u2019administration de l\u2019Universit\u00e9 du Qu\u00e9bec \u00e0 Chicoutimi ont adopt\u00e9 hier en s\u00e9ance r\u00e9guli\u00e8re le plan de retour \u00e0 l\u2019\u00e9quilibre budg\u00e9taire, qui s\u2019\u00e9chelonnera sur cinq ans, ainsi que la mise en place de mesures permettant de r\u00e9aliser les compressions impos\u00e9es par le ministre de l\u2019Enseignement sup\u00e9rieur, [&hellip;]<\/p>\n","protected":false},"author":5,"featured_media":20745,"comment_status":"open","ping_status":"open","sticky":false,"template":"","format":"standard","meta":{"footnotes":""},"categories":[2772],"tags":[1868,1869,1603,1184],"yoast_head":"<!-- This site is optimized with the Yoast SEO plugin v24.2 - https:\/\/yoast.com\/wordpress\/plugins\/seo\/ -->\r\n<title>Le conseil d\u2019administration de l\u2019UQAC adopte un plan de retour \u00e0 l\u2019\u00e9quilibre budg\u00e9taire - UQACtualit\u00e9s<\/title>\r\n<meta name=\"robots\" content=\"index, follow, max-snippet:-1, max-image-preview:large, max-video-preview:-1\" \/>\r\n<link rel=\"canonical\" href=\"https:\/\/www.uqac.ca\/uqactualites\/2013\/02\/06\/le-conseil-dadministration-de-luqac-adopte-un-plan-de-retour-a-lequilibre-budgetaire\/\" \/>\r\n<meta property=\"og:locale\" content=\"fr_CA\" \/>\r\n<meta property=\"og:type\" content=\"article\" \/>\r\n<meta property=\"og:title\" content=\"Le conseil d\u2019administration de l\u2019UQAC adopte un plan de retour \u00e0 l\u2019\u00e9quilibre budg\u00e9taire - UQACtualit\u00e9s\" \/>\r\n<meta property=\"og:description\" content=\"Saguenay, le 6 f\u00e9vrier 2013 \u2013 Les membres du conseil d\u2019administration de l\u2019Universit\u00e9 du Qu\u00e9bec \u00e0 Chicoutimi ont adopt\u00e9 hier en s\u00e9ance r\u00e9guli\u00e8re le plan de retour \u00e0 l\u2019\u00e9quilibre budg\u00e9taire, qui s\u2019\u00e9chelonnera sur cinq ans, ainsi que la mise en place de mesures permettant de r\u00e9aliser les compressions impos\u00e9es par le ministre de l\u2019Enseignement sup\u00e9rieur, [&hellip;]\" \/>\r\n<meta property=\"og:url\" content=\"https:\/\/www.uqac.ca\/uqactualites\/2013\/02\/06\/le-conseil-dadministration-de-luqac-adopte-un-plan-de-retour-a-lequilibre-budgetaire\/\" \/>\r\n<meta property=\"og:site_name\" content=\"UQACtualit\u00e9s\" \/>\r\n<meta property=\"article:published_time\" content=\"2013-02-06T19:25:21+00:00\" \/>\r\n<meta property=\"og:image\" content=\"https:\/\/www.uqac.ca\/uqactualites\/wp-content\/uploads\/2012\/05\/communiqu-.jpg\" \/>\r\n\t<meta property=\"og:image:width\" content=\"620\" \/>\r\n\t<meta property=\"og:image:height\" content=\"300\" \/>\r\n\t<meta property=\"og:image:type\" content=\"image\/jpeg\" \/>\r\n<meta name=\"author\" content=\"Service des communications et des relations publiques\" \/>\r\n<meta name=\"twitter:card\" content=\"summary_large_image\" \/>\r\n<meta name=\"twitter:label1\" content=\"\u00c9crit par\" \/>\n\t<meta name=\"twitter:data1\" content=\"Service des communications et des relations publiques\" \/>\n\t<meta name=\"twitter:label2\" content=\"Estimation du temps de lecture\" \/>\n\t<meta name=\"twitter:data2\" content=\"3 minutes\" \/>\r\n<script type=\"application\/ld+json\" class=\"yoast-schema-graph\">{\"@context\":\"https:\/\/schema.org\",\"@graph\":[{\"@type\":\"WebPage\",\"@id\":\"https:\/\/www.uqac.ca\/uqactualites\/2013\/02\/06\/le-conseil-dadministration-de-luqac-adopte-un-plan-de-retour-a-lequilibre-budgetaire\/\",\"url\":\"https:\/\/www.uqac.ca\/uqactualites\/2013\/02\/06\/le-conseil-dadministration-de-luqac-adopte-un-plan-de-retour-a-lequilibre-budgetaire\/\",\"name\":\"Le conseil d\u2019administration de l\u2019UQAC adopte un plan de retour \u00e0 l\u2019\u00e9quilibre budg\u00e9taire - UQACtualit\u00e9s\",\"isPartOf\":{\"@id\":\"https:\/\/www.uqac.ca\/uqactualites\/#website\"},\"primaryImageOfPage\":{\"@id\":\"https:\/\/www.uqac.ca\/uqactualites\/2013\/02\/06\/le-conseil-dadministration-de-luqac-adopte-un-plan-de-retour-a-lequilibre-budgetaire\/#primaryimage\"},\"image\":{\"@id\":\"https:\/\/www.uqac.ca\/uqactualites\/2013\/02\/06\/le-conseil-dadministration-de-luqac-adopte-un-plan-de-retour-a-lequilibre-budgetaire\/#primaryimage\"},\"thumbnailUrl\":\"https:\/\/www.uqac.ca\/uqactualites\/wp-content\/uploads\/2012\/05\/communiqu-.jpg\",\"datePublished\":\"2013-02-06T19:25:21+00:00\",\"dateModified\":\"2013-02-06T19:25:21+00:00\",\"author\":{\"@id\":\"https:\/\/www.uqac.ca\/uqactualites\/#\/schema\/person\/366c45a0c4f0e677b41b4af5886e2018\"},\"breadcrumb\":{\"@id\":\"https:\/\/www.uqac.ca\/uqactualites\/2013\/02\/06\/le-conseil-dadministration-de-luqac-adopte-un-plan-de-retour-a-lequilibre-budgetaire\/#breadcrumb\"},\"inLanguage\":\"fr-CA\",\"potentialAction\":[{\"@type\":\"ReadAction\",\"target\":[\"https:\/\/www.uqac.ca\/uqactualites\/2013\/02\/06\/le-conseil-dadministration-de-luqac-adopte-un-plan-de-retour-a-lequilibre-budgetaire\/\"]}]},{\"@type\":\"ImageObject\",\"inLanguage\":\"fr-CA\",\"@id\":\"https:\/\/www.uqac.ca\/uqactualites\/2013\/02\/06\/le-conseil-dadministration-de-luqac-adopte-un-plan-de-retour-a-lequilibre-budgetaire\/#primaryimage\",\"url\":\"https:\/\/www.uqac.ca\/uqactualites\/wp-content\/uploads\/2012\/05\/communiqu-.jpg\",\"contentUrl\":\"https:\/\/www.uqac.ca\/uqactualites\/wp-content\/uploads\/2012\/05\/communiqu-.jpg\",\"width\":620,\"height\":300},{\"@type\":\"BreadcrumbList\",\"@id\":\"https:\/\/www.uqac.ca\/uqactualites\/2013\/02\/06\/le-conseil-dadministration-de-luqac-adopte-un-plan-de-retour-a-lequilibre-budgetaire\/#breadcrumb\",\"itemListElement\":[{\"@type\":\"ListItem\",\"position\":1,\"name\":\"Home\",\"item\":\"https:\/\/www.uqac.ca\/uqactualites\/\"},{\"@type\":\"ListItem\",\"position\":2,\"name\":\"Le conseil d\u2019administration de l\u2019UQAC adopte un plan de retour \u00e0 l\u2019\u00e9quilibre budg\u00e9taire\"}]},{\"@type\":\"WebSite\",\"@id\":\"https:\/\/www.uqac.ca\/uqactualites\/#website\",\"url\":\"https:\/\/www.uqac.ca\/uqactualites\/\",\"name\":\"UQACtualit\u00e9s\",\"description\":\"Le portail des nouvelles de l&#039;UQAC\",\"potentialAction\":[{\"@type\":\"SearchAction\",\"target\":{\"@type\":\"EntryPoint\",\"urlTemplate\":\"https:\/\/www.uqac.ca\/uqactualites\/?s={search_term_string}\"},\"query-input\":{\"@type\":\"PropertyValueSpecification\",\"valueRequired\":true,\"valueName\":\"search_term_string\"}}],\"inLanguage\":\"fr-CA\"},{\"@type\":\"Person\",\"@id\":\"https:\/\/www.uqac.ca\/uqactualites\/#\/schema\/person\/366c45a0c4f0e677b41b4af5886e2018\",\"name\":\"Service des communications et des relations publiques\",\"image\":{\"@type\":\"ImageObject\",\"inLanguage\":\"fr-CA\",\"@id\":\"https:\/\/www.uqac.ca\/uqactualites\/#\/schema\/person\/image\/\",\"url\":\"https:\/\/secure.gravatar.com\/avatar\/20fbbda8a292f59f2d3461a5b999c00b?s=96&d=mm&r=g\",\"contentUrl\":\"https:\/\/secure.gravatar.com\/avatar\/20fbbda8a292f59f2d3461a5b999c00b?s=96&d=mm&r=g\",\"caption\":\"Service des communications et des relations publiques\"},\"url\":\"https:\/\/www.uqac.ca\/uqactualites\/author\/bap\/\"}]}<\/script>\r\n<!-- \/ Yoast SEO plugin. -->","yoast_head_json":{"title":"Le conseil d\u2019administration de l\u2019UQAC adopte un plan de retour \u00e0 l\u2019\u00e9quilibre budg\u00e9taire - UQACtualit\u00e9s","robots":{"index":"index","follow":"follow","max-snippet":"max-snippet:-1","max-image-preview":"max-image-preview:large","max-video-preview":"max-video-preview:-1"},"canonical":"https:\/\/www.uqac.ca\/uqactualites\/2013\/02\/06\/le-conseil-dadministration-de-luqac-adopte-un-plan-de-retour-a-lequilibre-budgetaire\/","og_locale":"fr_CA","og_type":"article","og_title":"Le conseil d\u2019administration de l\u2019UQAC adopte un plan de retour \u00e0 l\u2019\u00e9quilibre budg\u00e9taire - UQACtualit\u00e9s","og_description":"Saguenay, le 6 f\u00e9vrier 2013 \u2013 Les membres du conseil d\u2019administration de l\u2019Universit\u00e9 du Qu\u00e9bec \u00e0 Chicoutimi ont adopt\u00e9 hier en s\u00e9ance r\u00e9guli\u00e8re le plan de retour \u00e0 l\u2019\u00e9quilibre budg\u00e9taire, qui s\u2019\u00e9chelonnera sur cinq ans, ainsi que la mise en place de mesures permettant de r\u00e9aliser les compressions impos\u00e9es par le ministre de l\u2019Enseignement sup\u00e9rieur, [&hellip;]","og_url":"https:\/\/www.uqac.ca\/uqactualites\/2013\/02\/06\/le-conseil-dadministration-de-luqac-adopte-un-plan-de-retour-a-lequilibre-budgetaire\/","og_site_name":"UQACtualit\u00e9s","article_published_time":"2013-02-06T19:25:21+00:00","og_image":[{"width":620,"height":300,"url":"https:\/\/www.uqac.ca\/uqactualites\/wp-content\/uploads\/2012\/05\/communiqu-.jpg","type":"image\/jpeg"}],"author":"Service des communications et des relations publiques","twitter_card":"summary_large_image","twitter_misc":{"\u00c9crit par":"Service des communications et des relations publiques","Estimation du temps de lecture":"3 minutes"},"schema":{"@context":"https:\/\/schema.org","@graph":[{"@type":"WebPage","@id":"https:\/\/www.uqac.ca\/uqactualites\/2013\/02\/06\/le-conseil-dadministration-de-luqac-adopte-un-plan-de-retour-a-lequilibre-budgetaire\/","url":"https:\/\/www.uqac.ca\/uqactualites\/2013\/02\/06\/le-conseil-dadministration-de-luqac-adopte-un-plan-de-retour-a-lequilibre-budgetaire\/","name":"Le conseil d\u2019administration de l\u2019UQAC adopte un plan de retour \u00e0 l\u2019\u00e9quilibre budg\u00e9taire - UQACtualit\u00e9s","isPartOf":{"@id":"https:\/\/www.uqac.ca\/uqactualites\/#website"},"primaryImageOfPage":{"@id":"https:\/\/www.uqac.ca\/uqactualites\/2013\/02\/06\/le-conseil-dadministration-de-luqac-adopte-un-plan-de-retour-a-lequilibre-budgetaire\/#primaryimage"},"image":{"@id":"https:\/\/www.uqac.ca\/uqactualites\/2013\/02\/06\/le-conseil-dadministration-de-luqac-adopte-un-plan-de-retour-a-lequilibre-budgetaire\/#primaryimage"},"thumbnailUrl":"https:\/\/www.uqac.ca\/uqactualites\/wp-content\/uploads\/2012\/05\/communiqu-.jpg","datePublished":"2013-02-06T19:25:21+00:00","dateModified":"2013-02-06T19:25:21+00:00","author":{"@id":"https:\/\/www.uqac.ca\/uqactualites\/#\/schema\/person\/366c45a0c4f0e677b41b4af5886e2018"},"breadcrumb":{"@id":"https:\/\/www.uqac.ca\/uqactualites\/2013\/02\/06\/le-conseil-dadministration-de-luqac-adopte-un-plan-de-retour-a-lequilibre-budgetaire\/#breadcrumb"},"inLanguage":"fr-CA","potentialAction":[{"@type":"ReadAction","target":["https:\/\/www.uqac.ca\/uqactualites\/2013\/02\/06\/le-conseil-dadministration-de-luqac-adopte-un-plan-de-retour-a-lequilibre-budgetaire\/"]}]},{"@type":"ImageObject","inLanguage":"fr-CA","@id":"https:\/\/www.uqac.ca\/uqactualites\/2013\/02\/06\/le-conseil-dadministration-de-luqac-adopte-un-plan-de-retour-a-lequilibre-budgetaire\/#primaryimage","url":"https:\/\/www.uqac.ca\/uqactualites\/wp-content\/uploads\/2012\/05\/communiqu-.jpg","contentUrl":"https:\/\/www.uqac.ca\/uqactualites\/wp-content\/uploads\/2012\/05\/communiqu-.jpg","width":620,"height":300},{"@type":"BreadcrumbList","@id":"https:\/\/www.uqac.ca\/uqactualites\/2013\/02\/06\/le-conseil-dadministration-de-luqac-adopte-un-plan-de-retour-a-lequilibre-budgetaire\/#breadcrumb","itemListElement":[{"@type":"ListItem","position":1,"name":"Home","item":"https:\/\/www.uqac.ca\/uqactualites\/"},{"@type":"ListItem","position":2,"name":"Le conseil d\u2019administration de l\u2019UQAC adopte un plan de retour \u00e0 l\u2019\u00e9quilibre budg\u00e9taire"}]},{"@type":"WebSite","@id":"https:\/\/www.uqac.ca\/uqactualites\/#website","url":"https:\/\/www.uqac.ca\/uqactualites\/","name":"UQACtualit\u00e9s","description":"Le portail des nouvelles de l&#039;UQAC","potentialAction":[{"@type":"SearchAction","target":{"@type":"EntryPoint","urlTemplate":"https:\/\/www.uqac.ca\/uqactualites\/?s={search_term_string}"},"query-input":{"@type":"PropertyValueSpecification","valueRequired":true,"valueName":"search_term_string"}}],"inLanguage":"fr-CA"},{"@type":"Person","@id":"https:\/\/www.uqac.ca\/uqactualites\/#\/schema\/person\/366c45a0c4f0e677b41b4af5886e2018","name":"Service des communications et des relations publiques","image":{"@type":"ImageObject","inLanguage":"fr-CA","@id":"https:\/\/www.uqac.ca\/uqactualites\/#\/schema\/person\/image\/","url":"https:\/\/secure.gravatar.com\/avatar\/20fbbda8a292f59f2d3461a5b999c00b?s=96&d=mm&r=g","contentUrl":"https:\/\/secure.gravatar.com\/avatar\/20fbbda8a292f59f2d3461a5b999c00b?s=96&d=mm&r=g","caption":"Service des communications et des relations publiques"},"url":"https:\/\/www.uqac.ca\/uqactualites\/author\/bap\/"}]}},"_links":{"self":[{"href":"https:\/\/www.uqac.ca\/uqactualites\/wp-json\/wp\/v2\/posts\/22897"}],"collection":[{"href":"https:\/\/www.uqac.ca\/uqactualites\/wp-json\/wp\/v2\/posts"}],"about":[{"href":"https:\/\/www.uqac.ca\/uqactualites\/wp-json\/wp\/v2\/types\/post"}],"author":[{"embeddable":true,"href":"https:\/\/www.uqac.ca\/uqactualites\/wp-json\/wp\/v2\/users\/5"}],"replies":[{"embeddable":true,"href":"https:\/\/www.uqac.ca\/uqactualites\/wp-json\/wp\/v2\/comments?post=22897"}],"version-history":[{"count":0,"href":"https:\/\/www.uqac.ca\/uqactualites\/wp-json\/wp\/v2\/posts\/22897\/revisions"}],"wp:featuredmedia":[{"embeddable":true,"href":"https:\/\/www.uqac.ca\/uqactualites\/wp-json\/wp\/v2\/media\/20745"}],"wp:attachment":[{"href":"https:\/\/www.uqac.ca\/uqactualites\/wp-json\/wp\/v2\/media?parent=22897"}],"wp:term":[{"taxonomy":"category","embeddable":true,"href":"https:\/\/www.uqac.ca\/uqactualites\/wp-json\/wp\/v2\/categories?post=22897"},{"taxonomy":"post_tag","embeddable":true,"href":"https:\/\/www.uqac.ca\/uqactualites\/wp-json\/wp\/v2\/tags?post=22897"}],"curies":[{"name":"wp","href":"https:\/\/api.w.org\/{rel}","templated":true}]}}