{"id":22900,"date":"2013-02-06T14:31:23","date_gmt":"2013-02-06T19:31:23","guid":{"rendered":"http:\/\/uqactualite.odev.ca\/?p=22900"},"modified":"2013-02-06T14:31:23","modified_gmt":"2013-02-06T19:31:23","slug":"plan-de-retour-a-lequilibre-budgetaire","status":"publish","type":"post","link":"https:\/\/www.uqac.ca\/uqactualites\/2013\/02\/06\/plan-de-retour-a-lequilibre-budgetaire\/","title":{"rendered":"Plan de retour \u00e0 l\u2019\u00e9quilibre budg\u00e9taire"},"content":{"rendered":"<p style=\"text-align: justify\">Aux membres de la communaut\u00e9 universitaire,<\/p>\n<p style=\"text-align: justify\">\u00c0 l\u2019occasion de ma communication en d\u00e9but d\u2019ann\u00e9e, je vous informais de la situation financi\u00e8re inqui\u00e9tante \u00e0 laquelle nous devions faire face et qu\u2019\u00e0 titre de gestionnaires responsables, nous nous devions d\u2019identifier tous les sc\u00e9narios possibles qui nous permettraient un retour \u00e0 l\u2019\u00e9quilibre budg\u00e9taire et ainsi assurer la p\u00e9rennit\u00e9 de l\u2019UQAC.<\/p>\n<p style=\"text-align: justify\">Sachez que nous aimerions mieux vous annoncer aujourd\u2019hui un r\u00e9investissement de la part du gouvernement, r\u00e9investissement qui, selon nous, est n\u00e9cessaire afin d\u2019assurer l\u2019avenir des \u00e9tablissements universitaires qu\u00e9b\u00e9cois. Cependant, pour l\u2019instant, il en va autrement, car les informations provenant du minist\u00e8re nous laissent croire que la p\u00e9riode d\u2019aust\u00e9rit\u00e9 risque d\u2019\u00eatre prolong\u00e9e.<\/p>\n<p style=\"text-align: justify\">Cette situation n\u2019est facile pour personne et nous comprenons tr\u00e8s bien le sentiment d\u2019inqui\u00e9tude qui r\u00e8gne pr\u00e9sentement dans toute la communaut\u00e9 universitaire, mais soyez assur\u00e9s que nous avons fait tous les efforts n\u00e9cessaires pour minimiser les impacts de notre d\u00e9marche. Nous entendons \u00e9galement poursuivre nos d\u00e9marches aupr\u00e8s du gouvernement afin de lui d\u00e9montrer l\u2019urgence d\u2019investir dans les universit\u00e9s qu\u00e9b\u00e9coises pour que nous puissions remplir ad\u00e9quatement notre mission et jouer pleinement le r\u00f4le qui nous est d\u00e9volu dans le d\u00e9veloppement de notre r\u00e9gion et du Qu\u00e9bec.<\/p>\n<p style=\"text-align: justify\">La situation actuelle se r\u00e9sume maintenant comme suit\u00a0: nous avons \u00e0 faire face \u00e0 un d\u00e9ficit pr\u00e9vu pour l\u2019ann\u00e9e en cours de 3,5\u00a0M$ et \u00e0 une compression budg\u00e9taire de 2,3\u00a0M$ impos\u00e9e par le ministre de l\u2019Enseignement sup\u00e9rieur, de la Recherche, de la Science et de la Technologie (MESRST). Ce qui veut dire un manque \u00e0 gagner de 5,8\u00a0M$, et ce, uniquement pour l\u2019ann\u00e9e financi\u00e8re qui se terminera le 30 avril prochain.<\/p>\n<p style=\"text-align: justify\">Si nous d\u00e9cidions de ne rien faire et de maintenir le m\u00eame rythme de d\u00e9penses dans l\u2019\u00e9tat actuel des choses, c\u2019est-\u00e0-dire le <i>statu quo<\/i>, tout en consid\u00e9rant les pr\u00e9visions de financement annonc\u00e9es par le gouvernement jusqu\u2019\u00e0 2017-2018, nous nous dirigerions vers un d\u00e9ficit annuel de 13\u00a0M$ et un d\u00e9ficit cumul\u00e9 de 65\u00a0M$.<\/p>\n<p style=\"text-align: justify\">Nous serions alors des gestionnaires irresponsables et mettrions r\u00e9ellement en p\u00e9ril l\u2019Universit\u00e9 dont le d\u00e9veloppement rel\u00e8verait de l\u2019utopie.<\/p>\n<p style=\"text-align: justify\">Il ne nous reste maintenant qu\u2019une solution, soit celle d\u2019assumer nos responsabilit\u00e9s et de pr\u00e9senter un plan de retour \u00e0 l\u2019\u00e9quilibre budg\u00e9taire qui s\u2019\u00e9chelonnera sur cinq ans, en plus de r\u00e9aliser les compressions impos\u00e9es par le minist\u00e8re.<\/p>\n<p style=\"text-align: justify\">Vous conviendrez toutefois avec nous que nous ne pouvons faire un tel exercice et esp\u00e9rer obtenir des r\u00e9sultats concluants sans modifier nos mani\u00e8res de faire les choses.<\/p>\n<p style=\"text-align: justify\">C\u2019est pourquoi nous avons proc\u00e9d\u00e9 \u00e0 une \u00e9valuation compl\u00e8te de tous les secteurs d\u2019activit\u00e9s, tant administratifs et p\u00e9dagogiques que scientifiques. Plusieurs sc\u00e9narios ont \u00e9t\u00e9 consid\u00e9r\u00e9s en s\u2019assurant de respecter, dans la mesure du possible, les grands principes suivants\u00a0:<\/p>\n<ul style=\"text-align: justify\">\n<li>le respect de notre mission et de nos valeurs;<\/li>\n<li>le maintien de la qualit\u00e9 de l\u2019enseignement et de la recherche;<\/li>\n<li>le respect des contrats de travail avec les associations d\u2019employ\u00e9s;<\/li>\n<li>honorer nos engagements envers nos partenaires;<\/li>\n<li>consid\u00e9rer la d\u00e9marche qui est en cours de r\u00e9alisation du Sch\u00e9ma directeur 2013-2018;<\/li>\n<li>d\u00e9gager une marge de man\u0153uvre pour assurer un minimum de d\u00e9veloppement et faire face aux impr\u00e9vus.<\/li>\n<\/ul>\n<p style=\"text-align: justify\">La collaboration de tous les gestionnaires a \u00e9galement \u00e9t\u00e9 sollicit\u00e9e afin de proposer des solutions relatives \u00e0 leur secteur et sur ce point, nous voudrions remercier toutes celles et tous ceux qui ont r\u00e9pondu positivement \u00e0 notre demande.<\/p>\n<p style=\"text-align: justify\">Ce plan de retour \u00e0 l\u2019\u00e9quilibre budg\u00e9taire et les mesures propos\u00e9es pour r\u00e9aliser les compressions impos\u00e9es par le minist\u00e8re ne pouvaient \u00eatre pr\u00e9sent\u00e9s sans que les membres du conseil d\u2019administration en aient accept\u00e9 le contenu, ce qui a \u00e9t\u00e9 fait aujourd\u2019hui.<\/p>\n<p style=\"text-align: justify\">Imm\u00e9diatement apr\u00e8s cette r\u00e9union, la direction de l\u2019Universit\u00e9 a rencontr\u00e9 de nouveau tous les gestionnaires pour leur pr\u00e9senter les grandes lignes du plan de retour \u00e0 l\u2019\u00e9quilibre budg\u00e9taire et des mesures qui seront prises pour le secteur qui les concerne. \u00c0 cette occasion, je leur ai \u00e9galement demand\u00e9 de rencontrer leur personnel respectif dans la journ\u00e9e de mercredi afin de les informer des d\u00e9cisions adopt\u00e9es par le conseil d\u2019administration.<\/p>\n<p style=\"text-align: justify\">Bien s\u00fbr, une telle r\u00e9organisation n\u00e9cessitera la collaboration de tout le monde et il sera important que nous partagions la m\u00eame ambition pour notre Universit\u00e9. C\u2019est pourquoi je demeure convaincu que ce que nous entreprenons tous ensemble aujourd\u2019hui nous m\u00e8nera vers des jours meilleurs et nous permettra de nous donner les moyens n\u00e9cessaires pour assurer la p\u00e9rennit\u00e9 de notre Universit\u00e9.<\/p>\n<p style=\"text-align: justify\">\nMartin Gauthier<br \/>\nRecteur<\/p>\n","protected":false},"excerpt":{"rendered":"<p>Aux membres de la communaut\u00e9 universitaire, \u00c0 l\u2019occasion de ma communication en d\u00e9but d\u2019ann\u00e9e, je vous informais de la situation financi\u00e8re inqui\u00e9tante \u00e0 laquelle nous devions faire face et qu\u2019\u00e0 titre de gestionnaires responsables, nous nous devions d\u2019identifier tous les sc\u00e9narios possibles qui nous permettraient un retour \u00e0 l\u2019\u00e9quilibre budg\u00e9taire et ainsi assurer la p\u00e9rennit\u00e9 [&hellip;]<\/p>\n","protected":false},"author":5,"featured_media":20987,"comment_status":"closed","ping_status":"open","sticky":false,"template":"","format":"standard","meta":{"footnotes":""},"categories":[2772],"tags":[1868,1869,1603,1184],"yoast_head":"<!-- This site is optimized with the Yoast SEO plugin v24.2 - https:\/\/yoast.com\/wordpress\/plugins\/seo\/ -->\r\n<title>Plan de retour \u00e0 l\u2019\u00e9quilibre budg\u00e9taire - UQACtualit\u00e9s<\/title>\r\n<meta name=\"robots\" content=\"index, follow, max-snippet:-1, max-image-preview:large, max-video-preview:-1\" \/>\r\n<link rel=\"canonical\" href=\"https:\/\/www.uqac.ca\/uqactualites\/2013\/02\/06\/plan-de-retour-a-lequilibre-budgetaire\/\" \/>\r\n<meta property=\"og:locale\" content=\"fr_CA\" \/>\r\n<meta property=\"og:type\" content=\"article\" \/>\r\n<meta property=\"og:title\" content=\"Plan de retour \u00e0 l\u2019\u00e9quilibre budg\u00e9taire - UQACtualit\u00e9s\" \/>\r\n<meta property=\"og:description\" content=\"Aux membres de la communaut\u00e9 universitaire, \u00c0 l\u2019occasion de ma communication en d\u00e9but d\u2019ann\u00e9e, je vous informais de la situation financi\u00e8re inqui\u00e9tante \u00e0 laquelle nous devions faire face et qu\u2019\u00e0 titre de gestionnaires responsables, nous nous devions d\u2019identifier tous les sc\u00e9narios possibles qui nous permettraient un retour \u00e0 l\u2019\u00e9quilibre budg\u00e9taire et ainsi assurer la p\u00e9rennit\u00e9 [&hellip;]\" \/>\r\n<meta property=\"og:url\" content=\"https:\/\/www.uqac.ca\/uqactualites\/2013\/02\/06\/plan-de-retour-a-lequilibre-budgetaire\/\" \/>\r\n<meta property=\"og:site_name\" content=\"UQACtualit\u00e9s\" \/>\r\n<meta property=\"article:published_time\" content=\"2013-02-06T19:31:23+00:00\" \/>\r\n<meta property=\"og:image\" content=\"https:\/\/www.uqac.ca\/uqactualites\/wp-content\/uploads\/2012\/05\/avis-important.jpg\" \/>\r\n\t<meta property=\"og:image:width\" content=\"620\" \/>\r\n\t<meta property=\"og:image:height\" content=\"300\" \/>\r\n\t<meta property=\"og:image:type\" content=\"image\/jpeg\" \/>\r\n<meta name=\"author\" content=\"Service des communications et des relations publiques\" \/>\r\n<meta name=\"twitter:card\" content=\"summary_large_image\" \/>\r\n<meta name=\"twitter:label1\" content=\"\u00c9crit par\" \/>\n\t<meta name=\"twitter:data1\" content=\"Service des communications et des relations publiques\" \/>\n\t<meta name=\"twitter:label2\" content=\"Estimation du temps de lecture\" \/>\n\t<meta name=\"twitter:data2\" content=\"4 minutes\" \/>\r\n<script type=\"application\/ld+json\" class=\"yoast-schema-graph\">{\"@context\":\"https:\/\/schema.org\",\"@graph\":[{\"@type\":\"WebPage\",\"@id\":\"https:\/\/www.uqac.ca\/uqactualites\/2013\/02\/06\/plan-de-retour-a-lequilibre-budgetaire\/\",\"url\":\"https:\/\/www.uqac.ca\/uqactualites\/2013\/02\/06\/plan-de-retour-a-lequilibre-budgetaire\/\",\"name\":\"Plan de retour \u00e0 l\u2019\u00e9quilibre budg\u00e9taire - UQACtualit\u00e9s\",\"isPartOf\":{\"@id\":\"https:\/\/www.uqac.ca\/uqactualites\/#website\"},\"primaryImageOfPage\":{\"@id\":\"https:\/\/www.uqac.ca\/uqactualites\/2013\/02\/06\/plan-de-retour-a-lequilibre-budgetaire\/#primaryimage\"},\"image\":{\"@id\":\"https:\/\/www.uqac.ca\/uqactualites\/2013\/02\/06\/plan-de-retour-a-lequilibre-budgetaire\/#primaryimage\"},\"thumbnailUrl\":\"https:\/\/www.uqac.ca\/uqactualites\/wp-content\/uploads\/2012\/05\/avis-important.jpg\",\"datePublished\":\"2013-02-06T19:31:23+00:00\",\"dateModified\":\"2013-02-06T19:31:23+00:00\",\"author\":{\"@id\":\"https:\/\/www.uqac.ca\/uqactualites\/#\/schema\/person\/366c45a0c4f0e677b41b4af5886e2018\"},\"breadcrumb\":{\"@id\":\"https:\/\/www.uqac.ca\/uqactualites\/2013\/02\/06\/plan-de-retour-a-lequilibre-budgetaire\/#breadcrumb\"},\"inLanguage\":\"fr-CA\",\"potentialAction\":[{\"@type\":\"ReadAction\",\"target\":[\"https:\/\/www.uqac.ca\/uqactualites\/2013\/02\/06\/plan-de-retour-a-lequilibre-budgetaire\/\"]}]},{\"@type\":\"ImageObject\",\"inLanguage\":\"fr-CA\",\"@id\":\"https:\/\/www.uqac.ca\/uqactualites\/2013\/02\/06\/plan-de-retour-a-lequilibre-budgetaire\/#primaryimage\",\"url\":\"https:\/\/www.uqac.ca\/uqactualites\/wp-content\/uploads\/2012\/05\/avis-important.jpg\",\"contentUrl\":\"https:\/\/www.uqac.ca\/uqactualites\/wp-content\/uploads\/2012\/05\/avis-important.jpg\",\"width\":620,\"height\":300},{\"@type\":\"BreadcrumbList\",\"@id\":\"https:\/\/www.uqac.ca\/uqactualites\/2013\/02\/06\/plan-de-retour-a-lequilibre-budgetaire\/#breadcrumb\",\"itemListElement\":[{\"@type\":\"ListItem\",\"position\":1,\"name\":\"Home\",\"item\":\"https:\/\/www.uqac.ca\/uqactualites\/\"},{\"@type\":\"ListItem\",\"position\":2,\"name\":\"Plan de retour \u00e0 l\u2019\u00e9quilibre budg\u00e9taire\"}]},{\"@type\":\"WebSite\",\"@id\":\"https:\/\/www.uqac.ca\/uqactualites\/#website\",\"url\":\"https:\/\/www.uqac.ca\/uqactualites\/\",\"name\":\"UQACtualit\u00e9s\",\"description\":\"Le portail des nouvelles de l&#039;UQAC\",\"potentialAction\":[{\"@type\":\"SearchAction\",\"target\":{\"@type\":\"EntryPoint\",\"urlTemplate\":\"https:\/\/www.uqac.ca\/uqactualites\/?s={search_term_string}\"},\"query-input\":{\"@type\":\"PropertyValueSpecification\",\"valueRequired\":true,\"valueName\":\"search_term_string\"}}],\"inLanguage\":\"fr-CA\"},{\"@type\":\"Person\",\"@id\":\"https:\/\/www.uqac.ca\/uqactualites\/#\/schema\/person\/366c45a0c4f0e677b41b4af5886e2018\",\"name\":\"Service des communications et des relations publiques\",\"image\":{\"@type\":\"ImageObject\",\"inLanguage\":\"fr-CA\",\"@id\":\"https:\/\/www.uqac.ca\/uqactualites\/#\/schema\/person\/image\/\",\"url\":\"https:\/\/secure.gravatar.com\/avatar\/20fbbda8a292f59f2d3461a5b999c00b?s=96&d=mm&r=g\",\"contentUrl\":\"https:\/\/secure.gravatar.com\/avatar\/20fbbda8a292f59f2d3461a5b999c00b?s=96&d=mm&r=g\",\"caption\":\"Service des communications et des relations publiques\"},\"url\":\"https:\/\/www.uqac.ca\/uqactualites\/author\/bap\/\"}]}<\/script>\r\n<!-- \/ Yoast SEO plugin. -->","yoast_head_json":{"title":"Plan de retour \u00e0 l\u2019\u00e9quilibre budg\u00e9taire - UQACtualit\u00e9s","robots":{"index":"index","follow":"follow","max-snippet":"max-snippet:-1","max-image-preview":"max-image-preview:large","max-video-preview":"max-video-preview:-1"},"canonical":"https:\/\/www.uqac.ca\/uqactualites\/2013\/02\/06\/plan-de-retour-a-lequilibre-budgetaire\/","og_locale":"fr_CA","og_type":"article","og_title":"Plan de retour \u00e0 l\u2019\u00e9quilibre budg\u00e9taire - UQACtualit\u00e9s","og_description":"Aux membres de la communaut\u00e9 universitaire, \u00c0 l\u2019occasion de ma communication en d\u00e9but d\u2019ann\u00e9e, je vous informais de la situation financi\u00e8re inqui\u00e9tante \u00e0 laquelle nous devions faire face et qu\u2019\u00e0 titre de gestionnaires responsables, nous nous devions d\u2019identifier tous les sc\u00e9narios possibles qui nous permettraient un retour \u00e0 l\u2019\u00e9quilibre budg\u00e9taire et ainsi assurer la p\u00e9rennit\u00e9 [&hellip;]","og_url":"https:\/\/www.uqac.ca\/uqactualites\/2013\/02\/06\/plan-de-retour-a-lequilibre-budgetaire\/","og_site_name":"UQACtualit\u00e9s","article_published_time":"2013-02-06T19:31:23+00:00","og_image":[{"width":620,"height":300,"url":"https:\/\/www.uqac.ca\/uqactualites\/wp-content\/uploads\/2012\/05\/avis-important.jpg","type":"image\/jpeg"}],"author":"Service des communications et des relations publiques","twitter_card":"summary_large_image","twitter_misc":{"\u00c9crit par":"Service des communications et des relations publiques","Estimation du temps de lecture":"4 minutes"},"schema":{"@context":"https:\/\/schema.org","@graph":[{"@type":"WebPage","@id":"https:\/\/www.uqac.ca\/uqactualites\/2013\/02\/06\/plan-de-retour-a-lequilibre-budgetaire\/","url":"https:\/\/www.uqac.ca\/uqactualites\/2013\/02\/06\/plan-de-retour-a-lequilibre-budgetaire\/","name":"Plan de retour \u00e0 l\u2019\u00e9quilibre budg\u00e9taire - UQACtualit\u00e9s","isPartOf":{"@id":"https:\/\/www.uqac.ca\/uqactualites\/#website"},"primaryImageOfPage":{"@id":"https:\/\/www.uqac.ca\/uqactualites\/2013\/02\/06\/plan-de-retour-a-lequilibre-budgetaire\/#primaryimage"},"image":{"@id":"https:\/\/www.uqac.ca\/uqactualites\/2013\/02\/06\/plan-de-retour-a-lequilibre-budgetaire\/#primaryimage"},"thumbnailUrl":"https:\/\/www.uqac.ca\/uqactualites\/wp-content\/uploads\/2012\/05\/avis-important.jpg","datePublished":"2013-02-06T19:31:23+00:00","dateModified":"2013-02-06T19:31:23+00:00","author":{"@id":"https:\/\/www.uqac.ca\/uqactualites\/#\/schema\/person\/366c45a0c4f0e677b41b4af5886e2018"},"breadcrumb":{"@id":"https:\/\/www.uqac.ca\/uqactualites\/2013\/02\/06\/plan-de-retour-a-lequilibre-budgetaire\/#breadcrumb"},"inLanguage":"fr-CA","potentialAction":[{"@type":"ReadAction","target":["https:\/\/www.uqac.ca\/uqactualites\/2013\/02\/06\/plan-de-retour-a-lequilibre-budgetaire\/"]}]},{"@type":"ImageObject","inLanguage":"fr-CA","@id":"https:\/\/www.uqac.ca\/uqactualites\/2013\/02\/06\/plan-de-retour-a-lequilibre-budgetaire\/#primaryimage","url":"https:\/\/www.uqac.ca\/uqactualites\/wp-content\/uploads\/2012\/05\/avis-important.jpg","contentUrl":"https:\/\/www.uqac.ca\/uqactualites\/wp-content\/uploads\/2012\/05\/avis-important.jpg","width":620,"height":300},{"@type":"BreadcrumbList","@id":"https:\/\/www.uqac.ca\/uqactualites\/2013\/02\/06\/plan-de-retour-a-lequilibre-budgetaire\/#breadcrumb","itemListElement":[{"@type":"ListItem","position":1,"name":"Home","item":"https:\/\/www.uqac.ca\/uqactualites\/"},{"@type":"ListItem","position":2,"name":"Plan de retour \u00e0 l\u2019\u00e9quilibre budg\u00e9taire"}]},{"@type":"WebSite","@id":"https:\/\/www.uqac.ca\/uqactualites\/#website","url":"https:\/\/www.uqac.ca\/uqactualites\/","name":"UQACtualit\u00e9s","description":"Le portail des nouvelles de l&#039;UQAC","potentialAction":[{"@type":"SearchAction","target":{"@type":"EntryPoint","urlTemplate":"https:\/\/www.uqac.ca\/uqactualites\/?s={search_term_string}"},"query-input":{"@type":"PropertyValueSpecification","valueRequired":true,"valueName":"search_term_string"}}],"inLanguage":"fr-CA"},{"@type":"Person","@id":"https:\/\/www.uqac.ca\/uqactualites\/#\/schema\/person\/366c45a0c4f0e677b41b4af5886e2018","name":"Service des communications et des relations publiques","image":{"@type":"ImageObject","inLanguage":"fr-CA","@id":"https:\/\/www.uqac.ca\/uqactualites\/#\/schema\/person\/image\/","url":"https:\/\/secure.gravatar.com\/avatar\/20fbbda8a292f59f2d3461a5b999c00b?s=96&d=mm&r=g","contentUrl":"https:\/\/secure.gravatar.com\/avatar\/20fbbda8a292f59f2d3461a5b999c00b?s=96&d=mm&r=g","caption":"Service des communications et des relations publiques"},"url":"https:\/\/www.uqac.ca\/uqactualites\/author\/bap\/"}]}},"_links":{"self":[{"href":"https:\/\/www.uqac.ca\/uqactualites\/wp-json\/wp\/v2\/posts\/22900"}],"collection":[{"href":"https:\/\/www.uqac.ca\/uqactualites\/wp-json\/wp\/v2\/posts"}],"about":[{"href":"https:\/\/www.uqac.ca\/uqactualites\/wp-json\/wp\/v2\/types\/post"}],"author":[{"embeddable":true,"href":"https:\/\/www.uqac.ca\/uqactualites\/wp-json\/wp\/v2\/users\/5"}],"replies":[{"embeddable":true,"href":"https:\/\/www.uqac.ca\/uqactualites\/wp-json\/wp\/v2\/comments?post=22900"}],"version-history":[{"count":0,"href":"https:\/\/www.uqac.ca\/uqactualites\/wp-json\/wp\/v2\/posts\/22900\/revisions"}],"wp:featuredmedia":[{"embeddable":true,"href":"https:\/\/www.uqac.ca\/uqactualites\/wp-json\/wp\/v2\/media\/20987"}],"wp:attachment":[{"href":"https:\/\/www.uqac.ca\/uqactualites\/wp-json\/wp\/v2\/media?parent=22900"}],"wp:term":[{"taxonomy":"category","embeddable":true,"href":"https:\/\/www.uqac.ca\/uqactualites\/wp-json\/wp\/v2\/categories?post=22900"},{"taxonomy":"post_tag","embeddable":true,"href":"https:\/\/www.uqac.ca\/uqactualites\/wp-json\/wp\/v2\/tags?post=22900"}],"curies":[{"name":"wp","href":"https:\/\/api.w.org\/{rel}","templated":true}]}}