{"id":22942,"date":"2013-02-07T14:07:04","date_gmt":"2013-02-07T19:07:04","guid":{"rendered":"http:\/\/uqactualite.odev.ca\/?p=22942"},"modified":"2013-02-07T14:07:04","modified_gmt":"2013-02-07T19:07:04","slug":"sous-noirs-dans-les-differents-services-du-mage-uqac","status":"publish","type":"post","link":"https:\/\/www.uqac.ca\/uqactualites\/2013\/02\/07\/sous-noirs-dans-les-differents-services-du-mage-uqac\/","title":{"rendered":"Sous noirs dans les diff\u00e9rents services du MAGE-UQAC"},"content":{"rendered":"<p style=\"text-align: justify\">L\u2019\u00e9quipe du MAGE-UQAC tient \u00e0 aviser la communaut\u00e9 universitaire qu\u2019\u00e0 compter du <b>11 f\u00e9vrier prochain<\/b>, les sous noirs seront \u00e9limin\u00e9s de la circulation \u00e0 l\u2019int\u00e9rieur de ses diff\u00e9rents services (Caf\u00e9t\u00e9ria, Baruqac, Cantine et Reprographie \u00e9tudiante).<\/p>\n<p style=\"text-align: justify\">Il vous sera possible de payer vos achats avec des sous noirs, mais les commis n\u2019en remettront plus lorsqu\u2019ils vous rendront la monnaie.<\/p>\n<p style=\"text-align: justify\">Notez que cette nouvelle fa\u00e7on de faire ne s\u2019appliquera que lors de paiements en argent comptant.<\/p>\n<p style=\"text-align: justify\">Nous vous remercions de votre collaboration.<\/p>\n<p style=\"text-align: justify\"><b><br \/>\nRenseignements\u00a0:<\/b><br \/>\nH\u00e9l\u00e8ne Villeneuve, technicienne en bureautique<br \/>\nMAGE-UQAC\/SAGE\/CRISE<br \/>\n418 545-5019\u00a0 \u25aa\u00a0 <span style=\"color: #5a7411\"><a href=\"mailto:info@mageuqac.com\"><span style=\"color: #5a7411\">info@mageuqac.com<\/span><\/a><\/span><\/p>\n","protected":false},"excerpt":{"rendered":"<p>L\u2019\u00e9quipe du MAGE-UQAC tient \u00e0 aviser la communaut\u00e9 universitaire qu\u2019\u00e0 compter du 11 f\u00e9vrier prochain, les sous noirs seront \u00e9limin\u00e9s de la circulation \u00e0 l\u2019int\u00e9rieur de ses diff\u00e9rents services (Caf\u00e9t\u00e9ria, Baruqac, Cantine et Reprographie \u00e9tudiante). Il vous sera possible de payer vos achats avec des sous noirs, mais les commis n\u2019en remettront plus lorsqu\u2019ils vous [&hellip;]<\/p>\n","protected":false},"author":5,"featured_media":20989,"comment_status":"closed","ping_status":"open","sticky":false,"template":"","format":"standard","meta":{"footnotes":""},"categories":[2772],"tags":[633,634,635,636,1878,1879,1880,1881],"yoast_head":"<!-- This site is optimized with the Yoast SEO plugin v24.2 - https:\/\/yoast.com\/wordpress\/plugins\/seo\/ -->\r\n<title>Sous noirs dans les diff\u00e9rents services du MAGE-UQAC - UQACtualit\u00e9s<\/title>\r\n<meta name=\"robots\" content=\"index, follow, max-snippet:-1, max-image-preview:large, max-video-preview:-1\" \/>\r\n<link rel=\"canonical\" href=\"https:\/\/www.uqac.ca\/uqactualites\/2013\/02\/07\/sous-noirs-dans-les-differents-services-du-mage-uqac\/\" \/>\r\n<meta property=\"og:locale\" content=\"fr_CA\" \/>\r\n<meta property=\"og:type\" content=\"article\" \/>\r\n<meta property=\"og:title\" content=\"Sous noirs dans les diff\u00e9rents services du MAGE-UQAC - UQACtualit\u00e9s\" \/>\r\n<meta property=\"og:description\" content=\"L\u2019\u00e9quipe du MAGE-UQAC tient \u00e0 aviser la communaut\u00e9 universitaire qu\u2019\u00e0 compter du 11 f\u00e9vrier prochain, les sous noirs seront \u00e9limin\u00e9s de la circulation \u00e0 l\u2019int\u00e9rieur de ses diff\u00e9rents services (Caf\u00e9t\u00e9ria, Baruqac, Cantine et Reprographie \u00e9tudiante). Il vous sera possible de payer vos achats avec des sous noirs, mais les commis n\u2019en remettront plus lorsqu\u2019ils vous [&hellip;]\" \/>\r\n<meta property=\"og:url\" content=\"https:\/\/www.uqac.ca\/uqactualites\/2013\/02\/07\/sous-noirs-dans-les-differents-services-du-mage-uqac\/\" \/>\r\n<meta property=\"og:site_name\" content=\"UQACtualit\u00e9s\" \/>\r\n<meta property=\"article:published_time\" content=\"2013-02-07T19:07:04+00:00\" \/>\r\n<meta property=\"og:image\" content=\"https:\/\/www.uqac.ca\/uqactualites\/wp-content\/uploads\/2012\/05\/avis-laCommunaut-.jpg\" \/>\r\n\t<meta property=\"og:image:width\" content=\"620\" \/>\r\n\t<meta property=\"og:image:height\" content=\"300\" \/>\r\n\t<meta property=\"og:image:type\" content=\"image\/jpeg\" \/>\r\n<meta name=\"author\" content=\"Service des communications et des relations publiques\" \/>\r\n<meta name=\"twitter:card\" content=\"summary_large_image\" \/>\r\n<meta name=\"twitter:label1\" content=\"\u00c9crit par\" \/>\n\t<meta name=\"twitter:data1\" content=\"Service des communications et des relations publiques\" \/>\n\t<meta name=\"twitter:label2\" content=\"Estimation du temps de lecture\" \/>\n\t<meta name=\"twitter:data2\" content=\"1 minute\" \/>\r\n<script type=\"application\/ld+json\" class=\"yoast-schema-graph\">{\"@context\":\"https:\/\/schema.org\",\"@graph\":[{\"@type\":\"WebPage\",\"@id\":\"https:\/\/www.uqac.ca\/uqactualites\/2013\/02\/07\/sous-noirs-dans-les-differents-services-du-mage-uqac\/\",\"url\":\"https:\/\/www.uqac.ca\/uqactualites\/2013\/02\/07\/sous-noirs-dans-les-differents-services-du-mage-uqac\/\",\"name\":\"Sous noirs dans les diff\u00e9rents services du MAGE-UQAC - UQACtualit\u00e9s\",\"isPartOf\":{\"@id\":\"https:\/\/www.uqac.ca\/uqactualites\/#website\"},\"primaryImageOfPage\":{\"@id\":\"https:\/\/www.uqac.ca\/uqactualites\/2013\/02\/07\/sous-noirs-dans-les-differents-services-du-mage-uqac\/#primaryimage\"},\"image\":{\"@id\":\"https:\/\/www.uqac.ca\/uqactualites\/2013\/02\/07\/sous-noirs-dans-les-differents-services-du-mage-uqac\/#primaryimage\"},\"thumbnailUrl\":\"https:\/\/www.uqac.ca\/uqactualites\/wp-content\/uploads\/2012\/05\/avis-laCommunaut-.jpg\",\"datePublished\":\"2013-02-07T19:07:04+00:00\",\"dateModified\":\"2013-02-07T19:07:04+00:00\",\"author\":{\"@id\":\"https:\/\/www.uqac.ca\/uqactualites\/#\/schema\/person\/366c45a0c4f0e677b41b4af5886e2018\"},\"breadcrumb\":{\"@id\":\"https:\/\/www.uqac.ca\/uqactualites\/2013\/02\/07\/sous-noirs-dans-les-differents-services-du-mage-uqac\/#breadcrumb\"},\"inLanguage\":\"fr-CA\",\"potentialAction\":[{\"@type\":\"ReadAction\",\"target\":[\"https:\/\/www.uqac.ca\/uqactualites\/2013\/02\/07\/sous-noirs-dans-les-differents-services-du-mage-uqac\/\"]}]},{\"@type\":\"ImageObject\",\"inLanguage\":\"fr-CA\",\"@id\":\"https:\/\/www.uqac.ca\/uqactualites\/2013\/02\/07\/sous-noirs-dans-les-differents-services-du-mage-uqac\/#primaryimage\",\"url\":\"https:\/\/www.uqac.ca\/uqactualites\/wp-content\/uploads\/2012\/05\/avis-laCommunaut-.jpg\",\"contentUrl\":\"https:\/\/www.uqac.ca\/uqactualites\/wp-content\/uploads\/2012\/05\/avis-laCommunaut-.jpg\",\"width\":620,\"height\":300},{\"@type\":\"BreadcrumbList\",\"@id\":\"https:\/\/www.uqac.ca\/uqactualites\/2013\/02\/07\/sous-noirs-dans-les-differents-services-du-mage-uqac\/#breadcrumb\",\"itemListElement\":[{\"@type\":\"ListItem\",\"position\":1,\"name\":\"Home\",\"item\":\"https:\/\/www.uqac.ca\/uqactualites\/\"},{\"@type\":\"ListItem\",\"position\":2,\"name\":\"Sous noirs dans les diff\u00e9rents services du MAGE-UQAC\"}]},{\"@type\":\"WebSite\",\"@id\":\"https:\/\/www.uqac.ca\/uqactualites\/#website\",\"url\":\"https:\/\/www.uqac.ca\/uqactualites\/\",\"name\":\"UQACtualit\u00e9s\",\"description\":\"Le portail des nouvelles de l&#039;UQAC\",\"potentialAction\":[{\"@type\":\"SearchAction\",\"target\":{\"@type\":\"EntryPoint\",\"urlTemplate\":\"https:\/\/www.uqac.ca\/uqactualites\/?s={search_term_string}\"},\"query-input\":{\"@type\":\"PropertyValueSpecification\",\"valueRequired\":true,\"valueName\":\"search_term_string\"}}],\"inLanguage\":\"fr-CA\"},{\"@type\":\"Person\",\"@id\":\"https:\/\/www.uqac.ca\/uqactualites\/#\/schema\/person\/366c45a0c4f0e677b41b4af5886e2018\",\"name\":\"Service des communications et des relations publiques\",\"image\":{\"@type\":\"ImageObject\",\"inLanguage\":\"fr-CA\",\"@id\":\"https:\/\/www.uqac.ca\/uqactualites\/#\/schema\/person\/image\/\",\"url\":\"https:\/\/secure.gravatar.com\/avatar\/20fbbda8a292f59f2d3461a5b999c00b?s=96&d=mm&r=g\",\"contentUrl\":\"https:\/\/secure.gravatar.com\/avatar\/20fbbda8a292f59f2d3461a5b999c00b?s=96&d=mm&r=g\",\"caption\":\"Service des communications et des relations publiques\"},\"url\":\"https:\/\/www.uqac.ca\/uqactualites\/author\/bap\/\"}]}<\/script>\r\n<!-- \/ Yoast SEO plugin. -->","yoast_head_json":{"title":"Sous noirs dans les diff\u00e9rents services du MAGE-UQAC - UQACtualit\u00e9s","robots":{"index":"index","follow":"follow","max-snippet":"max-snippet:-1","max-image-preview":"max-image-preview:large","max-video-preview":"max-video-preview:-1"},"canonical":"https:\/\/www.uqac.ca\/uqactualites\/2013\/02\/07\/sous-noirs-dans-les-differents-services-du-mage-uqac\/","og_locale":"fr_CA","og_type":"article","og_title":"Sous noirs dans les diff\u00e9rents services du MAGE-UQAC - UQACtualit\u00e9s","og_description":"L\u2019\u00e9quipe du MAGE-UQAC tient \u00e0 aviser la communaut\u00e9 universitaire qu\u2019\u00e0 compter du 11 f\u00e9vrier prochain, les sous noirs seront \u00e9limin\u00e9s de la circulation \u00e0 l\u2019int\u00e9rieur de ses diff\u00e9rents services (Caf\u00e9t\u00e9ria, Baruqac, Cantine et Reprographie \u00e9tudiante). Il vous sera possible de payer vos achats avec des sous noirs, mais les commis n\u2019en remettront plus lorsqu\u2019ils vous [&hellip;]","og_url":"https:\/\/www.uqac.ca\/uqactualites\/2013\/02\/07\/sous-noirs-dans-les-differents-services-du-mage-uqac\/","og_site_name":"UQACtualit\u00e9s","article_published_time":"2013-02-07T19:07:04+00:00","og_image":[{"width":620,"height":300,"url":"https:\/\/www.uqac.ca\/uqactualites\/wp-content\/uploads\/2012\/05\/avis-laCommunaut-.jpg","type":"image\/jpeg"}],"author":"Service des communications et des relations publiques","twitter_card":"summary_large_image","twitter_misc":{"\u00c9crit par":"Service des communications et des relations publiques","Estimation du temps de lecture":"1 minute"},"schema":{"@context":"https:\/\/schema.org","@graph":[{"@type":"WebPage","@id":"https:\/\/www.uqac.ca\/uqactualites\/2013\/02\/07\/sous-noirs-dans-les-differents-services-du-mage-uqac\/","url":"https:\/\/www.uqac.ca\/uqactualites\/2013\/02\/07\/sous-noirs-dans-les-differents-services-du-mage-uqac\/","name":"Sous noirs dans les diff\u00e9rents services du MAGE-UQAC - UQACtualit\u00e9s","isPartOf":{"@id":"https:\/\/www.uqac.ca\/uqactualites\/#website"},"primaryImageOfPage":{"@id":"https:\/\/www.uqac.ca\/uqactualites\/2013\/02\/07\/sous-noirs-dans-les-differents-services-du-mage-uqac\/#primaryimage"},"image":{"@id":"https:\/\/www.uqac.ca\/uqactualites\/2013\/02\/07\/sous-noirs-dans-les-differents-services-du-mage-uqac\/#primaryimage"},"thumbnailUrl":"https:\/\/www.uqac.ca\/uqactualites\/wp-content\/uploads\/2012\/05\/avis-laCommunaut-.jpg","datePublished":"2013-02-07T19:07:04+00:00","dateModified":"2013-02-07T19:07:04+00:00","author":{"@id":"https:\/\/www.uqac.ca\/uqactualites\/#\/schema\/person\/366c45a0c4f0e677b41b4af5886e2018"},"breadcrumb":{"@id":"https:\/\/www.uqac.ca\/uqactualites\/2013\/02\/07\/sous-noirs-dans-les-differents-services-du-mage-uqac\/#breadcrumb"},"inLanguage":"fr-CA","potentialAction":[{"@type":"ReadAction","target":["https:\/\/www.uqac.ca\/uqactualites\/2013\/02\/07\/sous-noirs-dans-les-differents-services-du-mage-uqac\/"]}]},{"@type":"ImageObject","inLanguage":"fr-CA","@id":"https:\/\/www.uqac.ca\/uqactualites\/2013\/02\/07\/sous-noirs-dans-les-differents-services-du-mage-uqac\/#primaryimage","url":"https:\/\/www.uqac.ca\/uqactualites\/wp-content\/uploads\/2012\/05\/avis-laCommunaut-.jpg","contentUrl":"https:\/\/www.uqac.ca\/uqactualites\/wp-content\/uploads\/2012\/05\/avis-laCommunaut-.jpg","width":620,"height":300},{"@type":"BreadcrumbList","@id":"https:\/\/www.uqac.ca\/uqactualites\/2013\/02\/07\/sous-noirs-dans-les-differents-services-du-mage-uqac\/#breadcrumb","itemListElement":[{"@type":"ListItem","position":1,"name":"Home","item":"https:\/\/www.uqac.ca\/uqactualites\/"},{"@type":"ListItem","position":2,"name":"Sous noirs dans les diff\u00e9rents services du MAGE-UQAC"}]},{"@type":"WebSite","@id":"https:\/\/www.uqac.ca\/uqactualites\/#website","url":"https:\/\/www.uqac.ca\/uqactualites\/","name":"UQACtualit\u00e9s","description":"Le portail des nouvelles de l&#039;UQAC","potentialAction":[{"@type":"SearchAction","target":{"@type":"EntryPoint","urlTemplate":"https:\/\/www.uqac.ca\/uqactualites\/?s={search_term_string}"},"query-input":{"@type":"PropertyValueSpecification","valueRequired":true,"valueName":"search_term_string"}}],"inLanguage":"fr-CA"},{"@type":"Person","@id":"https:\/\/www.uqac.ca\/uqactualites\/#\/schema\/person\/366c45a0c4f0e677b41b4af5886e2018","name":"Service des communications et des relations publiques","image":{"@type":"ImageObject","inLanguage":"fr-CA","@id":"https:\/\/www.uqac.ca\/uqactualites\/#\/schema\/person\/image\/","url":"https:\/\/secure.gravatar.com\/avatar\/20fbbda8a292f59f2d3461a5b999c00b?s=96&d=mm&r=g","contentUrl":"https:\/\/secure.gravatar.com\/avatar\/20fbbda8a292f59f2d3461a5b999c00b?s=96&d=mm&r=g","caption":"Service des communications et des relations publiques"},"url":"https:\/\/www.uqac.ca\/uqactualites\/author\/bap\/"}]}},"_links":{"self":[{"href":"https:\/\/www.uqac.ca\/uqactualites\/wp-json\/wp\/v2\/posts\/22942"}],"collection":[{"href":"https:\/\/www.uqac.ca\/uqactualites\/wp-json\/wp\/v2\/posts"}],"about":[{"href":"https:\/\/www.uqac.ca\/uqactualites\/wp-json\/wp\/v2\/types\/post"}],"author":[{"embeddable":true,"href":"https:\/\/www.uqac.ca\/uqactualites\/wp-json\/wp\/v2\/users\/5"}],"replies":[{"embeddable":true,"href":"https:\/\/www.uqac.ca\/uqactualites\/wp-json\/wp\/v2\/comments?post=22942"}],"version-history":[{"count":0,"href":"https:\/\/www.uqac.ca\/uqactualites\/wp-json\/wp\/v2\/posts\/22942\/revisions"}],"wp:featuredmedia":[{"embeddable":true,"href":"https:\/\/www.uqac.ca\/uqactualites\/wp-json\/wp\/v2\/media\/20989"}],"wp:attachment":[{"href":"https:\/\/www.uqac.ca\/uqactualites\/wp-json\/wp\/v2\/media?parent=22942"}],"wp:term":[{"taxonomy":"category","embeddable":true,"href":"https:\/\/www.uqac.ca\/uqactualites\/wp-json\/wp\/v2\/categories?post=22942"},{"taxonomy":"post_tag","embeddable":true,"href":"https:\/\/www.uqac.ca\/uqactualites\/wp-json\/wp\/v2\/tags?post=22942"}],"curies":[{"name":"wp","href":"https:\/\/api.w.org\/{rel}","templated":true}]}}