{"id":23113,"date":"2013-02-15T15:28:32","date_gmt":"2013-02-15T20:28:32","guid":{"rendered":"http:\/\/uqactualite.odev.ca\/?p=23113"},"modified":"2013-02-15T15:28:32","modified_gmt":"2013-02-15T20:28:32","slug":"declaration-des-chefs-detablissements-universitaires-2","status":"publish","type":"post","link":"https:\/\/www.uqac.ca\/uqactualites\/2013\/02\/15\/declaration-des-chefs-detablissements-universitaires-2\/","title":{"rendered":"D\u00e9claration des chefs d\u2019\u00e9tablissements universitaires"},"content":{"rendered":"<p>Les porte-paroles du conseil d\u2019administration de la Conf\u00e9rence des recteurs et des principaux de l\u2019Universit\u00e9 du Qu\u00e9bec (CREPUQ) ont proc\u00e9d\u00e9 ce matin, le vendredi 15 f\u00e9vrier \u00e0 11\u00a0h, \u00e0 Montr\u00e9al, \u00e0 une conf\u00e9rence de presse concernant les attentes des chefs d\u2019\u00e9tablissements universitaires \u00e0 l\u2019\u00e9gard du Sommet de l\u2019enseignement sup\u00e9rieur.<\/p>\n<p>Le recteur de l\u2019UQAC, monsieur Martin Gauthier, souhaite vous transmettre les d\u00e9tails de cette d\u00e9claration.<\/p>\n<p><span style=\"color: #5a7411\"><a href=\"http:\/\/www.uqac.ca\/wp-content\/uploads\/2013\/02\/DECLARATiON-chefs-etablissement.pdf\"><span style=\"color: #5a7411\"><b>Consultez en ligne le texte int\u00e9gral.<\/b><\/span><\/a><\/span><\/p>\n","protected":false},"excerpt":{"rendered":"<p>Les porte-paroles du conseil d\u2019administration de la Conf\u00e9rence des recteurs et des principaux de l\u2019Universit\u00e9 du Qu\u00e9bec (CREPUQ) ont proc\u00e9d\u00e9 ce matin, le vendredi 15 f\u00e9vrier \u00e0 11\u00a0h, \u00e0 Montr\u00e9al, \u00e0 une conf\u00e9rence de presse concernant les attentes des chefs d\u2019\u00e9tablissements universitaires \u00e0 l\u2019\u00e9gard du Sommet de l\u2019enseignement sup\u00e9rieur. Le recteur de l\u2019UQAC, monsieur Martin [&hellip;]<\/p>\n","protected":false},"author":5,"featured_media":20987,"comment_status":"closed","ping_status":"open","sticky":false,"template":"","format":"standard","meta":{"footnotes":""},"categories":[2772],"tags":[1912,1913,1914,102,1915,1008,1805,115],"yoast_head":"<!-- This site is optimized with the Yoast SEO plugin v24.2 - https:\/\/yoast.com\/wordpress\/plugins\/seo\/ -->\r\n<title>D\u00e9claration des chefs d\u2019\u00e9tablissements universitaires - UQACtualit\u00e9s<\/title>\r\n<meta name=\"robots\" content=\"index, follow, max-snippet:-1, max-image-preview:large, max-video-preview:-1\" \/>\r\n<link rel=\"canonical\" href=\"https:\/\/www.uqac.ca\/uqactualites\/2013\/02\/15\/declaration-des-chefs-detablissements-universitaires-2\/\" \/>\r\n<meta property=\"og:locale\" content=\"fr_CA\" \/>\r\n<meta property=\"og:type\" content=\"article\" \/>\r\n<meta property=\"og:title\" content=\"D\u00e9claration des chefs d\u2019\u00e9tablissements universitaires - UQACtualit\u00e9s\" \/>\r\n<meta property=\"og:description\" content=\"Les porte-paroles du conseil d\u2019administration de la Conf\u00e9rence des recteurs et des principaux de l\u2019Universit\u00e9 du Qu\u00e9bec (CREPUQ) ont proc\u00e9d\u00e9 ce matin, le vendredi 15 f\u00e9vrier \u00e0 11\u00a0h, \u00e0 Montr\u00e9al, \u00e0 une conf\u00e9rence de presse concernant les attentes des chefs d\u2019\u00e9tablissements universitaires \u00e0 l\u2019\u00e9gard du Sommet de l\u2019enseignement sup\u00e9rieur. Le recteur de l\u2019UQAC, monsieur Martin [&hellip;]\" \/>\r\n<meta property=\"og:url\" content=\"https:\/\/www.uqac.ca\/uqactualites\/2013\/02\/15\/declaration-des-chefs-detablissements-universitaires-2\/\" \/>\r\n<meta property=\"og:site_name\" content=\"UQACtualit\u00e9s\" \/>\r\n<meta property=\"article:published_time\" content=\"2013-02-15T20:28:32+00:00\" \/>\r\n<meta property=\"og:image\" content=\"https:\/\/www.uqac.ca\/uqactualites\/wp-content\/uploads\/2012\/05\/avis-important.jpg\" \/>\r\n\t<meta property=\"og:image:width\" content=\"620\" \/>\r\n\t<meta property=\"og:image:height\" content=\"300\" \/>\r\n\t<meta property=\"og:image:type\" content=\"image\/jpeg\" \/>\r\n<meta name=\"author\" content=\"Service des communications et des relations publiques\" \/>\r\n<meta name=\"twitter:card\" content=\"summary_large_image\" \/>\r\n<meta name=\"twitter:label1\" content=\"\u00c9crit par\" \/>\n\t<meta name=\"twitter:data1\" content=\"Service des communications et des relations publiques\" \/>\r\n<script type=\"application\/ld+json\" class=\"yoast-schema-graph\">{\"@context\":\"https:\/\/schema.org\",\"@graph\":[{\"@type\":\"WebPage\",\"@id\":\"https:\/\/www.uqac.ca\/uqactualites\/2013\/02\/15\/declaration-des-chefs-detablissements-universitaires-2\/\",\"url\":\"https:\/\/www.uqac.ca\/uqactualites\/2013\/02\/15\/declaration-des-chefs-detablissements-universitaires-2\/\",\"name\":\"D\u00e9claration des chefs d\u2019\u00e9tablissements universitaires - UQACtualit\u00e9s\",\"isPartOf\":{\"@id\":\"https:\/\/www.uqac.ca\/uqactualites\/#website\"},\"primaryImageOfPage\":{\"@id\":\"https:\/\/www.uqac.ca\/uqactualites\/2013\/02\/15\/declaration-des-chefs-detablissements-universitaires-2\/#primaryimage\"},\"image\":{\"@id\":\"https:\/\/www.uqac.ca\/uqactualites\/2013\/02\/15\/declaration-des-chefs-detablissements-universitaires-2\/#primaryimage\"},\"thumbnailUrl\":\"https:\/\/www.uqac.ca\/uqactualites\/wp-content\/uploads\/2012\/05\/avis-important.jpg\",\"datePublished\":\"2013-02-15T20:28:32+00:00\",\"dateModified\":\"2013-02-15T20:28:32+00:00\",\"author\":{\"@id\":\"https:\/\/www.uqac.ca\/uqactualites\/#\/schema\/person\/366c45a0c4f0e677b41b4af5886e2018\"},\"breadcrumb\":{\"@id\":\"https:\/\/www.uqac.ca\/uqactualites\/2013\/02\/15\/declaration-des-chefs-detablissements-universitaires-2\/#breadcrumb\"},\"inLanguage\":\"fr-CA\",\"potentialAction\":[{\"@type\":\"ReadAction\",\"target\":[\"https:\/\/www.uqac.ca\/uqactualites\/2013\/02\/15\/declaration-des-chefs-detablissements-universitaires-2\/\"]}]},{\"@type\":\"ImageObject\",\"inLanguage\":\"fr-CA\",\"@id\":\"https:\/\/www.uqac.ca\/uqactualites\/2013\/02\/15\/declaration-des-chefs-detablissements-universitaires-2\/#primaryimage\",\"url\":\"https:\/\/www.uqac.ca\/uqactualites\/wp-content\/uploads\/2012\/05\/avis-important.jpg\",\"contentUrl\":\"https:\/\/www.uqac.ca\/uqactualites\/wp-content\/uploads\/2012\/05\/avis-important.jpg\",\"width\":620,\"height\":300},{\"@type\":\"BreadcrumbList\",\"@id\":\"https:\/\/www.uqac.ca\/uqactualites\/2013\/02\/15\/declaration-des-chefs-detablissements-universitaires-2\/#breadcrumb\",\"itemListElement\":[{\"@type\":\"ListItem\",\"position\":1,\"name\":\"Home\",\"item\":\"https:\/\/www.uqac.ca\/uqactualites\/\"},{\"@type\":\"ListItem\",\"position\":2,\"name\":\"D\u00e9claration des chefs d\u2019\u00e9tablissements universitaires\"}]},{\"@type\":\"WebSite\",\"@id\":\"https:\/\/www.uqac.ca\/uqactualites\/#website\",\"url\":\"https:\/\/www.uqac.ca\/uqactualites\/\",\"name\":\"UQACtualit\u00e9s\",\"description\":\"Le portail des nouvelles de l&#039;UQAC\",\"potentialAction\":[{\"@type\":\"SearchAction\",\"target\":{\"@type\":\"EntryPoint\",\"urlTemplate\":\"https:\/\/www.uqac.ca\/uqactualites\/?s={search_term_string}\"},\"query-input\":{\"@type\":\"PropertyValueSpecification\",\"valueRequired\":true,\"valueName\":\"search_term_string\"}}],\"inLanguage\":\"fr-CA\"},{\"@type\":\"Person\",\"@id\":\"https:\/\/www.uqac.ca\/uqactualites\/#\/schema\/person\/366c45a0c4f0e677b41b4af5886e2018\",\"name\":\"Service des communications et des relations publiques\",\"image\":{\"@type\":\"ImageObject\",\"inLanguage\":\"fr-CA\",\"@id\":\"https:\/\/www.uqac.ca\/uqactualites\/#\/schema\/person\/image\/\",\"url\":\"https:\/\/secure.gravatar.com\/avatar\/20fbbda8a292f59f2d3461a5b999c00b?s=96&d=mm&r=g\",\"contentUrl\":\"https:\/\/secure.gravatar.com\/avatar\/20fbbda8a292f59f2d3461a5b999c00b?s=96&d=mm&r=g\",\"caption\":\"Service des communications et des relations publiques\"},\"url\":\"https:\/\/www.uqac.ca\/uqactualites\/author\/bap\/\"}]}<\/script>\r\n<!-- \/ Yoast SEO plugin. -->","yoast_head_json":{"title":"D\u00e9claration des chefs d\u2019\u00e9tablissements universitaires - UQACtualit\u00e9s","robots":{"index":"index","follow":"follow","max-snippet":"max-snippet:-1","max-image-preview":"max-image-preview:large","max-video-preview":"max-video-preview:-1"},"canonical":"https:\/\/www.uqac.ca\/uqactualites\/2013\/02\/15\/declaration-des-chefs-detablissements-universitaires-2\/","og_locale":"fr_CA","og_type":"article","og_title":"D\u00e9claration des chefs d\u2019\u00e9tablissements universitaires - UQACtualit\u00e9s","og_description":"Les porte-paroles du conseil d\u2019administration de la Conf\u00e9rence des recteurs et des principaux de l\u2019Universit\u00e9 du Qu\u00e9bec (CREPUQ) ont proc\u00e9d\u00e9 ce matin, le vendredi 15 f\u00e9vrier \u00e0 11\u00a0h, \u00e0 Montr\u00e9al, \u00e0 une conf\u00e9rence de presse concernant les attentes des chefs d\u2019\u00e9tablissements universitaires \u00e0 l\u2019\u00e9gard du Sommet de l\u2019enseignement sup\u00e9rieur. Le recteur de l\u2019UQAC, monsieur Martin [&hellip;]","og_url":"https:\/\/www.uqac.ca\/uqactualites\/2013\/02\/15\/declaration-des-chefs-detablissements-universitaires-2\/","og_site_name":"UQACtualit\u00e9s","article_published_time":"2013-02-15T20:28:32+00:00","og_image":[{"width":620,"height":300,"url":"https:\/\/www.uqac.ca\/uqactualites\/wp-content\/uploads\/2012\/05\/avis-important.jpg","type":"image\/jpeg"}],"author":"Service des communications et des relations publiques","twitter_card":"summary_large_image","twitter_misc":{"\u00c9crit par":"Service des communications et des relations publiques"},"schema":{"@context":"https:\/\/schema.org","@graph":[{"@type":"WebPage","@id":"https:\/\/www.uqac.ca\/uqactualites\/2013\/02\/15\/declaration-des-chefs-detablissements-universitaires-2\/","url":"https:\/\/www.uqac.ca\/uqactualites\/2013\/02\/15\/declaration-des-chefs-detablissements-universitaires-2\/","name":"D\u00e9claration des chefs d\u2019\u00e9tablissements universitaires - UQACtualit\u00e9s","isPartOf":{"@id":"https:\/\/www.uqac.ca\/uqactualites\/#website"},"primaryImageOfPage":{"@id":"https:\/\/www.uqac.ca\/uqactualites\/2013\/02\/15\/declaration-des-chefs-detablissements-universitaires-2\/#primaryimage"},"image":{"@id":"https:\/\/www.uqac.ca\/uqactualites\/2013\/02\/15\/declaration-des-chefs-detablissements-universitaires-2\/#primaryimage"},"thumbnailUrl":"https:\/\/www.uqac.ca\/uqactualites\/wp-content\/uploads\/2012\/05\/avis-important.jpg","datePublished":"2013-02-15T20:28:32+00:00","dateModified":"2013-02-15T20:28:32+00:00","author":{"@id":"https:\/\/www.uqac.ca\/uqactualites\/#\/schema\/person\/366c45a0c4f0e677b41b4af5886e2018"},"breadcrumb":{"@id":"https:\/\/www.uqac.ca\/uqactualites\/2013\/02\/15\/declaration-des-chefs-detablissements-universitaires-2\/#breadcrumb"},"inLanguage":"fr-CA","potentialAction":[{"@type":"ReadAction","target":["https:\/\/www.uqac.ca\/uqactualites\/2013\/02\/15\/declaration-des-chefs-detablissements-universitaires-2\/"]}]},{"@type":"ImageObject","inLanguage":"fr-CA","@id":"https:\/\/www.uqac.ca\/uqactualites\/2013\/02\/15\/declaration-des-chefs-detablissements-universitaires-2\/#primaryimage","url":"https:\/\/www.uqac.ca\/uqactualites\/wp-content\/uploads\/2012\/05\/avis-important.jpg","contentUrl":"https:\/\/www.uqac.ca\/uqactualites\/wp-content\/uploads\/2012\/05\/avis-important.jpg","width":620,"height":300},{"@type":"BreadcrumbList","@id":"https:\/\/www.uqac.ca\/uqactualites\/2013\/02\/15\/declaration-des-chefs-detablissements-universitaires-2\/#breadcrumb","itemListElement":[{"@type":"ListItem","position":1,"name":"Home","item":"https:\/\/www.uqac.ca\/uqactualites\/"},{"@type":"ListItem","position":2,"name":"D\u00e9claration des chefs d\u2019\u00e9tablissements universitaires"}]},{"@type":"WebSite","@id":"https:\/\/www.uqac.ca\/uqactualites\/#website","url":"https:\/\/www.uqac.ca\/uqactualites\/","name":"UQACtualit\u00e9s","description":"Le portail des nouvelles de l&#039;UQAC","potentialAction":[{"@type":"SearchAction","target":{"@type":"EntryPoint","urlTemplate":"https:\/\/www.uqac.ca\/uqactualites\/?s={search_term_string}"},"query-input":{"@type":"PropertyValueSpecification","valueRequired":true,"valueName":"search_term_string"}}],"inLanguage":"fr-CA"},{"@type":"Person","@id":"https:\/\/www.uqac.ca\/uqactualites\/#\/schema\/person\/366c45a0c4f0e677b41b4af5886e2018","name":"Service des communications et des relations publiques","image":{"@type":"ImageObject","inLanguage":"fr-CA","@id":"https:\/\/www.uqac.ca\/uqactualites\/#\/schema\/person\/image\/","url":"https:\/\/secure.gravatar.com\/avatar\/20fbbda8a292f59f2d3461a5b999c00b?s=96&d=mm&r=g","contentUrl":"https:\/\/secure.gravatar.com\/avatar\/20fbbda8a292f59f2d3461a5b999c00b?s=96&d=mm&r=g","caption":"Service des communications et des relations publiques"},"url":"https:\/\/www.uqac.ca\/uqactualites\/author\/bap\/"}]}},"_links":{"self":[{"href":"https:\/\/www.uqac.ca\/uqactualites\/wp-json\/wp\/v2\/posts\/23113"}],"collection":[{"href":"https:\/\/www.uqac.ca\/uqactualites\/wp-json\/wp\/v2\/posts"}],"about":[{"href":"https:\/\/www.uqac.ca\/uqactualites\/wp-json\/wp\/v2\/types\/post"}],"author":[{"embeddable":true,"href":"https:\/\/www.uqac.ca\/uqactualites\/wp-json\/wp\/v2\/users\/5"}],"replies":[{"embeddable":true,"href":"https:\/\/www.uqac.ca\/uqactualites\/wp-json\/wp\/v2\/comments?post=23113"}],"version-history":[{"count":0,"href":"https:\/\/www.uqac.ca\/uqactualites\/wp-json\/wp\/v2\/posts\/23113\/revisions"}],"wp:featuredmedia":[{"embeddable":true,"href":"https:\/\/www.uqac.ca\/uqactualites\/wp-json\/wp\/v2\/media\/20987"}],"wp:attachment":[{"href":"https:\/\/www.uqac.ca\/uqactualites\/wp-json\/wp\/v2\/media?parent=23113"}],"wp:term":[{"taxonomy":"category","embeddable":true,"href":"https:\/\/www.uqac.ca\/uqactualites\/wp-json\/wp\/v2\/categories?post=23113"},{"taxonomy":"post_tag","embeddable":true,"href":"https:\/\/www.uqac.ca\/uqactualites\/wp-json\/wp\/v2\/tags?post=23113"}],"curies":[{"name":"wp","href":"https:\/\/api.w.org\/{rel}","templated":true}]}}