{"id":23196,"date":"2013-02-21T14:05:57","date_gmt":"2013-02-21T19:05:57","guid":{"rendered":"http:\/\/uqactualite.odev.ca\/?p=23196"},"modified":"2013-02-21T14:05:57","modified_gmt":"2013-02-21T19:05:57","slug":"dominic-berube-nomme-directeur-du-service-des-ressources-financieres","status":"publish","type":"post","link":"https:\/\/www.uqac.ca\/uqactualites\/2013\/02\/21\/dominic-berube-nomme-directeur-du-service-des-ressources-financieres\/","title":{"rendered":"Dominic B\u00e9rub\u00e9 nomm\u00e9 directeur du Service des ressources financi\u00e8res"},"content":{"rendered":"<p style=\"text-align: justify\">Le recteur, monsieur Martin Gauthier, informe la communaut\u00e9 universitaire que le comit\u00e9 ex\u00e9cutif de l\u2019UQAC a proc\u00e9d\u00e9, lors de sa r\u00e9union du mardi 5 f\u00e9vrier dernier, \u00e0 la nomination de monsieur Dominic B\u00e9rub\u00e9 \u00e0 titre de directeur du Service des ressources financi\u00e8res. Monsieur B\u00e9rub\u00e9 a occup\u00e9 depuis 1999 diff\u00e9rents postes au sein de ce m\u00eame service, p\u00e9riode au cours de laquelle il a coordonn\u00e9 diff\u00e9rents mandats en mati\u00e8re de gestion des ressources financi\u00e8res tels que la pr\u00e9paration des \u00e9tats financiers et l\u2019\u00e9laboration des budgets de fonctionnement et d\u2019investissement de l\u2019Institution.<\/p>\n<p style=\"text-align: justify\">Le mandat de monsieur B\u00e9rub\u00e9 \u00e0 titre de directeur du Service des ressources financi\u00e8res s\u2019est amorc\u00e9 le mercredi 6 f\u00e9vrier dernier et se poursuit jusqu\u2019au 5 f\u00e9vrier 2015.<\/p>\n<p style=\"text-align: justify\">L\u2019Universit\u00e9 du Qu\u00e9bec \u00e0 Chicoutimi souhaite \u00e0 monsieur\u00a0B\u00e9rub\u00e9 tout le succ\u00e8s d\u00e9sir\u00e9.<\/p>\n<p style=\"text-align: justify\"><span style=\"color: #808080\">________________________________________________________________________________________<\/span><\/p>\n<p style=\"text-align: justify\" align=\"left\"><span style=\"color: #808080\"><b>Sur la photo\u00a0:<\/b> Monsieur Dominic B\u00e9rub\u00e9, directeur du Service des ressources financi\u00e8res<\/span><br \/>\n<span style=\"color: #808080\"><b>Photographe\u00a0:<\/b> Denis Blackburn<\/span><span style=\"color: #808080\">, UQAC<\/span><br \/>\n<span style=\"color: #808080\">________________________________________________________________________________________<\/span><\/p>\n","protected":false},"excerpt":{"rendered":"<p>Le recteur, monsieur Martin Gauthier, informe la communaut\u00e9 universitaire que le comit\u00e9 ex\u00e9cutif de l\u2019UQAC a proc\u00e9d\u00e9, lors de sa r\u00e9union du mardi 5 f\u00e9vrier dernier, \u00e0 la nomination de monsieur Dominic B\u00e9rub\u00e9 \u00e0 titre de directeur du Service des ressources financi\u00e8res. Monsieur B\u00e9rub\u00e9 a occup\u00e9 depuis 1999 diff\u00e9rents postes au sein de ce m\u00eame [&hellip;]<\/p>\n","protected":false},"author":5,"featured_media":23198,"comment_status":"open","ping_status":"open","sticky":false,"template":"","format":"standard","meta":{"footnotes":""},"categories":[2],"tags":[1930,1931,1737,413,1353,1850,1262],"yoast_head":"<!-- This site is optimized with the Yoast SEO plugin v24.2 - https:\/\/yoast.com\/wordpress\/plugins\/seo\/ -->\r\n<title>Dominic B\u00e9rub\u00e9 nomm\u00e9 directeur du Service des ressources financi\u00e8res - UQACtualit\u00e9s<\/title>\r\n<meta name=\"robots\" content=\"index, follow, max-snippet:-1, max-image-preview:large, max-video-preview:-1\" \/>\r\n<link rel=\"canonical\" href=\"https:\/\/www.uqac.ca\/uqactualites\/2013\/02\/21\/dominic-berube-nomme-directeur-du-service-des-ressources-financieres\/\" \/>\r\n<meta property=\"og:locale\" content=\"fr_CA\" \/>\r\n<meta property=\"og:type\" content=\"article\" \/>\r\n<meta property=\"og:title\" content=\"Dominic B\u00e9rub\u00e9 nomm\u00e9 directeur du Service des ressources financi\u00e8res - UQACtualit\u00e9s\" \/>\r\n<meta property=\"og:description\" content=\"Le recteur, monsieur Martin Gauthier, informe la communaut\u00e9 universitaire que le comit\u00e9 ex\u00e9cutif de l\u2019UQAC a proc\u00e9d\u00e9, lors de sa r\u00e9union du mardi 5 f\u00e9vrier dernier, \u00e0 la nomination de monsieur Dominic B\u00e9rub\u00e9 \u00e0 titre de directeur du Service des ressources financi\u00e8res. Monsieur B\u00e9rub\u00e9 a occup\u00e9 depuis 1999 diff\u00e9rents postes au sein de ce m\u00eame [&hellip;]\" \/>\r\n<meta property=\"og:url\" content=\"https:\/\/www.uqac.ca\/uqactualites\/2013\/02\/21\/dominic-berube-nomme-directeur-du-service-des-ressources-financieres\/\" \/>\r\n<meta property=\"og:site_name\" content=\"UQACtualit\u00e9s\" \/>\r\n<meta property=\"article:published_time\" content=\"2013-02-21T19:05:57+00:00\" \/>\r\n<meta property=\"og:image\" content=\"https:\/\/www.uqac.ca\/uqactualites\/wp-content\/uploads\/2013\/02\/Dominic-B\u00e9rub\u00e9-Web-\u00a9Denis-Blackburn.jpg\" \/>\r\n\t<meta property=\"og:image:width\" content=\"620\" \/>\r\n\t<meta property=\"og:image:height\" content=\"300\" \/>\r\n\t<meta property=\"og:image:type\" content=\"image\/jpeg\" \/>\r\n<meta name=\"author\" content=\"Service des communications et des relations publiques\" \/>\r\n<meta name=\"twitter:card\" content=\"summary_large_image\" \/>\r\n<meta name=\"twitter:label1\" content=\"\u00c9crit par\" \/>\n\t<meta name=\"twitter:data1\" content=\"Service des communications et des relations publiques\" \/>\n\t<meta name=\"twitter:label2\" content=\"Estimation du temps de lecture\" \/>\n\t<meta name=\"twitter:data2\" content=\"1 minute\" \/>\r\n<script type=\"application\/ld+json\" class=\"yoast-schema-graph\">{\"@context\":\"https:\/\/schema.org\",\"@graph\":[{\"@type\":\"WebPage\",\"@id\":\"https:\/\/www.uqac.ca\/uqactualites\/2013\/02\/21\/dominic-berube-nomme-directeur-du-service-des-ressources-financieres\/\",\"url\":\"https:\/\/www.uqac.ca\/uqactualites\/2013\/02\/21\/dominic-berube-nomme-directeur-du-service-des-ressources-financieres\/\",\"name\":\"Dominic B\u00e9rub\u00e9 nomm\u00e9 directeur du Service des ressources financi\u00e8res - UQACtualit\u00e9s\",\"isPartOf\":{\"@id\":\"https:\/\/www.uqac.ca\/uqactualites\/#website\"},\"primaryImageOfPage\":{\"@id\":\"https:\/\/www.uqac.ca\/uqactualites\/2013\/02\/21\/dominic-berube-nomme-directeur-du-service-des-ressources-financieres\/#primaryimage\"},\"image\":{\"@id\":\"https:\/\/www.uqac.ca\/uqactualites\/2013\/02\/21\/dominic-berube-nomme-directeur-du-service-des-ressources-financieres\/#primaryimage\"},\"thumbnailUrl\":\"https:\/\/www.uqac.ca\/uqactualites\/wp-content\/uploads\/2013\/02\/Dominic-B\u00e9rub\u00e9-Web-\u00a9Denis-Blackburn.jpg\",\"datePublished\":\"2013-02-21T19:05:57+00:00\",\"dateModified\":\"2013-02-21T19:05:57+00:00\",\"author\":{\"@id\":\"https:\/\/www.uqac.ca\/uqactualites\/#\/schema\/person\/366c45a0c4f0e677b41b4af5886e2018\"},\"breadcrumb\":{\"@id\":\"https:\/\/www.uqac.ca\/uqactualites\/2013\/02\/21\/dominic-berube-nomme-directeur-du-service-des-ressources-financieres\/#breadcrumb\"},\"inLanguage\":\"fr-CA\",\"potentialAction\":[{\"@type\":\"ReadAction\",\"target\":[\"https:\/\/www.uqac.ca\/uqactualites\/2013\/02\/21\/dominic-berube-nomme-directeur-du-service-des-ressources-financieres\/\"]}]},{\"@type\":\"ImageObject\",\"inLanguage\":\"fr-CA\",\"@id\":\"https:\/\/www.uqac.ca\/uqactualites\/2013\/02\/21\/dominic-berube-nomme-directeur-du-service-des-ressources-financieres\/#primaryimage\",\"url\":\"https:\/\/www.uqac.ca\/uqactualites\/wp-content\/uploads\/2013\/02\/Dominic-B\u00e9rub\u00e9-Web-\u00a9Denis-Blackburn.jpg\",\"contentUrl\":\"https:\/\/www.uqac.ca\/uqactualites\/wp-content\/uploads\/2013\/02\/Dominic-B\u00e9rub\u00e9-Web-\u00a9Denis-Blackburn.jpg\",\"width\":620,\"height\":300},{\"@type\":\"BreadcrumbList\",\"@id\":\"https:\/\/www.uqac.ca\/uqactualites\/2013\/02\/21\/dominic-berube-nomme-directeur-du-service-des-ressources-financieres\/#breadcrumb\",\"itemListElement\":[{\"@type\":\"ListItem\",\"position\":1,\"name\":\"Home\",\"item\":\"https:\/\/www.uqac.ca\/uqactualites\/\"},{\"@type\":\"ListItem\",\"position\":2,\"name\":\"Dominic B\u00e9rub\u00e9 nomm\u00e9 directeur du Service des ressources financi\u00e8res\"}]},{\"@type\":\"WebSite\",\"@id\":\"https:\/\/www.uqac.ca\/uqactualites\/#website\",\"url\":\"https:\/\/www.uqac.ca\/uqactualites\/\",\"name\":\"UQACtualit\u00e9s\",\"description\":\"Le portail des nouvelles de l&#039;UQAC\",\"potentialAction\":[{\"@type\":\"SearchAction\",\"target\":{\"@type\":\"EntryPoint\",\"urlTemplate\":\"https:\/\/www.uqac.ca\/uqactualites\/?s={search_term_string}\"},\"query-input\":{\"@type\":\"PropertyValueSpecification\",\"valueRequired\":true,\"valueName\":\"search_term_string\"}}],\"inLanguage\":\"fr-CA\"},{\"@type\":\"Person\",\"@id\":\"https:\/\/www.uqac.ca\/uqactualites\/#\/schema\/person\/366c45a0c4f0e677b41b4af5886e2018\",\"name\":\"Service des communications et des relations publiques\",\"image\":{\"@type\":\"ImageObject\",\"inLanguage\":\"fr-CA\",\"@id\":\"https:\/\/www.uqac.ca\/uqactualites\/#\/schema\/person\/image\/\",\"url\":\"https:\/\/secure.gravatar.com\/avatar\/20fbbda8a292f59f2d3461a5b999c00b?s=96&d=mm&r=g\",\"contentUrl\":\"https:\/\/secure.gravatar.com\/avatar\/20fbbda8a292f59f2d3461a5b999c00b?s=96&d=mm&r=g\",\"caption\":\"Service des communications et des relations publiques\"},\"url\":\"https:\/\/www.uqac.ca\/uqactualites\/author\/bap\/\"}]}<\/script>\r\n<!-- \/ Yoast SEO plugin. -->","yoast_head_json":{"title":"Dominic B\u00e9rub\u00e9 nomm\u00e9 directeur du Service des ressources financi\u00e8res - UQACtualit\u00e9s","robots":{"index":"index","follow":"follow","max-snippet":"max-snippet:-1","max-image-preview":"max-image-preview:large","max-video-preview":"max-video-preview:-1"},"canonical":"https:\/\/www.uqac.ca\/uqactualites\/2013\/02\/21\/dominic-berube-nomme-directeur-du-service-des-ressources-financieres\/","og_locale":"fr_CA","og_type":"article","og_title":"Dominic B\u00e9rub\u00e9 nomm\u00e9 directeur du Service des ressources financi\u00e8res - UQACtualit\u00e9s","og_description":"Le recteur, monsieur Martin Gauthier, informe la communaut\u00e9 universitaire que le comit\u00e9 ex\u00e9cutif de l\u2019UQAC a proc\u00e9d\u00e9, lors de sa r\u00e9union du mardi 5 f\u00e9vrier dernier, \u00e0 la nomination de monsieur Dominic B\u00e9rub\u00e9 \u00e0 titre de directeur du Service des ressources financi\u00e8res. Monsieur B\u00e9rub\u00e9 a occup\u00e9 depuis 1999 diff\u00e9rents postes au sein de ce m\u00eame [&hellip;]","og_url":"https:\/\/www.uqac.ca\/uqactualites\/2013\/02\/21\/dominic-berube-nomme-directeur-du-service-des-ressources-financieres\/","og_site_name":"UQACtualit\u00e9s","article_published_time":"2013-02-21T19:05:57+00:00","og_image":[{"width":620,"height":300,"url":"https:\/\/www.uqac.ca\/uqactualites\/wp-content\/uploads\/2013\/02\/Dominic-B\u00e9rub\u00e9-Web-\u00a9Denis-Blackburn.jpg","type":"image\/jpeg"}],"author":"Service des communications et des relations publiques","twitter_card":"summary_large_image","twitter_misc":{"\u00c9crit par":"Service des communications et des relations publiques","Estimation du temps de lecture":"1 minute"},"schema":{"@context":"https:\/\/schema.org","@graph":[{"@type":"WebPage","@id":"https:\/\/www.uqac.ca\/uqactualites\/2013\/02\/21\/dominic-berube-nomme-directeur-du-service-des-ressources-financieres\/","url":"https:\/\/www.uqac.ca\/uqactualites\/2013\/02\/21\/dominic-berube-nomme-directeur-du-service-des-ressources-financieres\/","name":"Dominic B\u00e9rub\u00e9 nomm\u00e9 directeur du Service des ressources financi\u00e8res - UQACtualit\u00e9s","isPartOf":{"@id":"https:\/\/www.uqac.ca\/uqactualites\/#website"},"primaryImageOfPage":{"@id":"https:\/\/www.uqac.ca\/uqactualites\/2013\/02\/21\/dominic-berube-nomme-directeur-du-service-des-ressources-financieres\/#primaryimage"},"image":{"@id":"https:\/\/www.uqac.ca\/uqactualites\/2013\/02\/21\/dominic-berube-nomme-directeur-du-service-des-ressources-financieres\/#primaryimage"},"thumbnailUrl":"https:\/\/www.uqac.ca\/uqactualites\/wp-content\/uploads\/2013\/02\/Dominic-B\u00e9rub\u00e9-Web-\u00a9Denis-Blackburn.jpg","datePublished":"2013-02-21T19:05:57+00:00","dateModified":"2013-02-21T19:05:57+00:00","author":{"@id":"https:\/\/www.uqac.ca\/uqactualites\/#\/schema\/person\/366c45a0c4f0e677b41b4af5886e2018"},"breadcrumb":{"@id":"https:\/\/www.uqac.ca\/uqactualites\/2013\/02\/21\/dominic-berube-nomme-directeur-du-service-des-ressources-financieres\/#breadcrumb"},"inLanguage":"fr-CA","potentialAction":[{"@type":"ReadAction","target":["https:\/\/www.uqac.ca\/uqactualites\/2013\/02\/21\/dominic-berube-nomme-directeur-du-service-des-ressources-financieres\/"]}]},{"@type":"ImageObject","inLanguage":"fr-CA","@id":"https:\/\/www.uqac.ca\/uqactualites\/2013\/02\/21\/dominic-berube-nomme-directeur-du-service-des-ressources-financieres\/#primaryimage","url":"https:\/\/www.uqac.ca\/uqactualites\/wp-content\/uploads\/2013\/02\/Dominic-B\u00e9rub\u00e9-Web-\u00a9Denis-Blackburn.jpg","contentUrl":"https:\/\/www.uqac.ca\/uqactualites\/wp-content\/uploads\/2013\/02\/Dominic-B\u00e9rub\u00e9-Web-\u00a9Denis-Blackburn.jpg","width":620,"height":300},{"@type":"BreadcrumbList","@id":"https:\/\/www.uqac.ca\/uqactualites\/2013\/02\/21\/dominic-berube-nomme-directeur-du-service-des-ressources-financieres\/#breadcrumb","itemListElement":[{"@type":"ListItem","position":1,"name":"Home","item":"https:\/\/www.uqac.ca\/uqactualites\/"},{"@type":"ListItem","position":2,"name":"Dominic B\u00e9rub\u00e9 nomm\u00e9 directeur du Service des ressources financi\u00e8res"}]},{"@type":"WebSite","@id":"https:\/\/www.uqac.ca\/uqactualites\/#website","url":"https:\/\/www.uqac.ca\/uqactualites\/","name":"UQACtualit\u00e9s","description":"Le portail des nouvelles de l&#039;UQAC","potentialAction":[{"@type":"SearchAction","target":{"@type":"EntryPoint","urlTemplate":"https:\/\/www.uqac.ca\/uqactualites\/?s={search_term_string}"},"query-input":{"@type":"PropertyValueSpecification","valueRequired":true,"valueName":"search_term_string"}}],"inLanguage":"fr-CA"},{"@type":"Person","@id":"https:\/\/www.uqac.ca\/uqactualites\/#\/schema\/person\/366c45a0c4f0e677b41b4af5886e2018","name":"Service des communications et des relations publiques","image":{"@type":"ImageObject","inLanguage":"fr-CA","@id":"https:\/\/www.uqac.ca\/uqactualites\/#\/schema\/person\/image\/","url":"https:\/\/secure.gravatar.com\/avatar\/20fbbda8a292f59f2d3461a5b999c00b?s=96&d=mm&r=g","contentUrl":"https:\/\/secure.gravatar.com\/avatar\/20fbbda8a292f59f2d3461a5b999c00b?s=96&d=mm&r=g","caption":"Service des communications et des relations publiques"},"url":"https:\/\/www.uqac.ca\/uqactualites\/author\/bap\/"}]}},"_links":{"self":[{"href":"https:\/\/www.uqac.ca\/uqactualites\/wp-json\/wp\/v2\/posts\/23196"}],"collection":[{"href":"https:\/\/www.uqac.ca\/uqactualites\/wp-json\/wp\/v2\/posts"}],"about":[{"href":"https:\/\/www.uqac.ca\/uqactualites\/wp-json\/wp\/v2\/types\/post"}],"author":[{"embeddable":true,"href":"https:\/\/www.uqac.ca\/uqactualites\/wp-json\/wp\/v2\/users\/5"}],"replies":[{"embeddable":true,"href":"https:\/\/www.uqac.ca\/uqactualites\/wp-json\/wp\/v2\/comments?post=23196"}],"version-history":[{"count":0,"href":"https:\/\/www.uqac.ca\/uqactualites\/wp-json\/wp\/v2\/posts\/23196\/revisions"}],"wp:featuredmedia":[{"embeddable":true,"href":"https:\/\/www.uqac.ca\/uqactualites\/wp-json\/wp\/v2\/media\/23198"}],"wp:attachment":[{"href":"https:\/\/www.uqac.ca\/uqactualites\/wp-json\/wp\/v2\/media?parent=23196"}],"wp:term":[{"taxonomy":"category","embeddable":true,"href":"https:\/\/www.uqac.ca\/uqactualites\/wp-json\/wp\/v2\/categories?post=23196"},{"taxonomy":"post_tag","embeddable":true,"href":"https:\/\/www.uqac.ca\/uqactualites\/wp-json\/wp\/v2\/tags?post=23196"}],"curies":[{"name":"wp","href":"https:\/\/api.w.org\/{rel}","templated":true}]}}