{"id":23262,"date":"2013-03-01T11:46:44","date_gmt":"2013-03-01T16:46:44","guid":{"rendered":"http:\/\/uqactualite.odev.ca\/?p=23262"},"modified":"2013-03-01T11:46:44","modified_gmt":"2013-03-01T16:46:44","slug":"la-5e-edition-du-double-defi-des-deux-mario-laisse-sa-marque","status":"publish","type":"post","link":"https:\/\/www.uqac.ca\/uqactualites\/2013\/03\/01\/la-5e-edition-du-double-defi-des-deux-mario-laisse-sa-marque\/","title":{"rendered":"La 5e \u00e9dition du Double d\u00e9fi des deux Mario laisse sa marque"},"content":{"rendered":"<p style=\"text-align: justify\">La 5<sup>e<\/sup> \u00e9dition du Double d\u00e9fi des deux Mario avait lieu du 8 au 12 f\u00e9vrier dernier sur les glaces du lac Saint-Jean. Voici le t\u00e9moignage qu\u2019a livr\u00e9 l\u2019une des participantes, Gis\u00e8le Pag\u00e9, charg\u00e9e de gestion \u00e0 la campagne majeure de d\u00e9veloppement de l\u2019UQAC, \u00e0 son retour.<\/p>\n<p style=\"text-align: justify\"><span style=\"color: #5a7411\"><i>Aux deux Mario.<\/i><\/span><\/p>\n<p style=\"text-align: justify\"><span style=\"color: #5a7411\"><i>Deux jours viennent de passer depuis notre arriv\u00e9e \u00e0 Roberval mardi apr\u00e8s-midi et je me surprends \u00e0 ne cesser de penser \u00e0 ce que je viens de vivre sur le lac, notre magnifique lac Saint-Jean. Depuis, la nuit si je me r\u00e9veille ou lorsque j\u2019ouvre les yeux au petit matin, ce sont les glaces que j\u2019entends encore craquer ou qui grondent comme un vrai tremblement de terre. J\u2019entends Mario B. murmurer des mots incompr\u00e9hensibles pendant qu\u2019il dort paisiblement pr\u00e8s de nous, comme un grand fr\u00e8re qui nous a invit\u00e9s \u00e0 exp\u00e9rimenter sa passion de vie et qui nous prot\u00e8ge. J\u2019imagine Catherine et son \u00e9quipe logistique en train de partir les po\u00eales qui serviront \u00e0 r\u00e9chauffer notre corps un peu meurtri par les kilom\u00e8tres parcourus la veille. J\u2019entends la voix de Catherine ou de Michel nous souhaiter un \u00ab\u00a0bon matin\u00a0\u00bb dans la tente \u00e0 6 heures du matin et voir si nous avons bien dormi, ou du moins, si nous n\u2019avons pas eu froid. Qu\u2019ils sont beaux nos jeunes!<\/i><\/span><\/p>\n<p style=\"text-align: justify\"><span style=\"color: #5a7411\"><i>Je me vois pr\u00e8s de la cuisine debout ou assise sur mon p\u2019tit banc \u00e0 7 heures du mat avec un bon caf\u00e9 et un bon couscous aux fruits offerts par Isabelle et Simon et leurs magnifiques sourires. J\u2019entends les \u00e9clats de rire des participants en train de se pr\u00e9parer pour une autre journ\u00e9e \u00e0 marcher sur le lac. J\u2019aper\u00e7ois mon vieil ami Jack Gauthier accompagn\u00e9 de son chum Marc, arriver en motoneige sur le lac afin de voir si tout va bien au camp ou si les marcheurs ont besoin d\u2019aide. Je les revois passer pr\u00e8s de nous en nous saluant de la main avec de grands sourires fendus jusqu\u2019aux oreilles, peu importe le froid qu\u2019il fait. Je me sens tellement heureuse malgr\u00e9 les douleurs intenses aux hanches qui m\u2019assaillent. Tellement privil\u00e9gi\u00e9e d\u2019\u00eatre en vie et d\u2019avoir la chance de vivre ce retour aux sources en camping d\u2019hiver avec mon ami Damien et nos co\u00e9quipiers Marie-Claude et Patrice, qui a bien voulu remplacer au pied lev\u00e9 notre coll\u00e8gue Claudio.<\/i><\/span><\/p>\n<p style=\"text-align: justify\"><span style=\"color: #5a7411\"><i>Tout comme vous, les deux Mario, je pense sinc\u00e8rement que la maladie peut repr\u00e9senter une occasion unique de faire une pause dans sa vie, d\u2019examiner si on est satisfait de ce qu\u2019on a accompli jusqu\u2019\u00e0 pr\u00e9sent et de r\u00e9ajuster le tir si ce n\u2019est pas le cas. Et comme vous le dites si bien lors des partages en plein milieu du majestueux lac Saint-Jean, on ne devrait jamais attendre d\u2019\u00eatre en maladie ou de vivre une \u00e9preuve tr\u00e8s difficile pour faire ce genre de diagnostic sur soi-m\u00eame et sur sa vie. On devrait le faire un peu tous les jours. Se coucher le soir et se demander si on est content de sa journ\u00e9e et sinon, trouver ce qui a manqu\u00e9 et y rem\u00e9dier.<\/i><\/span><\/p>\n<p style=\"text-align: justify\"><span style=\"color: #5a7411\"><i>Confront\u00e9s \u00e0 un d\u00e9fi qui touche au sens m\u00eame de notre vie lorsqu\u2019on est malade, nos perspectives changent n\u00e9cessairement. Je souhaite que votre passion et l\u2019amour que vous portez \u00e0 nos jeunes malades du cancer rejoignent un public de plus en plus nombreux d\u2019ann\u00e9e en ann\u00e9e avec votre d\u00e9fi, et que li\u00e9s par votre belle complicit\u00e9, nous puissions tous et chacun d\u2019entre nous, qui avons particip\u00e9 au Double d\u00e9fi des deux Mario, faire circuler le message de vie que vous propagez et qui nous porte envers et contre tous, droit devant.<\/i><\/span><\/p>\n<p style=\"text-align: justify\"><span style=\"color: #5a7411\"><i>Je vous laisse sur un message du dala\u00ef-lama qui me touche particuli\u00e8rement\u00a0: \u00ab\u00a0Les hommes\u2026 Ils oublient trop souvent le pr\u00e9sent, de telle sorte qu\u2019ils finissent par non-vivre ni le pr\u00e9sent, ni l\u2019avenir. Ils vivent comme s\u2019ils n\u2019allaient jamais mourir&#8230; et meurent comme s\u2019ils n\u2019avaient jamais v\u00e9cu.\u00a0\u00bb<\/i><\/span><\/p>\n<p style=\"text-align: justify\"><span style=\"color: #5a7411\"><i>Merci \u00e0 vous deux pour votre habilet\u00e9 \u00e0 faire la diff\u00e9rence pour les autres et dans le monde. Vous \u00eates des \u00eatres significatifs pour tous ceux et celles qui vous accompagnent dans votre belle aventure. Qui sait? \u00c0 l\u2019an prochain peut-\u00eatre pour l\u2019\u00e9dition\u00a02014?<\/i><\/span><\/p>\n<p style=\"text-align: justify\"><span style=\"color: #5a7411\"><br \/>\nGis\u00e8le Pag\u00e9, en r\u00e9mission depuis deux ans et fi\u00e8re participante du Double d\u00e9fi des deux Mario 2013<\/span><\/p>\n<p style=\"text-align: justify\"><span style=\"color: #5a7411\"><br \/>\n<i>N B. Merci \u00e0 mes anges gardiens Jessy, Marc et Simon (mon sherpa pr\u00e9f\u00e9r\u00e9&#8230;), \u00e0 Roger Black, un homme de c\u0153ur, qui n\u2019a cess\u00e9 de m\u2019encourager, et \u00e0 toute l\u2019\u00e9quipe logistique du d\u00e9fi\u00a0: vous \u00eates formidables!<\/i><\/span><\/p>\n<p style=\"text-align: right\" align=\"right\"><span style=\"color: #5a7411\"><i>\u00a0\u00ab\u00a0La gr\u00e2ce de vieillir, c\u2019est justement \u00e7a\u00a0: la capacit\u00e9 d\u2019appr\u00e9cier, l\u00e0, ici et maintenant!\u00a0\u00bb<br \/>\nH\u00e9l\u00e8ne Aubin \u2014 15 f\u00e9vrier 2013<br \/>\nUne bonne amie \u00e0 moi\u2026<\/i><\/span><\/p>\n<p style=\"text-align: justify\"><span style=\"color: #808080\">________________________________________________________________________________________<\/span><\/p>\n<p style=\"text-align: justify\" align=\"left\"><span style=\"color: #808080\"><b>Sur la photo\u00a0:<\/b> Les membres de l\u2019\u00e9quipe UQAC 2013<\/span><br \/>\n<span style=\"color: #808080\"><b>\u00a0\u00a0\u00a0\u00a0 \u00c0 l\u2019arri\u00e8re\u00a0: <\/b>Patrice S\u00e9guin, animateur d\u2019activit\u00e9s \u00e9tudiantes aux Services aux \u00e9tudiants, et Damien Ferland, directeur du Centre du savoir sur mesure<\/span><br \/>\n<span style=\"color: #808080\"><b>\u00a0\u00a0\u00a0\u00a0 \u00c0 l\u2019avant\u00a0: <\/b>Gis\u00e8le Pag\u00e9, charg\u00e9e de gestion au Bureau des affaires publiques (CMD), et Marie-Claude Duchesne, attach\u00e9e d&rsquo;administration et animatrice d&rsquo;activit\u00e9s \u00e9tudiantes au Service des activit\u00e9s et am\u00e9nagements sportifs<\/span><br \/>\n<span style=\"color: #808080\"><b>Photographie\u00a0:<\/b> Gracieuset\u00e9<\/span><br \/>\n<span style=\"color: #808080\">________________________________________________________________________________________<\/span><\/p>\n","protected":false},"excerpt":{"rendered":"<p>La 5e \u00e9dition du Double d\u00e9fi des deux Mario avait lieu du 8 au 12 f\u00e9vrier dernier sur les glaces du lac Saint-Jean. Voici le t\u00e9moignage qu\u2019a livr\u00e9 l\u2019une des participantes, Gis\u00e8le Pag\u00e9, charg\u00e9e de gestion \u00e0 la campagne majeure de d\u00e9veloppement de l\u2019UQAC, \u00e0 son retour. Aux deux Mario. Deux jours viennent de passer [&hellip;]<\/p>\n","protected":false},"author":5,"featured_media":23263,"comment_status":"open","ping_status":"open","sticky":false,"template":"","format":"standard","meta":{"footnotes":""},"categories":[2],"tags":[1234,432,1947,1948,284,1266,1876,1877,1098,1949,1037],"yoast_head":"<!-- This site is optimized with the Yoast SEO plugin v24.2 - https:\/\/yoast.com\/wordpress\/plugins\/seo\/ -->\r\n<title>La 5e \u00e9dition du Double d\u00e9fi des deux Mario laisse sa marque - UQACtualit\u00e9s<\/title>\r\n<meta name=\"robots\" content=\"index, follow, max-snippet:-1, max-image-preview:large, max-video-preview:-1\" \/>\r\n<link rel=\"canonical\" href=\"https:\/\/www.uqac.ca\/uqactualites\/2013\/03\/01\/la-5e-edition-du-double-defi-des-deux-mario-laisse-sa-marque\/\" \/>\r\n<meta property=\"og:locale\" content=\"fr_CA\" \/>\r\n<meta property=\"og:type\" content=\"article\" \/>\r\n<meta property=\"og:title\" content=\"La 5e \u00e9dition du Double d\u00e9fi des deux Mario laisse sa marque - UQACtualit\u00e9s\" \/>\r\n<meta property=\"og:description\" content=\"La 5e \u00e9dition du Double d\u00e9fi des deux Mario avait lieu du 8 au 12 f\u00e9vrier dernier sur les glaces du lac Saint-Jean. Voici le t\u00e9moignage qu\u2019a livr\u00e9 l\u2019une des participantes, Gis\u00e8le Pag\u00e9, charg\u00e9e de gestion \u00e0 la campagne majeure de d\u00e9veloppement de l\u2019UQAC, \u00e0 son retour. Aux deux Mario. Deux jours viennent de passer [&hellip;]\" \/>\r\n<meta property=\"og:url\" content=\"https:\/\/www.uqac.ca\/uqactualites\/2013\/03\/01\/la-5e-edition-du-double-defi-des-deux-mario-laisse-sa-marque\/\" \/>\r\n<meta property=\"og:site_name\" content=\"UQACtualit\u00e9s\" \/>\r\n<meta property=\"article:published_time\" content=\"2013-03-01T16:46:44+00:00\" \/>\r\n<meta property=\"og:image\" content=\"https:\/\/www.uqac.ca\/uqactualites\/wp-content\/uploads\/2013\/02\/Double-d\u00e9fi-2-Web-\u00a9Gracieuset\u00e9.jpg\" \/>\r\n\t<meta property=\"og:image:width\" content=\"620\" \/>\r\n\t<meta property=\"og:image:height\" content=\"300\" \/>\r\n\t<meta property=\"og:image:type\" content=\"image\/jpeg\" \/>\r\n<meta name=\"author\" content=\"Service des communications et des relations publiques\" \/>\r\n<meta name=\"twitter:card\" content=\"summary_large_image\" \/>\r\n<meta name=\"twitter:label1\" content=\"\u00c9crit par\" \/>\n\t<meta name=\"twitter:data1\" content=\"Service des communications et des relations publiques\" \/>\n\t<meta name=\"twitter:label2\" content=\"Estimation du temps de lecture\" \/>\n\t<meta name=\"twitter:data2\" content=\"5 minutes\" \/>\r\n<script type=\"application\/ld+json\" class=\"yoast-schema-graph\">{\"@context\":\"https:\/\/schema.org\",\"@graph\":[{\"@type\":\"WebPage\",\"@id\":\"https:\/\/www.uqac.ca\/uqactualites\/2013\/03\/01\/la-5e-edition-du-double-defi-des-deux-mario-laisse-sa-marque\/\",\"url\":\"https:\/\/www.uqac.ca\/uqactualites\/2013\/03\/01\/la-5e-edition-du-double-defi-des-deux-mario-laisse-sa-marque\/\",\"name\":\"La 5e \u00e9dition du Double d\u00e9fi des deux Mario laisse sa marque - UQACtualit\u00e9s\",\"isPartOf\":{\"@id\":\"https:\/\/www.uqac.ca\/uqactualites\/#website\"},\"primaryImageOfPage\":{\"@id\":\"https:\/\/www.uqac.ca\/uqactualites\/2013\/03\/01\/la-5e-edition-du-double-defi-des-deux-mario-laisse-sa-marque\/#primaryimage\"},\"image\":{\"@id\":\"https:\/\/www.uqac.ca\/uqactualites\/2013\/03\/01\/la-5e-edition-du-double-defi-des-deux-mario-laisse-sa-marque\/#primaryimage\"},\"thumbnailUrl\":\"https:\/\/www.uqac.ca\/uqactualites\/wp-content\/uploads\/2013\/02\/Double-d\u00e9fi-2-Web-\u00a9Gracieuset\u00e9.jpg\",\"datePublished\":\"2013-03-01T16:46:44+00:00\",\"dateModified\":\"2013-03-01T16:46:44+00:00\",\"author\":{\"@id\":\"https:\/\/www.uqac.ca\/uqactualites\/#\/schema\/person\/366c45a0c4f0e677b41b4af5886e2018\"},\"breadcrumb\":{\"@id\":\"https:\/\/www.uqac.ca\/uqactualites\/2013\/03\/01\/la-5e-edition-du-double-defi-des-deux-mario-laisse-sa-marque\/#breadcrumb\"},\"inLanguage\":\"fr-CA\",\"potentialAction\":[{\"@type\":\"ReadAction\",\"target\":[\"https:\/\/www.uqac.ca\/uqactualites\/2013\/03\/01\/la-5e-edition-du-double-defi-des-deux-mario-laisse-sa-marque\/\"]}]},{\"@type\":\"ImageObject\",\"inLanguage\":\"fr-CA\",\"@id\":\"https:\/\/www.uqac.ca\/uqactualites\/2013\/03\/01\/la-5e-edition-du-double-defi-des-deux-mario-laisse-sa-marque\/#primaryimage\",\"url\":\"https:\/\/www.uqac.ca\/uqactualites\/wp-content\/uploads\/2013\/02\/Double-d\u00e9fi-2-Web-\u00a9Gracieuset\u00e9.jpg\",\"contentUrl\":\"https:\/\/www.uqac.ca\/uqactualites\/wp-content\/uploads\/2013\/02\/Double-d\u00e9fi-2-Web-\u00a9Gracieuset\u00e9.jpg\",\"width\":620,\"height\":300},{\"@type\":\"BreadcrumbList\",\"@id\":\"https:\/\/www.uqac.ca\/uqactualites\/2013\/03\/01\/la-5e-edition-du-double-defi-des-deux-mario-laisse-sa-marque\/#breadcrumb\",\"itemListElement\":[{\"@type\":\"ListItem\",\"position\":1,\"name\":\"Home\",\"item\":\"https:\/\/www.uqac.ca\/uqactualites\/\"},{\"@type\":\"ListItem\",\"position\":2,\"name\":\"La 5e \u00e9dition du Double d\u00e9fi des deux Mario laisse sa marque\"}]},{\"@type\":\"WebSite\",\"@id\":\"https:\/\/www.uqac.ca\/uqactualites\/#website\",\"url\":\"https:\/\/www.uqac.ca\/uqactualites\/\",\"name\":\"UQACtualit\u00e9s\",\"description\":\"Le portail des nouvelles de l&#039;UQAC\",\"potentialAction\":[{\"@type\":\"SearchAction\",\"target\":{\"@type\":\"EntryPoint\",\"urlTemplate\":\"https:\/\/www.uqac.ca\/uqactualites\/?s={search_term_string}\"},\"query-input\":{\"@type\":\"PropertyValueSpecification\",\"valueRequired\":true,\"valueName\":\"search_term_string\"}}],\"inLanguage\":\"fr-CA\"},{\"@type\":\"Person\",\"@id\":\"https:\/\/www.uqac.ca\/uqactualites\/#\/schema\/person\/366c45a0c4f0e677b41b4af5886e2018\",\"name\":\"Service des communications et des relations publiques\",\"image\":{\"@type\":\"ImageObject\",\"inLanguage\":\"fr-CA\",\"@id\":\"https:\/\/www.uqac.ca\/uqactualites\/#\/schema\/person\/image\/\",\"url\":\"https:\/\/secure.gravatar.com\/avatar\/20fbbda8a292f59f2d3461a5b999c00b?s=96&d=mm&r=g\",\"contentUrl\":\"https:\/\/secure.gravatar.com\/avatar\/20fbbda8a292f59f2d3461a5b999c00b?s=96&d=mm&r=g\",\"caption\":\"Service des communications et des relations publiques\"},\"url\":\"https:\/\/www.uqac.ca\/uqactualites\/author\/bap\/\"}]}<\/script>\r\n<!-- \/ Yoast SEO plugin. -->","yoast_head_json":{"title":"La 5e \u00e9dition du Double d\u00e9fi des deux Mario laisse sa marque - UQACtualit\u00e9s","robots":{"index":"index","follow":"follow","max-snippet":"max-snippet:-1","max-image-preview":"max-image-preview:large","max-video-preview":"max-video-preview:-1"},"canonical":"https:\/\/www.uqac.ca\/uqactualites\/2013\/03\/01\/la-5e-edition-du-double-defi-des-deux-mario-laisse-sa-marque\/","og_locale":"fr_CA","og_type":"article","og_title":"La 5e \u00e9dition du Double d\u00e9fi des deux Mario laisse sa marque - UQACtualit\u00e9s","og_description":"La 5e \u00e9dition du Double d\u00e9fi des deux Mario avait lieu du 8 au 12 f\u00e9vrier dernier sur les glaces du lac Saint-Jean. Voici le t\u00e9moignage qu\u2019a livr\u00e9 l\u2019une des participantes, Gis\u00e8le Pag\u00e9, charg\u00e9e de gestion \u00e0 la campagne majeure de d\u00e9veloppement de l\u2019UQAC, \u00e0 son retour. Aux deux Mario. Deux jours viennent de passer [&hellip;]","og_url":"https:\/\/www.uqac.ca\/uqactualites\/2013\/03\/01\/la-5e-edition-du-double-defi-des-deux-mario-laisse-sa-marque\/","og_site_name":"UQACtualit\u00e9s","article_published_time":"2013-03-01T16:46:44+00:00","og_image":[{"width":620,"height":300,"url":"https:\/\/www.uqac.ca\/uqactualites\/wp-content\/uploads\/2013\/02\/Double-d\u00e9fi-2-Web-\u00a9Gracieuset\u00e9.jpg","type":"image\/jpeg"}],"author":"Service des communications et des relations publiques","twitter_card":"summary_large_image","twitter_misc":{"\u00c9crit par":"Service des communications et des relations publiques","Estimation du temps de lecture":"5 minutes"},"schema":{"@context":"https:\/\/schema.org","@graph":[{"@type":"WebPage","@id":"https:\/\/www.uqac.ca\/uqactualites\/2013\/03\/01\/la-5e-edition-du-double-defi-des-deux-mario-laisse-sa-marque\/","url":"https:\/\/www.uqac.ca\/uqactualites\/2013\/03\/01\/la-5e-edition-du-double-defi-des-deux-mario-laisse-sa-marque\/","name":"La 5e \u00e9dition du Double d\u00e9fi des deux Mario laisse sa marque - UQACtualit\u00e9s","isPartOf":{"@id":"https:\/\/www.uqac.ca\/uqactualites\/#website"},"primaryImageOfPage":{"@id":"https:\/\/www.uqac.ca\/uqactualites\/2013\/03\/01\/la-5e-edition-du-double-defi-des-deux-mario-laisse-sa-marque\/#primaryimage"},"image":{"@id":"https:\/\/www.uqac.ca\/uqactualites\/2013\/03\/01\/la-5e-edition-du-double-defi-des-deux-mario-laisse-sa-marque\/#primaryimage"},"thumbnailUrl":"https:\/\/www.uqac.ca\/uqactualites\/wp-content\/uploads\/2013\/02\/Double-d\u00e9fi-2-Web-\u00a9Gracieuset\u00e9.jpg","datePublished":"2013-03-01T16:46:44+00:00","dateModified":"2013-03-01T16:46:44+00:00","author":{"@id":"https:\/\/www.uqac.ca\/uqactualites\/#\/schema\/person\/366c45a0c4f0e677b41b4af5886e2018"},"breadcrumb":{"@id":"https:\/\/www.uqac.ca\/uqactualites\/2013\/03\/01\/la-5e-edition-du-double-defi-des-deux-mario-laisse-sa-marque\/#breadcrumb"},"inLanguage":"fr-CA","potentialAction":[{"@type":"ReadAction","target":["https:\/\/www.uqac.ca\/uqactualites\/2013\/03\/01\/la-5e-edition-du-double-defi-des-deux-mario-laisse-sa-marque\/"]}]},{"@type":"ImageObject","inLanguage":"fr-CA","@id":"https:\/\/www.uqac.ca\/uqactualites\/2013\/03\/01\/la-5e-edition-du-double-defi-des-deux-mario-laisse-sa-marque\/#primaryimage","url":"https:\/\/www.uqac.ca\/uqactualites\/wp-content\/uploads\/2013\/02\/Double-d\u00e9fi-2-Web-\u00a9Gracieuset\u00e9.jpg","contentUrl":"https:\/\/www.uqac.ca\/uqactualites\/wp-content\/uploads\/2013\/02\/Double-d\u00e9fi-2-Web-\u00a9Gracieuset\u00e9.jpg","width":620,"height":300},{"@type":"BreadcrumbList","@id":"https:\/\/www.uqac.ca\/uqactualites\/2013\/03\/01\/la-5e-edition-du-double-defi-des-deux-mario-laisse-sa-marque\/#breadcrumb","itemListElement":[{"@type":"ListItem","position":1,"name":"Home","item":"https:\/\/www.uqac.ca\/uqactualites\/"},{"@type":"ListItem","position":2,"name":"La 5e \u00e9dition du Double d\u00e9fi des deux Mario laisse sa marque"}]},{"@type":"WebSite","@id":"https:\/\/www.uqac.ca\/uqactualites\/#website","url":"https:\/\/www.uqac.ca\/uqactualites\/","name":"UQACtualit\u00e9s","description":"Le portail des nouvelles de l&#039;UQAC","potentialAction":[{"@type":"SearchAction","target":{"@type":"EntryPoint","urlTemplate":"https:\/\/www.uqac.ca\/uqactualites\/?s={search_term_string}"},"query-input":{"@type":"PropertyValueSpecification","valueRequired":true,"valueName":"search_term_string"}}],"inLanguage":"fr-CA"},{"@type":"Person","@id":"https:\/\/www.uqac.ca\/uqactualites\/#\/schema\/person\/366c45a0c4f0e677b41b4af5886e2018","name":"Service des communications et des relations publiques","image":{"@type":"ImageObject","inLanguage":"fr-CA","@id":"https:\/\/www.uqac.ca\/uqactualites\/#\/schema\/person\/image\/","url":"https:\/\/secure.gravatar.com\/avatar\/20fbbda8a292f59f2d3461a5b999c00b?s=96&d=mm&r=g","contentUrl":"https:\/\/secure.gravatar.com\/avatar\/20fbbda8a292f59f2d3461a5b999c00b?s=96&d=mm&r=g","caption":"Service des communications et des relations publiques"},"url":"https:\/\/www.uqac.ca\/uqactualites\/author\/bap\/"}]}},"_links":{"self":[{"href":"https:\/\/www.uqac.ca\/uqactualites\/wp-json\/wp\/v2\/posts\/23262"}],"collection":[{"href":"https:\/\/www.uqac.ca\/uqactualites\/wp-json\/wp\/v2\/posts"}],"about":[{"href":"https:\/\/www.uqac.ca\/uqactualites\/wp-json\/wp\/v2\/types\/post"}],"author":[{"embeddable":true,"href":"https:\/\/www.uqac.ca\/uqactualites\/wp-json\/wp\/v2\/users\/5"}],"replies":[{"embeddable":true,"href":"https:\/\/www.uqac.ca\/uqactualites\/wp-json\/wp\/v2\/comments?post=23262"}],"version-history":[{"count":0,"href":"https:\/\/www.uqac.ca\/uqactualites\/wp-json\/wp\/v2\/posts\/23262\/revisions"}],"wp:featuredmedia":[{"embeddable":true,"href":"https:\/\/www.uqac.ca\/uqactualites\/wp-json\/wp\/v2\/media\/23263"}],"wp:attachment":[{"href":"https:\/\/www.uqac.ca\/uqactualites\/wp-json\/wp\/v2\/media?parent=23262"}],"wp:term":[{"taxonomy":"category","embeddable":true,"href":"https:\/\/www.uqac.ca\/uqactualites\/wp-json\/wp\/v2\/categories?post=23262"},{"taxonomy":"post_tag","embeddable":true,"href":"https:\/\/www.uqac.ca\/uqactualites\/wp-json\/wp\/v2\/tags?post=23262"}],"curies":[{"name":"wp","href":"https:\/\/api.w.org\/{rel}","templated":true}]}}