{"id":23388,"date":"2013-03-06T16:02:53","date_gmt":"2013-03-06T21:02:53","guid":{"rendered":"http:\/\/uqactualite.odev.ca\/?p=23388"},"modified":"2013-03-06T16:02:53","modified_gmt":"2013-03-06T21:02:53","slug":"louis-richer-contribue-a-la-redaction-dun-article-dans-le-cadre-de-la-semaine-quebecoise-de-la-deficience-intellectuelle","status":"publish","type":"post","link":"https:\/\/www.uqac.ca\/uqactualites\/2013\/03\/06\/louis-richer-contribue-a-la-redaction-dun-article-dans-le-cadre-de-la-semaine-quebecoise-de-la-deficience-intellectuelle\/","title":{"rendered":"Louis Richer contribue \u00e0 la r\u00e9daction d\u2019un article dans le cadre de la Semaine qu\u00e9b\u00e9coise de la d\u00e9ficience intellectuelle"},"content":{"rendered":"<p style=\"text-align: justify\">Dans le cadre de la Semaine qu\u00e9b\u00e9coise de la d\u00e9ficience intellectuelle, le Consortium national de recherche sur l\u2019int\u00e9gration sociale (CNRIS), organisme subventionnaire pour la recherche en d\u00e9ficience intellectuelle et en troubles envahissants du d\u00e9veloppement, souligne les recherches dans le domaine.<\/p>\n<p style=\"text-align: justify\" align=\"left\">\u00c0 cette occasion, Louis Richer, professeur au D\u00e9partement des sciences de la sant\u00e9 de l\u2019UQAC, s\u2019est joint \u00e0 deux autres professionnels pour r\u00e9diger l\u2019article intitul\u00e9 <i>Mise en valeur de la recherche en d\u00e9ficience intellectuelle<\/i>. L\u2019\u00e9quipe de recherche, dont l\u2019article fait mention, \u00e9tait pour sa part compos\u00e9e de deux chercheurs universitaires ayant des sp\u00e9cialit\u00e9s compl\u00e9mentaires (neuropsychologie et psychologie sociale), d\u2019un gestionnaire clinique et d\u2019un professionnel attitr\u00e9 au service d\u2019acc\u00e8s de son \u00e9tablissement.<\/p>\n<p><a href=\"http:\/\/uqactualite.odev.ca\/wp-content\/uploads\/2013\/03\/Article-Mise-en-valeur-de-la-recherche-en-d%C3%A9ficience-intellectuelle.pdf\" target=\"_blank\" rel=\"noopener\"><\/p>\n<p style=\"text-align: justify\" align=\"left\"><span style=\"color: #5a7411\"><span style=\"color: #5a7411\"><b>Consultez en ligne la publication scientifique.<\/b><\/span><\/span><\/p>\n<p><\/a><\/p>\n<p>&nbsp;<\/p>\n<p style=\"text-align: justify\" align=\"left\"><b>Sources\u00a0:<\/b><\/p>\n<p style=\"text-align: justify\" align=\"left\">Catherine Lanneville, agente de communication<br \/>\nConsortium national de recherche sur l\u2019int\u00e9gration sociale<br \/>\n819 376-5011, poste\u00a04392\u00a0 \u25aa\u00a0 <span style=\"color: #5a7411\"><a href=\"mailto:catherine.lanneville@uqtr.ca\"><span style=\"color: #5a7411\">catherine.lanneville@uqtr.ca<\/span><\/a><\/span><\/p>\n<p style=\"text-align: justify\" align=\"left\">Bureau des affaires publiques<br \/>\nUniversit\u00e9 du Qu\u00e9bec \u00e0 Chicoutimi<br \/>\n418\u00a0545-5011, poste\u00a02350\u00a0 \u25aa\u00a0 <span style=\"color: #5a7411\"><a href=\"mailto:affaires_publiques@uqac.ca\"><span style=\"color: #5a7411\">affaires_publiques@uqac.ca<\/span><\/a><\/span><\/p>\n<p style=\"text-align: justify\"><span style=\"color: #808080\">________________________________________________________________________________________<\/span><\/p>\n<p style=\"text-align: justify\" align=\"left\"><span style=\"color: #808080\"><b>Sur la photo, dans l\u2019ordre habituel\u00a0: <\/b>Louis Richer, professeur au D\u00e9partement des sciences de la sant\u00e9 de l\u2019UQAC, et Alain C\u00f4t\u00e9, conseiller \u00e0 la direction des services professionnels et de la recherche au Centre de r\u00e9adaptation en d\u00e9ficience intellectuelle et en troubles envahissants du d\u00e9veloppement (CRDITED) du Saguenay\u2212Lac-Saint-Jean, coauteurs de l\u2019article <i>Mise en valeur de la recherche en d\u00e9ficience intellectuelle<\/i><\/span><br \/>\n<span style=\"color: #808080\">Sont absents sur la photo\u00a0: Lise Lachance, professeure titulaire au D\u00e9partement d\u2019\u00e9ducation et p\u00e9dagogie de l\u2019UQAM et \u00e9galement coauteure de l\u2019article, et Andr\u00e9 Gu\u00e9rin, psychologue au CRDITED de la Mauricie et du Centre-du-Qu\u00e9bec\u2013Institut universitaire et membre de l\u2019\u00e9quipe de recherche<\/span><br \/>\n<span style=\"color: #808080\"><b>Photographe\u00a0: <\/b>Denis Blackburn, UQAC<\/span><br \/>\n<span style=\"color: #808080\">________________________________________________________________________________________<\/span><\/p>\n","protected":false},"excerpt":{"rendered":"<p>Dans le cadre de la Semaine qu\u00e9b\u00e9coise de la d\u00e9ficience intellectuelle, le Consortium national de recherche sur l\u2019int\u00e9gration sociale (CNRIS), organisme subventionnaire pour la recherche en d\u00e9ficience intellectuelle et en troubles envahissants du d\u00e9veloppement, souligne les recherches dans le domaine. \u00c0 cette occasion, Louis Richer, professeur au D\u00e9partement des sciences de la sant\u00e9 de l\u2019UQAC, [&hellip;]<\/p>\n","protected":false},"author":5,"featured_media":23389,"comment_status":"open","ping_status":"open","sticky":false,"template":"","format":"standard","meta":{"footnotes":""},"categories":[2,25],"tags":[1062,1977,1978,1979,1980],"yoast_head":"<!-- This site is optimized with the Yoast SEO plugin v24.2 - https:\/\/yoast.com\/wordpress\/plugins\/seo\/ -->\r\n<title>Louis Richer contribue \u00e0 la r\u00e9daction d\u2019un article dans le cadre de la Semaine qu\u00e9b\u00e9coise de la d\u00e9ficience intellectuelle - UQACtualit\u00e9s<\/title>\r\n<meta name=\"robots\" content=\"index, follow, max-snippet:-1, max-image-preview:large, max-video-preview:-1\" \/>\r\n<link rel=\"canonical\" href=\"https:\/\/www.uqac.ca\/uqactualites\/2013\/03\/06\/louis-richer-contribue-a-la-redaction-dun-article-dans-le-cadre-de-la-semaine-quebecoise-de-la-deficience-intellectuelle\/\" \/>\r\n<meta property=\"og:locale\" content=\"fr_CA\" \/>\r\n<meta property=\"og:type\" content=\"article\" \/>\r\n<meta property=\"og:title\" content=\"Louis Richer contribue \u00e0 la r\u00e9daction d\u2019un article dans le cadre de la Semaine qu\u00e9b\u00e9coise de la d\u00e9ficience intellectuelle - UQACtualit\u00e9s\" \/>\r\n<meta property=\"og:description\" content=\"Dans le cadre de la Semaine qu\u00e9b\u00e9coise de la d\u00e9ficience intellectuelle, le Consortium national de recherche sur l\u2019int\u00e9gration sociale (CNRIS), organisme subventionnaire pour la recherche en d\u00e9ficience intellectuelle et en troubles envahissants du d\u00e9veloppement, souligne les recherches dans le domaine. \u00c0 cette occasion, Louis Richer, professeur au D\u00e9partement des sciences de la sant\u00e9 de l\u2019UQAC, [&hellip;]\" \/>\r\n<meta property=\"og:url\" content=\"https:\/\/www.uqac.ca\/uqactualites\/2013\/03\/06\/louis-richer-contribue-a-la-redaction-dun-article-dans-le-cadre-de-la-semaine-quebecoise-de-la-deficience-intellectuelle\/\" \/>\r\n<meta property=\"og:site_name\" content=\"UQACtualit\u00e9s\" \/>\r\n<meta property=\"article:published_time\" content=\"2013-03-06T21:02:53+00:00\" \/>\r\n<meta property=\"og:image\" content=\"https:\/\/www.uqac.ca\/uqactualites\/wp-content\/uploads\/2013\/03\/Louis-Richer-et-Alain-C\u00f4t\u00e9-Web-\u00a9Denis-Blackburn.jpg\" \/>\r\n\t<meta property=\"og:image:width\" content=\"620\" \/>\r\n\t<meta property=\"og:image:height\" content=\"300\" \/>\r\n\t<meta property=\"og:image:type\" content=\"image\/jpeg\" \/>\r\n<meta name=\"author\" content=\"Service des communications et des relations publiques\" \/>\r\n<meta name=\"twitter:card\" content=\"summary_large_image\" \/>\r\n<meta name=\"twitter:label1\" content=\"\u00c9crit par\" \/>\n\t<meta name=\"twitter:data1\" content=\"Service des communications et des relations publiques\" \/>\n\t<meta name=\"twitter:label2\" content=\"Estimation du temps de lecture\" \/>\n\t<meta name=\"twitter:data2\" content=\"1 minute\" \/>\r\n<script type=\"application\/ld+json\" class=\"yoast-schema-graph\">{\"@context\":\"https:\/\/schema.org\",\"@graph\":[{\"@type\":\"WebPage\",\"@id\":\"https:\/\/www.uqac.ca\/uqactualites\/2013\/03\/06\/louis-richer-contribue-a-la-redaction-dun-article-dans-le-cadre-de-la-semaine-quebecoise-de-la-deficience-intellectuelle\/\",\"url\":\"https:\/\/www.uqac.ca\/uqactualites\/2013\/03\/06\/louis-richer-contribue-a-la-redaction-dun-article-dans-le-cadre-de-la-semaine-quebecoise-de-la-deficience-intellectuelle\/\",\"name\":\"Louis Richer contribue \u00e0 la r\u00e9daction d\u2019un article dans le cadre de la Semaine qu\u00e9b\u00e9coise de la d\u00e9ficience intellectuelle - UQACtualit\u00e9s\",\"isPartOf\":{\"@id\":\"https:\/\/www.uqac.ca\/uqactualites\/#website\"},\"primaryImageOfPage\":{\"@id\":\"https:\/\/www.uqac.ca\/uqactualites\/2013\/03\/06\/louis-richer-contribue-a-la-redaction-dun-article-dans-le-cadre-de-la-semaine-quebecoise-de-la-deficience-intellectuelle\/#primaryimage\"},\"image\":{\"@id\":\"https:\/\/www.uqac.ca\/uqactualites\/2013\/03\/06\/louis-richer-contribue-a-la-redaction-dun-article-dans-le-cadre-de-la-semaine-quebecoise-de-la-deficience-intellectuelle\/#primaryimage\"},\"thumbnailUrl\":\"https:\/\/www.uqac.ca\/uqactualites\/wp-content\/uploads\/2013\/03\/Louis-Richer-et-Alain-C\u00f4t\u00e9-Web-\u00a9Denis-Blackburn.jpg\",\"datePublished\":\"2013-03-06T21:02:53+00:00\",\"dateModified\":\"2013-03-06T21:02:53+00:00\",\"author\":{\"@id\":\"https:\/\/www.uqac.ca\/uqactualites\/#\/schema\/person\/366c45a0c4f0e677b41b4af5886e2018\"},\"breadcrumb\":{\"@id\":\"https:\/\/www.uqac.ca\/uqactualites\/2013\/03\/06\/louis-richer-contribue-a-la-redaction-dun-article-dans-le-cadre-de-la-semaine-quebecoise-de-la-deficience-intellectuelle\/#breadcrumb\"},\"inLanguage\":\"fr-CA\",\"potentialAction\":[{\"@type\":\"ReadAction\",\"target\":[\"https:\/\/www.uqac.ca\/uqactualites\/2013\/03\/06\/louis-richer-contribue-a-la-redaction-dun-article-dans-le-cadre-de-la-semaine-quebecoise-de-la-deficience-intellectuelle\/\"]}]},{\"@type\":\"ImageObject\",\"inLanguage\":\"fr-CA\",\"@id\":\"https:\/\/www.uqac.ca\/uqactualites\/2013\/03\/06\/louis-richer-contribue-a-la-redaction-dun-article-dans-le-cadre-de-la-semaine-quebecoise-de-la-deficience-intellectuelle\/#primaryimage\",\"url\":\"https:\/\/www.uqac.ca\/uqactualites\/wp-content\/uploads\/2013\/03\/Louis-Richer-et-Alain-C\u00f4t\u00e9-Web-\u00a9Denis-Blackburn.jpg\",\"contentUrl\":\"https:\/\/www.uqac.ca\/uqactualites\/wp-content\/uploads\/2013\/03\/Louis-Richer-et-Alain-C\u00f4t\u00e9-Web-\u00a9Denis-Blackburn.jpg\",\"width\":620,\"height\":300},{\"@type\":\"BreadcrumbList\",\"@id\":\"https:\/\/www.uqac.ca\/uqactualites\/2013\/03\/06\/louis-richer-contribue-a-la-redaction-dun-article-dans-le-cadre-de-la-semaine-quebecoise-de-la-deficience-intellectuelle\/#breadcrumb\",\"itemListElement\":[{\"@type\":\"ListItem\",\"position\":1,\"name\":\"Home\",\"item\":\"https:\/\/www.uqac.ca\/uqactualites\/\"},{\"@type\":\"ListItem\",\"position\":2,\"name\":\"Louis Richer contribue \u00e0 la r\u00e9daction d\u2019un article dans le cadre de la Semaine qu\u00e9b\u00e9coise de la d\u00e9ficience intellectuelle\"}]},{\"@type\":\"WebSite\",\"@id\":\"https:\/\/www.uqac.ca\/uqactualites\/#website\",\"url\":\"https:\/\/www.uqac.ca\/uqactualites\/\",\"name\":\"UQACtualit\u00e9s\",\"description\":\"Le portail des nouvelles de l&#039;UQAC\",\"potentialAction\":[{\"@type\":\"SearchAction\",\"target\":{\"@type\":\"EntryPoint\",\"urlTemplate\":\"https:\/\/www.uqac.ca\/uqactualites\/?s={search_term_string}\"},\"query-input\":{\"@type\":\"PropertyValueSpecification\",\"valueRequired\":true,\"valueName\":\"search_term_string\"}}],\"inLanguage\":\"fr-CA\"},{\"@type\":\"Person\",\"@id\":\"https:\/\/www.uqac.ca\/uqactualites\/#\/schema\/person\/366c45a0c4f0e677b41b4af5886e2018\",\"name\":\"Service des communications et des relations publiques\",\"image\":{\"@type\":\"ImageObject\",\"inLanguage\":\"fr-CA\",\"@id\":\"https:\/\/www.uqac.ca\/uqactualites\/#\/schema\/person\/image\/\",\"url\":\"https:\/\/secure.gravatar.com\/avatar\/20fbbda8a292f59f2d3461a5b999c00b?s=96&d=mm&r=g\",\"contentUrl\":\"https:\/\/secure.gravatar.com\/avatar\/20fbbda8a292f59f2d3461a5b999c00b?s=96&d=mm&r=g\",\"caption\":\"Service des communications et des relations publiques\"},\"url\":\"https:\/\/www.uqac.ca\/uqactualites\/author\/bap\/\"}]}<\/script>\r\n<!-- \/ Yoast SEO plugin. -->","yoast_head_json":{"title":"Louis Richer contribue \u00e0 la r\u00e9daction d\u2019un article dans le cadre de la Semaine qu\u00e9b\u00e9coise de la d\u00e9ficience intellectuelle - UQACtualit\u00e9s","robots":{"index":"index","follow":"follow","max-snippet":"max-snippet:-1","max-image-preview":"max-image-preview:large","max-video-preview":"max-video-preview:-1"},"canonical":"https:\/\/www.uqac.ca\/uqactualites\/2013\/03\/06\/louis-richer-contribue-a-la-redaction-dun-article-dans-le-cadre-de-la-semaine-quebecoise-de-la-deficience-intellectuelle\/","og_locale":"fr_CA","og_type":"article","og_title":"Louis Richer contribue \u00e0 la r\u00e9daction d\u2019un article dans le cadre de la Semaine qu\u00e9b\u00e9coise de la d\u00e9ficience intellectuelle - UQACtualit\u00e9s","og_description":"Dans le cadre de la Semaine qu\u00e9b\u00e9coise de la d\u00e9ficience intellectuelle, le Consortium national de recherche sur l\u2019int\u00e9gration sociale (CNRIS), organisme subventionnaire pour la recherche en d\u00e9ficience intellectuelle et en troubles envahissants du d\u00e9veloppement, souligne les recherches dans le domaine. \u00c0 cette occasion, Louis Richer, professeur au D\u00e9partement des sciences de la sant\u00e9 de l\u2019UQAC, [&hellip;]","og_url":"https:\/\/www.uqac.ca\/uqactualites\/2013\/03\/06\/louis-richer-contribue-a-la-redaction-dun-article-dans-le-cadre-de-la-semaine-quebecoise-de-la-deficience-intellectuelle\/","og_site_name":"UQACtualit\u00e9s","article_published_time":"2013-03-06T21:02:53+00:00","og_image":[{"width":620,"height":300,"url":"https:\/\/www.uqac.ca\/uqactualites\/wp-content\/uploads\/2013\/03\/Louis-Richer-et-Alain-C\u00f4t\u00e9-Web-\u00a9Denis-Blackburn.jpg","type":"image\/jpeg"}],"author":"Service des communications et des relations publiques","twitter_card":"summary_large_image","twitter_misc":{"\u00c9crit par":"Service des communications et des relations publiques","Estimation du temps de lecture":"1 minute"},"schema":{"@context":"https:\/\/schema.org","@graph":[{"@type":"WebPage","@id":"https:\/\/www.uqac.ca\/uqactualites\/2013\/03\/06\/louis-richer-contribue-a-la-redaction-dun-article-dans-le-cadre-de-la-semaine-quebecoise-de-la-deficience-intellectuelle\/","url":"https:\/\/www.uqac.ca\/uqactualites\/2013\/03\/06\/louis-richer-contribue-a-la-redaction-dun-article-dans-le-cadre-de-la-semaine-quebecoise-de-la-deficience-intellectuelle\/","name":"Louis Richer contribue \u00e0 la r\u00e9daction d\u2019un article dans le cadre de la Semaine qu\u00e9b\u00e9coise de la d\u00e9ficience intellectuelle - UQACtualit\u00e9s","isPartOf":{"@id":"https:\/\/www.uqac.ca\/uqactualites\/#website"},"primaryImageOfPage":{"@id":"https:\/\/www.uqac.ca\/uqactualites\/2013\/03\/06\/louis-richer-contribue-a-la-redaction-dun-article-dans-le-cadre-de-la-semaine-quebecoise-de-la-deficience-intellectuelle\/#primaryimage"},"image":{"@id":"https:\/\/www.uqac.ca\/uqactualites\/2013\/03\/06\/louis-richer-contribue-a-la-redaction-dun-article-dans-le-cadre-de-la-semaine-quebecoise-de-la-deficience-intellectuelle\/#primaryimage"},"thumbnailUrl":"https:\/\/www.uqac.ca\/uqactualites\/wp-content\/uploads\/2013\/03\/Louis-Richer-et-Alain-C\u00f4t\u00e9-Web-\u00a9Denis-Blackburn.jpg","datePublished":"2013-03-06T21:02:53+00:00","dateModified":"2013-03-06T21:02:53+00:00","author":{"@id":"https:\/\/www.uqac.ca\/uqactualites\/#\/schema\/person\/366c45a0c4f0e677b41b4af5886e2018"},"breadcrumb":{"@id":"https:\/\/www.uqac.ca\/uqactualites\/2013\/03\/06\/louis-richer-contribue-a-la-redaction-dun-article-dans-le-cadre-de-la-semaine-quebecoise-de-la-deficience-intellectuelle\/#breadcrumb"},"inLanguage":"fr-CA","potentialAction":[{"@type":"ReadAction","target":["https:\/\/www.uqac.ca\/uqactualites\/2013\/03\/06\/louis-richer-contribue-a-la-redaction-dun-article-dans-le-cadre-de-la-semaine-quebecoise-de-la-deficience-intellectuelle\/"]}]},{"@type":"ImageObject","inLanguage":"fr-CA","@id":"https:\/\/www.uqac.ca\/uqactualites\/2013\/03\/06\/louis-richer-contribue-a-la-redaction-dun-article-dans-le-cadre-de-la-semaine-quebecoise-de-la-deficience-intellectuelle\/#primaryimage","url":"https:\/\/www.uqac.ca\/uqactualites\/wp-content\/uploads\/2013\/03\/Louis-Richer-et-Alain-C\u00f4t\u00e9-Web-\u00a9Denis-Blackburn.jpg","contentUrl":"https:\/\/www.uqac.ca\/uqactualites\/wp-content\/uploads\/2013\/03\/Louis-Richer-et-Alain-C\u00f4t\u00e9-Web-\u00a9Denis-Blackburn.jpg","width":620,"height":300},{"@type":"BreadcrumbList","@id":"https:\/\/www.uqac.ca\/uqactualites\/2013\/03\/06\/louis-richer-contribue-a-la-redaction-dun-article-dans-le-cadre-de-la-semaine-quebecoise-de-la-deficience-intellectuelle\/#breadcrumb","itemListElement":[{"@type":"ListItem","position":1,"name":"Home","item":"https:\/\/www.uqac.ca\/uqactualites\/"},{"@type":"ListItem","position":2,"name":"Louis Richer contribue \u00e0 la r\u00e9daction d\u2019un article dans le cadre de la Semaine qu\u00e9b\u00e9coise de la d\u00e9ficience intellectuelle"}]},{"@type":"WebSite","@id":"https:\/\/www.uqac.ca\/uqactualites\/#website","url":"https:\/\/www.uqac.ca\/uqactualites\/","name":"UQACtualit\u00e9s","description":"Le portail des nouvelles de l&#039;UQAC","potentialAction":[{"@type":"SearchAction","target":{"@type":"EntryPoint","urlTemplate":"https:\/\/www.uqac.ca\/uqactualites\/?s={search_term_string}"},"query-input":{"@type":"PropertyValueSpecification","valueRequired":true,"valueName":"search_term_string"}}],"inLanguage":"fr-CA"},{"@type":"Person","@id":"https:\/\/www.uqac.ca\/uqactualites\/#\/schema\/person\/366c45a0c4f0e677b41b4af5886e2018","name":"Service des communications et des relations publiques","image":{"@type":"ImageObject","inLanguage":"fr-CA","@id":"https:\/\/www.uqac.ca\/uqactualites\/#\/schema\/person\/image\/","url":"https:\/\/secure.gravatar.com\/avatar\/20fbbda8a292f59f2d3461a5b999c00b?s=96&d=mm&r=g","contentUrl":"https:\/\/secure.gravatar.com\/avatar\/20fbbda8a292f59f2d3461a5b999c00b?s=96&d=mm&r=g","caption":"Service des communications et des relations publiques"},"url":"https:\/\/www.uqac.ca\/uqactualites\/author\/bap\/"}]}},"_links":{"self":[{"href":"https:\/\/www.uqac.ca\/uqactualites\/wp-json\/wp\/v2\/posts\/23388"}],"collection":[{"href":"https:\/\/www.uqac.ca\/uqactualites\/wp-json\/wp\/v2\/posts"}],"about":[{"href":"https:\/\/www.uqac.ca\/uqactualites\/wp-json\/wp\/v2\/types\/post"}],"author":[{"embeddable":true,"href":"https:\/\/www.uqac.ca\/uqactualites\/wp-json\/wp\/v2\/users\/5"}],"replies":[{"embeddable":true,"href":"https:\/\/www.uqac.ca\/uqactualites\/wp-json\/wp\/v2\/comments?post=23388"}],"version-history":[{"count":0,"href":"https:\/\/www.uqac.ca\/uqactualites\/wp-json\/wp\/v2\/posts\/23388\/revisions"}],"wp:featuredmedia":[{"embeddable":true,"href":"https:\/\/www.uqac.ca\/uqactualites\/wp-json\/wp\/v2\/media\/23389"}],"wp:attachment":[{"href":"https:\/\/www.uqac.ca\/uqactualites\/wp-json\/wp\/v2\/media?parent=23388"}],"wp:term":[{"taxonomy":"category","embeddable":true,"href":"https:\/\/www.uqac.ca\/uqactualites\/wp-json\/wp\/v2\/categories?post=23388"},{"taxonomy":"post_tag","embeddable":true,"href":"https:\/\/www.uqac.ca\/uqactualites\/wp-json\/wp\/v2\/tags?post=23388"}],"curies":[{"name":"wp","href":"https:\/\/api.w.org\/{rel}","templated":true}]}}