{"id":23398,"date":"2013-03-07T14:13:01","date_gmt":"2013-03-07T19:13:01","guid":{"rendered":"http:\/\/uqactualite.odev.ca\/?p=23398"},"modified":"2013-03-07T14:13:01","modified_gmt":"2013-03-07T19:13:01","slug":"demarrage-du-projet-v1sages","status":"publish","type":"post","link":"https:\/\/www.uqac.ca\/uqactualites\/2013\/03\/07\/demarrage-du-projet-v1sages\/","title":{"rendered":"Gr\u00e2ce \u00e0 un financement de 625 000 $ &#8211; D\u00e9marrage d&rsquo;un projet de recherche clinique novateur d\u00e9di\u00e9 aux personnes atteintes de maladies chroniques"},"content":{"rendered":"<p align=\"right\"><strong>COMMUNIQU\u00c9 DE PRESSE<\/strong><br \/>\n<strong>Pour diffusion imm\u00e9diate<\/strong><\/p>\n<p style=\"text-align: justify\"><strong>Chicoutimi, le 7 mars 2013 \u2013<\/strong> Le Centre de sant\u00e9 et de services sociaux (CSSS) de Chicoutimi est heureux d\u2019annoncer le d\u00e9marrage d\u2019un projet de recherche clinique r\u00e9gional visant \u00e0 mieux soutenir les personnes atteintes de maladies chroniques. R\u00e9alis\u00e9 en partenariat avec l\u2019Agence de la sant\u00e9 et des services sociaux du Saguenay\u2013Lac-Saint-Jean, l\u2019Universit\u00e9 du Qu\u00e9bec \u00e0 Chicoutimi (UQAC), l\u2019Universit\u00e9 de Sherbrooke, le CSSS de Lac-Saint-Jean-Est ainsi qu\u2019avec quatre groupes de m\u00e9decine de famille (GMF), ce projet est rendu possible gr\u00e2ce \u00e0 l\u2019obtention d\u2019un financement de 624 972 $ accord\u00e9 par le Fonds de recherche du Qu\u00e9bec \u2013 Sant\u00e9 (FRQS), en partenariat avec le minist\u00e8re de la Sant\u00e9 et des Services sociaux (MSSS) et la soci\u00e9t\u00e9 pharmaceutique Pfizer Canada, dans le cadre du Fonds Pfizer-FRQS-MSSS sur les maladies chroniques.<\/p>\n<p style=\"text-align: justify\">\u00c9labor\u00e9 en concertation avec les \u00e9quipes cliniques des quatre GMF et des deux CSSS participants, ce projet, nomm\u00e9 V1sages, vise \u00e0 implanter et \u00e0 \u00e9valuer une approche de gestion de cas et de soutien \u00e0 l\u2019autogestion en premi\u00e8re ligne pour les personnes atteintes de maladies chroniques et pr\u00e9sentant de multiples besoins en mati\u00e8re de sant\u00e9 et de services sociaux. Dirig\u00e9 par Maud-Christine Chouinard, professeure-chercheuse en sciences infirmi\u00e8res \u00e0 l\u2019UQAC, et Dre Catherine Hudon, m\u00e9decin de famille, professeure et chercheuse clinicienne au CSSS de Chicoutimi et rattach\u00e9e \u00e0 l\u2019Universit\u00e9 de Sherbrooke, le projet V1sages souhaite faire \u00e9merger des solutions aux probl\u00e8mes rencontr\u00e9s par ces personnes qui requi\u00e8rent une multitude de services, \u00e9manant de plusieurs professionnels et partenaires, dont la coordination est souvent difficile. Au Saguenay, les GMF participants sont le GMF-UMF et le GMF des Rivi\u00e8res (clinique de m\u00e9decine familiale Barette) et, au Lac-Saint-Jean, ce sont le GMF Alma et le GMF Lac-Saint-Jean-Est (clinique m\u00e9dicale de M\u00e9tabetchouan).<\/p>\n<p style=\"text-align: justify\">Environ 400 personnes, identifi\u00e9es en fonction de leurs besoins, pourront b\u00e9n\u00e9ficier du projet au sein de leur GMF. L\u2019approche particuli\u00e8re offerte \u00e0 chaque personne comprendra deux \u00e9l\u00e9ments. Le premier consiste en un suivi personnalis\u00e9 par une infirmi\u00e8re de GMF en collaboration \u00e9troite avec le m\u00e9decin de famille de la personne et les partenaires impliqu\u00e9s dans le suivi de la personne. Le deuxi\u00e8me prendra la forme de rencontres de groupe de soutien \u00e0 l\u2019autogestion offertes en GMF pour ces m\u00eames personnes.<\/p>\n<p style=\"text-align: justify\">S\u2019inscrivant directement en lien avec les priorit\u00e9s du MSSS, qui pr\u00e9conisent une offre de services pour les personnes atteintes de maladies chroniques dans leur milieu principal de suivi, soit en GMF, ce projet a \u00e9t\u00e9 class\u00e9 au premier rang des projets soumis par le comit\u00e9 d\u2019\u00e9valuation scientifique du FRQS compos\u00e9 d\u2019experts des milieux scientifiques et cliniques en raison de sa pertinence clinique et de la qualit\u00e9 de l\u2019\u00e9valuation propos\u00e9e. Il mettra \u00e0 profit une approche centr\u00e9e sur la personne et permettra, par un suivi plus \u00e9troit et une coordination des services plus efficiente, l\u2019am\u00e9lioration de la sant\u00e9 g\u00e9n\u00e9rale chez les personnes atteintes de maladies chroniques.<\/p>\n<p style=\"text-align: center\">&#8211; 30 &#8211;<\/p>\n<p style=\"text-align: justify\"><strong>Source :<\/strong><br \/>\nPatrice Vachon, conseiller en communication<br \/>\nCSSS de Chicoutimi<br \/>\n418 541-1098<\/p>\n","protected":false},"excerpt":{"rendered":"<p>COMMUNIQU\u00c9 DE PRESSE Pour diffusion imm\u00e9diate Chicoutimi, le 7 mars 2013 \u2013 Le Centre de sant\u00e9 et de services sociaux (CSSS) de Chicoutimi est heureux d\u2019annoncer le d\u00e9marrage d\u2019un projet de recherche clinique r\u00e9gional visant \u00e0 mieux soutenir les personnes atteintes de maladies chroniques. R\u00e9alis\u00e9 en partenariat avec l\u2019Agence de la sant\u00e9 et des services [&hellip;]<\/p>\n","protected":false},"author":5,"featured_media":23399,"comment_status":"open","ping_status":"open","sticky":false,"template":"","format":"standard","meta":{"footnotes":""},"categories":[2772],"tags":[1981,1206,1982,469,16,359,297,1983,1984],"yoast_head":"<!-- This site is optimized with the Yoast SEO plugin v24.2 - https:\/\/yoast.com\/wordpress\/plugins\/seo\/ -->\r\n<title>Gr\u00e2ce \u00e0 un financement de 625 000 $ - D\u00e9marrage d&#039;un projet de recherche clinique novateur d\u00e9di\u00e9 aux personnes atteintes de maladies chroniques - UQACtualit\u00e9s<\/title>\r\n<meta name=\"robots\" content=\"index, follow, max-snippet:-1, max-image-preview:large, max-video-preview:-1\" \/>\r\n<link rel=\"canonical\" href=\"https:\/\/www.uqac.ca\/uqactualites\/2013\/03\/07\/demarrage-du-projet-v1sages\/\" \/>\r\n<meta property=\"og:locale\" content=\"fr_CA\" \/>\r\n<meta property=\"og:type\" content=\"article\" \/>\r\n<meta property=\"og:title\" content=\"Gr\u00e2ce \u00e0 un financement de 625 000 $ - D\u00e9marrage d&#039;un projet de recherche clinique novateur d\u00e9di\u00e9 aux personnes atteintes de maladies chroniques - UQACtualit\u00e9s\" \/>\r\n<meta property=\"og:description\" content=\"COMMUNIQU\u00c9 DE PRESSE Pour diffusion imm\u00e9diate Chicoutimi, le 7 mars 2013 \u2013 Le Centre de sant\u00e9 et de services sociaux (CSSS) de Chicoutimi est heureux d\u2019annoncer le d\u00e9marrage d\u2019un projet de recherche clinique r\u00e9gional visant \u00e0 mieux soutenir les personnes atteintes de maladies chroniques. R\u00e9alis\u00e9 en partenariat avec l\u2019Agence de la sant\u00e9 et des services [&hellip;]\" \/>\r\n<meta property=\"og:url\" content=\"https:\/\/www.uqac.ca\/uqactualites\/2013\/03\/07\/demarrage-du-projet-v1sages\/\" \/>\r\n<meta property=\"og:site_name\" content=\"UQACtualit\u00e9s\" \/>\r\n<meta property=\"article:published_time\" content=\"2013-03-07T19:13:01+00:00\" \/>\r\n<meta property=\"og:image\" content=\"https:\/\/www.uqac.ca\/uqactualites\/wp-content\/uploads\/2013\/03\/En_tete_comm_CSSS_V1SAGE.jpg\" \/>\r\n\t<meta property=\"og:image:width\" content=\"620\" \/>\r\n\t<meta property=\"og:image:height\" content=\"300\" \/>\r\n\t<meta property=\"og:image:type\" content=\"image\/jpeg\" \/>\r\n<meta name=\"author\" content=\"Service des communications et des relations publiques\" \/>\r\n<meta name=\"twitter:card\" content=\"summary_large_image\" \/>\r\n<meta name=\"twitter:label1\" content=\"\u00c9crit par\" \/>\n\t<meta name=\"twitter:data1\" content=\"Service des communications et des relations publiques\" \/>\n\t<meta name=\"twitter:label2\" content=\"Estimation du temps de lecture\" \/>\n\t<meta name=\"twitter:data2\" content=\"3 minutes\" \/>\r\n<script type=\"application\/ld+json\" class=\"yoast-schema-graph\">{\"@context\":\"https:\/\/schema.org\",\"@graph\":[{\"@type\":\"WebPage\",\"@id\":\"https:\/\/www.uqac.ca\/uqactualites\/2013\/03\/07\/demarrage-du-projet-v1sages\/\",\"url\":\"https:\/\/www.uqac.ca\/uqactualites\/2013\/03\/07\/demarrage-du-projet-v1sages\/\",\"name\":\"Gr\u00e2ce \u00e0 un financement de 625 000 $ - D\u00e9marrage d'un projet de recherche clinique novateur d\u00e9di\u00e9 aux personnes atteintes de maladies chroniques - UQACtualit\u00e9s\",\"isPartOf\":{\"@id\":\"https:\/\/www.uqac.ca\/uqactualites\/#website\"},\"primaryImageOfPage\":{\"@id\":\"https:\/\/www.uqac.ca\/uqactualites\/2013\/03\/07\/demarrage-du-projet-v1sages\/#primaryimage\"},\"image\":{\"@id\":\"https:\/\/www.uqac.ca\/uqactualites\/2013\/03\/07\/demarrage-du-projet-v1sages\/#primaryimage\"},\"thumbnailUrl\":\"https:\/\/www.uqac.ca\/uqactualites\/wp-content\/uploads\/2013\/03\/En_tete_comm_CSSS_V1SAGE.jpg\",\"datePublished\":\"2013-03-07T19:13:01+00:00\",\"dateModified\":\"2013-03-07T19:13:01+00:00\",\"author\":{\"@id\":\"https:\/\/www.uqac.ca\/uqactualites\/#\/schema\/person\/366c45a0c4f0e677b41b4af5886e2018\"},\"breadcrumb\":{\"@id\":\"https:\/\/www.uqac.ca\/uqactualites\/2013\/03\/07\/demarrage-du-projet-v1sages\/#breadcrumb\"},\"inLanguage\":\"fr-CA\",\"potentialAction\":[{\"@type\":\"ReadAction\",\"target\":[\"https:\/\/www.uqac.ca\/uqactualites\/2013\/03\/07\/demarrage-du-projet-v1sages\/\"]}]},{\"@type\":\"ImageObject\",\"inLanguage\":\"fr-CA\",\"@id\":\"https:\/\/www.uqac.ca\/uqactualites\/2013\/03\/07\/demarrage-du-projet-v1sages\/#primaryimage\",\"url\":\"https:\/\/www.uqac.ca\/uqactualites\/wp-content\/uploads\/2013\/03\/En_tete_comm_CSSS_V1SAGE.jpg\",\"contentUrl\":\"https:\/\/www.uqac.ca\/uqactualites\/wp-content\/uploads\/2013\/03\/En_tete_comm_CSSS_V1SAGE.jpg\",\"width\":620,\"height\":300},{\"@type\":\"BreadcrumbList\",\"@id\":\"https:\/\/www.uqac.ca\/uqactualites\/2013\/03\/07\/demarrage-du-projet-v1sages\/#breadcrumb\",\"itemListElement\":[{\"@type\":\"ListItem\",\"position\":1,\"name\":\"Home\",\"item\":\"https:\/\/www.uqac.ca\/uqactualites\/\"},{\"@type\":\"ListItem\",\"position\":2,\"name\":\"Gr\u00e2ce \u00e0 un financement de 625 000 $ &#8211; D\u00e9marrage d&rsquo;un projet de recherche clinique novateur d\u00e9di\u00e9 aux personnes atteintes de maladies chroniques\"}]},{\"@type\":\"WebSite\",\"@id\":\"https:\/\/www.uqac.ca\/uqactualites\/#website\",\"url\":\"https:\/\/www.uqac.ca\/uqactualites\/\",\"name\":\"UQACtualit\u00e9s\",\"description\":\"Le portail des nouvelles de l&#039;UQAC\",\"potentialAction\":[{\"@type\":\"SearchAction\",\"target\":{\"@type\":\"EntryPoint\",\"urlTemplate\":\"https:\/\/www.uqac.ca\/uqactualites\/?s={search_term_string}\"},\"query-input\":{\"@type\":\"PropertyValueSpecification\",\"valueRequired\":true,\"valueName\":\"search_term_string\"}}],\"inLanguage\":\"fr-CA\"},{\"@type\":\"Person\",\"@id\":\"https:\/\/www.uqac.ca\/uqactualites\/#\/schema\/person\/366c45a0c4f0e677b41b4af5886e2018\",\"name\":\"Service des communications et des relations publiques\",\"image\":{\"@type\":\"ImageObject\",\"inLanguage\":\"fr-CA\",\"@id\":\"https:\/\/www.uqac.ca\/uqactualites\/#\/schema\/person\/image\/\",\"url\":\"https:\/\/secure.gravatar.com\/avatar\/20fbbda8a292f59f2d3461a5b999c00b?s=96&d=mm&r=g\",\"contentUrl\":\"https:\/\/secure.gravatar.com\/avatar\/20fbbda8a292f59f2d3461a5b999c00b?s=96&d=mm&r=g\",\"caption\":\"Service des communications et des relations publiques\"},\"url\":\"https:\/\/www.uqac.ca\/uqactualites\/author\/bap\/\"}]}<\/script>\r\n<!-- \/ Yoast SEO plugin. -->","yoast_head_json":{"title":"Gr\u00e2ce \u00e0 un financement de 625 000 $ - D\u00e9marrage d'un projet de recherche clinique novateur d\u00e9di\u00e9 aux personnes atteintes de maladies chroniques - UQACtualit\u00e9s","robots":{"index":"index","follow":"follow","max-snippet":"max-snippet:-1","max-image-preview":"max-image-preview:large","max-video-preview":"max-video-preview:-1"},"canonical":"https:\/\/www.uqac.ca\/uqactualites\/2013\/03\/07\/demarrage-du-projet-v1sages\/","og_locale":"fr_CA","og_type":"article","og_title":"Gr\u00e2ce \u00e0 un financement de 625 000 $ - D\u00e9marrage d'un projet de recherche clinique novateur d\u00e9di\u00e9 aux personnes atteintes de maladies chroniques - UQACtualit\u00e9s","og_description":"COMMUNIQU\u00c9 DE PRESSE Pour diffusion imm\u00e9diate Chicoutimi, le 7 mars 2013 \u2013 Le Centre de sant\u00e9 et de services sociaux (CSSS) de Chicoutimi est heureux d\u2019annoncer le d\u00e9marrage d\u2019un projet de recherche clinique r\u00e9gional visant \u00e0 mieux soutenir les personnes atteintes de maladies chroniques. R\u00e9alis\u00e9 en partenariat avec l\u2019Agence de la sant\u00e9 et des services [&hellip;]","og_url":"https:\/\/www.uqac.ca\/uqactualites\/2013\/03\/07\/demarrage-du-projet-v1sages\/","og_site_name":"UQACtualit\u00e9s","article_published_time":"2013-03-07T19:13:01+00:00","og_image":[{"width":620,"height":300,"url":"https:\/\/www.uqac.ca\/uqactualites\/wp-content\/uploads\/2013\/03\/En_tete_comm_CSSS_V1SAGE.jpg","type":"image\/jpeg"}],"author":"Service des communications et des relations publiques","twitter_card":"summary_large_image","twitter_misc":{"\u00c9crit par":"Service des communications et des relations publiques","Estimation du temps de lecture":"3 minutes"},"schema":{"@context":"https:\/\/schema.org","@graph":[{"@type":"WebPage","@id":"https:\/\/www.uqac.ca\/uqactualites\/2013\/03\/07\/demarrage-du-projet-v1sages\/","url":"https:\/\/www.uqac.ca\/uqactualites\/2013\/03\/07\/demarrage-du-projet-v1sages\/","name":"Gr\u00e2ce \u00e0 un financement de 625 000 $ - D\u00e9marrage d'un projet de recherche clinique novateur d\u00e9di\u00e9 aux personnes atteintes de maladies chroniques - UQACtualit\u00e9s","isPartOf":{"@id":"https:\/\/www.uqac.ca\/uqactualites\/#website"},"primaryImageOfPage":{"@id":"https:\/\/www.uqac.ca\/uqactualites\/2013\/03\/07\/demarrage-du-projet-v1sages\/#primaryimage"},"image":{"@id":"https:\/\/www.uqac.ca\/uqactualites\/2013\/03\/07\/demarrage-du-projet-v1sages\/#primaryimage"},"thumbnailUrl":"https:\/\/www.uqac.ca\/uqactualites\/wp-content\/uploads\/2013\/03\/En_tete_comm_CSSS_V1SAGE.jpg","datePublished":"2013-03-07T19:13:01+00:00","dateModified":"2013-03-07T19:13:01+00:00","author":{"@id":"https:\/\/www.uqac.ca\/uqactualites\/#\/schema\/person\/366c45a0c4f0e677b41b4af5886e2018"},"breadcrumb":{"@id":"https:\/\/www.uqac.ca\/uqactualites\/2013\/03\/07\/demarrage-du-projet-v1sages\/#breadcrumb"},"inLanguage":"fr-CA","potentialAction":[{"@type":"ReadAction","target":["https:\/\/www.uqac.ca\/uqactualites\/2013\/03\/07\/demarrage-du-projet-v1sages\/"]}]},{"@type":"ImageObject","inLanguage":"fr-CA","@id":"https:\/\/www.uqac.ca\/uqactualites\/2013\/03\/07\/demarrage-du-projet-v1sages\/#primaryimage","url":"https:\/\/www.uqac.ca\/uqactualites\/wp-content\/uploads\/2013\/03\/En_tete_comm_CSSS_V1SAGE.jpg","contentUrl":"https:\/\/www.uqac.ca\/uqactualites\/wp-content\/uploads\/2013\/03\/En_tete_comm_CSSS_V1SAGE.jpg","width":620,"height":300},{"@type":"BreadcrumbList","@id":"https:\/\/www.uqac.ca\/uqactualites\/2013\/03\/07\/demarrage-du-projet-v1sages\/#breadcrumb","itemListElement":[{"@type":"ListItem","position":1,"name":"Home","item":"https:\/\/www.uqac.ca\/uqactualites\/"},{"@type":"ListItem","position":2,"name":"Gr\u00e2ce \u00e0 un financement de 625 000 $ &#8211; D\u00e9marrage d&rsquo;un projet de recherche clinique novateur d\u00e9di\u00e9 aux personnes atteintes de maladies chroniques"}]},{"@type":"WebSite","@id":"https:\/\/www.uqac.ca\/uqactualites\/#website","url":"https:\/\/www.uqac.ca\/uqactualites\/","name":"UQACtualit\u00e9s","description":"Le portail des nouvelles de l&#039;UQAC","potentialAction":[{"@type":"SearchAction","target":{"@type":"EntryPoint","urlTemplate":"https:\/\/www.uqac.ca\/uqactualites\/?s={search_term_string}"},"query-input":{"@type":"PropertyValueSpecification","valueRequired":true,"valueName":"search_term_string"}}],"inLanguage":"fr-CA"},{"@type":"Person","@id":"https:\/\/www.uqac.ca\/uqactualites\/#\/schema\/person\/366c45a0c4f0e677b41b4af5886e2018","name":"Service des communications et des relations publiques","image":{"@type":"ImageObject","inLanguage":"fr-CA","@id":"https:\/\/www.uqac.ca\/uqactualites\/#\/schema\/person\/image\/","url":"https:\/\/secure.gravatar.com\/avatar\/20fbbda8a292f59f2d3461a5b999c00b?s=96&d=mm&r=g","contentUrl":"https:\/\/secure.gravatar.com\/avatar\/20fbbda8a292f59f2d3461a5b999c00b?s=96&d=mm&r=g","caption":"Service des communications et des relations publiques"},"url":"https:\/\/www.uqac.ca\/uqactualites\/author\/bap\/"}]}},"_links":{"self":[{"href":"https:\/\/www.uqac.ca\/uqactualites\/wp-json\/wp\/v2\/posts\/23398"}],"collection":[{"href":"https:\/\/www.uqac.ca\/uqactualites\/wp-json\/wp\/v2\/posts"}],"about":[{"href":"https:\/\/www.uqac.ca\/uqactualites\/wp-json\/wp\/v2\/types\/post"}],"author":[{"embeddable":true,"href":"https:\/\/www.uqac.ca\/uqactualites\/wp-json\/wp\/v2\/users\/5"}],"replies":[{"embeddable":true,"href":"https:\/\/www.uqac.ca\/uqactualites\/wp-json\/wp\/v2\/comments?post=23398"}],"version-history":[{"count":0,"href":"https:\/\/www.uqac.ca\/uqactualites\/wp-json\/wp\/v2\/posts\/23398\/revisions"}],"wp:featuredmedia":[{"embeddable":true,"href":"https:\/\/www.uqac.ca\/uqactualites\/wp-json\/wp\/v2\/media\/23399"}],"wp:attachment":[{"href":"https:\/\/www.uqac.ca\/uqactualites\/wp-json\/wp\/v2\/media?parent=23398"}],"wp:term":[{"taxonomy":"category","embeddable":true,"href":"https:\/\/www.uqac.ca\/uqactualites\/wp-json\/wp\/v2\/categories?post=23398"},{"taxonomy":"post_tag","embeddable":true,"href":"https:\/\/www.uqac.ca\/uqactualites\/wp-json\/wp\/v2\/tags?post=23398"}],"curies":[{"name":"wp","href":"https:\/\/api.w.org\/{rel}","templated":true}]}}