{"id":23416,"date":"2013-03-08T11:35:26","date_gmt":"2013-03-08T16:35:26","guid":{"rendered":"http:\/\/uqactualite.odev.ca\/?p=23416"},"modified":"2013-03-08T11:35:26","modified_gmt":"2013-03-08T16:35:26","slug":"la-galerie-loeuvre-de-lautre-presente-bonne-fortune","status":"publish","type":"post","link":"https:\/\/www.uqac.ca\/uqactualites\/2013\/03\/08\/la-galerie-loeuvre-de-lautre-presente-bonne-fortune\/","title":{"rendered":"La galerie L\u2019\u0152uvre de l\u2019autre pr\u00e9sente Bonne fortune"},"content":{"rendered":"<p style=\"text-align: justify\">La communaut\u00e9 universitaire est invit\u00e9e \u00e0 visiter l\u2019exposition <i>Bonne fortune<\/i>, de l\u2019artiste Lucie Duval\u00a0:<\/p>\n<p style=\"text-align: center\" align=\"center\"><span style=\"color: #5a7411\"><b>Du 13 mars au 3 avril 2013<\/b><\/span><br \/>\n<span style=\"color: #5a7411\">Galerie L&rsquo;\u0152uvre de l&rsquo;autre (Pavillon des arts)<\/span><\/p>\n<p style=\"text-align: justify\">Le vernissage aura lieu le mercredi 13 mars \u00e0 17\u00a0h, alors que sera aussi lanc\u00e9 le livre <i>Histoires \u00e0 tirer par les oreilles<\/i>,\u00a0de Lucie Duval, publi\u00e9 par Sagamie \u00c9dition d\u2019art.<\/p>\n<p style=\"text-align: justify\"><b>Quelques mots sur l\u2019artiste<br \/>\n<\/b>Depuis de nombreuses ann\u00e9es, le travail de Lucie Duval s\u2019articule autour d\u2019une interf\u00e9rence entre ce qui est lu et ce qui est vu, un parcours o\u00f9 les mots se jouent des objets et des images. Elle est n\u00e9e \u00e0 Mont-Laurier, vit et travaille au Qu\u00e9bec. Elle a \u00e9tudi\u00e9 \u00e0 l\u2019\u00c9cole des beaux-arts de Toulouse et a obtenu, en 1983, le dipl\u00f4me national sup\u00e9rieur d\u2019expression plastique (DNSEP). Elle a expos\u00e9 r\u00e9guli\u00e8rement en Am\u00e9rique du Nord, en Europe et en Asie. Ses \u0153uvres font partie de la collection de pr\u00eats d\u2019\u0153uvres d\u2019art du Conseil des arts du Canada et du Mus\u00e9e national des beaux-arts du Qu\u00e9bec.\u00a0Elle est repr\u00e9sent\u00e9e par la galerie Isabelle Gounod \u00e0 Paris.<\/p>\n<p style=\"text-align: justify\">Pour plus de d\u00e9tails, consultez le <span style=\"color: #5a7411\"><a href=\"http:\/\/lagaleriedeluqac.blogspot.ca\/\" target=\"_blank\" rel=\"noopener\"><span style=\"color: #5a7411\"><b>site Web de la galerie l\u2019\u0152uvre de l\u2019autre<\/b><\/span><\/a><\/span>.<\/p>\n<p style=\"text-align: justify\"><b><br \/>\nRenseignements\u00a0:<br \/>\n<\/b>Nathalie Villeneuve, coordonnatrice<br \/>\nLa galerie L&rsquo;\u0152uvre\u00a0de l&rsquo;autre, le centre d&rsquo;exposition de l&rsquo;UQAC<br \/>\nUniversit\u00e9 du Qu\u00e9bec \u00e0 Chicoutimi<br \/>\n418 545-5011, poste\u00a04718\u00a0 \u25aa\u00a0 <span style=\"color: #5a7411\"><a href=\"mailto:nathalie_villeneuve@uqac.ca\"><span style=\"color: #5a7411\">nathalie_villeneuve@uqac.ca<\/span><\/a><\/span><\/p>\n","protected":false},"excerpt":{"rendered":"<p>La communaut\u00e9 universitaire est invit\u00e9e \u00e0 visiter l\u2019exposition Bonne fortune, de l\u2019artiste Lucie Duval\u00a0: Du 13 mars au 3 avril 2013 Galerie L&rsquo;\u0152uvre de l&rsquo;autre (Pavillon des arts) Le vernissage aura lieu le mercredi 13 mars \u00e0 17\u00a0h, alors que sera aussi lanc\u00e9 le livre Histoires \u00e0 tirer par les oreilles,\u00a0de Lucie Duval, publi\u00e9 par [&hellip;]<\/p>\n","protected":false},"author":5,"featured_media":20989,"comment_status":"closed","ping_status":"open","sticky":false,"template":"","format":"standard","meta":{"footnotes":""},"categories":[2772],"tags":[357,1011,1988,1659,1989,1014,1016,1195],"yoast_head":"<!-- This site is optimized with the Yoast SEO plugin v24.2 - https:\/\/yoast.com\/wordpress\/plugins\/seo\/ -->\r\n<title>La galerie L\u2019\u0152uvre de l\u2019autre pr\u00e9sente Bonne fortune - UQACtualit\u00e9s<\/title>\r\n<meta name=\"robots\" content=\"index, follow, max-snippet:-1, max-image-preview:large, max-video-preview:-1\" \/>\r\n<link rel=\"canonical\" href=\"https:\/\/www.uqac.ca\/uqactualites\/2013\/03\/08\/la-galerie-loeuvre-de-lautre-presente-bonne-fortune\/\" \/>\r\n<meta property=\"og:locale\" content=\"fr_CA\" \/>\r\n<meta property=\"og:type\" content=\"article\" \/>\r\n<meta property=\"og:title\" content=\"La galerie L\u2019\u0152uvre de l\u2019autre pr\u00e9sente Bonne fortune - UQACtualit\u00e9s\" \/>\r\n<meta property=\"og:description\" content=\"La communaut\u00e9 universitaire est invit\u00e9e \u00e0 visiter l\u2019exposition Bonne fortune, de l\u2019artiste Lucie Duval\u00a0: Du 13 mars au 3 avril 2013 Galerie L&rsquo;\u0152uvre de l&rsquo;autre (Pavillon des arts) Le vernissage aura lieu le mercredi 13 mars \u00e0 17\u00a0h, alors que sera aussi lanc\u00e9 le livre Histoires \u00e0 tirer par les oreilles,\u00a0de Lucie Duval, publi\u00e9 par [&hellip;]\" \/>\r\n<meta property=\"og:url\" content=\"https:\/\/www.uqac.ca\/uqactualites\/2013\/03\/08\/la-galerie-loeuvre-de-lautre-presente-bonne-fortune\/\" \/>\r\n<meta property=\"og:site_name\" content=\"UQACtualit\u00e9s\" \/>\r\n<meta property=\"article:published_time\" content=\"2013-03-08T16:35:26+00:00\" \/>\r\n<meta property=\"og:image\" content=\"https:\/\/www.uqac.ca\/uqactualites\/wp-content\/uploads\/2012\/05\/avis-laCommunaut-.jpg\" \/>\r\n\t<meta property=\"og:image:width\" content=\"620\" \/>\r\n\t<meta property=\"og:image:height\" content=\"300\" \/>\r\n\t<meta property=\"og:image:type\" content=\"image\/jpeg\" \/>\r\n<meta name=\"author\" content=\"Service des communications et des relations publiques\" \/>\r\n<meta name=\"twitter:card\" content=\"summary_large_image\" \/>\r\n<meta name=\"twitter:label1\" content=\"\u00c9crit par\" \/>\n\t<meta name=\"twitter:data1\" content=\"Service des communications et des relations publiques\" \/>\n\t<meta name=\"twitter:label2\" content=\"Estimation du temps de lecture\" \/>\n\t<meta name=\"twitter:data2\" content=\"1 minute\" \/>\r\n<script type=\"application\/ld+json\" class=\"yoast-schema-graph\">{\"@context\":\"https:\/\/schema.org\",\"@graph\":[{\"@type\":\"WebPage\",\"@id\":\"https:\/\/www.uqac.ca\/uqactualites\/2013\/03\/08\/la-galerie-loeuvre-de-lautre-presente-bonne-fortune\/\",\"url\":\"https:\/\/www.uqac.ca\/uqactualites\/2013\/03\/08\/la-galerie-loeuvre-de-lautre-presente-bonne-fortune\/\",\"name\":\"La galerie L\u2019\u0152uvre de l\u2019autre pr\u00e9sente Bonne fortune - UQACtualit\u00e9s\",\"isPartOf\":{\"@id\":\"https:\/\/www.uqac.ca\/uqactualites\/#website\"},\"primaryImageOfPage\":{\"@id\":\"https:\/\/www.uqac.ca\/uqactualites\/2013\/03\/08\/la-galerie-loeuvre-de-lautre-presente-bonne-fortune\/#primaryimage\"},\"image\":{\"@id\":\"https:\/\/www.uqac.ca\/uqactualites\/2013\/03\/08\/la-galerie-loeuvre-de-lautre-presente-bonne-fortune\/#primaryimage\"},\"thumbnailUrl\":\"https:\/\/www.uqac.ca\/uqactualites\/wp-content\/uploads\/2012\/05\/avis-laCommunaut-.jpg\",\"datePublished\":\"2013-03-08T16:35:26+00:00\",\"dateModified\":\"2013-03-08T16:35:26+00:00\",\"author\":{\"@id\":\"https:\/\/www.uqac.ca\/uqactualites\/#\/schema\/person\/366c45a0c4f0e677b41b4af5886e2018\"},\"breadcrumb\":{\"@id\":\"https:\/\/www.uqac.ca\/uqactualites\/2013\/03\/08\/la-galerie-loeuvre-de-lautre-presente-bonne-fortune\/#breadcrumb\"},\"inLanguage\":\"fr-CA\",\"potentialAction\":[{\"@type\":\"ReadAction\",\"target\":[\"https:\/\/www.uqac.ca\/uqactualites\/2013\/03\/08\/la-galerie-loeuvre-de-lautre-presente-bonne-fortune\/\"]}]},{\"@type\":\"ImageObject\",\"inLanguage\":\"fr-CA\",\"@id\":\"https:\/\/www.uqac.ca\/uqactualites\/2013\/03\/08\/la-galerie-loeuvre-de-lautre-presente-bonne-fortune\/#primaryimage\",\"url\":\"https:\/\/www.uqac.ca\/uqactualites\/wp-content\/uploads\/2012\/05\/avis-laCommunaut-.jpg\",\"contentUrl\":\"https:\/\/www.uqac.ca\/uqactualites\/wp-content\/uploads\/2012\/05\/avis-laCommunaut-.jpg\",\"width\":620,\"height\":300},{\"@type\":\"BreadcrumbList\",\"@id\":\"https:\/\/www.uqac.ca\/uqactualites\/2013\/03\/08\/la-galerie-loeuvre-de-lautre-presente-bonne-fortune\/#breadcrumb\",\"itemListElement\":[{\"@type\":\"ListItem\",\"position\":1,\"name\":\"Home\",\"item\":\"https:\/\/www.uqac.ca\/uqactualites\/\"},{\"@type\":\"ListItem\",\"position\":2,\"name\":\"La galerie L\u2019\u0152uvre de l\u2019autre pr\u00e9sente Bonne fortune\"}]},{\"@type\":\"WebSite\",\"@id\":\"https:\/\/www.uqac.ca\/uqactualites\/#website\",\"url\":\"https:\/\/www.uqac.ca\/uqactualites\/\",\"name\":\"UQACtualit\u00e9s\",\"description\":\"Le portail des nouvelles de l&#039;UQAC\",\"potentialAction\":[{\"@type\":\"SearchAction\",\"target\":{\"@type\":\"EntryPoint\",\"urlTemplate\":\"https:\/\/www.uqac.ca\/uqactualites\/?s={search_term_string}\"},\"query-input\":{\"@type\":\"PropertyValueSpecification\",\"valueRequired\":true,\"valueName\":\"search_term_string\"}}],\"inLanguage\":\"fr-CA\"},{\"@type\":\"Person\",\"@id\":\"https:\/\/www.uqac.ca\/uqactualites\/#\/schema\/person\/366c45a0c4f0e677b41b4af5886e2018\",\"name\":\"Service des communications et des relations publiques\",\"image\":{\"@type\":\"ImageObject\",\"inLanguage\":\"fr-CA\",\"@id\":\"https:\/\/www.uqac.ca\/uqactualites\/#\/schema\/person\/image\/\",\"url\":\"https:\/\/secure.gravatar.com\/avatar\/20fbbda8a292f59f2d3461a5b999c00b?s=96&d=mm&r=g\",\"contentUrl\":\"https:\/\/secure.gravatar.com\/avatar\/20fbbda8a292f59f2d3461a5b999c00b?s=96&d=mm&r=g\",\"caption\":\"Service des communications et des relations publiques\"},\"url\":\"https:\/\/www.uqac.ca\/uqactualites\/author\/bap\/\"}]}<\/script>\r\n<!-- \/ Yoast SEO plugin. -->","yoast_head_json":{"title":"La galerie L\u2019\u0152uvre de l\u2019autre pr\u00e9sente Bonne fortune - UQACtualit\u00e9s","robots":{"index":"index","follow":"follow","max-snippet":"max-snippet:-1","max-image-preview":"max-image-preview:large","max-video-preview":"max-video-preview:-1"},"canonical":"https:\/\/www.uqac.ca\/uqactualites\/2013\/03\/08\/la-galerie-loeuvre-de-lautre-presente-bonne-fortune\/","og_locale":"fr_CA","og_type":"article","og_title":"La galerie L\u2019\u0152uvre de l\u2019autre pr\u00e9sente Bonne fortune - UQACtualit\u00e9s","og_description":"La communaut\u00e9 universitaire est invit\u00e9e \u00e0 visiter l\u2019exposition Bonne fortune, de l\u2019artiste Lucie Duval\u00a0: Du 13 mars au 3 avril 2013 Galerie L&rsquo;\u0152uvre de l&rsquo;autre (Pavillon des arts) Le vernissage aura lieu le mercredi 13 mars \u00e0 17\u00a0h, alors que sera aussi lanc\u00e9 le livre Histoires \u00e0 tirer par les oreilles,\u00a0de Lucie Duval, publi\u00e9 par [&hellip;]","og_url":"https:\/\/www.uqac.ca\/uqactualites\/2013\/03\/08\/la-galerie-loeuvre-de-lautre-presente-bonne-fortune\/","og_site_name":"UQACtualit\u00e9s","article_published_time":"2013-03-08T16:35:26+00:00","og_image":[{"width":620,"height":300,"url":"https:\/\/www.uqac.ca\/uqactualites\/wp-content\/uploads\/2012\/05\/avis-laCommunaut-.jpg","type":"image\/jpeg"}],"author":"Service des communications et des relations publiques","twitter_card":"summary_large_image","twitter_misc":{"\u00c9crit par":"Service des communications et des relations publiques","Estimation du temps de lecture":"1 minute"},"schema":{"@context":"https:\/\/schema.org","@graph":[{"@type":"WebPage","@id":"https:\/\/www.uqac.ca\/uqactualites\/2013\/03\/08\/la-galerie-loeuvre-de-lautre-presente-bonne-fortune\/","url":"https:\/\/www.uqac.ca\/uqactualites\/2013\/03\/08\/la-galerie-loeuvre-de-lautre-presente-bonne-fortune\/","name":"La galerie L\u2019\u0152uvre de l\u2019autre pr\u00e9sente Bonne fortune - UQACtualit\u00e9s","isPartOf":{"@id":"https:\/\/www.uqac.ca\/uqactualites\/#website"},"primaryImageOfPage":{"@id":"https:\/\/www.uqac.ca\/uqactualites\/2013\/03\/08\/la-galerie-loeuvre-de-lautre-presente-bonne-fortune\/#primaryimage"},"image":{"@id":"https:\/\/www.uqac.ca\/uqactualites\/2013\/03\/08\/la-galerie-loeuvre-de-lautre-presente-bonne-fortune\/#primaryimage"},"thumbnailUrl":"https:\/\/www.uqac.ca\/uqactualites\/wp-content\/uploads\/2012\/05\/avis-laCommunaut-.jpg","datePublished":"2013-03-08T16:35:26+00:00","dateModified":"2013-03-08T16:35:26+00:00","author":{"@id":"https:\/\/www.uqac.ca\/uqactualites\/#\/schema\/person\/366c45a0c4f0e677b41b4af5886e2018"},"breadcrumb":{"@id":"https:\/\/www.uqac.ca\/uqactualites\/2013\/03\/08\/la-galerie-loeuvre-de-lautre-presente-bonne-fortune\/#breadcrumb"},"inLanguage":"fr-CA","potentialAction":[{"@type":"ReadAction","target":["https:\/\/www.uqac.ca\/uqactualites\/2013\/03\/08\/la-galerie-loeuvre-de-lautre-presente-bonne-fortune\/"]}]},{"@type":"ImageObject","inLanguage":"fr-CA","@id":"https:\/\/www.uqac.ca\/uqactualites\/2013\/03\/08\/la-galerie-loeuvre-de-lautre-presente-bonne-fortune\/#primaryimage","url":"https:\/\/www.uqac.ca\/uqactualites\/wp-content\/uploads\/2012\/05\/avis-laCommunaut-.jpg","contentUrl":"https:\/\/www.uqac.ca\/uqactualites\/wp-content\/uploads\/2012\/05\/avis-laCommunaut-.jpg","width":620,"height":300},{"@type":"BreadcrumbList","@id":"https:\/\/www.uqac.ca\/uqactualites\/2013\/03\/08\/la-galerie-loeuvre-de-lautre-presente-bonne-fortune\/#breadcrumb","itemListElement":[{"@type":"ListItem","position":1,"name":"Home","item":"https:\/\/www.uqac.ca\/uqactualites\/"},{"@type":"ListItem","position":2,"name":"La galerie L\u2019\u0152uvre de l\u2019autre pr\u00e9sente Bonne fortune"}]},{"@type":"WebSite","@id":"https:\/\/www.uqac.ca\/uqactualites\/#website","url":"https:\/\/www.uqac.ca\/uqactualites\/","name":"UQACtualit\u00e9s","description":"Le portail des nouvelles de l&#039;UQAC","potentialAction":[{"@type":"SearchAction","target":{"@type":"EntryPoint","urlTemplate":"https:\/\/www.uqac.ca\/uqactualites\/?s={search_term_string}"},"query-input":{"@type":"PropertyValueSpecification","valueRequired":true,"valueName":"search_term_string"}}],"inLanguage":"fr-CA"},{"@type":"Person","@id":"https:\/\/www.uqac.ca\/uqactualites\/#\/schema\/person\/366c45a0c4f0e677b41b4af5886e2018","name":"Service des communications et des relations publiques","image":{"@type":"ImageObject","inLanguage":"fr-CA","@id":"https:\/\/www.uqac.ca\/uqactualites\/#\/schema\/person\/image\/","url":"https:\/\/secure.gravatar.com\/avatar\/20fbbda8a292f59f2d3461a5b999c00b?s=96&d=mm&r=g","contentUrl":"https:\/\/secure.gravatar.com\/avatar\/20fbbda8a292f59f2d3461a5b999c00b?s=96&d=mm&r=g","caption":"Service des communications et des relations publiques"},"url":"https:\/\/www.uqac.ca\/uqactualites\/author\/bap\/"}]}},"_links":{"self":[{"href":"https:\/\/www.uqac.ca\/uqactualites\/wp-json\/wp\/v2\/posts\/23416"}],"collection":[{"href":"https:\/\/www.uqac.ca\/uqactualites\/wp-json\/wp\/v2\/posts"}],"about":[{"href":"https:\/\/www.uqac.ca\/uqactualites\/wp-json\/wp\/v2\/types\/post"}],"author":[{"embeddable":true,"href":"https:\/\/www.uqac.ca\/uqactualites\/wp-json\/wp\/v2\/users\/5"}],"replies":[{"embeddable":true,"href":"https:\/\/www.uqac.ca\/uqactualites\/wp-json\/wp\/v2\/comments?post=23416"}],"version-history":[{"count":0,"href":"https:\/\/www.uqac.ca\/uqactualites\/wp-json\/wp\/v2\/posts\/23416\/revisions"}],"wp:featuredmedia":[{"embeddable":true,"href":"https:\/\/www.uqac.ca\/uqactualites\/wp-json\/wp\/v2\/media\/20989"}],"wp:attachment":[{"href":"https:\/\/www.uqac.ca\/uqactualites\/wp-json\/wp\/v2\/media?parent=23416"}],"wp:term":[{"taxonomy":"category","embeddable":true,"href":"https:\/\/www.uqac.ca\/uqactualites\/wp-json\/wp\/v2\/categories?post=23416"},{"taxonomy":"post_tag","embeddable":true,"href":"https:\/\/www.uqac.ca\/uqactualites\/wp-json\/wp\/v2\/tags?post=23416"}],"curies":[{"name":"wp","href":"https:\/\/api.w.org\/{rel}","templated":true}]}}