{"id":23497,"date":"2013-03-14T16:15:11","date_gmt":"2013-03-14T20:15:11","guid":{"rendered":"http:\/\/uqactualite.odev.ca\/?p=23497"},"modified":"2013-03-14T16:15:11","modified_gmt":"2013-03-14T20:15:11","slug":"journee-mondiale-de-leau-2013","status":"publish","type":"post","link":"https:\/\/www.uqac.ca\/uqactualites\/2013\/03\/14\/journee-mondiale-de-leau-2013\/","title":{"rendered":"Journ\u00e9e mondiale de l\u2019eau 2013"},"content":{"rendered":"<p style=\"text-align: justify\">Le comit\u00e9 organisateur de la Journ\u00e9e mondiale de l\u2019eau\u00a02013 \u00e0 l\u2019UQAC vous invite \u00e0 souligner cet \u00e9v\u00e9nement\u00a0:<\/p>\n<p style=\"text-align: center\" align=\"center\"><span style=\"color: #5a7411\"><b>Vendredi 22 mars 2013\u00a0 <\/b><b>\u25aa<\/b><b>\u00a0 \u00c0 compter de 10\u00a0h<\/b><\/span><br \/>\n<span style=\"color: #5a7411\">Centre social<\/span><\/p>\n<p style=\"text-align: justify\">Sous le th\u00e8me\u00a0\u00ab\u00a0La coop\u00e9ration dans le domaine de l\u2019eau\u00a0\u00bb, la Journ\u00e9e mondiale de l\u2019eau vise \u00e0 favoriser une r\u00e9flexion commune sur cette ressource vitale et \u00e0 valoriser son importance dans nos vies. Kiosques de groupes environnementaux, pr\u00e9sentation d\u2019affiches scientifiques, projection de courts-m\u00e9trages et discussions seront au menu.<\/p>\n<p style=\"text-align: justify\">Pour conna\u00eetre l\u2019horaire complet de la journ\u00e9e, visitez le<br \/>\n<span style=\"color: #5a7411\"><a href=\"http:\/\/www.uqac.ca\/activites\/2013\/2013_jme.pdf\" target=\"_blank\" rel=\"noopener\"><span style=\"color: #5a7411\"><b>www.uqac.ca\/activites\/2013\/2013_jme.pdf<\/b><\/span><\/a><\/span>.<\/p>\n<p style=\"text-align: justify\"><b><br \/>\nRenseignements\u00a0:<\/b><br \/>\nMarie-Am\u00e9lie Boucher, professeure<br \/>\nD\u00e9partement des sciences appliqu\u00e9es<br \/>\nUniversit\u00e9 du Qu\u00e9bec \u00e0 Chicoutimi<br \/>\n418 545-5011, poste\u00a05057\u00a0 \u25aa\u00a0 <span style=\"color: #5a7411\"><a href=\"mailto:marie-amelie_boucher@uqac.ca\"><span style=\"color: #5a7411\">marie-amelie_boucher@uqac.ca<\/span><\/a><\/span><\/p>\n","protected":false},"excerpt":{"rendered":"<p>Le comit\u00e9 organisateur de la Journ\u00e9e mondiale de l\u2019eau\u00a02013 \u00e0 l\u2019UQAC vous invite \u00e0 souligner cet \u00e9v\u00e9nement\u00a0: Vendredi 22 mars 2013\u00a0 \u25aa\u00a0 \u00c0 compter de 10\u00a0h Centre social Sous le th\u00e8me\u00a0\u00ab\u00a0La coop\u00e9ration dans le domaine de l\u2019eau\u00a0\u00bb, la Journ\u00e9e mondiale de l\u2019eau vise \u00e0 favoriser une r\u00e9flexion commune sur cette ressource vitale et \u00e0 valoriser [&hellip;]<\/p>\n","protected":false},"author":5,"featured_media":20989,"comment_status":"open","ping_status":"open","sticky":false,"template":"","format":"standard","meta":{"footnotes":""},"categories":[2772],"tags":[1687,21,1166,1348,2002],"yoast_head":"<!-- This site is optimized with the Yoast SEO plugin v24.2 - https:\/\/yoast.com\/wordpress\/plugins\/seo\/ -->\r\n<title>Journ\u00e9e mondiale de l\u2019eau 2013 - UQACtualit\u00e9s<\/title>\r\n<meta name=\"robots\" content=\"index, follow, max-snippet:-1, max-image-preview:large, max-video-preview:-1\" \/>\r\n<link rel=\"canonical\" href=\"https:\/\/www.uqac.ca\/uqactualites\/2013\/03\/14\/journee-mondiale-de-leau-2013\/\" \/>\r\n<meta property=\"og:locale\" content=\"fr_CA\" \/>\r\n<meta property=\"og:type\" content=\"article\" \/>\r\n<meta property=\"og:title\" content=\"Journ\u00e9e mondiale de l\u2019eau 2013 - UQACtualit\u00e9s\" \/>\r\n<meta property=\"og:description\" content=\"Le comit\u00e9 organisateur de la Journ\u00e9e mondiale de l\u2019eau\u00a02013 \u00e0 l\u2019UQAC vous invite \u00e0 souligner cet \u00e9v\u00e9nement\u00a0: Vendredi 22 mars 2013\u00a0 \u25aa\u00a0 \u00c0 compter de 10\u00a0h Centre social Sous le th\u00e8me\u00a0\u00ab\u00a0La coop\u00e9ration dans le domaine de l\u2019eau\u00a0\u00bb, la Journ\u00e9e mondiale de l\u2019eau vise \u00e0 favoriser une r\u00e9flexion commune sur cette ressource vitale et \u00e0 valoriser [&hellip;]\" \/>\r\n<meta property=\"og:url\" content=\"https:\/\/www.uqac.ca\/uqactualites\/2013\/03\/14\/journee-mondiale-de-leau-2013\/\" \/>\r\n<meta property=\"og:site_name\" content=\"UQACtualit\u00e9s\" \/>\r\n<meta property=\"article:published_time\" content=\"2013-03-14T20:15:11+00:00\" \/>\r\n<meta property=\"og:image\" content=\"https:\/\/www.uqac.ca\/uqactualites\/wp-content\/uploads\/2012\/05\/avis-laCommunaut-.jpg\" \/>\r\n\t<meta property=\"og:image:width\" content=\"620\" \/>\r\n\t<meta property=\"og:image:height\" content=\"300\" \/>\r\n\t<meta property=\"og:image:type\" content=\"image\/jpeg\" \/>\r\n<meta name=\"author\" content=\"Service des communications et des relations publiques\" \/>\r\n<meta name=\"twitter:card\" content=\"summary_large_image\" \/>\r\n<meta name=\"twitter:label1\" content=\"\u00c9crit par\" \/>\n\t<meta name=\"twitter:data1\" content=\"Service des communications et des relations publiques\" \/>\n\t<meta name=\"twitter:label2\" content=\"Estimation du temps de lecture\" \/>\n\t<meta name=\"twitter:data2\" content=\"1 minute\" \/>\r\n<script type=\"application\/ld+json\" class=\"yoast-schema-graph\">{\"@context\":\"https:\/\/schema.org\",\"@graph\":[{\"@type\":\"WebPage\",\"@id\":\"https:\/\/www.uqac.ca\/uqactualites\/2013\/03\/14\/journee-mondiale-de-leau-2013\/\",\"url\":\"https:\/\/www.uqac.ca\/uqactualites\/2013\/03\/14\/journee-mondiale-de-leau-2013\/\",\"name\":\"Journ\u00e9e mondiale de l\u2019eau 2013 - UQACtualit\u00e9s\",\"isPartOf\":{\"@id\":\"https:\/\/www.uqac.ca\/uqactualites\/#website\"},\"primaryImageOfPage\":{\"@id\":\"https:\/\/www.uqac.ca\/uqactualites\/2013\/03\/14\/journee-mondiale-de-leau-2013\/#primaryimage\"},\"image\":{\"@id\":\"https:\/\/www.uqac.ca\/uqactualites\/2013\/03\/14\/journee-mondiale-de-leau-2013\/#primaryimage\"},\"thumbnailUrl\":\"https:\/\/www.uqac.ca\/uqactualites\/wp-content\/uploads\/2012\/05\/avis-laCommunaut-.jpg\",\"datePublished\":\"2013-03-14T20:15:11+00:00\",\"dateModified\":\"2013-03-14T20:15:11+00:00\",\"author\":{\"@id\":\"https:\/\/www.uqac.ca\/uqactualites\/#\/schema\/person\/366c45a0c4f0e677b41b4af5886e2018\"},\"breadcrumb\":{\"@id\":\"https:\/\/www.uqac.ca\/uqactualites\/2013\/03\/14\/journee-mondiale-de-leau-2013\/#breadcrumb\"},\"inLanguage\":\"fr-CA\",\"potentialAction\":[{\"@type\":\"ReadAction\",\"target\":[\"https:\/\/www.uqac.ca\/uqactualites\/2013\/03\/14\/journee-mondiale-de-leau-2013\/\"]}]},{\"@type\":\"ImageObject\",\"inLanguage\":\"fr-CA\",\"@id\":\"https:\/\/www.uqac.ca\/uqactualites\/2013\/03\/14\/journee-mondiale-de-leau-2013\/#primaryimage\",\"url\":\"https:\/\/www.uqac.ca\/uqactualites\/wp-content\/uploads\/2012\/05\/avis-laCommunaut-.jpg\",\"contentUrl\":\"https:\/\/www.uqac.ca\/uqactualites\/wp-content\/uploads\/2012\/05\/avis-laCommunaut-.jpg\",\"width\":620,\"height\":300},{\"@type\":\"BreadcrumbList\",\"@id\":\"https:\/\/www.uqac.ca\/uqactualites\/2013\/03\/14\/journee-mondiale-de-leau-2013\/#breadcrumb\",\"itemListElement\":[{\"@type\":\"ListItem\",\"position\":1,\"name\":\"Home\",\"item\":\"https:\/\/www.uqac.ca\/uqactualites\/\"},{\"@type\":\"ListItem\",\"position\":2,\"name\":\"Journ\u00e9e mondiale de l\u2019eau 2013\"}]},{\"@type\":\"WebSite\",\"@id\":\"https:\/\/www.uqac.ca\/uqactualites\/#website\",\"url\":\"https:\/\/www.uqac.ca\/uqactualites\/\",\"name\":\"UQACtualit\u00e9s\",\"description\":\"Le portail des nouvelles de l&#039;UQAC\",\"potentialAction\":[{\"@type\":\"SearchAction\",\"target\":{\"@type\":\"EntryPoint\",\"urlTemplate\":\"https:\/\/www.uqac.ca\/uqactualites\/?s={search_term_string}\"},\"query-input\":{\"@type\":\"PropertyValueSpecification\",\"valueRequired\":true,\"valueName\":\"search_term_string\"}}],\"inLanguage\":\"fr-CA\"},{\"@type\":\"Person\",\"@id\":\"https:\/\/www.uqac.ca\/uqactualites\/#\/schema\/person\/366c45a0c4f0e677b41b4af5886e2018\",\"name\":\"Service des communications et des relations publiques\",\"image\":{\"@type\":\"ImageObject\",\"inLanguage\":\"fr-CA\",\"@id\":\"https:\/\/www.uqac.ca\/uqactualites\/#\/schema\/person\/image\/\",\"url\":\"https:\/\/secure.gravatar.com\/avatar\/20fbbda8a292f59f2d3461a5b999c00b?s=96&d=mm&r=g\",\"contentUrl\":\"https:\/\/secure.gravatar.com\/avatar\/20fbbda8a292f59f2d3461a5b999c00b?s=96&d=mm&r=g\",\"caption\":\"Service des communications et des relations publiques\"},\"url\":\"https:\/\/www.uqac.ca\/uqactualites\/author\/bap\/\"}]}<\/script>\r\n<!-- \/ Yoast SEO plugin. -->","yoast_head_json":{"title":"Journ\u00e9e mondiale de l\u2019eau 2013 - UQACtualit\u00e9s","robots":{"index":"index","follow":"follow","max-snippet":"max-snippet:-1","max-image-preview":"max-image-preview:large","max-video-preview":"max-video-preview:-1"},"canonical":"https:\/\/www.uqac.ca\/uqactualites\/2013\/03\/14\/journee-mondiale-de-leau-2013\/","og_locale":"fr_CA","og_type":"article","og_title":"Journ\u00e9e mondiale de l\u2019eau 2013 - UQACtualit\u00e9s","og_description":"Le comit\u00e9 organisateur de la Journ\u00e9e mondiale de l\u2019eau\u00a02013 \u00e0 l\u2019UQAC vous invite \u00e0 souligner cet \u00e9v\u00e9nement\u00a0: Vendredi 22 mars 2013\u00a0 \u25aa\u00a0 \u00c0 compter de 10\u00a0h Centre social Sous le th\u00e8me\u00a0\u00ab\u00a0La coop\u00e9ration dans le domaine de l\u2019eau\u00a0\u00bb, la Journ\u00e9e mondiale de l\u2019eau vise \u00e0 favoriser une r\u00e9flexion commune sur cette ressource vitale et \u00e0 valoriser [&hellip;]","og_url":"https:\/\/www.uqac.ca\/uqactualites\/2013\/03\/14\/journee-mondiale-de-leau-2013\/","og_site_name":"UQACtualit\u00e9s","article_published_time":"2013-03-14T20:15:11+00:00","og_image":[{"width":620,"height":300,"url":"https:\/\/www.uqac.ca\/uqactualites\/wp-content\/uploads\/2012\/05\/avis-laCommunaut-.jpg","type":"image\/jpeg"}],"author":"Service des communications et des relations publiques","twitter_card":"summary_large_image","twitter_misc":{"\u00c9crit par":"Service des communications et des relations publiques","Estimation du temps de lecture":"1 minute"},"schema":{"@context":"https:\/\/schema.org","@graph":[{"@type":"WebPage","@id":"https:\/\/www.uqac.ca\/uqactualites\/2013\/03\/14\/journee-mondiale-de-leau-2013\/","url":"https:\/\/www.uqac.ca\/uqactualites\/2013\/03\/14\/journee-mondiale-de-leau-2013\/","name":"Journ\u00e9e mondiale de l\u2019eau 2013 - UQACtualit\u00e9s","isPartOf":{"@id":"https:\/\/www.uqac.ca\/uqactualites\/#website"},"primaryImageOfPage":{"@id":"https:\/\/www.uqac.ca\/uqactualites\/2013\/03\/14\/journee-mondiale-de-leau-2013\/#primaryimage"},"image":{"@id":"https:\/\/www.uqac.ca\/uqactualites\/2013\/03\/14\/journee-mondiale-de-leau-2013\/#primaryimage"},"thumbnailUrl":"https:\/\/www.uqac.ca\/uqactualites\/wp-content\/uploads\/2012\/05\/avis-laCommunaut-.jpg","datePublished":"2013-03-14T20:15:11+00:00","dateModified":"2013-03-14T20:15:11+00:00","author":{"@id":"https:\/\/www.uqac.ca\/uqactualites\/#\/schema\/person\/366c45a0c4f0e677b41b4af5886e2018"},"breadcrumb":{"@id":"https:\/\/www.uqac.ca\/uqactualites\/2013\/03\/14\/journee-mondiale-de-leau-2013\/#breadcrumb"},"inLanguage":"fr-CA","potentialAction":[{"@type":"ReadAction","target":["https:\/\/www.uqac.ca\/uqactualites\/2013\/03\/14\/journee-mondiale-de-leau-2013\/"]}]},{"@type":"ImageObject","inLanguage":"fr-CA","@id":"https:\/\/www.uqac.ca\/uqactualites\/2013\/03\/14\/journee-mondiale-de-leau-2013\/#primaryimage","url":"https:\/\/www.uqac.ca\/uqactualites\/wp-content\/uploads\/2012\/05\/avis-laCommunaut-.jpg","contentUrl":"https:\/\/www.uqac.ca\/uqactualites\/wp-content\/uploads\/2012\/05\/avis-laCommunaut-.jpg","width":620,"height":300},{"@type":"BreadcrumbList","@id":"https:\/\/www.uqac.ca\/uqactualites\/2013\/03\/14\/journee-mondiale-de-leau-2013\/#breadcrumb","itemListElement":[{"@type":"ListItem","position":1,"name":"Home","item":"https:\/\/www.uqac.ca\/uqactualites\/"},{"@type":"ListItem","position":2,"name":"Journ\u00e9e mondiale de l\u2019eau 2013"}]},{"@type":"WebSite","@id":"https:\/\/www.uqac.ca\/uqactualites\/#website","url":"https:\/\/www.uqac.ca\/uqactualites\/","name":"UQACtualit\u00e9s","description":"Le portail des nouvelles de l&#039;UQAC","potentialAction":[{"@type":"SearchAction","target":{"@type":"EntryPoint","urlTemplate":"https:\/\/www.uqac.ca\/uqactualites\/?s={search_term_string}"},"query-input":{"@type":"PropertyValueSpecification","valueRequired":true,"valueName":"search_term_string"}}],"inLanguage":"fr-CA"},{"@type":"Person","@id":"https:\/\/www.uqac.ca\/uqactualites\/#\/schema\/person\/366c45a0c4f0e677b41b4af5886e2018","name":"Service des communications et des relations publiques","image":{"@type":"ImageObject","inLanguage":"fr-CA","@id":"https:\/\/www.uqac.ca\/uqactualites\/#\/schema\/person\/image\/","url":"https:\/\/secure.gravatar.com\/avatar\/20fbbda8a292f59f2d3461a5b999c00b?s=96&d=mm&r=g","contentUrl":"https:\/\/secure.gravatar.com\/avatar\/20fbbda8a292f59f2d3461a5b999c00b?s=96&d=mm&r=g","caption":"Service des communications et des relations publiques"},"url":"https:\/\/www.uqac.ca\/uqactualites\/author\/bap\/"}]}},"_links":{"self":[{"href":"https:\/\/www.uqac.ca\/uqactualites\/wp-json\/wp\/v2\/posts\/23497"}],"collection":[{"href":"https:\/\/www.uqac.ca\/uqactualites\/wp-json\/wp\/v2\/posts"}],"about":[{"href":"https:\/\/www.uqac.ca\/uqactualites\/wp-json\/wp\/v2\/types\/post"}],"author":[{"embeddable":true,"href":"https:\/\/www.uqac.ca\/uqactualites\/wp-json\/wp\/v2\/users\/5"}],"replies":[{"embeddable":true,"href":"https:\/\/www.uqac.ca\/uqactualites\/wp-json\/wp\/v2\/comments?post=23497"}],"version-history":[{"count":0,"href":"https:\/\/www.uqac.ca\/uqactualites\/wp-json\/wp\/v2\/posts\/23497\/revisions"}],"wp:featuredmedia":[{"embeddable":true,"href":"https:\/\/www.uqac.ca\/uqactualites\/wp-json\/wp\/v2\/media\/20989"}],"wp:attachment":[{"href":"https:\/\/www.uqac.ca\/uqactualites\/wp-json\/wp\/v2\/media?parent=23497"}],"wp:term":[{"taxonomy":"category","embeddable":true,"href":"https:\/\/www.uqac.ca\/uqactualites\/wp-json\/wp\/v2\/categories?post=23497"},{"taxonomy":"post_tag","embeddable":true,"href":"https:\/\/www.uqac.ca\/uqactualites\/wp-json\/wp\/v2\/tags?post=23497"}],"curies":[{"name":"wp","href":"https:\/\/api.w.org\/{rel}","templated":true}]}}