{"id":23525,"date":"2013-03-18T11:43:41","date_gmt":"2013-03-18T15:43:41","guid":{"rendered":"http:\/\/uqactualite.odev.ca\/?p=23525"},"modified":"2013-03-18T11:43:41","modified_gmt":"2013-03-18T15:43:41","slug":"conference-sur-la-bonne-alimentation","status":"publish","type":"post","link":"https:\/\/www.uqac.ca\/uqactualites\/2013\/03\/18\/conference-sur-la-bonne-alimentation\/","title":{"rendered":"Conf\u00e9rence sur la bonne alimentation"},"content":{"rendered":"<p style=\"text-align: justify\">La communaut\u00e9 universitaire est invit\u00e9e \u00e0 assister \u00e0 une conf\u00e9rence sur la bonne alimentation, offerte gratuitement aux employ\u00e9s et aux \u00e9tudiants de l\u2019UQAC dans le cadre du Programme d\u2019actions universitaires pour la sant\u00e9 des \u00e9tudiants et des employ\u00e9s (PAUS\u00c9E)\u00a0:<\/p>\n<p style=\"text-align: center\" align=\"center\"><span style=\"color: #5a7411\"><b>L\u2019alimentation\u00a0: au c\u0153ur de la sant\u00e9<br \/>\nLundi 25 mars 2013\u00a0 <\/b><b>\u25aa<\/b><b>\u00a0 12\u00a0h \u00e0 13\u00a0h<br \/>\n<\/b>Local P0-5000<\/span><\/p>\n<p style=\"text-align: justify\">De bonnes habitudes alimentaires peuvent am\u00e9liorer votre qualit\u00e9 de vie et r\u00e9duire votre risque de d\u00e9velopper certaines maladies chroniques. Le but de cette conf\u00e9rence est de vous donner certains trucs afin d\u2019optimiser la qualit\u00e9 de votre alimentation, et ce, dans le but d\u2019am\u00e9liorer votre sant\u00e9.<\/p>\n<p style=\"text-align: justify\"><b>Conf\u00e9renci\u00e8re<br \/>\n<\/b>Patricia Blackburn<\/p>\n<p style=\"text-align: justify\">Soyez-y!<\/p>\n<p style=\"text-align: justify\"><b><br \/>\nRenseignements\u00a0:<br \/>\n<\/b>St\u00e9phanie Ouellet, kin\u00e9siologue<br \/>\nPavillon sportif<br \/>\nUniversit\u00e9 du Qu\u00e9bec \u00e0 Chicoutimi<br \/>\n418 545-5050, poste\u00a04014\u00a0 \u25aa\u00a0 <span style=\"color: #5a7411\"><a href=\"mailto:stephanie1_ouellet@uqac.ca\"><span style=\"color: #5a7411\">stephanie1_ouellet@uqac.ca<\/span><\/a><\/span><\/p>\n","protected":false},"excerpt":{"rendered":"<p>La communaut\u00e9 universitaire est invit\u00e9e \u00e0 assister \u00e0 une conf\u00e9rence sur la bonne alimentation, offerte gratuitement aux employ\u00e9s et aux \u00e9tudiants de l\u2019UQAC dans le cadre du Programme d\u2019actions universitaires pour la sant\u00e9 des \u00e9tudiants et des employ\u00e9s (PAUS\u00c9E)\u00a0: L\u2019alimentation\u00a0: au c\u0153ur de la sant\u00e9 Lundi 25 mars 2013\u00a0 \u25aa\u00a0 12\u00a0h \u00e0 13\u00a0h Local P0-5000 [&hellip;]<\/p>\n","protected":false},"author":5,"featured_media":20989,"comment_status":"closed","ping_status":"open","sticky":false,"template":"","format":"standard","meta":{"footnotes":""},"categories":[2772],"tags":[1506,2008,223,2009,2010,359,1006],"yoast_head":"<!-- This site is optimized with the Yoast SEO plugin v24.2 - https:\/\/yoast.com\/wordpress\/plugins\/seo\/ -->\r\n<title>Conf\u00e9rence sur la bonne alimentation - UQACtualit\u00e9s<\/title>\r\n<meta name=\"robots\" content=\"index, follow, max-snippet:-1, max-image-preview:large, max-video-preview:-1\" \/>\r\n<link rel=\"canonical\" href=\"https:\/\/www.uqac.ca\/uqactualites\/2013\/03\/18\/conference-sur-la-bonne-alimentation\/\" \/>\r\n<meta property=\"og:locale\" content=\"fr_CA\" \/>\r\n<meta property=\"og:type\" content=\"article\" \/>\r\n<meta property=\"og:title\" content=\"Conf\u00e9rence sur la bonne alimentation - UQACtualit\u00e9s\" \/>\r\n<meta property=\"og:description\" content=\"La communaut\u00e9 universitaire est invit\u00e9e \u00e0 assister \u00e0 une conf\u00e9rence sur la bonne alimentation, offerte gratuitement aux employ\u00e9s et aux \u00e9tudiants de l\u2019UQAC dans le cadre du Programme d\u2019actions universitaires pour la sant\u00e9 des \u00e9tudiants et des employ\u00e9s (PAUS\u00c9E)\u00a0: L\u2019alimentation\u00a0: au c\u0153ur de la sant\u00e9 Lundi 25 mars 2013\u00a0 \u25aa\u00a0 12\u00a0h \u00e0 13\u00a0h Local P0-5000 [&hellip;]\" \/>\r\n<meta property=\"og:url\" content=\"https:\/\/www.uqac.ca\/uqactualites\/2013\/03\/18\/conference-sur-la-bonne-alimentation\/\" \/>\r\n<meta property=\"og:site_name\" content=\"UQACtualit\u00e9s\" \/>\r\n<meta property=\"article:published_time\" content=\"2013-03-18T15:43:41+00:00\" \/>\r\n<meta property=\"og:image\" content=\"https:\/\/www.uqac.ca\/uqactualites\/wp-content\/uploads\/2012\/05\/avis-laCommunaut-.jpg\" \/>\r\n\t<meta property=\"og:image:width\" content=\"620\" \/>\r\n\t<meta property=\"og:image:height\" content=\"300\" \/>\r\n\t<meta property=\"og:image:type\" content=\"image\/jpeg\" \/>\r\n<meta name=\"author\" content=\"Service des communications et des relations publiques\" \/>\r\n<meta name=\"twitter:card\" content=\"summary_large_image\" \/>\r\n<meta name=\"twitter:label1\" content=\"\u00c9crit par\" \/>\n\t<meta name=\"twitter:data1\" content=\"Service des communications et des relations publiques\" \/>\n\t<meta name=\"twitter:label2\" content=\"Estimation du temps de lecture\" \/>\n\t<meta name=\"twitter:data2\" content=\"1 minute\" \/>\r\n<script type=\"application\/ld+json\" class=\"yoast-schema-graph\">{\"@context\":\"https:\/\/schema.org\",\"@graph\":[{\"@type\":\"WebPage\",\"@id\":\"https:\/\/www.uqac.ca\/uqactualites\/2013\/03\/18\/conference-sur-la-bonne-alimentation\/\",\"url\":\"https:\/\/www.uqac.ca\/uqactualites\/2013\/03\/18\/conference-sur-la-bonne-alimentation\/\",\"name\":\"Conf\u00e9rence sur la bonne alimentation - UQACtualit\u00e9s\",\"isPartOf\":{\"@id\":\"https:\/\/www.uqac.ca\/uqactualites\/#website\"},\"primaryImageOfPage\":{\"@id\":\"https:\/\/www.uqac.ca\/uqactualites\/2013\/03\/18\/conference-sur-la-bonne-alimentation\/#primaryimage\"},\"image\":{\"@id\":\"https:\/\/www.uqac.ca\/uqactualites\/2013\/03\/18\/conference-sur-la-bonne-alimentation\/#primaryimage\"},\"thumbnailUrl\":\"https:\/\/www.uqac.ca\/uqactualites\/wp-content\/uploads\/2012\/05\/avis-laCommunaut-.jpg\",\"datePublished\":\"2013-03-18T15:43:41+00:00\",\"dateModified\":\"2013-03-18T15:43:41+00:00\",\"author\":{\"@id\":\"https:\/\/www.uqac.ca\/uqactualites\/#\/schema\/person\/366c45a0c4f0e677b41b4af5886e2018\"},\"breadcrumb\":{\"@id\":\"https:\/\/www.uqac.ca\/uqactualites\/2013\/03\/18\/conference-sur-la-bonne-alimentation\/#breadcrumb\"},\"inLanguage\":\"fr-CA\",\"potentialAction\":[{\"@type\":\"ReadAction\",\"target\":[\"https:\/\/www.uqac.ca\/uqactualites\/2013\/03\/18\/conference-sur-la-bonne-alimentation\/\"]}]},{\"@type\":\"ImageObject\",\"inLanguage\":\"fr-CA\",\"@id\":\"https:\/\/www.uqac.ca\/uqactualites\/2013\/03\/18\/conference-sur-la-bonne-alimentation\/#primaryimage\",\"url\":\"https:\/\/www.uqac.ca\/uqactualites\/wp-content\/uploads\/2012\/05\/avis-laCommunaut-.jpg\",\"contentUrl\":\"https:\/\/www.uqac.ca\/uqactualites\/wp-content\/uploads\/2012\/05\/avis-laCommunaut-.jpg\",\"width\":620,\"height\":300},{\"@type\":\"BreadcrumbList\",\"@id\":\"https:\/\/www.uqac.ca\/uqactualites\/2013\/03\/18\/conference-sur-la-bonne-alimentation\/#breadcrumb\",\"itemListElement\":[{\"@type\":\"ListItem\",\"position\":1,\"name\":\"Home\",\"item\":\"https:\/\/www.uqac.ca\/uqactualites\/\"},{\"@type\":\"ListItem\",\"position\":2,\"name\":\"Conf\u00e9rence sur la bonne alimentation\"}]},{\"@type\":\"WebSite\",\"@id\":\"https:\/\/www.uqac.ca\/uqactualites\/#website\",\"url\":\"https:\/\/www.uqac.ca\/uqactualites\/\",\"name\":\"UQACtualit\u00e9s\",\"description\":\"Le portail des nouvelles de l&#039;UQAC\",\"potentialAction\":[{\"@type\":\"SearchAction\",\"target\":{\"@type\":\"EntryPoint\",\"urlTemplate\":\"https:\/\/www.uqac.ca\/uqactualites\/?s={search_term_string}\"},\"query-input\":{\"@type\":\"PropertyValueSpecification\",\"valueRequired\":true,\"valueName\":\"search_term_string\"}}],\"inLanguage\":\"fr-CA\"},{\"@type\":\"Person\",\"@id\":\"https:\/\/www.uqac.ca\/uqactualites\/#\/schema\/person\/366c45a0c4f0e677b41b4af5886e2018\",\"name\":\"Service des communications et des relations publiques\",\"image\":{\"@type\":\"ImageObject\",\"inLanguage\":\"fr-CA\",\"@id\":\"https:\/\/www.uqac.ca\/uqactualites\/#\/schema\/person\/image\/\",\"url\":\"https:\/\/secure.gravatar.com\/avatar\/20fbbda8a292f59f2d3461a5b999c00b?s=96&d=mm&r=g\",\"contentUrl\":\"https:\/\/secure.gravatar.com\/avatar\/20fbbda8a292f59f2d3461a5b999c00b?s=96&d=mm&r=g\",\"caption\":\"Service des communications et des relations publiques\"},\"url\":\"https:\/\/www.uqac.ca\/uqactualites\/author\/bap\/\"}]}<\/script>\r\n<!-- \/ Yoast SEO plugin. -->","yoast_head_json":{"title":"Conf\u00e9rence sur la bonne alimentation - UQACtualit\u00e9s","robots":{"index":"index","follow":"follow","max-snippet":"max-snippet:-1","max-image-preview":"max-image-preview:large","max-video-preview":"max-video-preview:-1"},"canonical":"https:\/\/www.uqac.ca\/uqactualites\/2013\/03\/18\/conference-sur-la-bonne-alimentation\/","og_locale":"fr_CA","og_type":"article","og_title":"Conf\u00e9rence sur la bonne alimentation - UQACtualit\u00e9s","og_description":"La communaut\u00e9 universitaire est invit\u00e9e \u00e0 assister \u00e0 une conf\u00e9rence sur la bonne alimentation, offerte gratuitement aux employ\u00e9s et aux \u00e9tudiants de l\u2019UQAC dans le cadre du Programme d\u2019actions universitaires pour la sant\u00e9 des \u00e9tudiants et des employ\u00e9s (PAUS\u00c9E)\u00a0: L\u2019alimentation\u00a0: au c\u0153ur de la sant\u00e9 Lundi 25 mars 2013\u00a0 \u25aa\u00a0 12\u00a0h \u00e0 13\u00a0h Local P0-5000 [&hellip;]","og_url":"https:\/\/www.uqac.ca\/uqactualites\/2013\/03\/18\/conference-sur-la-bonne-alimentation\/","og_site_name":"UQACtualit\u00e9s","article_published_time":"2013-03-18T15:43:41+00:00","og_image":[{"width":620,"height":300,"url":"https:\/\/www.uqac.ca\/uqactualites\/wp-content\/uploads\/2012\/05\/avis-laCommunaut-.jpg","type":"image\/jpeg"}],"author":"Service des communications et des relations publiques","twitter_card":"summary_large_image","twitter_misc":{"\u00c9crit par":"Service des communications et des relations publiques","Estimation du temps de lecture":"1 minute"},"schema":{"@context":"https:\/\/schema.org","@graph":[{"@type":"WebPage","@id":"https:\/\/www.uqac.ca\/uqactualites\/2013\/03\/18\/conference-sur-la-bonne-alimentation\/","url":"https:\/\/www.uqac.ca\/uqactualites\/2013\/03\/18\/conference-sur-la-bonne-alimentation\/","name":"Conf\u00e9rence sur la bonne alimentation - UQACtualit\u00e9s","isPartOf":{"@id":"https:\/\/www.uqac.ca\/uqactualites\/#website"},"primaryImageOfPage":{"@id":"https:\/\/www.uqac.ca\/uqactualites\/2013\/03\/18\/conference-sur-la-bonne-alimentation\/#primaryimage"},"image":{"@id":"https:\/\/www.uqac.ca\/uqactualites\/2013\/03\/18\/conference-sur-la-bonne-alimentation\/#primaryimage"},"thumbnailUrl":"https:\/\/www.uqac.ca\/uqactualites\/wp-content\/uploads\/2012\/05\/avis-laCommunaut-.jpg","datePublished":"2013-03-18T15:43:41+00:00","dateModified":"2013-03-18T15:43:41+00:00","author":{"@id":"https:\/\/www.uqac.ca\/uqactualites\/#\/schema\/person\/366c45a0c4f0e677b41b4af5886e2018"},"breadcrumb":{"@id":"https:\/\/www.uqac.ca\/uqactualites\/2013\/03\/18\/conference-sur-la-bonne-alimentation\/#breadcrumb"},"inLanguage":"fr-CA","potentialAction":[{"@type":"ReadAction","target":["https:\/\/www.uqac.ca\/uqactualites\/2013\/03\/18\/conference-sur-la-bonne-alimentation\/"]}]},{"@type":"ImageObject","inLanguage":"fr-CA","@id":"https:\/\/www.uqac.ca\/uqactualites\/2013\/03\/18\/conference-sur-la-bonne-alimentation\/#primaryimage","url":"https:\/\/www.uqac.ca\/uqactualites\/wp-content\/uploads\/2012\/05\/avis-laCommunaut-.jpg","contentUrl":"https:\/\/www.uqac.ca\/uqactualites\/wp-content\/uploads\/2012\/05\/avis-laCommunaut-.jpg","width":620,"height":300},{"@type":"BreadcrumbList","@id":"https:\/\/www.uqac.ca\/uqactualites\/2013\/03\/18\/conference-sur-la-bonne-alimentation\/#breadcrumb","itemListElement":[{"@type":"ListItem","position":1,"name":"Home","item":"https:\/\/www.uqac.ca\/uqactualites\/"},{"@type":"ListItem","position":2,"name":"Conf\u00e9rence sur la bonne alimentation"}]},{"@type":"WebSite","@id":"https:\/\/www.uqac.ca\/uqactualites\/#website","url":"https:\/\/www.uqac.ca\/uqactualites\/","name":"UQACtualit\u00e9s","description":"Le portail des nouvelles de l&#039;UQAC","potentialAction":[{"@type":"SearchAction","target":{"@type":"EntryPoint","urlTemplate":"https:\/\/www.uqac.ca\/uqactualites\/?s={search_term_string}"},"query-input":{"@type":"PropertyValueSpecification","valueRequired":true,"valueName":"search_term_string"}}],"inLanguage":"fr-CA"},{"@type":"Person","@id":"https:\/\/www.uqac.ca\/uqactualites\/#\/schema\/person\/366c45a0c4f0e677b41b4af5886e2018","name":"Service des communications et des relations publiques","image":{"@type":"ImageObject","inLanguage":"fr-CA","@id":"https:\/\/www.uqac.ca\/uqactualites\/#\/schema\/person\/image\/","url":"https:\/\/secure.gravatar.com\/avatar\/20fbbda8a292f59f2d3461a5b999c00b?s=96&d=mm&r=g","contentUrl":"https:\/\/secure.gravatar.com\/avatar\/20fbbda8a292f59f2d3461a5b999c00b?s=96&d=mm&r=g","caption":"Service des communications et des relations publiques"},"url":"https:\/\/www.uqac.ca\/uqactualites\/author\/bap\/"}]}},"_links":{"self":[{"href":"https:\/\/www.uqac.ca\/uqactualites\/wp-json\/wp\/v2\/posts\/23525"}],"collection":[{"href":"https:\/\/www.uqac.ca\/uqactualites\/wp-json\/wp\/v2\/posts"}],"about":[{"href":"https:\/\/www.uqac.ca\/uqactualites\/wp-json\/wp\/v2\/types\/post"}],"author":[{"embeddable":true,"href":"https:\/\/www.uqac.ca\/uqactualites\/wp-json\/wp\/v2\/users\/5"}],"replies":[{"embeddable":true,"href":"https:\/\/www.uqac.ca\/uqactualites\/wp-json\/wp\/v2\/comments?post=23525"}],"version-history":[{"count":0,"href":"https:\/\/www.uqac.ca\/uqactualites\/wp-json\/wp\/v2\/posts\/23525\/revisions"}],"wp:featuredmedia":[{"embeddable":true,"href":"https:\/\/www.uqac.ca\/uqactualites\/wp-json\/wp\/v2\/media\/20989"}],"wp:attachment":[{"href":"https:\/\/www.uqac.ca\/uqactualites\/wp-json\/wp\/v2\/media?parent=23525"}],"wp:term":[{"taxonomy":"category","embeddable":true,"href":"https:\/\/www.uqac.ca\/uqactualites\/wp-json\/wp\/v2\/categories?post=23525"},{"taxonomy":"post_tag","embeddable":true,"href":"https:\/\/www.uqac.ca\/uqactualites\/wp-json\/wp\/v2\/tags?post=23525"}],"curies":[{"name":"wp","href":"https:\/\/api.w.org\/{rel}","templated":true}]}}