{"id":23587,"date":"2013-03-20T16:52:07","date_gmt":"2013-03-20T20:52:07","guid":{"rendered":"http:\/\/uqactualite.odev.ca\/?p=23587"},"modified":"2013-03-20T16:52:07","modified_gmt":"2013-03-20T20:52:07","slug":"la-chaire-en-eco-conseil-de-luqac-met-a-profit-sa-grille-de-developpement-durable-2","status":"publish","type":"post","link":"https:\/\/www.uqac.ca\/uqactualites\/2013\/03\/20\/la-chaire-en-eco-conseil-de-luqac-met-a-profit-sa-grille-de-developpement-durable-2\/","title":{"rendered":"La Chaire en \u00e9co-conseil de l\u2019UQAC met \u00e0 profit sa grille de d\u00e9veloppement durable"},"content":{"rendered":"<p style=\"text-align: justify\">C\u2019est gr\u00e2ce \u00e0 la grille de d\u00e9veloppement durable d\u00e9velopp\u00e9e par la Chaire en \u00e9co-conseil de l\u2019Universit\u00e9 du Qu\u00e9bec \u00e0 Chicoutimi que la Corporation de protection de l\u2019environnement de Sept-\u00celes (CPESI) a pu proc\u00e9der \u00e0 l\u2019analyse du projet minier Arnaud. R\u00e9alis\u00e9 au cours des derniers mois par un groupe d\u2019analystes locaux sous la supervision d\u2019une \u00e9quipe de l\u2019UQAC, ce travail se veut une nouvelle comp\u00e9tence pour la municipalit\u00e9 et une premi\u00e8re utilisation de cet outil dans un cadre de consultation publique pour la Chaire, dirig\u00e9e par le professeur Claude Villeneuve.<\/p>\n<p style=\"text-align: justify\">Au terme d\u2019un processus qui a dur\u00e9 six mois, les cinq membres du comit\u00e9 d\u2019analyse ont pu compl\u00e9ter, sous la supervision de la Chaire en \u00e9co-conseil, la pond\u00e9ration et l\u2019\u00e9valuation des 101 objectifs qui constituent le portrait de ce projet dans une perspective de d\u00e9veloppement durable. La participation du public s\u2019est faite par le biais du site <span style=\"color: #5a7411\"><a href=\"http:\/\/synapse.uqac.ca\" target=\"_blank\" rel=\"noopener\"><span style=\"color: #5a7411\"><b>synapse.uqac.ca<\/b><\/span><\/a><\/span> et par des rencontres avec le comit\u00e9.<\/p>\n<p style=\"text-align: justify\">\u00ab\u00a0C\u2019est un outil unique que nous avons d\u00e9velopp\u00e9 au cours des vingt derni\u00e8res ann\u00e9es pour analyser des projets, politiques ou programmes, ici et ailleurs dans le monde. L\u2019outil a \u00e9t\u00e9 \u00e9labor\u00e9 \u00e0 partir de grands travaux sur le d\u00e9veloppement durable \u00e0 l\u2019\u00e9chelle internationale et con\u00e7u pour \u00eatre flexible et donner des pistes pour am\u00e9liorer les chances de cheminer vers un d\u00e9veloppement qui soit plus \u00e9cologiquement viable, socialement \u00e9quitable et \u00e9conomiquement efficace, tout en contribuant \u00e0 r\u00e9duire les disparit\u00e9s et \u00e0 d\u00e9gager des marges de man\u0153uvre pour l\u2019adaptation dans le futur\u00a0\u00bb, a expliqu\u00e9 Claude Villeneuve. \u00ab\u00a0La grille est libre de droits, mais la CPESI nous a demand\u00e9 de l\u2019encadrer dans son application au projet minier Arnaud, parce que c\u2019est la d\u00e9marche \u00e0 laquelle la Ville souhaite demander aux promoteurs de projets de se soumettre dans l\u2019avenir. Il s\u2019agit d\u2019une premi\u00e8re mondiale.\u00a0\u00bb<\/p>\n<p style=\"text-align: justify\">Pour plus de d\u00e9tails sur le projet et l\u2019outil d\u00e9velopp\u00e9 par la Chaire en \u00e9co-conseil, visitez le <span style=\"color: #5a7411\"><a href=\"http:\/\/synapse.uqac.ca\" target=\"_blank\" rel=\"noopener\"><span style=\"color: #5a7411\"><b>synapse.uqac.ca<\/b><\/span><\/a><\/span> (onglet \u00ab\u00a0Mine Arnaud\u00a0\u00bb).<\/p>\n<p style=\"text-align: justify\"><b><br \/>\nSources\u00a0:<\/b><\/p>\n<p style=\"text-align: justify\">Claude Villeneuve, professeur et directeur de la Chaire en \u00e9co-conseil<br \/>\nD\u00e9partement des sciences fondamentales<br \/>\nUniversit\u00e9 du Qu\u00e9bec \u00e0 Chicoutimi<br \/>\n418 545-5011 poste 5059\u00a0 \u25aa\u00a0 <span style=\"color: #5a7411\"><a href=\"mailto:claude_villeneuve@uqac.ca\"><span style=\"color: #5a7411\">claude_villeneuve@uqac.ca<\/span><\/a><\/span><\/p>\n<p style=\"text-align: justify\">Bureau des affaires publiques<br \/>\nUniversit\u00e9 du Qu\u00e9bec \u00e0 Chicoutimi<br \/>\n418 545-5011, poste\u00a02350\u00a0 \u25aa\u00a0 <span style=\"color: #5a7411\"><a href=\"mailto:affaires_publiques@uqac.ca\"><span style=\"color: #5a7411\">affaires_publiques@uqac.ca<\/span><\/a><\/span><\/p>\n<p><span style=\"color: #808080\">________________________________________________________________________________________<\/span><\/p>\n<p align=\"left\"><span style=\"color: #808080\"><b>Sur la photo\u00a0: <\/b>Claude Villeneuve, professeur et directeur de la Chaire en \u00e9co-conseil<\/span><br \/>\n<span style=\"color: #808080\"><b>Photographe\u00a0: <\/b>Jeannot L\u00e9vesque<\/span><br \/>\n<span style=\"color: #808080\">________________________________________________________________________________________<\/span><\/p>\n","protected":false},"excerpt":{"rendered":"<p>C\u2019est gr\u00e2ce \u00e0 la grille de d\u00e9veloppement durable d\u00e9velopp\u00e9e par la Chaire en \u00e9co-conseil de l\u2019Universit\u00e9 du Qu\u00e9bec \u00e0 Chicoutimi que la Corporation de protection de l\u2019environnement de Sept-\u00celes (CPESI) a pu proc\u00e9der \u00e0 l\u2019analyse du projet minier Arnaud. R\u00e9alis\u00e9 au cours des derniers mois par un groupe d\u2019analystes locaux sous la supervision d\u2019une \u00e9quipe [&hellip;]<\/p>\n","protected":false},"author":5,"featured_media":23588,"comment_status":"open","ping_status":"open","sticky":false,"template":"","format":"standard","meta":{"footnotes":""},"categories":[2],"tags":[493,1898,273,3,1057,138,2016,393],"yoast_head":"<!-- This site is optimized with the Yoast SEO plugin v24.2 - https:\/\/yoast.com\/wordpress\/plugins\/seo\/ -->\r\n<title>La Chaire en \u00e9co-conseil de l\u2019UQAC met \u00e0 profit sa grille de d\u00e9veloppement durable - UQACtualit\u00e9s<\/title>\r\n<meta name=\"robots\" content=\"index, follow, max-snippet:-1, max-image-preview:large, max-video-preview:-1\" \/>\r\n<link rel=\"canonical\" href=\"https:\/\/www.uqac.ca\/uqactualites\/2013\/03\/20\/la-chaire-en-eco-conseil-de-luqac-met-a-profit-sa-grille-de-developpement-durable-2\/\" \/>\r\n<meta property=\"og:locale\" content=\"fr_CA\" \/>\r\n<meta property=\"og:type\" content=\"article\" \/>\r\n<meta property=\"og:title\" content=\"La Chaire en \u00e9co-conseil de l\u2019UQAC met \u00e0 profit sa grille de d\u00e9veloppement durable - UQACtualit\u00e9s\" \/>\r\n<meta property=\"og:description\" content=\"C\u2019est gr\u00e2ce \u00e0 la grille de d\u00e9veloppement durable d\u00e9velopp\u00e9e par la Chaire en \u00e9co-conseil de l\u2019Universit\u00e9 du Qu\u00e9bec \u00e0 Chicoutimi que la Corporation de protection de l\u2019environnement de Sept-\u00celes (CPESI) a pu proc\u00e9der \u00e0 l\u2019analyse du projet minier Arnaud. R\u00e9alis\u00e9 au cours des derniers mois par un groupe d\u2019analystes locaux sous la supervision d\u2019une \u00e9quipe [&hellip;]\" \/>\r\n<meta property=\"og:url\" content=\"https:\/\/www.uqac.ca\/uqactualites\/2013\/03\/20\/la-chaire-en-eco-conseil-de-luqac-met-a-profit-sa-grille-de-developpement-durable-2\/\" \/>\r\n<meta property=\"og:site_name\" content=\"UQACtualit\u00e9s\" \/>\r\n<meta property=\"article:published_time\" content=\"2013-03-20T20:52:07+00:00\" \/>\r\n<meta property=\"og:image\" content=\"https:\/\/www.uqac.ca\/uqactualites\/wp-content\/uploads\/2013\/03\/Claude-Villeneuve-Jeannot-L\u00e9vesque.jpg\" \/>\r\n\t<meta property=\"og:image:width\" content=\"620\" \/>\r\n\t<meta property=\"og:image:height\" content=\"300\" \/>\r\n\t<meta property=\"og:image:type\" content=\"image\/jpeg\" \/>\r\n<meta name=\"author\" content=\"Service des communications et des relations publiques\" \/>\r\n<meta name=\"twitter:card\" content=\"summary_large_image\" \/>\r\n<meta name=\"twitter:label1\" content=\"\u00c9crit par\" \/>\n\t<meta name=\"twitter:data1\" content=\"Service des communications et des relations publiques\" \/>\n\t<meta name=\"twitter:label2\" content=\"Estimation du temps de lecture\" \/>\n\t<meta name=\"twitter:data2\" content=\"2 minutes\" \/>\r\n<script type=\"application\/ld+json\" class=\"yoast-schema-graph\">{\"@context\":\"https:\/\/schema.org\",\"@graph\":[{\"@type\":\"WebPage\",\"@id\":\"https:\/\/www.uqac.ca\/uqactualites\/2013\/03\/20\/la-chaire-en-eco-conseil-de-luqac-met-a-profit-sa-grille-de-developpement-durable-2\/\",\"url\":\"https:\/\/www.uqac.ca\/uqactualites\/2013\/03\/20\/la-chaire-en-eco-conseil-de-luqac-met-a-profit-sa-grille-de-developpement-durable-2\/\",\"name\":\"La Chaire en \u00e9co-conseil de l\u2019UQAC met \u00e0 profit sa grille de d\u00e9veloppement durable - UQACtualit\u00e9s\",\"isPartOf\":{\"@id\":\"https:\/\/www.uqac.ca\/uqactualites\/#website\"},\"primaryImageOfPage\":{\"@id\":\"https:\/\/www.uqac.ca\/uqactualites\/2013\/03\/20\/la-chaire-en-eco-conseil-de-luqac-met-a-profit-sa-grille-de-developpement-durable-2\/#primaryimage\"},\"image\":{\"@id\":\"https:\/\/www.uqac.ca\/uqactualites\/2013\/03\/20\/la-chaire-en-eco-conseil-de-luqac-met-a-profit-sa-grille-de-developpement-durable-2\/#primaryimage\"},\"thumbnailUrl\":\"https:\/\/www.uqac.ca\/uqactualites\/wp-content\/uploads\/2013\/03\/Claude-Villeneuve-Jeannot-L\u00e9vesque.jpg\",\"datePublished\":\"2013-03-20T20:52:07+00:00\",\"dateModified\":\"2013-03-20T20:52:07+00:00\",\"author\":{\"@id\":\"https:\/\/www.uqac.ca\/uqactualites\/#\/schema\/person\/366c45a0c4f0e677b41b4af5886e2018\"},\"breadcrumb\":{\"@id\":\"https:\/\/www.uqac.ca\/uqactualites\/2013\/03\/20\/la-chaire-en-eco-conseil-de-luqac-met-a-profit-sa-grille-de-developpement-durable-2\/#breadcrumb\"},\"inLanguage\":\"fr-CA\",\"potentialAction\":[{\"@type\":\"ReadAction\",\"target\":[\"https:\/\/www.uqac.ca\/uqactualites\/2013\/03\/20\/la-chaire-en-eco-conseil-de-luqac-met-a-profit-sa-grille-de-developpement-durable-2\/\"]}]},{\"@type\":\"ImageObject\",\"inLanguage\":\"fr-CA\",\"@id\":\"https:\/\/www.uqac.ca\/uqactualites\/2013\/03\/20\/la-chaire-en-eco-conseil-de-luqac-met-a-profit-sa-grille-de-developpement-durable-2\/#primaryimage\",\"url\":\"https:\/\/www.uqac.ca\/uqactualites\/wp-content\/uploads\/2013\/03\/Claude-Villeneuve-Jeannot-L\u00e9vesque.jpg\",\"contentUrl\":\"https:\/\/www.uqac.ca\/uqactualites\/wp-content\/uploads\/2013\/03\/Claude-Villeneuve-Jeannot-L\u00e9vesque.jpg\",\"width\":620,\"height\":300},{\"@type\":\"BreadcrumbList\",\"@id\":\"https:\/\/www.uqac.ca\/uqactualites\/2013\/03\/20\/la-chaire-en-eco-conseil-de-luqac-met-a-profit-sa-grille-de-developpement-durable-2\/#breadcrumb\",\"itemListElement\":[{\"@type\":\"ListItem\",\"position\":1,\"name\":\"Home\",\"item\":\"https:\/\/www.uqac.ca\/uqactualites\/\"},{\"@type\":\"ListItem\",\"position\":2,\"name\":\"La Chaire en \u00e9co-conseil de l\u2019UQAC met \u00e0 profit sa grille de d\u00e9veloppement durable\"}]},{\"@type\":\"WebSite\",\"@id\":\"https:\/\/www.uqac.ca\/uqactualites\/#website\",\"url\":\"https:\/\/www.uqac.ca\/uqactualites\/\",\"name\":\"UQACtualit\u00e9s\",\"description\":\"Le portail des nouvelles de l&#039;UQAC\",\"potentialAction\":[{\"@type\":\"SearchAction\",\"target\":{\"@type\":\"EntryPoint\",\"urlTemplate\":\"https:\/\/www.uqac.ca\/uqactualites\/?s={search_term_string}\"},\"query-input\":{\"@type\":\"PropertyValueSpecification\",\"valueRequired\":true,\"valueName\":\"search_term_string\"}}],\"inLanguage\":\"fr-CA\"},{\"@type\":\"Person\",\"@id\":\"https:\/\/www.uqac.ca\/uqactualites\/#\/schema\/person\/366c45a0c4f0e677b41b4af5886e2018\",\"name\":\"Service des communications et des relations publiques\",\"image\":{\"@type\":\"ImageObject\",\"inLanguage\":\"fr-CA\",\"@id\":\"https:\/\/www.uqac.ca\/uqactualites\/#\/schema\/person\/image\/\",\"url\":\"https:\/\/secure.gravatar.com\/avatar\/20fbbda8a292f59f2d3461a5b999c00b?s=96&d=mm&r=g\",\"contentUrl\":\"https:\/\/secure.gravatar.com\/avatar\/20fbbda8a292f59f2d3461a5b999c00b?s=96&d=mm&r=g\",\"caption\":\"Service des communications et des relations publiques\"},\"url\":\"https:\/\/www.uqac.ca\/uqactualites\/author\/bap\/\"}]}<\/script>\r\n<!-- \/ Yoast SEO plugin. -->","yoast_head_json":{"title":"La Chaire en \u00e9co-conseil de l\u2019UQAC met \u00e0 profit sa grille de d\u00e9veloppement durable - UQACtualit\u00e9s","robots":{"index":"index","follow":"follow","max-snippet":"max-snippet:-1","max-image-preview":"max-image-preview:large","max-video-preview":"max-video-preview:-1"},"canonical":"https:\/\/www.uqac.ca\/uqactualites\/2013\/03\/20\/la-chaire-en-eco-conseil-de-luqac-met-a-profit-sa-grille-de-developpement-durable-2\/","og_locale":"fr_CA","og_type":"article","og_title":"La Chaire en \u00e9co-conseil de l\u2019UQAC met \u00e0 profit sa grille de d\u00e9veloppement durable - UQACtualit\u00e9s","og_description":"C\u2019est gr\u00e2ce \u00e0 la grille de d\u00e9veloppement durable d\u00e9velopp\u00e9e par la Chaire en \u00e9co-conseil de l\u2019Universit\u00e9 du Qu\u00e9bec \u00e0 Chicoutimi que la Corporation de protection de l\u2019environnement de Sept-\u00celes (CPESI) a pu proc\u00e9der \u00e0 l\u2019analyse du projet minier Arnaud. R\u00e9alis\u00e9 au cours des derniers mois par un groupe d\u2019analystes locaux sous la supervision d\u2019une \u00e9quipe [&hellip;]","og_url":"https:\/\/www.uqac.ca\/uqactualites\/2013\/03\/20\/la-chaire-en-eco-conseil-de-luqac-met-a-profit-sa-grille-de-developpement-durable-2\/","og_site_name":"UQACtualit\u00e9s","article_published_time":"2013-03-20T20:52:07+00:00","og_image":[{"width":620,"height":300,"url":"https:\/\/www.uqac.ca\/uqactualites\/wp-content\/uploads\/2013\/03\/Claude-Villeneuve-Jeannot-L\u00e9vesque.jpg","type":"image\/jpeg"}],"author":"Service des communications et des relations publiques","twitter_card":"summary_large_image","twitter_misc":{"\u00c9crit par":"Service des communications et des relations publiques","Estimation du temps de lecture":"2 minutes"},"schema":{"@context":"https:\/\/schema.org","@graph":[{"@type":"WebPage","@id":"https:\/\/www.uqac.ca\/uqactualites\/2013\/03\/20\/la-chaire-en-eco-conseil-de-luqac-met-a-profit-sa-grille-de-developpement-durable-2\/","url":"https:\/\/www.uqac.ca\/uqactualites\/2013\/03\/20\/la-chaire-en-eco-conseil-de-luqac-met-a-profit-sa-grille-de-developpement-durable-2\/","name":"La Chaire en \u00e9co-conseil de l\u2019UQAC met \u00e0 profit sa grille de d\u00e9veloppement durable - UQACtualit\u00e9s","isPartOf":{"@id":"https:\/\/www.uqac.ca\/uqactualites\/#website"},"primaryImageOfPage":{"@id":"https:\/\/www.uqac.ca\/uqactualites\/2013\/03\/20\/la-chaire-en-eco-conseil-de-luqac-met-a-profit-sa-grille-de-developpement-durable-2\/#primaryimage"},"image":{"@id":"https:\/\/www.uqac.ca\/uqactualites\/2013\/03\/20\/la-chaire-en-eco-conseil-de-luqac-met-a-profit-sa-grille-de-developpement-durable-2\/#primaryimage"},"thumbnailUrl":"https:\/\/www.uqac.ca\/uqactualites\/wp-content\/uploads\/2013\/03\/Claude-Villeneuve-Jeannot-L\u00e9vesque.jpg","datePublished":"2013-03-20T20:52:07+00:00","dateModified":"2013-03-20T20:52:07+00:00","author":{"@id":"https:\/\/www.uqac.ca\/uqactualites\/#\/schema\/person\/366c45a0c4f0e677b41b4af5886e2018"},"breadcrumb":{"@id":"https:\/\/www.uqac.ca\/uqactualites\/2013\/03\/20\/la-chaire-en-eco-conseil-de-luqac-met-a-profit-sa-grille-de-developpement-durable-2\/#breadcrumb"},"inLanguage":"fr-CA","potentialAction":[{"@type":"ReadAction","target":["https:\/\/www.uqac.ca\/uqactualites\/2013\/03\/20\/la-chaire-en-eco-conseil-de-luqac-met-a-profit-sa-grille-de-developpement-durable-2\/"]}]},{"@type":"ImageObject","inLanguage":"fr-CA","@id":"https:\/\/www.uqac.ca\/uqactualites\/2013\/03\/20\/la-chaire-en-eco-conseil-de-luqac-met-a-profit-sa-grille-de-developpement-durable-2\/#primaryimage","url":"https:\/\/www.uqac.ca\/uqactualites\/wp-content\/uploads\/2013\/03\/Claude-Villeneuve-Jeannot-L\u00e9vesque.jpg","contentUrl":"https:\/\/www.uqac.ca\/uqactualites\/wp-content\/uploads\/2013\/03\/Claude-Villeneuve-Jeannot-L\u00e9vesque.jpg","width":620,"height":300},{"@type":"BreadcrumbList","@id":"https:\/\/www.uqac.ca\/uqactualites\/2013\/03\/20\/la-chaire-en-eco-conseil-de-luqac-met-a-profit-sa-grille-de-developpement-durable-2\/#breadcrumb","itemListElement":[{"@type":"ListItem","position":1,"name":"Home","item":"https:\/\/www.uqac.ca\/uqactualites\/"},{"@type":"ListItem","position":2,"name":"La Chaire en \u00e9co-conseil de l\u2019UQAC met \u00e0 profit sa grille de d\u00e9veloppement durable"}]},{"@type":"WebSite","@id":"https:\/\/www.uqac.ca\/uqactualites\/#website","url":"https:\/\/www.uqac.ca\/uqactualites\/","name":"UQACtualit\u00e9s","description":"Le portail des nouvelles de l&#039;UQAC","potentialAction":[{"@type":"SearchAction","target":{"@type":"EntryPoint","urlTemplate":"https:\/\/www.uqac.ca\/uqactualites\/?s={search_term_string}"},"query-input":{"@type":"PropertyValueSpecification","valueRequired":true,"valueName":"search_term_string"}}],"inLanguage":"fr-CA"},{"@type":"Person","@id":"https:\/\/www.uqac.ca\/uqactualites\/#\/schema\/person\/366c45a0c4f0e677b41b4af5886e2018","name":"Service des communications et des relations publiques","image":{"@type":"ImageObject","inLanguage":"fr-CA","@id":"https:\/\/www.uqac.ca\/uqactualites\/#\/schema\/person\/image\/","url":"https:\/\/secure.gravatar.com\/avatar\/20fbbda8a292f59f2d3461a5b999c00b?s=96&d=mm&r=g","contentUrl":"https:\/\/secure.gravatar.com\/avatar\/20fbbda8a292f59f2d3461a5b999c00b?s=96&d=mm&r=g","caption":"Service des communications et des relations publiques"},"url":"https:\/\/www.uqac.ca\/uqactualites\/author\/bap\/"}]}},"_links":{"self":[{"href":"https:\/\/www.uqac.ca\/uqactualites\/wp-json\/wp\/v2\/posts\/23587"}],"collection":[{"href":"https:\/\/www.uqac.ca\/uqactualites\/wp-json\/wp\/v2\/posts"}],"about":[{"href":"https:\/\/www.uqac.ca\/uqactualites\/wp-json\/wp\/v2\/types\/post"}],"author":[{"embeddable":true,"href":"https:\/\/www.uqac.ca\/uqactualites\/wp-json\/wp\/v2\/users\/5"}],"replies":[{"embeddable":true,"href":"https:\/\/www.uqac.ca\/uqactualites\/wp-json\/wp\/v2\/comments?post=23587"}],"version-history":[{"count":0,"href":"https:\/\/www.uqac.ca\/uqactualites\/wp-json\/wp\/v2\/posts\/23587\/revisions"}],"wp:featuredmedia":[{"embeddable":true,"href":"https:\/\/www.uqac.ca\/uqactualites\/wp-json\/wp\/v2\/media\/23588"}],"wp:attachment":[{"href":"https:\/\/www.uqac.ca\/uqactualites\/wp-json\/wp\/v2\/media?parent=23587"}],"wp:term":[{"taxonomy":"category","embeddable":true,"href":"https:\/\/www.uqac.ca\/uqactualites\/wp-json\/wp\/v2\/categories?post=23587"},{"taxonomy":"post_tag","embeddable":true,"href":"https:\/\/www.uqac.ca\/uqactualites\/wp-json\/wp\/v2\/tags?post=23587"}],"curies":[{"name":"wp","href":"https:\/\/api.w.org\/{rel}","templated":true}]}}