{"id":23622,"date":"2013-03-21T15:51:16","date_gmt":"2013-03-21T19:51:16","guid":{"rendered":"http:\/\/uqactualite.odev.ca\/?p=23622"},"modified":"2013-03-21T15:51:16","modified_gmt":"2013-03-21T19:51:16","slug":"michel-perron-recoit-la-medaille-georges-henri-levesque","status":"publish","type":"post","link":"https:\/\/www.uqac.ca\/uqactualites\/2013\/03\/21\/michel-perron-recoit-la-medaille-georges-henri-levesque\/","title":{"rendered":"Michel Perron re\u00e7oit la m\u00e9daille Georges-Henri-L\u00e9vesque"},"content":{"rendered":"<p style=\"text-align: justify\">Michel Perron, sociologue, professeur \u00e0 l\u2019UQAC et titulaire de la Chaire UQAC-C\u00e9gep de Jonqui\u00e8re sur les conditions de vie, la sant\u00e9 et les aspirations des jeunes (VISAJ), a r\u00e9cemment \u00e9t\u00e9 nomm\u00e9 r\u00e9cipiendaire de la m\u00e9daille Georges-Henri-L\u00e9vesque. Cette derni\u00e8re, qui lui a \u00e9t\u00e9 remise le 20 mars dernier \u00e0 l\u2019occasion du 75<sup>e<\/sup> anniversaire de la Facult\u00e9 des sciences sociales de l\u2019Universit\u00e9 Laval, vise \u00e0 souligner sa contribution remarquable \u00e0 l\u2019avancement de la soci\u00e9t\u00e9. Monsieur Perron devient ainsi le 15<sup>e<\/sup> r\u00e9cipiendaire de cette prestigieuse distinction, remise depuis 1989 \u00e0 des dipl\u00f4m\u00e9s de cette facult\u00e9.<\/p>\n<p style=\"text-align: justify\">Cofondateur du groupe \u00c9COBES, du CR\u00c9PAS et de la Chaire VISAJ, Michel Perron est reconnu pour ses travaux scientifiques sur les conditions de vie des jeunes et pour avoir r\u00e9ussi \u00e0 rallier des gens de tous les milieux \u00e0 la cause de la pers\u00e9v\u00e9rance scolaire. En juin 2012, il recevait d\u2019ailleurs la m\u00e9daille d\u2019or de l\u2019Ordre du m\u00e9rite de la F\u00e9d\u00e9ration des commissions scolaires du Qu\u00e9bec.<\/p>\n<p style=\"text-align: justify\"><span style=\"color: #808080\">________________________________________________________________________________________<\/span><\/p>\n<p style=\"text-align: justify\" align=\"left\"><span style=\"color: #808080\"><b>Sur la photo\u00a0:<\/b> Michel Perron, professeur au D\u00e9partement des sciences humaines de l\u2019UQAC et titulaire de la Chaire VISAJ<\/span><br \/>\n<span style=\"color: #808080\"><b>Photographe :<\/b> Maxim Corneau<\/span><br \/>\n<span style=\"color: #808080\">________________________________________________________________________________________<\/span><\/p>\n","protected":false},"excerpt":{"rendered":"<p>Michel Perron, sociologue, professeur \u00e0 l\u2019UQAC et titulaire de la Chaire UQAC-C\u00e9gep de Jonqui\u00e8re sur les conditions de vie, la sant\u00e9 et les aspirations des jeunes (VISAJ), a r\u00e9cemment \u00e9t\u00e9 nomm\u00e9 r\u00e9cipiendaire de la m\u00e9daille Georges-Henri-L\u00e9vesque. Cette derni\u00e8re, qui lui a \u00e9t\u00e9 remise le 20 mars dernier \u00e0 l\u2019occasion du 75e anniversaire de la Facult\u00e9 [&hellip;]<\/p>\n","protected":false},"author":5,"featured_media":23623,"comment_status":"open","ping_status":"open","sticky":false,"template":"","format":"standard","meta":{"footnotes":""},"categories":[2,9],"tags":[338,2024,2025,1946,1571,1740,297,2026,1146,569],"yoast_head":"<!-- This site is optimized with the Yoast SEO plugin v24.2 - https:\/\/yoast.com\/wordpress\/plugins\/seo\/ -->\r\n<title>Michel Perron re\u00e7oit la m\u00e9daille Georges-Henri-L\u00e9vesque - UQACtualit\u00e9s<\/title>\r\n<meta name=\"robots\" content=\"index, follow, max-snippet:-1, max-image-preview:large, max-video-preview:-1\" \/>\r\n<link rel=\"canonical\" href=\"https:\/\/www.uqac.ca\/uqactualites\/2013\/03\/21\/michel-perron-recoit-la-medaille-georges-henri-levesque\/\" \/>\r\n<meta property=\"og:locale\" content=\"fr_CA\" \/>\r\n<meta property=\"og:type\" content=\"article\" \/>\r\n<meta property=\"og:title\" content=\"Michel Perron re\u00e7oit la m\u00e9daille Georges-Henri-L\u00e9vesque - UQACtualit\u00e9s\" \/>\r\n<meta property=\"og:description\" content=\"Michel Perron, sociologue, professeur \u00e0 l\u2019UQAC et titulaire de la Chaire UQAC-C\u00e9gep de Jonqui\u00e8re sur les conditions de vie, la sant\u00e9 et les aspirations des jeunes (VISAJ), a r\u00e9cemment \u00e9t\u00e9 nomm\u00e9 r\u00e9cipiendaire de la m\u00e9daille Georges-Henri-L\u00e9vesque. Cette derni\u00e8re, qui lui a \u00e9t\u00e9 remise le 20 mars dernier \u00e0 l\u2019occasion du 75e anniversaire de la Facult\u00e9 [&hellip;]\" \/>\r\n<meta property=\"og:url\" content=\"https:\/\/www.uqac.ca\/uqactualites\/2013\/03\/21\/michel-perron-recoit-la-medaille-georges-henri-levesque\/\" \/>\r\n<meta property=\"og:site_name\" content=\"UQACtualit\u00e9s\" \/>\r\n<meta property=\"article:published_time\" content=\"2013-03-21T19:51:16+00:00\" \/>\r\n<meta property=\"og:image\" content=\"https:\/\/www.uqac.ca\/uqactualites\/wp-content\/uploads\/2013\/03\/Michel-Perron-Web-\u00a9Maxim-Corneau.jpg\" \/>\r\n\t<meta property=\"og:image:width\" content=\"620\" \/>\r\n\t<meta property=\"og:image:height\" content=\"300\" \/>\r\n\t<meta property=\"og:image:type\" content=\"image\/jpeg\" \/>\r\n<meta name=\"author\" content=\"Service des communications et des relations publiques\" \/>\r\n<meta name=\"twitter:card\" content=\"summary_large_image\" \/>\r\n<meta name=\"twitter:label1\" content=\"\u00c9crit par\" \/>\n\t<meta name=\"twitter:data1\" content=\"Service des communications et des relations publiques\" \/>\n\t<meta name=\"twitter:label2\" content=\"Estimation du temps de lecture\" \/>\n\t<meta name=\"twitter:data2\" content=\"1 minute\" \/>\r\n<script type=\"application\/ld+json\" class=\"yoast-schema-graph\">{\"@context\":\"https:\/\/schema.org\",\"@graph\":[{\"@type\":\"WebPage\",\"@id\":\"https:\/\/www.uqac.ca\/uqactualites\/2013\/03\/21\/michel-perron-recoit-la-medaille-georges-henri-levesque\/\",\"url\":\"https:\/\/www.uqac.ca\/uqactualites\/2013\/03\/21\/michel-perron-recoit-la-medaille-georges-henri-levesque\/\",\"name\":\"Michel Perron re\u00e7oit la m\u00e9daille Georges-Henri-L\u00e9vesque - UQACtualit\u00e9s\",\"isPartOf\":{\"@id\":\"https:\/\/www.uqac.ca\/uqactualites\/#website\"},\"primaryImageOfPage\":{\"@id\":\"https:\/\/www.uqac.ca\/uqactualites\/2013\/03\/21\/michel-perron-recoit-la-medaille-georges-henri-levesque\/#primaryimage\"},\"image\":{\"@id\":\"https:\/\/www.uqac.ca\/uqactualites\/2013\/03\/21\/michel-perron-recoit-la-medaille-georges-henri-levesque\/#primaryimage\"},\"thumbnailUrl\":\"https:\/\/www.uqac.ca\/uqactualites\/wp-content\/uploads\/2013\/03\/Michel-Perron-Web-\u00a9Maxim-Corneau.jpg\",\"datePublished\":\"2013-03-21T19:51:16+00:00\",\"dateModified\":\"2013-03-21T19:51:16+00:00\",\"author\":{\"@id\":\"https:\/\/www.uqac.ca\/uqactualites\/#\/schema\/person\/366c45a0c4f0e677b41b4af5886e2018\"},\"breadcrumb\":{\"@id\":\"https:\/\/www.uqac.ca\/uqactualites\/2013\/03\/21\/michel-perron-recoit-la-medaille-georges-henri-levesque\/#breadcrumb\"},\"inLanguage\":\"fr-CA\",\"potentialAction\":[{\"@type\":\"ReadAction\",\"target\":[\"https:\/\/www.uqac.ca\/uqactualites\/2013\/03\/21\/michel-perron-recoit-la-medaille-georges-henri-levesque\/\"]}]},{\"@type\":\"ImageObject\",\"inLanguage\":\"fr-CA\",\"@id\":\"https:\/\/www.uqac.ca\/uqactualites\/2013\/03\/21\/michel-perron-recoit-la-medaille-georges-henri-levesque\/#primaryimage\",\"url\":\"https:\/\/www.uqac.ca\/uqactualites\/wp-content\/uploads\/2013\/03\/Michel-Perron-Web-\u00a9Maxim-Corneau.jpg\",\"contentUrl\":\"https:\/\/www.uqac.ca\/uqactualites\/wp-content\/uploads\/2013\/03\/Michel-Perron-Web-\u00a9Maxim-Corneau.jpg\",\"width\":620,\"height\":300},{\"@type\":\"BreadcrumbList\",\"@id\":\"https:\/\/www.uqac.ca\/uqactualites\/2013\/03\/21\/michel-perron-recoit-la-medaille-georges-henri-levesque\/#breadcrumb\",\"itemListElement\":[{\"@type\":\"ListItem\",\"position\":1,\"name\":\"Home\",\"item\":\"https:\/\/www.uqac.ca\/uqactualites\/\"},{\"@type\":\"ListItem\",\"position\":2,\"name\":\"Michel Perron re\u00e7oit la m\u00e9daille Georges-Henri-L\u00e9vesque\"}]},{\"@type\":\"WebSite\",\"@id\":\"https:\/\/www.uqac.ca\/uqactualites\/#website\",\"url\":\"https:\/\/www.uqac.ca\/uqactualites\/\",\"name\":\"UQACtualit\u00e9s\",\"description\":\"Le portail des nouvelles de l&#039;UQAC\",\"potentialAction\":[{\"@type\":\"SearchAction\",\"target\":{\"@type\":\"EntryPoint\",\"urlTemplate\":\"https:\/\/www.uqac.ca\/uqactualites\/?s={search_term_string}\"},\"query-input\":{\"@type\":\"PropertyValueSpecification\",\"valueRequired\":true,\"valueName\":\"search_term_string\"}}],\"inLanguage\":\"fr-CA\"},{\"@type\":\"Person\",\"@id\":\"https:\/\/www.uqac.ca\/uqactualites\/#\/schema\/person\/366c45a0c4f0e677b41b4af5886e2018\",\"name\":\"Service des communications et des relations publiques\",\"image\":{\"@type\":\"ImageObject\",\"inLanguage\":\"fr-CA\",\"@id\":\"https:\/\/www.uqac.ca\/uqactualites\/#\/schema\/person\/image\/\",\"url\":\"https:\/\/secure.gravatar.com\/avatar\/20fbbda8a292f59f2d3461a5b999c00b?s=96&d=mm&r=g\",\"contentUrl\":\"https:\/\/secure.gravatar.com\/avatar\/20fbbda8a292f59f2d3461a5b999c00b?s=96&d=mm&r=g\",\"caption\":\"Service des communications et des relations publiques\"},\"url\":\"https:\/\/www.uqac.ca\/uqactualites\/author\/bap\/\"}]}<\/script>\r\n<!-- \/ Yoast SEO plugin. -->","yoast_head_json":{"title":"Michel Perron re\u00e7oit la m\u00e9daille Georges-Henri-L\u00e9vesque - UQACtualit\u00e9s","robots":{"index":"index","follow":"follow","max-snippet":"max-snippet:-1","max-image-preview":"max-image-preview:large","max-video-preview":"max-video-preview:-1"},"canonical":"https:\/\/www.uqac.ca\/uqactualites\/2013\/03\/21\/michel-perron-recoit-la-medaille-georges-henri-levesque\/","og_locale":"fr_CA","og_type":"article","og_title":"Michel Perron re\u00e7oit la m\u00e9daille Georges-Henri-L\u00e9vesque - UQACtualit\u00e9s","og_description":"Michel Perron, sociologue, professeur \u00e0 l\u2019UQAC et titulaire de la Chaire UQAC-C\u00e9gep de Jonqui\u00e8re sur les conditions de vie, la sant\u00e9 et les aspirations des jeunes (VISAJ), a r\u00e9cemment \u00e9t\u00e9 nomm\u00e9 r\u00e9cipiendaire de la m\u00e9daille Georges-Henri-L\u00e9vesque. Cette derni\u00e8re, qui lui a \u00e9t\u00e9 remise le 20 mars dernier \u00e0 l\u2019occasion du 75e anniversaire de la Facult\u00e9 [&hellip;]","og_url":"https:\/\/www.uqac.ca\/uqactualites\/2013\/03\/21\/michel-perron-recoit-la-medaille-georges-henri-levesque\/","og_site_name":"UQACtualit\u00e9s","article_published_time":"2013-03-21T19:51:16+00:00","og_image":[{"width":620,"height":300,"url":"https:\/\/www.uqac.ca\/uqactualites\/wp-content\/uploads\/2013\/03\/Michel-Perron-Web-\u00a9Maxim-Corneau.jpg","type":"image\/jpeg"}],"author":"Service des communications et des relations publiques","twitter_card":"summary_large_image","twitter_misc":{"\u00c9crit par":"Service des communications et des relations publiques","Estimation du temps de lecture":"1 minute"},"schema":{"@context":"https:\/\/schema.org","@graph":[{"@type":"WebPage","@id":"https:\/\/www.uqac.ca\/uqactualites\/2013\/03\/21\/michel-perron-recoit-la-medaille-georges-henri-levesque\/","url":"https:\/\/www.uqac.ca\/uqactualites\/2013\/03\/21\/michel-perron-recoit-la-medaille-georges-henri-levesque\/","name":"Michel Perron re\u00e7oit la m\u00e9daille Georges-Henri-L\u00e9vesque - UQACtualit\u00e9s","isPartOf":{"@id":"https:\/\/www.uqac.ca\/uqactualites\/#website"},"primaryImageOfPage":{"@id":"https:\/\/www.uqac.ca\/uqactualites\/2013\/03\/21\/michel-perron-recoit-la-medaille-georges-henri-levesque\/#primaryimage"},"image":{"@id":"https:\/\/www.uqac.ca\/uqactualites\/2013\/03\/21\/michel-perron-recoit-la-medaille-georges-henri-levesque\/#primaryimage"},"thumbnailUrl":"https:\/\/www.uqac.ca\/uqactualites\/wp-content\/uploads\/2013\/03\/Michel-Perron-Web-\u00a9Maxim-Corneau.jpg","datePublished":"2013-03-21T19:51:16+00:00","dateModified":"2013-03-21T19:51:16+00:00","author":{"@id":"https:\/\/www.uqac.ca\/uqactualites\/#\/schema\/person\/366c45a0c4f0e677b41b4af5886e2018"},"breadcrumb":{"@id":"https:\/\/www.uqac.ca\/uqactualites\/2013\/03\/21\/michel-perron-recoit-la-medaille-georges-henri-levesque\/#breadcrumb"},"inLanguage":"fr-CA","potentialAction":[{"@type":"ReadAction","target":["https:\/\/www.uqac.ca\/uqactualites\/2013\/03\/21\/michel-perron-recoit-la-medaille-georges-henri-levesque\/"]}]},{"@type":"ImageObject","inLanguage":"fr-CA","@id":"https:\/\/www.uqac.ca\/uqactualites\/2013\/03\/21\/michel-perron-recoit-la-medaille-georges-henri-levesque\/#primaryimage","url":"https:\/\/www.uqac.ca\/uqactualites\/wp-content\/uploads\/2013\/03\/Michel-Perron-Web-\u00a9Maxim-Corneau.jpg","contentUrl":"https:\/\/www.uqac.ca\/uqactualites\/wp-content\/uploads\/2013\/03\/Michel-Perron-Web-\u00a9Maxim-Corneau.jpg","width":620,"height":300},{"@type":"BreadcrumbList","@id":"https:\/\/www.uqac.ca\/uqactualites\/2013\/03\/21\/michel-perron-recoit-la-medaille-georges-henri-levesque\/#breadcrumb","itemListElement":[{"@type":"ListItem","position":1,"name":"Home","item":"https:\/\/www.uqac.ca\/uqactualites\/"},{"@type":"ListItem","position":2,"name":"Michel Perron re\u00e7oit la m\u00e9daille Georges-Henri-L\u00e9vesque"}]},{"@type":"WebSite","@id":"https:\/\/www.uqac.ca\/uqactualites\/#website","url":"https:\/\/www.uqac.ca\/uqactualites\/","name":"UQACtualit\u00e9s","description":"Le portail des nouvelles de l&#039;UQAC","potentialAction":[{"@type":"SearchAction","target":{"@type":"EntryPoint","urlTemplate":"https:\/\/www.uqac.ca\/uqactualites\/?s={search_term_string}"},"query-input":{"@type":"PropertyValueSpecification","valueRequired":true,"valueName":"search_term_string"}}],"inLanguage":"fr-CA"},{"@type":"Person","@id":"https:\/\/www.uqac.ca\/uqactualites\/#\/schema\/person\/366c45a0c4f0e677b41b4af5886e2018","name":"Service des communications et des relations publiques","image":{"@type":"ImageObject","inLanguage":"fr-CA","@id":"https:\/\/www.uqac.ca\/uqactualites\/#\/schema\/person\/image\/","url":"https:\/\/secure.gravatar.com\/avatar\/20fbbda8a292f59f2d3461a5b999c00b?s=96&d=mm&r=g","contentUrl":"https:\/\/secure.gravatar.com\/avatar\/20fbbda8a292f59f2d3461a5b999c00b?s=96&d=mm&r=g","caption":"Service des communications et des relations publiques"},"url":"https:\/\/www.uqac.ca\/uqactualites\/author\/bap\/"}]}},"_links":{"self":[{"href":"https:\/\/www.uqac.ca\/uqactualites\/wp-json\/wp\/v2\/posts\/23622"}],"collection":[{"href":"https:\/\/www.uqac.ca\/uqactualites\/wp-json\/wp\/v2\/posts"}],"about":[{"href":"https:\/\/www.uqac.ca\/uqactualites\/wp-json\/wp\/v2\/types\/post"}],"author":[{"embeddable":true,"href":"https:\/\/www.uqac.ca\/uqactualites\/wp-json\/wp\/v2\/users\/5"}],"replies":[{"embeddable":true,"href":"https:\/\/www.uqac.ca\/uqactualites\/wp-json\/wp\/v2\/comments?post=23622"}],"version-history":[{"count":0,"href":"https:\/\/www.uqac.ca\/uqactualites\/wp-json\/wp\/v2\/posts\/23622\/revisions"}],"wp:featuredmedia":[{"embeddable":true,"href":"https:\/\/www.uqac.ca\/uqactualites\/wp-json\/wp\/v2\/media\/23623"}],"wp:attachment":[{"href":"https:\/\/www.uqac.ca\/uqactualites\/wp-json\/wp\/v2\/media?parent=23622"}],"wp:term":[{"taxonomy":"category","embeddable":true,"href":"https:\/\/www.uqac.ca\/uqactualites\/wp-json\/wp\/v2\/categories?post=23622"},{"taxonomy":"post_tag","embeddable":true,"href":"https:\/\/www.uqac.ca\/uqactualites\/wp-json\/wp\/v2\/tags?post=23622"}],"curies":[{"name":"wp","href":"https:\/\/api.w.org\/{rel}","templated":true}]}}