{"id":23627,"date":"2013-03-21T16:28:07","date_gmt":"2013-03-21T20:28:07","guid":{"rendered":"http:\/\/uqactualite.odev.ca\/?p=23627"},"modified":"2013-03-21T16:28:07","modified_gmt":"2013-03-21T20:28:07","slug":"rappel-sondage-sur-la-bibliotheque-paul-emile-boulet","status":"publish","type":"post","link":"https:\/\/www.uqac.ca\/uqactualites\/2013\/03\/21\/rappel-sondage-sur-la-bibliotheque-paul-emile-boulet\/","title":{"rendered":"RAPPEL : Sondage sur la biblioth\u00e8que Paul-\u00c9mile-Boulet"},"content":{"rendered":"<p style=\"text-align: justify\">Le sondage est en ligne depuis maintenant une semaine, et plus de 450 r\u00e9pondants ont r\u00e9pondu \u00e0 l\u2019appel. Merci!<\/p>\n<p style=\"text-align: justify\">Il est toutefois encore temps de remplir le sondage.<br \/>\nPrenez 10 minutes de votre temps et partagez avec nous vos besoins, vos perceptions et vos attentes.<br \/>\nVous pourriez gagner un bon d\u2019achat de 650\u00a0$ de la Coopsco.<\/p>\n<p style=\"text-align: justify\">Vos commentaires sont cruciaux, car ils aideront \u00e0 d\u00e9terminer les am\u00e9liorations \u00e0 apporter aux services et \u00e0 orienter les actions et le d\u00e9veloppement strat\u00e9gique de la biblioth\u00e8que.<\/p>\n<p style=\"text-align: justify\">Vous ne fr\u00e9quentez pas la biblioth\u00e8que? Toutes les raisons sont bonnes.<br \/>\nPartagez-les-nous\u00a0: on veut les conna\u00eetre.<\/p>\n<p style=\"text-align: justify\">Choisissez votre biblioth\u00e8que. On livre!<br \/>\n<a href=\"http:\/\/tabiblio.uqac.ca\" target=\"_blank\" rel=\"noopener\"><span style=\"color: #5a7411\"><b><span style=\"color: #5a7411\">tabiblio.uqac.ca<\/span><\/b><\/span><\/a><\/p>\n<p style=\"text-align: justify\"><b><br \/>\nRenseignements\u00a0:<\/b><br \/>\nNadia Villeneuve, conseill\u00e8re en information documentaire<br \/>\nBiblioth\u00e8que Paul-\u00c9mile-Boulet<br \/>\nUniversit\u00e9 du Qu\u00e9bec \u00e0 Chicoutimi<br \/>\n418 545-5011, poste\u00a02305\u00a0 \u25aa\u00a0 <span style=\"color: #5a7411\"><a href=\"mailto:nadia1_villeneuve@uqac.ca\"><span style=\"color: #5a7411\">nadia1_villeneuve@uqac.ca<\/span><\/a><\/span><\/p>\n","protected":false},"excerpt":{"rendered":"<p>Le sondage est en ligne depuis maintenant une semaine, et plus de 450 r\u00e9pondants ont r\u00e9pondu \u00e0 l\u2019appel. Merci! Il est toutefois encore temps de remplir le sondage. Prenez 10 minutes de votre temps et partagez avec nous vos besoins, vos perceptions et vos attentes. Vous pourriez gagner un bon d\u2019achat de 650\u00a0$ de la [&hellip;]<\/p>\n","protected":false},"author":5,"featured_media":20989,"comment_status":"closed","ping_status":"open","sticky":false,"template":"","format":"standard","meta":{"footnotes":""},"categories":[2772],"tags":[245,273,1590,2027],"yoast_head":"<!-- This site is optimized with the Yoast SEO plugin v24.2 - https:\/\/yoast.com\/wordpress\/plugins\/seo\/ -->\r\n<title>RAPPEL : Sondage sur la biblioth\u00e8que Paul-\u00c9mile-Boulet - UQACtualit\u00e9s<\/title>\r\n<meta name=\"robots\" content=\"index, follow, max-snippet:-1, max-image-preview:large, max-video-preview:-1\" \/>\r\n<link rel=\"canonical\" href=\"https:\/\/www.uqac.ca\/uqactualites\/2013\/03\/21\/rappel-sondage-sur-la-bibliotheque-paul-emile-boulet\/\" \/>\r\n<meta property=\"og:locale\" content=\"fr_CA\" \/>\r\n<meta property=\"og:type\" content=\"article\" \/>\r\n<meta property=\"og:title\" content=\"RAPPEL : Sondage sur la biblioth\u00e8que Paul-\u00c9mile-Boulet - UQACtualit\u00e9s\" \/>\r\n<meta property=\"og:description\" content=\"Le sondage est en ligne depuis maintenant une semaine, et plus de 450 r\u00e9pondants ont r\u00e9pondu \u00e0 l\u2019appel. Merci! Il est toutefois encore temps de remplir le sondage. Prenez 10 minutes de votre temps et partagez avec nous vos besoins, vos perceptions et vos attentes. Vous pourriez gagner un bon d\u2019achat de 650\u00a0$ de la [&hellip;]\" \/>\r\n<meta property=\"og:url\" content=\"https:\/\/www.uqac.ca\/uqactualites\/2013\/03\/21\/rappel-sondage-sur-la-bibliotheque-paul-emile-boulet\/\" \/>\r\n<meta property=\"og:site_name\" content=\"UQACtualit\u00e9s\" \/>\r\n<meta property=\"article:published_time\" content=\"2013-03-21T20:28:07+00:00\" \/>\r\n<meta property=\"og:image\" content=\"https:\/\/www.uqac.ca\/uqactualites\/wp-content\/uploads\/2012\/05\/avis-laCommunaut-.jpg\" \/>\r\n\t<meta property=\"og:image:width\" content=\"620\" \/>\r\n\t<meta property=\"og:image:height\" content=\"300\" \/>\r\n\t<meta property=\"og:image:type\" content=\"image\/jpeg\" \/>\r\n<meta name=\"author\" content=\"Service des communications et des relations publiques\" \/>\r\n<meta name=\"twitter:card\" content=\"summary_large_image\" \/>\r\n<meta name=\"twitter:label1\" content=\"\u00c9crit par\" \/>\n\t<meta name=\"twitter:data1\" content=\"Service des communications et des relations publiques\" \/>\n\t<meta name=\"twitter:label2\" content=\"Estimation du temps de lecture\" \/>\n\t<meta name=\"twitter:data2\" content=\"1 minute\" \/>\r\n<script type=\"application\/ld+json\" class=\"yoast-schema-graph\">{\"@context\":\"https:\/\/schema.org\",\"@graph\":[{\"@type\":\"WebPage\",\"@id\":\"https:\/\/www.uqac.ca\/uqactualites\/2013\/03\/21\/rappel-sondage-sur-la-bibliotheque-paul-emile-boulet\/\",\"url\":\"https:\/\/www.uqac.ca\/uqactualites\/2013\/03\/21\/rappel-sondage-sur-la-bibliotheque-paul-emile-boulet\/\",\"name\":\"RAPPEL : Sondage sur la biblioth\u00e8que Paul-\u00c9mile-Boulet - UQACtualit\u00e9s\",\"isPartOf\":{\"@id\":\"https:\/\/www.uqac.ca\/uqactualites\/#website\"},\"primaryImageOfPage\":{\"@id\":\"https:\/\/www.uqac.ca\/uqactualites\/2013\/03\/21\/rappel-sondage-sur-la-bibliotheque-paul-emile-boulet\/#primaryimage\"},\"image\":{\"@id\":\"https:\/\/www.uqac.ca\/uqactualites\/2013\/03\/21\/rappel-sondage-sur-la-bibliotheque-paul-emile-boulet\/#primaryimage\"},\"thumbnailUrl\":\"https:\/\/www.uqac.ca\/uqactualites\/wp-content\/uploads\/2012\/05\/avis-laCommunaut-.jpg\",\"datePublished\":\"2013-03-21T20:28:07+00:00\",\"dateModified\":\"2013-03-21T20:28:07+00:00\",\"author\":{\"@id\":\"https:\/\/www.uqac.ca\/uqactualites\/#\/schema\/person\/366c45a0c4f0e677b41b4af5886e2018\"},\"breadcrumb\":{\"@id\":\"https:\/\/www.uqac.ca\/uqactualites\/2013\/03\/21\/rappel-sondage-sur-la-bibliotheque-paul-emile-boulet\/#breadcrumb\"},\"inLanguage\":\"fr-CA\",\"potentialAction\":[{\"@type\":\"ReadAction\",\"target\":[\"https:\/\/www.uqac.ca\/uqactualites\/2013\/03\/21\/rappel-sondage-sur-la-bibliotheque-paul-emile-boulet\/\"]}]},{\"@type\":\"ImageObject\",\"inLanguage\":\"fr-CA\",\"@id\":\"https:\/\/www.uqac.ca\/uqactualites\/2013\/03\/21\/rappel-sondage-sur-la-bibliotheque-paul-emile-boulet\/#primaryimage\",\"url\":\"https:\/\/www.uqac.ca\/uqactualites\/wp-content\/uploads\/2012\/05\/avis-laCommunaut-.jpg\",\"contentUrl\":\"https:\/\/www.uqac.ca\/uqactualites\/wp-content\/uploads\/2012\/05\/avis-laCommunaut-.jpg\",\"width\":620,\"height\":300},{\"@type\":\"BreadcrumbList\",\"@id\":\"https:\/\/www.uqac.ca\/uqactualites\/2013\/03\/21\/rappel-sondage-sur-la-bibliotheque-paul-emile-boulet\/#breadcrumb\",\"itemListElement\":[{\"@type\":\"ListItem\",\"position\":1,\"name\":\"Home\",\"item\":\"https:\/\/www.uqac.ca\/uqactualites\/\"},{\"@type\":\"ListItem\",\"position\":2,\"name\":\"RAPPEL : Sondage sur la biblioth\u00e8que Paul-\u00c9mile-Boulet\"}]},{\"@type\":\"WebSite\",\"@id\":\"https:\/\/www.uqac.ca\/uqactualites\/#website\",\"url\":\"https:\/\/www.uqac.ca\/uqactualites\/\",\"name\":\"UQACtualit\u00e9s\",\"description\":\"Le portail des nouvelles de l&#039;UQAC\",\"potentialAction\":[{\"@type\":\"SearchAction\",\"target\":{\"@type\":\"EntryPoint\",\"urlTemplate\":\"https:\/\/www.uqac.ca\/uqactualites\/?s={search_term_string}\"},\"query-input\":{\"@type\":\"PropertyValueSpecification\",\"valueRequired\":true,\"valueName\":\"search_term_string\"}}],\"inLanguage\":\"fr-CA\"},{\"@type\":\"Person\",\"@id\":\"https:\/\/www.uqac.ca\/uqactualites\/#\/schema\/person\/366c45a0c4f0e677b41b4af5886e2018\",\"name\":\"Service des communications et des relations publiques\",\"image\":{\"@type\":\"ImageObject\",\"inLanguage\":\"fr-CA\",\"@id\":\"https:\/\/www.uqac.ca\/uqactualites\/#\/schema\/person\/image\/\",\"url\":\"https:\/\/secure.gravatar.com\/avatar\/20fbbda8a292f59f2d3461a5b999c00b?s=96&d=mm&r=g\",\"contentUrl\":\"https:\/\/secure.gravatar.com\/avatar\/20fbbda8a292f59f2d3461a5b999c00b?s=96&d=mm&r=g\",\"caption\":\"Service des communications et des relations publiques\"},\"url\":\"https:\/\/www.uqac.ca\/uqactualites\/author\/bap\/\"}]}<\/script>\r\n<!-- \/ Yoast SEO plugin. -->","yoast_head_json":{"title":"RAPPEL : Sondage sur la biblioth\u00e8que Paul-\u00c9mile-Boulet - UQACtualit\u00e9s","robots":{"index":"index","follow":"follow","max-snippet":"max-snippet:-1","max-image-preview":"max-image-preview:large","max-video-preview":"max-video-preview:-1"},"canonical":"https:\/\/www.uqac.ca\/uqactualites\/2013\/03\/21\/rappel-sondage-sur-la-bibliotheque-paul-emile-boulet\/","og_locale":"fr_CA","og_type":"article","og_title":"RAPPEL : Sondage sur la biblioth\u00e8que Paul-\u00c9mile-Boulet - UQACtualit\u00e9s","og_description":"Le sondage est en ligne depuis maintenant une semaine, et plus de 450 r\u00e9pondants ont r\u00e9pondu \u00e0 l\u2019appel. Merci! Il est toutefois encore temps de remplir le sondage. Prenez 10 minutes de votre temps et partagez avec nous vos besoins, vos perceptions et vos attentes. Vous pourriez gagner un bon d\u2019achat de 650\u00a0$ de la [&hellip;]","og_url":"https:\/\/www.uqac.ca\/uqactualites\/2013\/03\/21\/rappel-sondage-sur-la-bibliotheque-paul-emile-boulet\/","og_site_name":"UQACtualit\u00e9s","article_published_time":"2013-03-21T20:28:07+00:00","og_image":[{"width":620,"height":300,"url":"https:\/\/www.uqac.ca\/uqactualites\/wp-content\/uploads\/2012\/05\/avis-laCommunaut-.jpg","type":"image\/jpeg"}],"author":"Service des communications et des relations publiques","twitter_card":"summary_large_image","twitter_misc":{"\u00c9crit par":"Service des communications et des relations publiques","Estimation du temps de lecture":"1 minute"},"schema":{"@context":"https:\/\/schema.org","@graph":[{"@type":"WebPage","@id":"https:\/\/www.uqac.ca\/uqactualites\/2013\/03\/21\/rappel-sondage-sur-la-bibliotheque-paul-emile-boulet\/","url":"https:\/\/www.uqac.ca\/uqactualites\/2013\/03\/21\/rappel-sondage-sur-la-bibliotheque-paul-emile-boulet\/","name":"RAPPEL : Sondage sur la biblioth\u00e8que Paul-\u00c9mile-Boulet - UQACtualit\u00e9s","isPartOf":{"@id":"https:\/\/www.uqac.ca\/uqactualites\/#website"},"primaryImageOfPage":{"@id":"https:\/\/www.uqac.ca\/uqactualites\/2013\/03\/21\/rappel-sondage-sur-la-bibliotheque-paul-emile-boulet\/#primaryimage"},"image":{"@id":"https:\/\/www.uqac.ca\/uqactualites\/2013\/03\/21\/rappel-sondage-sur-la-bibliotheque-paul-emile-boulet\/#primaryimage"},"thumbnailUrl":"https:\/\/www.uqac.ca\/uqactualites\/wp-content\/uploads\/2012\/05\/avis-laCommunaut-.jpg","datePublished":"2013-03-21T20:28:07+00:00","dateModified":"2013-03-21T20:28:07+00:00","author":{"@id":"https:\/\/www.uqac.ca\/uqactualites\/#\/schema\/person\/366c45a0c4f0e677b41b4af5886e2018"},"breadcrumb":{"@id":"https:\/\/www.uqac.ca\/uqactualites\/2013\/03\/21\/rappel-sondage-sur-la-bibliotheque-paul-emile-boulet\/#breadcrumb"},"inLanguage":"fr-CA","potentialAction":[{"@type":"ReadAction","target":["https:\/\/www.uqac.ca\/uqactualites\/2013\/03\/21\/rappel-sondage-sur-la-bibliotheque-paul-emile-boulet\/"]}]},{"@type":"ImageObject","inLanguage":"fr-CA","@id":"https:\/\/www.uqac.ca\/uqactualites\/2013\/03\/21\/rappel-sondage-sur-la-bibliotheque-paul-emile-boulet\/#primaryimage","url":"https:\/\/www.uqac.ca\/uqactualites\/wp-content\/uploads\/2012\/05\/avis-laCommunaut-.jpg","contentUrl":"https:\/\/www.uqac.ca\/uqactualites\/wp-content\/uploads\/2012\/05\/avis-laCommunaut-.jpg","width":620,"height":300},{"@type":"BreadcrumbList","@id":"https:\/\/www.uqac.ca\/uqactualites\/2013\/03\/21\/rappel-sondage-sur-la-bibliotheque-paul-emile-boulet\/#breadcrumb","itemListElement":[{"@type":"ListItem","position":1,"name":"Home","item":"https:\/\/www.uqac.ca\/uqactualites\/"},{"@type":"ListItem","position":2,"name":"RAPPEL : Sondage sur la biblioth\u00e8que Paul-\u00c9mile-Boulet"}]},{"@type":"WebSite","@id":"https:\/\/www.uqac.ca\/uqactualites\/#website","url":"https:\/\/www.uqac.ca\/uqactualites\/","name":"UQACtualit\u00e9s","description":"Le portail des nouvelles de l&#039;UQAC","potentialAction":[{"@type":"SearchAction","target":{"@type":"EntryPoint","urlTemplate":"https:\/\/www.uqac.ca\/uqactualites\/?s={search_term_string}"},"query-input":{"@type":"PropertyValueSpecification","valueRequired":true,"valueName":"search_term_string"}}],"inLanguage":"fr-CA"},{"@type":"Person","@id":"https:\/\/www.uqac.ca\/uqactualites\/#\/schema\/person\/366c45a0c4f0e677b41b4af5886e2018","name":"Service des communications et des relations publiques","image":{"@type":"ImageObject","inLanguage":"fr-CA","@id":"https:\/\/www.uqac.ca\/uqactualites\/#\/schema\/person\/image\/","url":"https:\/\/secure.gravatar.com\/avatar\/20fbbda8a292f59f2d3461a5b999c00b?s=96&d=mm&r=g","contentUrl":"https:\/\/secure.gravatar.com\/avatar\/20fbbda8a292f59f2d3461a5b999c00b?s=96&d=mm&r=g","caption":"Service des communications et des relations publiques"},"url":"https:\/\/www.uqac.ca\/uqactualites\/author\/bap\/"}]}},"_links":{"self":[{"href":"https:\/\/www.uqac.ca\/uqactualites\/wp-json\/wp\/v2\/posts\/23627"}],"collection":[{"href":"https:\/\/www.uqac.ca\/uqactualites\/wp-json\/wp\/v2\/posts"}],"about":[{"href":"https:\/\/www.uqac.ca\/uqactualites\/wp-json\/wp\/v2\/types\/post"}],"author":[{"embeddable":true,"href":"https:\/\/www.uqac.ca\/uqactualites\/wp-json\/wp\/v2\/users\/5"}],"replies":[{"embeddable":true,"href":"https:\/\/www.uqac.ca\/uqactualites\/wp-json\/wp\/v2\/comments?post=23627"}],"version-history":[{"count":0,"href":"https:\/\/www.uqac.ca\/uqactualites\/wp-json\/wp\/v2\/posts\/23627\/revisions"}],"wp:featuredmedia":[{"embeddable":true,"href":"https:\/\/www.uqac.ca\/uqactualites\/wp-json\/wp\/v2\/media\/20989"}],"wp:attachment":[{"href":"https:\/\/www.uqac.ca\/uqactualites\/wp-json\/wp\/v2\/media?parent=23627"}],"wp:term":[{"taxonomy":"category","embeddable":true,"href":"https:\/\/www.uqac.ca\/uqactualites\/wp-json\/wp\/v2\/categories?post=23627"},{"taxonomy":"post_tag","embeddable":true,"href":"https:\/\/www.uqac.ca\/uqactualites\/wp-json\/wp\/v2\/tags?post=23627"}],"curies":[{"name":"wp","href":"https:\/\/api.w.org\/{rel}","templated":true}]}}